{"id":55728,"date":"2026-03-09T13:59:10","date_gmt":"2026-03-09T16:59:10","guid":{"rendered":"https:\/\/www.ejercito.mil.uy\/?p=55728"},"modified":"2026-03-10T10:38:19","modified_gmt":"2026-03-10T13:38:19","slug":"apertura-de-cursos-de-la-escuela-de-comunicaciones-del-ejercito","status":"publish","type":"post","link":"https:\/\/www.ejercito.mil.uy\/index.php\/2026\/03\/09\/apertura-de-cursos-de-la-escuela-de-comunicaciones-del-ejercito\/","title":{"rendered":"Apertura de cursos de la Escuela de Comunicaciones del Ej\u00e9rcito"},"content":{"rendered":"\n<p class=\"has-black-color has-text-color has-link-color wp-elements-b79d79fd373181eaaa48d78e85e956c0\">09.03.2026 &#8211; <strong>Montevideo<\/strong><\/p>\n\n\n\n<div style=\"height:22px\" aria-hidden=\"true\" class=\"wp-block-spacer\"><\/div>\n\n\n\n<p class=\"has-white-color has-text-color has-background has-link-color has-medium-font-size wp-elements-ad4744f3c3762b61114c5ee730ef6a97\" style=\"background-color:#003885\">El lunes 09 de marzo, se realiz\u00f3 la <strong>ceremonia de apertura de cursos<\/strong> <strong>de la Escuela de Comunicaciones del Ej\u00e9rcito<\/strong> (ECOME).<\/p>\n\n\n\n<div style=\"height:22px\" aria-hidden=\"true\" class=\"wp-block-spacer\"><\/div>\n\n\n\n<figure class=\"wp-block-image size-large\"><img fetchpriority=\"high\" decoding=\"async\" width=\"1024\" height=\"683\" src=\"https:\/\/www.ejercito.mil.uy\/wp-content\/uploads\/2026\/03\/2026-03-09-Inicio-ECOME-8-1024x683.jpg\" alt=\"\" class=\"wp-image-55754\" srcset=\"https:\/\/www.ejercito.mil.uy\/wp-content\/uploads\/2026\/03\/2026-03-09-Inicio-ECOME-8-1024x683.jpg 1024w, https:\/\/www.ejercito.mil.uy\/wp-content\/uploads\/2026\/03\/2026-03-09-Inicio-ECOME-8-300x200.jpg 300w, https:\/\/www.ejercito.mil.uy\/wp-content\/uploads\/2026\/03\/2026-03-09-Inicio-ECOME-8.jpg 1200w\" sizes=\"(max-width: 1024px) 100vw, 1024px\" \/><\/figure>\n\n\n\n<div style=\"height:22px\" aria-hidden=\"true\" class=\"wp-block-spacer\"><\/div>\n\n\n\n<p class=\"has-black-color has-text-color has-link-color has-medium-font-size wp-elements-32dc0cff7d663c109656ff86a33782d9\">En primera instancia, el Comandante de la Brigada de Comunicaciones N\u00ba1, <strong>Cnel. Jorge Scandaliaris<\/strong>, salud\u00f3 a los efectivos formados. Posteriormente, se dio lectura al acta de apertura de cursos y se invit\u00f3 al Cte. de la Brigada y al Director de la ECOME, <strong>Tte. Cnel. N\u00e9stor Marrero<\/strong>, a firmar el libro correspondiente.<\/p>\n\n\n\n<div style=\"height:22px\" aria-hidden=\"true\" class=\"wp-block-spacer\"><\/div>\n\n\n\n<div class=\"wp-block-columns is-layout-flex wp-container-core-columns-is-layout-28f84493 wp-block-columns-is-layout-flex\">\n<div class=\"wp-block-column is-layout-flow wp-block-column-is-layout-flow\">\n<figure class=\"wp-block-image size-large\"><img decoding=\"async\" width=\"1024\" height=\"683\" src=\"https:\/\/www.ejercito.mil.uy\/wp-content\/uploads\/2026\/03\/2026-03-09-Inicio-ECOME-3-1024x683.jpg\" alt=\"\" class=\"wp-image-55755\" srcset=\"https:\/\/www.ejercito.mil.uy\/wp-content\/uploads\/2026\/03\/2026-03-09-Inicio-ECOME-3-1024x683.jpg 1024w, https:\/\/www.ejercito.mil.uy\/wp-content\/uploads\/2026\/03\/2026-03-09-Inicio-ECOME-3-300x200.jpg 300w, https:\/\/www.ejercito.mil.uy\/wp-content\/uploads\/2026\/03\/2026-03-09-Inicio-ECOME-3.jpg 1200w\" sizes=\"(max-width: 1024px) 100vw, 1024px\" \/><\/figure>\n<\/div>\n\n\n\n<div class=\"wp-block-column is-layout-flow wp-block-column-is-layout-flow\">\n<figure class=\"wp-block-image size-large\"><img decoding=\"async\" width=\"1024\" height=\"683\" src=\"https:\/\/www.ejercito.mil.uy\/wp-content\/uploads\/2026\/03\/2026-03-09-Inicio-ECOME-12-1024x683.jpg\" alt=\"\" class=\"wp-image-55756\" srcset=\"https:\/\/www.ejercito.mil.uy\/wp-content\/uploads\/2026\/03\/2026-03-09-Inicio-ECOME-12-1024x683.jpg 1024w, https:\/\/www.ejercito.mil.uy\/wp-content\/uploads\/2026\/03\/2026-03-09-Inicio-ECOME-12-300x200.jpg 300w, https:\/\/www.ejercito.mil.uy\/wp-content\/uploads\/2026\/03\/2026-03-09-Inicio-ECOME-12.jpg 1200w\" sizes=\"(max-width: 1024px) 100vw, 1024px\" \/><\/figure>\n<\/div>\n<\/div>\n\n\n\n<div style=\"height:22px\" aria-hidden=\"true\" class=\"wp-block-spacer\"><\/div>\n\n\n\n<p class=\"has-black-color has-text-color has-link-color has-medium-font-size wp-elements-08a9c64dca2886c177be958298574012\">Para finalizar, se procedi\u00f3 al retiro de los Pabellones de Guerra del Instituto.<\/p>\n\n\n\n<div style=\"height:22px\" aria-hidden=\"true\" class=\"wp-block-spacer\"><\/div>\n\n\n\n<div class=\"wp-block-columns is-layout-flex wp-container-core-columns-is-layout-28f84493 wp-block-columns-is-layout-flex\">\n<div class=\"wp-block-column is-layout-flow wp-block-column-is-layout-flow\">\n<figure class=\"wp-block-image size-large\"><img loading=\"lazy\" decoding=\"async\" width=\"1024\" height=\"683\" src=\"https:\/\/www.ejercito.mil.uy\/wp-content\/uploads\/2026\/03\/2026-03-09-Inicio-ECOME-38-1024x683.jpg\" alt=\"\" class=\"wp-image-55758\" srcset=\"https:\/\/www.ejercito.mil.uy\/wp-content\/uploads\/2026\/03\/2026-03-09-Inicio-ECOME-38-1024x683.jpg 1024w, https:\/\/www.ejercito.mil.uy\/wp-content\/uploads\/2026\/03\/2026-03-09-Inicio-ECOME-38-300x200.jpg 300w, https:\/\/www.ejercito.mil.uy\/wp-content\/uploads\/2026\/03\/2026-03-09-Inicio-ECOME-38.jpg 1200w\" sizes=\"(max-width: 1024px) 100vw, 1024px\" \/><\/figure>\n<\/div>\n\n\n\n<div class=\"wp-block-column is-layout-flow wp-block-column-is-layout-flow\">\n<figure class=\"wp-block-image size-large\"><img loading=\"lazy\" decoding=\"async\" width=\"1024\" height=\"683\" src=\"https:\/\/www.ejercito.mil.uy\/wp-content\/uploads\/2026\/03\/2026-03-09-Inicio-ECOME-33-1024x683.jpg\" alt=\"\" class=\"wp-image-55759\" srcset=\"https:\/\/www.ejercito.mil.uy\/wp-content\/uploads\/2026\/03\/2026-03-09-Inicio-ECOME-33-1024x683.jpg 1024w, https:\/\/www.ejercito.mil.uy\/wp-content\/uploads\/2026\/03\/2026-03-09-Inicio-ECOME-33-300x200.jpg 300w, https:\/\/www.ejercito.mil.uy\/wp-content\/uploads\/2026\/03\/2026-03-09-Inicio-ECOME-33.jpg 1200w\" sizes=\"(max-width: 1024px) 100vw, 1024px\" \/><\/figure>\n<\/div>\n<\/div>\n\n\n\n<div style=\"height:22px\" aria-hidden=\"true\" class=\"wp-block-spacer\"><\/div>\n\n\n\n<p class=\"has-black-color has-text-color has-link-color has-medium-font-size wp-elements-8d123a8dc00f8b3001e4438b7610e05e\">Asistieron al acto, el Subdirector de la ECOME, <strong>May. Cintia Blanco<\/strong>, el Jefe de Estudios de la Escuela, <strong>Alf. Michael Su\u00e1rez<\/strong>, profesores e instructores. <\/p>\n\n\n\n<div style=\"height:22px\" aria-hidden=\"true\" class=\"wp-block-spacer\"><\/div>\n\n\n\n<figure class=\"wp-block-image size-large\"><img loading=\"lazy\" decoding=\"async\" width=\"1024\" height=\"683\" src=\"https:\/\/www.ejercito.mil.uy\/wp-content\/uploads\/2026\/03\/2026-03-09-Inicio-ECOME-29-1024x683.jpg\" alt=\"\" class=\"wp-image-55764\" srcset=\"https:\/\/www.ejercito.mil.uy\/wp-content\/uploads\/2026\/03\/2026-03-09-Inicio-ECOME-29-1024x683.jpg 1024w, https:\/\/www.ejercito.mil.uy\/wp-content\/uploads\/2026\/03\/2026-03-09-Inicio-ECOME-29-300x200.jpg 300w, https:\/\/www.ejercito.mil.uy\/wp-content\/uploads\/2026\/03\/2026-03-09-Inicio-ECOME-29.jpg 1200w\" sizes=\"(max-width: 1024px) 100vw, 1024px\" \/><\/figure>\n\n\n\n<div style=\"height:22px\" aria-hidden=\"true\" class=\"wp-block-spacer\"><\/div>\n\n\n\n<p class=\"has-black-color has-text-color has-link-color has-medium-font-size wp-elements-8a7e1d89406e652634399cbcd5a58106\">En esta oportunidad, <strong>33 j\u00f3venes<\/strong> comenzar\u00e1n a transitar sus primeros pasos en la vida militar en el Curso\u00a0de\u00a0Aprendices\u00a0Especialistas en\u00a0Comunicaciones, mientras que <strong>9 Aprendices<\/strong> continuar\u00e1n su carrera en el curso de segundo a\u00f1o. Ellos constituyen la base fiel y constante con la cual el Arma de Comunicaciones fortalece, a\u00f1o a a\u00f1o, sus filas con personal entrenado y capacitado para cumplir con las tareas asignadas. <\/p>\n\n\n\n<div style=\"height:22px\" aria-hidden=\"true\" class=\"wp-block-spacer\"><\/div>\n\n\n\n<p class=\"has-black-color has-text-color has-link-color has-medium-font-size wp-elements-ae69f4def0996c67cded8898b1dee0a2\">Por otra parte, se contar\u00e1 con 8 efectivos (incluyendo integrantes de la Armada Nacional y de la Fuerza A\u00e9rea) que cursar\u00e1n el Curso Tecn\u00f3logo en Electr\u00f3nica y Telecomunicaciones, y 22 alumnos en el Curso B\u00e1sico de Inform\u00e1tica.<\/p>\n\n\n\n<div style=\"height:22px\" aria-hidden=\"true\" class=\"wp-block-spacer\"><\/div>\n\n\n\n<div class=\"wp-block-columns is-layout-flex wp-container-core-columns-is-layout-28f84493 wp-block-columns-is-layout-flex\">\n<div class=\"wp-block-column is-layout-flow wp-block-column-is-layout-flow\">\n<figure class=\"wp-block-image size-large\"><img loading=\"lazy\" decoding=\"async\" width=\"1024\" height=\"683\" src=\"https:\/\/www.ejercito.mil.uy\/wp-content\/uploads\/2026\/03\/2026-03-09-Inicio-ECOME-4-1024x683.jpg\" alt=\"\" class=\"wp-image-55761\" srcset=\"https:\/\/www.ejercito.mil.uy\/wp-content\/uploads\/2026\/03\/2026-03-09-Inicio-ECOME-4-1024x683.jpg 1024w, https:\/\/www.ejercito.mil.uy\/wp-content\/uploads\/2026\/03\/2026-03-09-Inicio-ECOME-4-300x200.jpg 300w, https:\/\/www.ejercito.mil.uy\/wp-content\/uploads\/2026\/03\/2026-03-09-Inicio-ECOME-4.jpg 1200w\" sizes=\"(max-width: 1024px) 100vw, 1024px\" \/><\/figure>\n<\/div>\n<\/div>\n\n\n\n<div style=\"height:22px\" aria-hidden=\"true\" class=\"wp-block-spacer\"><\/div>\n\n\n\n<p class=\"has-black-color has-text-color has-link-color has-medium-font-size wp-elements-c4472f9f1fe27499cad5918c86d6e33a\">Se prev\u00e9 que para este a\u00f1o la Escuela impartir\u00e1 <strong>24 cursos<\/strong>: Curso de Pentesting, Curso B\u00e1sico de Radio Operador, Curso B\u00e1sico de Inform\u00e1tica (2\u00ba per\u00edodo), Sistemas Inform\u00e1ticos del Ej\u00e9rcito, Curso Avanzado de Comunicaciones para Oficiales de Comunicaciones, Curso Avanzado de Inform\u00e1tica, Capacitaci\u00f3n para Operador de Dispositivo Anti-VANT, Armado y Reparaci\u00f3n de PC, Curso B\u00e1sico de Radio Operador (Divisiones de Ej\u00e9rcito I, II, III y IV), Operador de Redes, Defensa Cibern\u00e9tica, Curso B\u00e1sico para Oficiales de Comunicaciones de las distintas Armas, Cursillo de Telegraf\u00eda, Introducci\u00f3n al Oficial de Comunicaciones de las distintas Armas, Sistemas de Audio y Fotograf\u00eda Institucional, Pre-IMAE, Introducci\u00f3n a la Ciberdefensa y Ciberseguridad, Reactualizaci\u00f3n para Radio Operador, Curso Avanzado de Ciberdefensa y Ciberseguridad, Curso B\u00e1sico de Operador de Veh\u00edculo A\u00e9reo no Tripulado y Reactualizaci\u00f3n para Operadores VANT.<\/p>\n\n\n\n<div style=\"height:22px\" aria-hidden=\"true\" class=\"wp-block-spacer\"><\/div>\n\n\n\n<figure class=\"wp-block-image size-large\"><img loading=\"lazy\" decoding=\"async\" width=\"1024\" height=\"683\" src=\"https:\/\/www.ejercito.mil.uy\/wp-content\/uploads\/2026\/03\/2026-03-09-Inicio-ECOME-41-1024x683.jpg\" alt=\"\" class=\"wp-image-55762\" srcset=\"https:\/\/www.ejercito.mil.uy\/wp-content\/uploads\/2026\/03\/2026-03-09-Inicio-ECOME-41-1024x683.jpg 1024w, https:\/\/www.ejercito.mil.uy\/wp-content\/uploads\/2026\/03\/2026-03-09-Inicio-ECOME-41-300x200.jpg 300w, https:\/\/www.ejercito.mil.uy\/wp-content\/uploads\/2026\/03\/2026-03-09-Inicio-ECOME-41.jpg 1200w\" sizes=\"(max-width: 1024px) 100vw, 1024px\" \/><\/figure>\n","protected":false},"excerpt":{"rendered":"<p>09.03.2026 &#8211; 33 j\u00f3venes comenzar\u00e1n a transitar sus primeros pasos en la vida militar en el Curso de Aprendices Especialistas en Comunicaciones, mientras que 9 Aprendices continuar\u00e1n su carrera en el curso de segundo a\u00f1o.<\/p>\n","protected":false},"author":14,"featured_media":55753,"comment_status":"open","ping_status":"open","sticky":false,"template":"","format":"standard","meta":{"_coblocks_attr":"","_coblocks_dimensions":"","_coblocks_responsive_height":"","_coblocks_accordion_ie_support":"","_monsterinsights_skip_tracking":false,"_monsterinsights_sitenote_active":false,"_monsterinsights_sitenote_note":"","_monsterinsights_sitenote_category":0,"_uf_show_specific_survey":0,"_uf_disable_surveys":false,"footnotes":""},"categories":[2,10,14,1],"tags":[337,189,1639,1637,60,188,251,848,263,740],"class_list":["post-55728","post","type-post","status-publish","format-standard","has-post-thumbnail","hentry","category-blog","category-destacados","category-noticias","category-sin-categoria","tag-alumnos","tag-apertura","tag-aprendices","tag-arma-de-comunicaciones","tag-comunicaciones","tag-cursos","tag-ecome","tag-estudiantes","tag-jovenes-2","tag-militar"],"aioseo_notices":[],"_links":{"self":[{"href":"https:\/\/www.ejercito.mil.uy\/index.php\/wp-json\/wp\/v2\/posts\/55728","targetHints":{"allow":["GET"]}}],"collection":[{"href":"https:\/\/www.ejercito.mil.uy\/index.php\/wp-json\/wp\/v2\/posts"}],"about":[{"href":"https:\/\/www.ejercito.mil.uy\/index.php\/wp-json\/wp\/v2\/types\/post"}],"author":[{"embeddable":true,"href":"https:\/\/www.ejercito.mil.uy\/index.php\/wp-json\/wp\/v2\/users\/14"}],"replies":[{"embeddable":true,"href":"https:\/\/www.ejercito.mil.uy\/index.php\/wp-json\/wp\/v2\/comments?post=55728"}],"version-history":[{"count":37,"href":"https:\/\/www.ejercito.mil.uy\/index.php\/wp-json\/wp\/v2\/posts\/55728\/revisions"}],"predecessor-version":[{"id":55817,"href":"https:\/\/www.ejercito.mil.uy\/index.php\/wp-json\/wp\/v2\/posts\/55728\/revisions\/55817"}],"wp:featuredmedia":[{"embeddable":true,"href":"https:\/\/www.ejercito.mil.uy\/index.php\/wp-json\/wp\/v2\/media\/55753"}],"wp:attachment":[{"href":"https:\/\/www.ejercito.mil.uy\/index.php\/wp-json\/wp\/v2\/media?parent=55728"}],"wp:term":[{"taxonomy":"category","embeddable":true,"href":"https:\/\/www.ejercito.mil.uy\/index.php\/wp-json\/wp\/v2\/categories?post=55728"},{"taxonomy":"post_tag","embeddable":true,"href":"https:\/\/www.ejercito.mil.uy\/index.php\/wp-json\/wp\/v2\/tags?post=55728"}],"curies":[{"name":"wp","href":"https:\/\/api.w.org\/{rel}","templated":true}]}}