{"id":55772,"date":"2026-03-10T08:43:23","date_gmt":"2026-03-10T11:43:23","guid":{"rendered":"https:\/\/www.ejercito.mil.uy\/?p=55772"},"modified":"2026-03-10T08:44:28","modified_gmt":"2026-03-10T11:44:28","slug":"distincion-board-of-honor","status":"publish","type":"post","link":"https:\/\/www.ejercito.mil.uy\/index.php\/2026\/03\/10\/distincion-board-of-honor\/","title":{"rendered":"Distinci\u00f3n \u00abBoard of Honor\u00bb"},"content":{"rendered":"\n<p class=\"has-black-color has-text-color has-link-color has-small-font-size wp-elements-d68763a293faedb193b726e7193ae9fb\">10.03.2026 &#8211; <strong>Goma, Rep\u00fablica Democratica del Congo<\/strong><\/p>\n\n\n\n<div style=\"height:30px\" aria-hidden=\"true\" class=\"wp-block-spacer\"><\/div>\n\n\n\n<p class=\"is-style-success has-black-color has-text-color has-background has-link-color has-medium-font-size wp-elements-23a3ec0614b145d13f7d943b368832d6\" style=\"background-color:#7ab1e8\">En el marco de las operaciones de mantenimiento de la paz que el Batall\u00f3n \u00abUruguay IV\u00bb desarrolla en la ciudad de Goma (Rep\u00fablica Democr\u00e1tica del Congo), el URUBATT debi\u00f3 afrontar una situaci\u00f3n compleja tanto desde el punto de vista operativo como de seguridad. Este escenario se vio agravado por el hecho de que, en ese momento (septiembre de 2025), solo un tercio del personal se encontraba en el \u00e1rea de operaciones debido al proceso de relevos, mientras que el grupo armado M-23 ejerc\u00eda el control de facto en la zona.<\/p>\n\n\n\n<div style=\"height:30px\" aria-hidden=\"true\" class=\"wp-block-spacer\"><\/div>\n\n\n\n<figure class=\"wp-block-image size-large\"><img fetchpriority=\"high\" decoding=\"async\" width=\"1024\" height=\"683\" src=\"https:\/\/www.ejercito.mil.uy\/wp-content\/uploads\/2026\/03\/Distincion-Board-of-Honor-1-1024x683.jpg\" alt=\"\" class=\"wp-image-55777\" srcset=\"https:\/\/www.ejercito.mil.uy\/wp-content\/uploads\/2026\/03\/Distincion-Board-of-Honor-1-1024x683.jpg 1024w, https:\/\/www.ejercito.mil.uy\/wp-content\/uploads\/2026\/03\/Distincion-Board-of-Honor-1-300x200.jpg 300w, https:\/\/www.ejercito.mil.uy\/wp-content\/uploads\/2026\/03\/Distincion-Board-of-Honor-1.jpg 1200w\" sizes=\"(max-width: 1024px) 100vw, 1024px\" \/><\/figure>\n\n\n\n<div style=\"height:30px\" aria-hidden=\"true\" class=\"wp-block-spacer\"><\/div>\n\n\n\n<p class=\"has-black-color has-text-color has-link-color has-medium-font-size wp-elements-cc09a4f75010ed02417cd817f7c220b0\">En ese contexto se produjo una manifestaci\u00f3n violenta frente a la puerta de acceso a la Base \u00abSiempre Presente\u00bb, originada por un accidente de tr\u00e1nsito no provocado por personal uruguayo. La protesta incluy\u00f3 insultos, agresiones f\u00edsicas y el bloqueo de medios materiales y efectivos del Contingente, con el prop\u00f3sito de impedir su ingreso a la Unidad. Asimismo, entre los civiles presentes se encontraban personas con heridas de consideraci\u00f3n.<\/p>\n\n\n\n<div style=\"height:30px\" aria-hidden=\"true\" class=\"wp-block-spacer\"><\/div>\n\n\n\n<p class=\"has-black-color has-text-color has-link-color has-medium-font-size wp-elements-afb2d1e1a4940ddb8905770f38074f3b\">Ante esta situaci\u00f3n y como resultado de la r\u00e1pida acci\u00f3n de mando, los integrantes que se encontraba cumpliendo funciones de seguridad reaccionaron de inmediato, desplegando medios armados para brindar protecci\u00f3n a nuestros Cascos Azules y al material involucrado, para garantizar su ingreso seguro a la Base. Tras varios minutos de gran tensi\u00f3n, se logr\u00f3 restablecer el control y permitir el acceso sin que se produjeran mayores incidentes.<\/p>\n\n\n\n<div style=\"height:30px\" aria-hidden=\"true\" class=\"wp-block-spacer\"><\/div>\n\n\n\n<figure class=\"wp-block-image size-large\"><img decoding=\"async\" width=\"1024\" height=\"683\" src=\"https:\/\/www.ejercito.mil.uy\/wp-content\/uploads\/2026\/03\/Distincion-Board-of-Honor-2-1024x683.jpg\" alt=\"\" class=\"wp-image-55779\" srcset=\"https:\/\/www.ejercito.mil.uy\/wp-content\/uploads\/2026\/03\/Distincion-Board-of-Honor-2-1024x683.jpg 1024w, https:\/\/www.ejercito.mil.uy\/wp-content\/uploads\/2026\/03\/Distincion-Board-of-Honor-2-300x200.jpg 300w, https:\/\/www.ejercito.mil.uy\/wp-content\/uploads\/2026\/03\/Distincion-Board-of-Honor-2.jpg 1200w\" sizes=\"(max-width: 1024px) 100vw, 1024px\" \/><\/figure>\n\n\n\n<div style=\"height:30px\" aria-hidden=\"true\" class=\"wp-block-spacer\"><\/div>\n\n\n\n<p class=\"has-black-color has-text-color has-link-color has-medium-font-size wp-elements-446a8148707955030f1c14726fd07737\">Paralelamente, se permiti\u00f3 el ingreso de los ciudadanos locales heridos, entre ellos una mujer embarazada, a quienes el equipo sanitario brind\u00f3 la atenci\u00f3n m\u00e9dica necesaria para su estabilizaci\u00f3n. Posteriormente, el Batall\u00f3n coordin\u00f3 su evacuaci\u00f3n hacia un hospital de la zona y asumi\u00f3 los gastos derivados de su atenci\u00f3n.<\/p>\n\n\n\n<div style=\"height:30px\" aria-hidden=\"true\" class=\"wp-block-spacer\"><\/div>\n\n\n\n<p class=\"has-black-color has-text-color has-link-color has-medium-font-size wp-elements-ea58caf00141985a6c7ad91e7358421e\">En virtud de la relevancia del hecho y m\u00e1s all\u00e1 del reconocimiento interno recibido en su momento; luego de un proceso de an\u00e1lisis y revisi\u00f3n, fue otorgado desde la Misi\u00f3n de MONUSCO una distinci\u00f3n denominada \u00abBoard of Honor\u00bb a los efectivos que participaron en la intervenci\u00f3n: Tte. 1\u00ba Evelyn Cardoso, Tte. 2\u00ba Ramiro Lotito, Tte. 2\u00ba (M) Ver\u00f3nica Rodr\u00edguez, Sgto. Francisco Su\u00e1rez, Sdo. 1\u00aa Yennifer N\u00fa\u00f1ez, Sdo. 1\u00aa Dami\u00e1n G\u00f3mez, Sdo. 1\u00aa Gustavo Herrera, Sdo. 1\u00aa Pierina Gioachini y Sdo. 1\u00aa (M) Maicol Reyes.<\/p>\n\n\n\n<div style=\"height:30px\" aria-hidden=\"true\" class=\"wp-block-spacer\"><\/div>\n\n\n\n<figure class=\"wp-block-image size-large\"><img decoding=\"async\" width=\"1024\" height=\"683\" src=\"https:\/\/www.ejercito.mil.uy\/wp-content\/uploads\/2026\/03\/Distincion-Board-of-Honor-4-1024x683.jpg\" alt=\"\" class=\"wp-image-55780\" srcset=\"https:\/\/www.ejercito.mil.uy\/wp-content\/uploads\/2026\/03\/Distincion-Board-of-Honor-4-1024x683.jpg 1024w, https:\/\/www.ejercito.mil.uy\/wp-content\/uploads\/2026\/03\/Distincion-Board-of-Honor-4-300x200.jpg 300w, https:\/\/www.ejercito.mil.uy\/wp-content\/uploads\/2026\/03\/Distincion-Board-of-Honor-4.jpg 1200w\" sizes=\"(max-width: 1024px) 100vw, 1024px\" \/><\/figure>\n\n\n\n<div style=\"height:30px\" aria-hidden=\"true\" class=\"wp-block-spacer\"><\/div>\n\n\n\n<p class=\"has-black-color has-text-color has-link-color has-medium-font-size wp-elements-e4d2dbca3a3cc1188157457fe2adc7ef\">Su accionar ejemplar ante una situaci\u00f3n de estas caracter\u00edsticas no solo contribuye a enaltecer el prestigio de nuestro Ej\u00e9rcito, sino que adem\u00e1s pone de manifiesto el compromiso profesional, el valor y la vocaci\u00f3n de servicio de quienes visten este uniforme, as\u00ed como su profundo respeto y sentido de responsabilidad hacia las poblaciones m\u00e1s vulnerables.<\/p>\n","protected":false},"excerpt":{"rendered":"<p>10.03.2026 &#8211; La Misi\u00f3n de MONUSCO otorg\u00f3 un reconocimiento a efectivos del Batall\u00f3n \u00abUruguay IV\u00bb que intervinieron de forma ejemplar en una emergencia en la Rep. Democr\u00e1tica del Congo.<\/p>\n","protected":false},"author":14,"featured_media":55776,"comment_status":"open","ping_status":"open","sticky":false,"template":"","format":"standard","meta":{"_coblocks_attr":"","_coblocks_dimensions":"","_coblocks_responsive_height":"","_coblocks_accordion_ie_support":"","_monsterinsights_skip_tracking":false,"_monsterinsights_sitenote_active":false,"_monsterinsights_sitenote_note":"","_monsterinsights_sitenote_category":0,"_uf_show_specific_survey":0,"_uf_disable_surveys":false,"footnotes":""},"categories":[2,10,237,14,1],"tags":[2222,1439,230,837,696,241,19,67,31,255],"class_list":["post-55772","post","type-post","status-publish","format-standard","has-post-thumbnail","hentry","category-blog","category-destacados","category-misiones","category-noticias","category-sin-categoria","tag-board-of-honor","tag-casco-azules","tag-defensa","tag-distincion","tag-emergencia","tag-monusco","tag-mop","tag-peacekeeper","tag-rdcongo","tag-reconocimiento"],"aioseo_notices":[],"_links":{"self":[{"href":"https:\/\/www.ejercito.mil.uy\/index.php\/wp-json\/wp\/v2\/posts\/55772","targetHints":{"allow":["GET"]}}],"collection":[{"href":"https:\/\/www.ejercito.mil.uy\/index.php\/wp-json\/wp\/v2\/posts"}],"about":[{"href":"https:\/\/www.ejercito.mil.uy\/index.php\/wp-json\/wp\/v2\/types\/post"}],"author":[{"embeddable":true,"href":"https:\/\/www.ejercito.mil.uy\/index.php\/wp-json\/wp\/v2\/users\/14"}],"replies":[{"embeddable":true,"href":"https:\/\/www.ejercito.mil.uy\/index.php\/wp-json\/wp\/v2\/comments?post=55772"}],"version-history":[{"count":7,"href":"https:\/\/www.ejercito.mil.uy\/index.php\/wp-json\/wp\/v2\/posts\/55772\/revisions"}],"predecessor-version":[{"id":55808,"href":"https:\/\/www.ejercito.mil.uy\/index.php\/wp-json\/wp\/v2\/posts\/55772\/revisions\/55808"}],"wp:featuredmedia":[{"embeddable":true,"href":"https:\/\/www.ejercito.mil.uy\/index.php\/wp-json\/wp\/v2\/media\/55776"}],"wp:attachment":[{"href":"https:\/\/www.ejercito.mil.uy\/index.php\/wp-json\/wp\/v2\/media?parent=55772"}],"wp:term":[{"taxonomy":"category","embeddable":true,"href":"https:\/\/www.ejercito.mil.uy\/index.php\/wp-json\/wp\/v2\/categories?post=55772"},{"taxonomy":"post_tag","embeddable":true,"href":"https:\/\/www.ejercito.mil.uy\/index.php\/wp-json\/wp\/v2\/tags?post=55772"}],"curies":[{"name":"wp","href":"https:\/\/api.w.org\/{rel}","templated":true}]}}