{"id":55796,"date":"2026-03-10T14:28:39","date_gmt":"2026-03-10T17:28:39","guid":{"rendered":"https:\/\/www.ejercito.mil.uy\/?p=55796"},"modified":"2026-03-10T14:28:40","modified_gmt":"2026-03-10T17:28:40","slug":"primer-relevo-del-ano-de-la-guardia-del-regimiento-de-caballeria-n1","status":"publish","type":"post","link":"https:\/\/www.ejercito.mil.uy\/index.php\/2026\/03\/10\/primer-relevo-del-ano-de-la-guardia-del-regimiento-de-caballeria-n1\/","title":{"rendered":"Primer Relevo del a\u00f1o de la Guardia del Regimiento de Caballer\u00eda N\u00b01"},"content":{"rendered":"\n<p class=\"has-black-color has-text-color has-link-color has-small-font-size wp-elements-732c56ce3725dc847aa0f42bdea17ad1\">10.03.2026 &#8211; <strong>Plaza Independencia<\/strong> (<strong>Montevideo<\/strong>)<\/p>\n\n\n\n<div style=\"height:33px\" aria-hidden=\"true\" class=\"wp-block-spacer\"><\/div>\n\n\n\n<p class=\"has-white-color has-text-color has-background\" style=\"background-color:#5f021f;font-size:18px\">Al mediod\u00eda del martes 10 de marzo, se realiz\u00f3 la&nbsp;<strong>primera ceremonia de relevo de guardia del Regimiento \u00abBlandengues de Artigas\u00bb de Caballer\u00eda N\u00ba1<\/strong>&nbsp;<strong>del a\u00f1o<\/strong>, en la Plaza Independencia.<\/p>\n\n\n\n<div style=\"height:30px\" aria-hidden=\"true\" class=\"wp-block-spacer\"><\/div>\n\n\n\n<figure class=\"wp-block-image size-large\"><img fetchpriority=\"high\" decoding=\"async\" width=\"1024\" height=\"683\" src=\"https:\/\/www.ejercito.mil.uy\/wp-content\/uploads\/2026\/03\/RC1-22-1024x683.jpg\" alt=\"\" class=\"wp-image-55855\" srcset=\"https:\/\/www.ejercito.mil.uy\/wp-content\/uploads\/2026\/03\/RC1-22-1024x683.jpg 1024w, https:\/\/www.ejercito.mil.uy\/wp-content\/uploads\/2026\/03\/RC1-22-300x200.jpg 300w, https:\/\/www.ejercito.mil.uy\/wp-content\/uploads\/2026\/03\/RC1-22.jpg 1200w\" sizes=\"(max-width: 1024px) 100vw, 1024px\" \/><\/figure>\n\n\n\n<div style=\"height:30px\" aria-hidden=\"true\" class=\"wp-block-spacer\"><\/div>\n\n\n\n<p class=\"is-style-success has-black-color has-text-color has-link-color wp-elements-2554eb02423d885c913025a1ddfc9e83\" style=\"font-size:18px\">Este acto protocolar jerarquiza la figura de nuestro pr\u00f3cer, el General Jos\u00e9 Gervasio Artigas, que el 10 de marzo de 1797 ingres\u00f3 como Soldado, llegando a ser Jefe del \u00abCuerpo Veterano de Blandengues de la Frontera de Montevideo\u00bb en el a\u00f1o 1811.<\/p>\n\n\n\n<div style=\"height:55px\" aria-hidden=\"true\" class=\"wp-block-spacer\"><\/div>\n\n\n\n<figure class=\"wp-block-image size-large\"><img decoding=\"async\" width=\"1024\" height=\"683\" src=\"https:\/\/www.ejercito.mil.uy\/wp-content\/uploads\/2026\/03\/RC1-21-1024x683.jpg\" alt=\"\" class=\"wp-image-55853\" srcset=\"https:\/\/www.ejercito.mil.uy\/wp-content\/uploads\/2026\/03\/RC1-21-1024x683.jpg 1024w, https:\/\/www.ejercito.mil.uy\/wp-content\/uploads\/2026\/03\/RC1-21-300x200.jpg 300w, https:\/\/www.ejercito.mil.uy\/wp-content\/uploads\/2026\/03\/RC1-21.jpg 1200w\" sizes=\"(max-width: 1024px) 100vw, 1024px\" \/><\/figure>\n\n\n\n<div style=\"height:33px\" aria-hidden=\"true\" class=\"wp-block-spacer\"><\/div>\n\n\n\n<p class=\"has-black-color has-text-color has-link-color wp-elements-7b71ccce7eb90fce3e862335d1428e90\" style=\"font-size:18px\">La ceremonia inici\u00f3 con el <strong>Comandante del Escuadr\u00f3n \u201cAyu\u00ed\u201d de Honor <\/strong>dando la orden del toque, que indica el comienzo del relevo de los servicios diarios.<\/p>\n\n\n\n<div style=\"height:33px\" aria-hidden=\"true\" class=\"wp-block-spacer\"><\/div>\n\n\n\n<figure class=\"wp-block-gallery has-nested-images columns-default is-cropped wp-block-gallery-1 is-layout-flex wp-block-gallery-is-layout-flex\">\n<figure class=\"wp-block-image size-large\"><img decoding=\"async\" width=\"1024\" height=\"683\" data-id=\"55863\" src=\"https:\/\/www.ejercito.mil.uy\/wp-content\/uploads\/2026\/03\/RC1-10-1024x683.jpg\" alt=\"\" class=\"wp-image-55863\" srcset=\"https:\/\/www.ejercito.mil.uy\/wp-content\/uploads\/2026\/03\/RC1-10-1024x683.jpg 1024w, https:\/\/www.ejercito.mil.uy\/wp-content\/uploads\/2026\/03\/RC1-10-300x200.jpg 300w, https:\/\/www.ejercito.mil.uy\/wp-content\/uploads\/2026\/03\/RC1-10.jpg 1200w\" sizes=\"(max-width: 1024px) 100vw, 1024px\" \/><\/figure>\n\n\n\n<figure class=\"wp-block-image size-large\"><img loading=\"lazy\" decoding=\"async\" width=\"1024\" height=\"683\" data-id=\"55862\" src=\"https:\/\/www.ejercito.mil.uy\/wp-content\/uploads\/2026\/03\/RC1-24-1024x683.jpg\" alt=\"\" class=\"wp-image-55862\" srcset=\"https:\/\/www.ejercito.mil.uy\/wp-content\/uploads\/2026\/03\/RC1-24-1024x683.jpg 1024w, https:\/\/www.ejercito.mil.uy\/wp-content\/uploads\/2026\/03\/RC1-24-300x200.jpg 300w, https:\/\/www.ejercito.mil.uy\/wp-content\/uploads\/2026\/03\/RC1-24.jpg 1200w\" sizes=\"(max-width: 1024px) 100vw, 1024px\" \/><\/figure>\n<\/figure>\n\n\n\n<div style=\"height:33px\" aria-hidden=\"true\" class=\"wp-block-spacer\"><\/div>\n\n\n\n<p class=\"has-black-color has-text-color has-link-color wp-elements-df35fbde1d10acae439b1056f41569cd\" style=\"font-size:18px\">Luego de ser relevadas la guardia entrante y la saliente del Regimiento, los efectivos se retiraron entonando la marcha \u00abMi Bandera\u00bb.<\/p>\n\n\n\n<div style=\"height:33px\" aria-hidden=\"true\" class=\"wp-block-spacer\"><\/div>\n\n\n\n<figure class=\"wp-block-gallery has-nested-images columns-2 is-cropped wp-block-gallery-2 is-layout-flex wp-block-gallery-is-layout-flex\">\n<figure class=\"wp-block-image size-large\"><img loading=\"lazy\" decoding=\"async\" width=\"1024\" height=\"683\" data-id=\"55857\" src=\"https:\/\/www.ejercito.mil.uy\/wp-content\/uploads\/2026\/03\/RC1-19-1024x683.jpg\" alt=\"\" class=\"wp-image-55857\" srcset=\"https:\/\/www.ejercito.mil.uy\/wp-content\/uploads\/2026\/03\/RC1-19-1024x683.jpg 1024w, https:\/\/www.ejercito.mil.uy\/wp-content\/uploads\/2026\/03\/RC1-19-300x200.jpg 300w, https:\/\/www.ejercito.mil.uy\/wp-content\/uploads\/2026\/03\/RC1-19.jpg 1200w\" sizes=\"(max-width: 1024px) 100vw, 1024px\" \/><\/figure>\n\n\n\n<figure class=\"wp-block-image size-large\"><img loading=\"lazy\" decoding=\"async\" width=\"1024\" height=\"683\" data-id=\"55858\" src=\"https:\/\/www.ejercito.mil.uy\/wp-content\/uploads\/2026\/03\/RC1-23-1024x683.jpg\" alt=\"\" class=\"wp-image-55858\" srcset=\"https:\/\/www.ejercito.mil.uy\/wp-content\/uploads\/2026\/03\/RC1-23-1024x683.jpg 1024w, https:\/\/www.ejercito.mil.uy\/wp-content\/uploads\/2026\/03\/RC1-23-300x200.jpg 300w, https:\/\/www.ejercito.mil.uy\/wp-content\/uploads\/2026\/03\/RC1-23.jpg 1200w\" sizes=\"(max-width: 1024px) 100vw, 1024px\" \/><\/figure>\n\n\n\n<figure class=\"wp-block-image size-large\"><img loading=\"lazy\" decoding=\"async\" width=\"1024\" height=\"683\" data-id=\"55856\" src=\"https:\/\/www.ejercito.mil.uy\/wp-content\/uploads\/2026\/03\/RC1-25-1024x683.jpg\" alt=\"\" class=\"wp-image-55856\" srcset=\"https:\/\/www.ejercito.mil.uy\/wp-content\/uploads\/2026\/03\/RC1-25-1024x683.jpg 1024w, https:\/\/www.ejercito.mil.uy\/wp-content\/uploads\/2026\/03\/RC1-25-300x200.jpg 300w, https:\/\/www.ejercito.mil.uy\/wp-content\/uploads\/2026\/03\/RC1-25.jpg 1200w\" sizes=\"(max-width: 1024px) 100vw, 1024px\" \/><\/figure>\n\n\n\n<figure class=\"wp-block-image size-large\"><img loading=\"lazy\" decoding=\"async\" width=\"1024\" height=\"683\" data-id=\"55859\" src=\"https:\/\/www.ejercito.mil.uy\/wp-content\/uploads\/2026\/03\/RC1-29-1024x683.jpg\" alt=\"\" class=\"wp-image-55859\" srcset=\"https:\/\/www.ejercito.mil.uy\/wp-content\/uploads\/2026\/03\/RC1-29-1024x683.jpg 1024w, https:\/\/www.ejercito.mil.uy\/wp-content\/uploads\/2026\/03\/RC1-29-300x200.jpg 300w, https:\/\/www.ejercito.mil.uy\/wp-content\/uploads\/2026\/03\/RC1-29.jpg 1200w\" sizes=\"(max-width: 1024px) 100vw, 1024px\" \/><\/figure>\n<\/figure>\n\n\n\n<div style=\"height:33px\" aria-hidden=\"true\" class=\"wp-block-spacer\"><\/div>\n\n\n\n<p class=\"has-black-color has-text-color has-link-color wp-elements-cd5a5341c10894dd7bd0857c6b2beb17\" style=\"font-size:18px\">Cabe destacar, que para rendir honores al pr\u00f3cer, la Charanga \u00abGrito de Asencio\u00bb ejecut\u00f3 el \u00abHimno a Artigas\u00bb, invitando a los presentes a entonar sus estrofas.<\/p>\n\n\n\n<div style=\"height:30px\" aria-hidden=\"true\" class=\"wp-block-spacer\"><\/div>\n\n\n\n<figure class=\"wp-block-gallery has-nested-images columns-default is-cropped wp-block-gallery-3 is-layout-flex wp-block-gallery-is-layout-flex\">\n<figure class=\"wp-block-image size-large\"><img loading=\"lazy\" decoding=\"async\" width=\"1024\" height=\"683\" data-id=\"55860\" src=\"https:\/\/www.ejercito.mil.uy\/wp-content\/uploads\/2026\/03\/RC1-26-1024x683.jpg\" alt=\"\" class=\"wp-image-55860\" srcset=\"https:\/\/www.ejercito.mil.uy\/wp-content\/uploads\/2026\/03\/RC1-26-1024x683.jpg 1024w, https:\/\/www.ejercito.mil.uy\/wp-content\/uploads\/2026\/03\/RC1-26-300x200.jpg 300w, https:\/\/www.ejercito.mil.uy\/wp-content\/uploads\/2026\/03\/RC1-26.jpg 1200w\" sizes=\"(max-width: 1024px) 100vw, 1024px\" \/><\/figure>\n\n\n\n<figure class=\"wp-block-image size-large\"><img loading=\"lazy\" decoding=\"async\" width=\"1024\" height=\"683\" data-id=\"55861\" src=\"https:\/\/www.ejercito.mil.uy\/wp-content\/uploads\/2026\/03\/RC1-30-1024x683.jpg\" alt=\"\" class=\"wp-image-55861\" srcset=\"https:\/\/www.ejercito.mil.uy\/wp-content\/uploads\/2026\/03\/RC1-30-1024x683.jpg 1024w, https:\/\/www.ejercito.mil.uy\/wp-content\/uploads\/2026\/03\/RC1-30-300x200.jpg 300w, https:\/\/www.ejercito.mil.uy\/wp-content\/uploads\/2026\/03\/RC1-30.jpg 1200w\" sizes=\"(max-width: 1024px) 100vw, 1024px\" \/><\/figure>\n<\/figure>\n\n\n\n<div style=\"height:30px\" aria-hidden=\"true\" class=\"wp-block-spacer\"><\/div>\n\n\n\n<p class=\"has-black-color has-text-color has-link-color wp-elements-e6c514525dd01fda04f1e6ddd4bce996\" style=\"font-size:18px\">La guardia custodia la urna que guarda los restos de quien fue Jefe de los Blandengues, la que prometen defender a\u00fan a costo de sus vidas si fuera necesario.<\/p>\n\n\n\n<div style=\"height:30px\" aria-hidden=\"true\" class=\"wp-block-spacer\"><\/div>\n\n\n\n<figure class=\"wp-block-image size-large\"><img loading=\"lazy\" decoding=\"async\" width=\"1024\" height=\"683\" src=\"https:\/\/www.ejercito.mil.uy\/wp-content\/uploads\/2026\/03\/RC1-20-1024x683.jpg\" alt=\"\" class=\"wp-image-55854\" srcset=\"https:\/\/www.ejercito.mil.uy\/wp-content\/uploads\/2026\/03\/RC1-20-1024x683.jpg 1024w, https:\/\/www.ejercito.mil.uy\/wp-content\/uploads\/2026\/03\/RC1-20-300x200.jpg 300w, https:\/\/www.ejercito.mil.uy\/wp-content\/uploads\/2026\/03\/RC1-20.jpg 1200w\" sizes=\"(max-width: 1024px) 100vw, 1024px\" \/><\/figure>\n\n\n\n<div style=\"height:30px\" aria-hidden=\"true\" class=\"wp-block-spacer\"><\/div>\n\n\n\n<p class=\"has-black-color has-text-color has-link-color wp-elements-eeab2e33db4360b7afc234d865fb72f3\" style=\"font-size:18px\">Adem\u00e1s, asistieron al acto el Jefe de la Casa Militar, <strong>Gral. Alejandro C\u00f3rdoba<\/strong>, el Jefe del Regimiento,&nbsp;<strong>Cnel. Manuel Camejo<\/strong>, la Corporaci\u00f3n de Oficiales de la Unidad y p\u00fablico en general.<\/p>\n\n\n\n<div style=\"height:100px\" aria-hidden=\"true\" class=\"wp-block-spacer\"><\/div>\n","protected":false},"excerpt":{"rendered":"<p>10.03.2026 &#8211; Este acto jerarquiza la figura de nuestro pr\u00f3cer, el Gral. Jos\u00e9 Gervasio Artigas, que el 10 de marzo de 1797 ingres\u00f3 como Soldado, llegando a ser Jefe del \u00abCuerpo Veterano de Blandengues de la Frontera de Montevideo\u00bb en el a\u00f1o 1811.<\/p>\n","protected":false},"author":14,"featured_media":55851,"comment_status":"open","ping_status":"open","sticky":false,"template":"","format":"standard","meta":{"_coblocks_attr":"","_coblocks_dimensions":"","_coblocks_responsive_height":"","_coblocks_accordion_ie_support":"","_monsterinsights_skip_tracking":false,"_monsterinsights_sitenote_active":false,"_monsterinsights_sitenote_note":"","_monsterinsights_sitenote_category":0,"_uf_show_specific_survey":0,"_uf_disable_surveys":false,"footnotes":""},"categories":[2,10,14,1],"tags":[210,767,624,44,190,1498,2226,227,652],"class_list":["post-55796","post","type-post","status-publish","format-standard","has-post-thumbnail","hentry","category-blog","category-destacados","category-noticias","category-sin-categoria","tag-artigas","tag-blandengues","tag-caballeria-2","tag-ceremonia","tag-general","tag-plaza","tag-primer-relevo","tag-procer","tag-relevo"],"aioseo_notices":[],"_links":{"self":[{"href":"https:\/\/www.ejercito.mil.uy\/index.php\/wp-json\/wp\/v2\/posts\/55796","targetHints":{"allow":["GET"]}}],"collection":[{"href":"https:\/\/www.ejercito.mil.uy\/index.php\/wp-json\/wp\/v2\/posts"}],"about":[{"href":"https:\/\/www.ejercito.mil.uy\/index.php\/wp-json\/wp\/v2\/types\/post"}],"author":[{"embeddable":true,"href":"https:\/\/www.ejercito.mil.uy\/index.php\/wp-json\/wp\/v2\/users\/14"}],"replies":[{"embeddable":true,"href":"https:\/\/www.ejercito.mil.uy\/index.php\/wp-json\/wp\/v2\/comments?post=55796"}],"version-history":[{"count":22,"href":"https:\/\/www.ejercito.mil.uy\/index.php\/wp-json\/wp\/v2\/posts\/55796\/revisions"}],"predecessor-version":[{"id":55864,"href":"https:\/\/www.ejercito.mil.uy\/index.php\/wp-json\/wp\/v2\/posts\/55796\/revisions\/55864"}],"wp:featuredmedia":[{"embeddable":true,"href":"https:\/\/www.ejercito.mil.uy\/index.php\/wp-json\/wp\/v2\/media\/55851"}],"wp:attachment":[{"href":"https:\/\/www.ejercito.mil.uy\/index.php\/wp-json\/wp\/v2\/media?parent=55796"}],"wp:term":[{"taxonomy":"category","embeddable":true,"href":"https:\/\/www.ejercito.mil.uy\/index.php\/wp-json\/wp\/v2\/categories?post=55796"},{"taxonomy":"post_tag","embeddable":true,"href":"https:\/\/www.ejercito.mil.uy\/index.php\/wp-json\/wp\/v2\/tags?post=55796"}],"curies":[{"name":"wp","href":"https:\/\/api.w.org\/{rel}","templated":true}]}}