{"id":55887,"date":"2026-03-11T13:23:47","date_gmt":"2026-03-11T16:23:47","guid":{"rendered":"https:\/\/www.ejercito.mil.uy\/?p=55887"},"modified":"2026-03-11T15:58:47","modified_gmt":"2026-03-11T18:58:47","slug":"reconocimiento-al-instituto-geografico-militar","status":"publish","type":"post","link":"https:\/\/www.ejercito.mil.uy\/index.php\/2026\/03\/11\/reconocimiento-al-instituto-geografico-militar\/","title":{"rendered":"Reconocimiento al Instituto Geogr\u00e1fico Militar"},"content":{"rendered":"\n<p class=\"has-black-color has-text-color has-link-color has-small-font-size wp-elements-c2cec0371400224ecc37b5e65195293f\">11.03.2026 &#8211; Estados Unidos Mexicanos<\/p>\n\n\n\n<div style=\"height:33px\" aria-hidden=\"true\" class=\"wp-block-spacer\"><\/div>\n\n\n\n<p class=\"has-black-color has-text-color has-background\" style=\"background-color:#ffcc00;font-size:20px\">El martes 10 de marzo, el <strong>Instituto Geogr\u00e1fico Militar recibi\u00f3 un reconocimiento por parte del Instituto Panamericano de Geograf\u00eda e Historia <\/strong>(organismo especializado de la OEA), en la sede de la Embajada de Uruguay en los Estados Unidos Mexicanos.<\/p>\n\n\n\n<div style=\"height:33px\" aria-hidden=\"true\" class=\"wp-block-spacer\"><\/div>\n\n\n\n<p class=\"has-black-color has-text-color has-link-color wp-elements-34184098022a28ae3a607c18d38ca421\" style=\"font-size:18px\">El Instituto Geogr\u00e1fico Militar (IGM) sede de la Secci\u00f3n Nacional Uruguaya del Instituto Panamericano de Geograf\u00eda e Historia (IPGH), fue distinguido por su destacado apoyo en materia de asesor\u00eda cient\u00edfica y capacitaci\u00f3n t\u00e9cnica desarrollada durante varios a\u00f1os en la Zona de Adyacencia entre Belice y Guatemala, y su contribuci\u00f3n al<em> <\/em>mantenimiento de la paz en la regi\u00f3n.<\/p>\n\n\n\n<div style=\"height:45px\" aria-hidden=\"true\" class=\"wp-block-spacer\"><\/div>\n\n\n\n<p class=\"has-black-color has-text-color has-link-color wp-elements-3a2505cb9abb613103a1d12a413c7ddc\" style=\"font-size:18px\">El IGM a trav\u00e9s de la Secci\u00f3n Nacional y la Secretar\u00eda General del IPGH, desde el a\u00f1o 2018 se encuentra brindando apoyo t\u00e9cnico a la Oficina de la Organizaci\u00f3n de los Estados Americanos (OEA) en la Zona de Adyacencia Belice-Guatemala; contribuci\u00f3n que implica establecer con precisi\u00f3n la ubicaci\u00f3n de puntos y sus coordenadas, en relaci\u00f3n con distintas l\u00edneas de demarcaci\u00f3n internacional. En cada consulta recibida, se trata de encontrar la distancia m\u00ednima entre la L\u00ednea de Adyacencia y las coordenadas de los puntos objeto de la consulta y producir un gr\u00e1fico de localizaci\u00f3n.<\/p>\n\n\n\n<div style=\"height:45px\" aria-hidden=\"true\" class=\"wp-block-spacer\"><\/div>\n\n\n\n<p class=\"has-black-color has-text-color has-link-color wp-elements-5ce76b2bdc001e1095237f4a25bf4e69\" style=\"font-size:18px\">La placa de reconocimiento fue recibida por el Embajador de Uruguay en M\u00e9xico, Lic. Santiago Wins junto al Agregado de Defensa de la Embajada de Uruguay en M\u00e9xico, Cnel. Luis Abilleira, de manos del Secretario General del IPGH, Mtro. Antonio Campuzano Rosales, y el Director de la Oficina de la Secretar\u00eda General de la OEA en la Zona de Adyacencia entre Belice y Guatemala, Mtro. Sergio L\u00f3pez.<\/p>\n\n\n\n<div style=\"height:45px\" aria-hidden=\"true\" class=\"wp-block-spacer\"><\/div>\n\n\n\n<figure class=\"wp-block-image size-large\"><img fetchpriority=\"high\" decoding=\"async\" width=\"1024\" height=\"683\" src=\"https:\/\/www.ejercito.mil.uy\/wp-content\/uploads\/2026\/03\/1-1024x683.jpeg\" alt=\"\" class=\"wp-image-55922\" srcset=\"https:\/\/www.ejercito.mil.uy\/wp-content\/uploads\/2026\/03\/1-1024x683.jpeg 1024w, https:\/\/www.ejercito.mil.uy\/wp-content\/uploads\/2026\/03\/1-300x200.jpeg 300w, https:\/\/www.ejercito.mil.uy\/wp-content\/uploads\/2026\/03\/1.jpeg 1200w\" sizes=\"(max-width: 1024px) 100vw, 1024px\" \/><\/figure>\n\n\n\n<div style=\"height:45px\" aria-hidden=\"true\" class=\"wp-block-spacer\"><\/div>\n\n\n\n<p class=\"has-black-color has-text-color has-link-color wp-elements-a8d6929d38bfddf1f79197a2bca59308\" style=\"font-size:18px\">En este marco, el Secretario General se\u00f1al\u00f3 que su visita respond\u00eda a lo dispuesto en la Resoluci\u00f3n N\u00ba 10, adoptada por la 26\u00aa Asamblea General del IPGH, celebrada el pasado a\u00f1o en Tegucigalpa (Honduras), en la cual se resolvi\u00f3:<\/p>\n\n\n\n<div style=\"height:45px\" aria-hidden=\"true\" class=\"wp-block-spacer\"><\/div>\n\n\n\n<p class=\"has-black-color has-text-color has-link-color wp-elements-4189ca2a1762f49adb1b7350b5a00eee\" style=\"font-size:18px\"><em>\u201cPrimero: Instruir al Secretario General del IPGH para expresar por escrito, con afecto, el reconocimiento y agradecimiento del IPGH y de la comunidad panamericana al pueblo y Gobierno de Uruguay, as\u00ed como al Director del Instituto Geogr\u00e1fico Militar de Uruguay, sede de la Secci\u00f3n Nacional, enfatizando su generosidad y compromiso para concretar las capacitaciones en el territorio de la Zona de Adyacencia Belice-Guatemala y con ello contribuir al mantenimiento de la paz en la regi\u00f3n.<\/em><\/p>\n\n\n\n<div style=\"height:45px\" aria-hidden=\"true\" class=\"wp-block-spacer\"><\/div>\n\n\n\n<p class=\"has-black-color has-text-color has-link-color wp-elements-969a1f497f01ada7d7f739872df1a2df\" style=\"font-size:18px\"><em>Segundo: Otorgar un reconocimiento como muestra de agradecimiento a la Secci\u00f3n Nacional de Uruguay, por su loable aportaci\u00f3n a la paz y a la comunidad cient\u00edfica de Am\u00e9rica\u201d.<\/em><\/p>\n\n\n\n<div style=\"height:45px\" aria-hidden=\"true\" class=\"wp-block-spacer\"><\/div>\n\n\n\n<p class=\"has-black-color has-text-color has-link-color wp-elements-7548f550ea76a7ecb472a4bcd96faed0\" style=\"font-size:18px\">En esta oportunidad, el Director General expuso las relevantes tareas que desarrolla la misi\u00f3n bajo su responsabilidad, sustentadas en el \u201cAcuerdo sobre un Marco de Negociaci\u00f3n y Medidas de Fomento de la Confianza entre Belice y Guatemala\u201d. Ambas autoridades expresaron su agradecimiento al Gobierno de Uruguay, a la Secci\u00f3n Nacional Uruguaya del IPGH y, de manera particular, al Instituto Geogr\u00e1fico Militar del Uruguay.<\/p>\n\n\n\n<div style=\"height:45px\" aria-hidden=\"true\" class=\"wp-block-spacer\"><\/div>\n\n\n\n<p class=\"has-black-color has-text-color has-link-color wp-elements-b0a036cb4754cd9d571f22d7c52fed95\" style=\"font-size:18px\">Cabe destacar que, se realiz\u00f3 una menci\u00f3n especial al Tte. Cnel. Federico Grosso, Jefe de la Divisi\u00f3n Cartograf\u00eda y SIG del IGM, quien en el a\u00f1o 2024 dirigi\u00f3 la capacitaci\u00f3n presencial en modalidad te\u00f3rica-pr\u00e1ctica en el \u00e1rea de cartograf\u00eda en manejo de \u00abArcGIS Pro\u00bb, al personal del Equipo de Verificaci\u00f3n de la Oficina de la Secretar\u00eda General de la OEA en la Zona de Adyacencia Belice-Guatemala. Dicha capacitaci\u00f3n result\u00f3 esencial para el fortalecimiento del Sistema de Verificaci\u00f3n de la Oficina y para el mantenimiento de la paz en ese territorio.<\/p>\n\n\n\n<div style=\"height:45px\" aria-hidden=\"true\" class=\"wp-block-spacer\"><\/div>\n\n\n\n<p class=\"has-black-color has-text-color has-link-color wp-elements-af4f2c3ab85c459775f550a4ea6a73c1\" style=\"font-size:18px\">Finalmente, el Secretario General del IPGH entreg\u00f3 una placa en reconocimiento al IGM, as\u00ed como certificados al Director y Subdirector General del Instituto durante el a\u00f1o 2025.<\/p>\n\n\n\n<div style=\"height:45px\" aria-hidden=\"true\" class=\"wp-block-spacer\"><\/div>\n\n\n\n<figure class=\"wp-block-image size-large\"><img decoding=\"async\" width=\"1024\" height=\"683\" src=\"https:\/\/www.ejercito.mil.uy\/wp-content\/uploads\/2026\/03\/4-1024x683.jpeg\" alt=\"\" class=\"wp-image-55925\" srcset=\"https:\/\/www.ejercito.mil.uy\/wp-content\/uploads\/2026\/03\/4-1024x683.jpeg 1024w, https:\/\/www.ejercito.mil.uy\/wp-content\/uploads\/2026\/03\/4-300x200.jpeg 300w, https:\/\/www.ejercito.mil.uy\/wp-content\/uploads\/2026\/03\/4.jpeg 1200w\" sizes=\"(max-width: 1024px) 100vw, 1024px\" \/><\/figure>\n\n\n\n<div style=\"height:22px\" aria-hidden=\"true\" class=\"wp-block-spacer\"><\/div>\n\n\n\n<figure class=\"wp-block-gallery has-nested-images columns-default is-cropped wp-block-gallery-1 is-layout-flex wp-block-gallery-is-layout-flex\">\n<figure class=\"wp-block-image size-large\"><img decoding=\"async\" width=\"1024\" height=\"683\" data-id=\"55923\" src=\"https:\/\/www.ejercito.mil.uy\/wp-content\/uploads\/2026\/03\/WhatsApp-Image-2026-03-11-at-08.32.10-1024x683.jpeg\" alt=\"\" class=\"wp-image-55923\" srcset=\"https:\/\/www.ejercito.mil.uy\/wp-content\/uploads\/2026\/03\/WhatsApp-Image-2026-03-11-at-08.32.10-1024x683.jpeg 1024w, https:\/\/www.ejercito.mil.uy\/wp-content\/uploads\/2026\/03\/WhatsApp-Image-2026-03-11-at-08.32.10-300x200.jpeg 300w, https:\/\/www.ejercito.mil.uy\/wp-content\/uploads\/2026\/03\/WhatsApp-Image-2026-03-11-at-08.32.10.jpeg 1200w\" sizes=\"(max-width: 1024px) 100vw, 1024px\" \/><\/figure>\n\n\n\n<figure class=\"wp-block-image size-large\"><img loading=\"lazy\" decoding=\"async\" width=\"1024\" height=\"683\" data-id=\"55924\" src=\"https:\/\/www.ejercito.mil.uy\/wp-content\/uploads\/2026\/03\/3-1-1024x683.jpeg\" alt=\"\" class=\"wp-image-55924\" srcset=\"https:\/\/www.ejercito.mil.uy\/wp-content\/uploads\/2026\/03\/3-1-1024x683.jpeg 1024w, https:\/\/www.ejercito.mil.uy\/wp-content\/uploads\/2026\/03\/3-1-300x200.jpeg 300w, https:\/\/www.ejercito.mil.uy\/wp-content\/uploads\/2026\/03\/3-1.jpeg 1200w\" sizes=\"(max-width: 1024px) 100vw, 1024px\" \/><\/figure>\n<\/figure>\n\n\n\n<div style=\"height:99px\" aria-hidden=\"true\" class=\"wp-block-spacer\"><\/div>\n","protected":false},"excerpt":{"rendered":"<p>11.03.2026 &#8211; El Instituto Geogr\u00e1fico Militar recibi\u00f3 un reconocimiento por parte del Instituto Paramericano de Geograf\u00eda e Historia.<\/p>\n","protected":false},"author":15,"featured_media":55921,"comment_status":"open","ping_status":"open","sticky":false,"template":"","format":"standard","meta":{"_coblocks_attr":"","_coblocks_dimensions":"","_coblocks_responsive_height":"","_coblocks_accordion_ie_support":"","_monsterinsights_skip_tracking":false,"_monsterinsights_sitenote_active":false,"_monsterinsights_sitenote_note":"","_monsterinsights_sitenote_category":0,"_uf_show_specific_survey":0,"_uf_disable_surveys":false,"footnotes":""},"categories":[2,10,14,1],"tags":[2200,1104,255],"class_list":["post-55887","post","type-post","status-publish","format-standard","has-post-thumbnail","hentry","category-blog","category-destacados","category-noticias","category-sin-categoria","tag-instituto-geografico-militar","tag-internacional","tag-reconocimiento"],"aioseo_notices":[],"_links":{"self":[{"href":"https:\/\/www.ejercito.mil.uy\/index.php\/wp-json\/wp\/v2\/posts\/55887","targetHints":{"allow":["GET"]}}],"collection":[{"href":"https:\/\/www.ejercito.mil.uy\/index.php\/wp-json\/wp\/v2\/posts"}],"about":[{"href":"https:\/\/www.ejercito.mil.uy\/index.php\/wp-json\/wp\/v2\/types\/post"}],"author":[{"embeddable":true,"href":"https:\/\/www.ejercito.mil.uy\/index.php\/wp-json\/wp\/v2\/users\/15"}],"replies":[{"embeddable":true,"href":"https:\/\/www.ejercito.mil.uy\/index.php\/wp-json\/wp\/v2\/comments?post=55887"}],"version-history":[{"count":19,"href":"https:\/\/www.ejercito.mil.uy\/index.php\/wp-json\/wp\/v2\/posts\/55887\/revisions"}],"predecessor-version":[{"id":55930,"href":"https:\/\/www.ejercito.mil.uy\/index.php\/wp-json\/wp\/v2\/posts\/55887\/revisions\/55930"}],"wp:featuredmedia":[{"embeddable":true,"href":"https:\/\/www.ejercito.mil.uy\/index.php\/wp-json\/wp\/v2\/media\/55921"}],"wp:attachment":[{"href":"https:\/\/www.ejercito.mil.uy\/index.php\/wp-json\/wp\/v2\/media?parent=55887"}],"wp:term":[{"taxonomy":"category","embeddable":true,"href":"https:\/\/www.ejercito.mil.uy\/index.php\/wp-json\/wp\/v2\/categories?post=55887"},{"taxonomy":"post_tag","embeddable":true,"href":"https:\/\/www.ejercito.mil.uy\/index.php\/wp-json\/wp\/v2\/tags?post=55887"}],"curies":[{"name":"wp","href":"https:\/\/api.w.org\/{rel}","templated":true}]}}