{"id":55931,"date":"2026-03-14T12:18:44","date_gmt":"2026-03-14T15:18:44","guid":{"rendered":"https:\/\/www.ejercito.mil.uy\/?p=55931"},"modified":"2026-03-16T09:04:31","modified_gmt":"2026-03-16T12:04:31","slug":"entrega-del-vehiculo-mamba-recuperador-mk-7","status":"publish","type":"post","link":"https:\/\/www.ejercito.mil.uy\/index.php\/2026\/03\/14\/entrega-del-vehiculo-mamba-recuperador-mk-7\/","title":{"rendered":"Entrega del veh\u00edculo Mamba Recuperador MK-7"},"content":{"rendered":"\n<p class=\"has-black-color has-text-color has-link-color has-small-font-size wp-elements-f2beea3740228831e60b1270c4bba41b\">11.03.2026 &#8211; <strong>Montevideo <\/strong><\/p>\n\n\n\n<div style=\"height:30px\" aria-hidden=\"true\" class=\"wp-block-spacer\"><\/div>\n\n\n\n<p class=\"has-black-color has-text-color has-background has-link-color wp-elements-2abadf2e8b12ca20bb2a89d748c3e990\" style=\"background-color:#ffcc00;font-size:18px\">En la tarde del mi\u00e9rcoles 11 de marzo, con la presencia del Comandante en Jefe del Ej\u00e9rcito, Gral. de Ej\u00e9rcito Mario Stevenazzi, se realiz\u00f3 la <strong>ceremonia de entrega oficial del veh\u00edculo<\/strong> <strong>Mamba Recuperador MK-7<\/strong>, en la Plaza de Armas del Servicio de Material y Armamento (SMA).<\/p>\n\n\n\n<div style=\"height:30px\" aria-hidden=\"true\" class=\"wp-block-spacer\"><\/div>\n\n\n\n<figure class=\"wp-block-image size-large\"><img fetchpriority=\"high\" decoding=\"async\" width=\"1024\" height=\"683\" src=\"https:\/\/www.ejercito.mil.uy\/wp-content\/uploads\/2026\/03\/14-1024x683.png\" alt=\"\" class=\"wp-image-55963\" srcset=\"https:\/\/www.ejercito.mil.uy\/wp-content\/uploads\/2026\/03\/14-1024x683.png 1024w, https:\/\/www.ejercito.mil.uy\/wp-content\/uploads\/2026\/03\/14-300x200.png 300w, https:\/\/www.ejercito.mil.uy\/wp-content\/uploads\/2026\/03\/14.png 1200w\" sizes=\"(max-width: 1024px) 100vw, 1024px\" \/><\/figure>\n\n\n\n<div style=\"height:30px\" aria-hidden=\"true\" class=\"wp-block-spacer\"><\/div>\n\n\n\n<p class=\"has-black-color has-text-color has-link-color wp-elements-55083c8f0b76b9bd3455308a7b26fd1e\" style=\"font-size:18px\">Luego de que el Embajador de los Estados Unidos en Uruguay, Lou Rinaldi, la Directora General de Pol\u00edtica de Defensa del Ministerio de Defensa Nacional, Lic. Nadia Almeida y el Cte. en Jefe del Ej\u00e9rcito firmaran el acta de entrega correspondiente, se procedi\u00f3 a la lectura de la descripci\u00f3n del veh\u00edculo, as\u00ed como la explicaci\u00f3n del funcionamiento del curso <strong>\u00abOperaci\u00f3n y Mantenimiento del Veh\u00edculo Recuperador Mamba MK-7<\/strong>\u00ab.<\/p>\n\n\n\n<div style=\"height:30px\" aria-hidden=\"true\" class=\"wp-block-spacer\"><\/div>\n\n\n\n<figure class=\"wp-block-image size-large\"><img decoding=\"async\" width=\"1024\" height=\"683\" src=\"https:\/\/www.ejercito.mil.uy\/wp-content\/uploads\/2026\/03\/1-1024x683.png\" alt=\"\" class=\"wp-image-55979\" srcset=\"https:\/\/www.ejercito.mil.uy\/wp-content\/uploads\/2026\/03\/1-1024x683.png 1024w, https:\/\/www.ejercito.mil.uy\/wp-content\/uploads\/2026\/03\/1-300x200.png 300w, https:\/\/www.ejercito.mil.uy\/wp-content\/uploads\/2026\/03\/1.png 1200w\" sizes=\"(max-width: 1024px) 100vw, 1024px\" \/><\/figure>\n\n\n\n<div style=\"height:30px\" aria-hidden=\"true\" class=\"wp-block-spacer\"><\/div>\n\n\n\n<p class=\"has-black-color has-text-color has-link-color wp-elements-0a3bab2d2b45db26ef020aec7962ae61\" style=\"font-size:18px\">Este veh\u00edculo blindado fue dise\u00f1ado para operar en entornos amenazados por minas y artefactos explosivos improvisados, manteniendo el dise\u00f1o de vanguardia que maximiza sus capacidades de rendimiento. Cuenta con gran movilidad y capacidad de recuperar veh\u00edculos blindados de transporte de personal en entornos sumamente hostiles, habiendo sido adem\u00e1s probado en combate.<\/p>\n\n\n\n<div style=\"height:30px\" aria-hidden=\"true\" class=\"wp-block-spacer\"><\/div>\n\n\n\n<div class=\"wp-block-columns is-layout-flex wp-container-core-columns-is-layout-28f84493 wp-block-columns-is-layout-flex\">\n<div class=\"wp-block-column is-layout-flow wp-block-column-is-layout-flow\">\n<figure class=\"wp-block-image size-large\"><img decoding=\"async\" width=\"1024\" height=\"683\" src=\"https:\/\/www.ejercito.mil.uy\/wp-content\/uploads\/2026\/03\/Entrega-del-vehiculo-Mamba-Recuperador-MK-7-1-1024x683.jpg\" alt=\"\" class=\"wp-image-55982\" srcset=\"https:\/\/www.ejercito.mil.uy\/wp-content\/uploads\/2026\/03\/Entrega-del-vehiculo-Mamba-Recuperador-MK-7-1-1024x683.jpg 1024w, https:\/\/www.ejercito.mil.uy\/wp-content\/uploads\/2026\/03\/Entrega-del-vehiculo-Mamba-Recuperador-MK-7-1-300x200.jpg 300w, https:\/\/www.ejercito.mil.uy\/wp-content\/uploads\/2026\/03\/Entrega-del-vehiculo-Mamba-Recuperador-MK-7-1.jpg 1200w\" sizes=\"(max-width: 1024px) 100vw, 1024px\" \/><\/figure>\n<\/div>\n\n\n\n<div class=\"wp-block-column is-layout-flow wp-block-column-is-layout-flow\">\n<figure class=\"wp-block-image size-large\"><img loading=\"lazy\" decoding=\"async\" width=\"1024\" height=\"683\" src=\"https:\/\/www.ejercito.mil.uy\/wp-content\/uploads\/2026\/03\/Entrega-del-vehiculo-Mamba-Recuperador-MK-7-2-1024x683.jpg\" alt=\"\" class=\"wp-image-55984\" srcset=\"https:\/\/www.ejercito.mil.uy\/wp-content\/uploads\/2026\/03\/Entrega-del-vehiculo-Mamba-Recuperador-MK-7-2-1024x683.jpg 1024w, https:\/\/www.ejercito.mil.uy\/wp-content\/uploads\/2026\/03\/Entrega-del-vehiculo-Mamba-Recuperador-MK-7-2-300x200.jpg 300w, https:\/\/www.ejercito.mil.uy\/wp-content\/uploads\/2026\/03\/Entrega-del-vehiculo-Mamba-Recuperador-MK-7-2.jpg 1200w\" sizes=\"(max-width: 1024px) 100vw, 1024px\" \/><\/figure>\n<\/div>\n<\/div>\n\n\n\n<div style=\"height:30px\" aria-hidden=\"true\" class=\"wp-block-spacer\"><\/div>\n\n\n\n<p class=\"has-black-color has-text-color has-link-color wp-elements-b3e94907db5c73fe23e9a03f785eb682\" style=\"font-size:18px\">Cabe destacar que en la Plaza de Armas se encontraban formados los 15 alumnos pertenecientes al curso, el cual cuenta con 30 horas de instrucci\u00f3n te\u00f3rica y 30 de instrucci\u00f3n pr\u00e1ctica. Su finalizaci\u00f3n est\u00e1 prevista para el viernes 13 de marzo, con la ejecuci\u00f3n de un ejercicio final de recuperaci\u00f3n de un veh\u00edculo blindado de transporte de personal <strong>Mamba MK-7<\/strong>.<\/p>\n\n\n\n<div style=\"height:30px\" aria-hidden=\"true\" class=\"wp-block-spacer\"><\/div>\n\n\n\n<figure class=\"wp-block-image size-large\"><img loading=\"lazy\" decoding=\"async\" width=\"1024\" height=\"683\" src=\"https:\/\/www.ejercito.mil.uy\/wp-content\/uploads\/2026\/03\/13-1024x683.png\" alt=\"\" class=\"wp-image-55962\" srcset=\"https:\/\/www.ejercito.mil.uy\/wp-content\/uploads\/2026\/03\/13-1024x683.png 1024w, https:\/\/www.ejercito.mil.uy\/wp-content\/uploads\/2026\/03\/13-300x200.png 300w, https:\/\/www.ejercito.mil.uy\/wp-content\/uploads\/2026\/03\/13.png 1200w\" sizes=\"(max-width: 1024px) 100vw, 1024px\" \/><\/figure>\n\n\n\n<div style=\"height:30px\" aria-hidden=\"true\" class=\"wp-block-spacer\"><\/div>\n\n\n\n<p class=\"has-black-color has-text-color has-link-color wp-elements-ab1e4f3a3eab88b7da6ba6c8abd51047\" style=\"font-size:18px\">El Subjefe de Misi\u00f3n de la Embajada de los EEUU, Chris Andino, destac\u00f3 que est\u00e1n aqu\u00ed <em><strong>\u00abpara celebrar la conclusi\u00f3n de una donaci\u00f3n de 14 veh\u00edculos blindados Mamba. Esta es una de las mayores donaciones en la historia de la relaci\u00f3n de siglos entre nuestros pa\u00edses\u00bb<\/strong><\/em>.<\/p>\n\n\n\n<div style=\"height:30px\" aria-hidden=\"true\" class=\"wp-block-spacer\"><\/div>\n\n\n\n<figure class=\"wp-block-image size-large\"><img loading=\"lazy\" decoding=\"async\" width=\"1024\" height=\"683\" src=\"https:\/\/www.ejercito.mil.uy\/wp-content\/uploads\/2026\/03\/12-1024x683.png\" alt=\"\" class=\"wp-image-55965\" srcset=\"https:\/\/www.ejercito.mil.uy\/wp-content\/uploads\/2026\/03\/12-1024x683.png 1024w, https:\/\/www.ejercito.mil.uy\/wp-content\/uploads\/2026\/03\/12-300x200.png 300w, https:\/\/www.ejercito.mil.uy\/wp-content\/uploads\/2026\/03\/12.png 1200w\" sizes=\"(max-width: 1024px) 100vw, 1024px\" \/><\/figure>\n\n\n\n<div style=\"height:30px\" aria-hidden=\"true\" class=\"wp-block-spacer\"><\/div>\n\n\n\n<p class=\"has-black-color has-text-color has-link-color wp-elements-5fb5d9c5fc3bc4021acdacc47b40916c\" style=\"font-size:18px\">Por su parte, el CJE explic\u00f3 que de esta forma se ha completado lo que <strong><em>\u00abnosotros llamamos el Proyecto Mamba\u201d. <\/em><\/strong>Se\u00f1al\u00f3 que este equipamiento <strong><em>\u201cno solo mejora la capacidad operacional, sino que fundamentalmente garantiza la seguridad personal de los efectivos que lo van a emplear\u00bb.<\/em><\/strong> Asimismo, agreg\u00f3 que <strong><em>\u00absu destino estar\u00e1 dirigido a equipar una Compa\u00f1\u00eda Mecanizada que podr\u00e1 ser desplegada en cualquier parte del mundo en el marco de una Misi\u00f3n Operativa de Paz. De hecho, nuestro Ej\u00e9rcito ya ha completado los requerimientos ante la ONU para estar en el nivel 2 de apresto\u00bb<\/em><\/strong>.<\/p>\n\n\n\n<div style=\"height:30px\" aria-hidden=\"true\" class=\"wp-block-spacer\"><\/div>\n\n\n\n<figure class=\"wp-block-image size-large\"><img loading=\"lazy\" decoding=\"async\" width=\"1024\" height=\"683\" src=\"https:\/\/www.ejercito.mil.uy\/wp-content\/uploads\/2026\/03\/9-1024x683.png\" alt=\"\" class=\"wp-image-55967\" srcset=\"https:\/\/www.ejercito.mil.uy\/wp-content\/uploads\/2026\/03\/9-1024x683.png 1024w, https:\/\/www.ejercito.mil.uy\/wp-content\/uploads\/2026\/03\/9-300x200.png 300w, https:\/\/www.ejercito.mil.uy\/wp-content\/uploads\/2026\/03\/9.png 1200w\" sizes=\"(max-width: 1024px) 100vw, 1024px\" \/><\/figure>\n\n\n\n<div style=\"height:30px\" aria-hidden=\"true\" class=\"wp-block-spacer\"><\/div>\n\n\n\n<p class=\"has-black-color has-text-color has-link-color wp-elements-2e167c8b5113244ec6b4d82b38d354f3\" style=\"font-size:18px\">Para finalizar, las autoridades se acercaron a los veh\u00edculos a fin de observar sus prestaciones, as\u00ed como las del equipamiento de la Fuerza de R\u00e1pido Despliegue.<\/p>\n\n\n\n<div style=\"height:30px\" aria-hidden=\"true\" class=\"wp-block-spacer\"><\/div>\n\n\n\n<div class=\"wp-block-columns is-layout-flex wp-container-core-columns-is-layout-28f84493 wp-block-columns-is-layout-flex\">\n<div class=\"wp-block-column is-layout-flow wp-block-column-is-layout-flow\">\n<figure class=\"wp-block-image size-large\"><img loading=\"lazy\" decoding=\"async\" width=\"1024\" height=\"683\" src=\"https:\/\/www.ejercito.mil.uy\/wp-content\/uploads\/2026\/03\/6-1024x683.png\" alt=\"\" class=\"wp-image-55969\" srcset=\"https:\/\/www.ejercito.mil.uy\/wp-content\/uploads\/2026\/03\/6-1024x683.png 1024w, https:\/\/www.ejercito.mil.uy\/wp-content\/uploads\/2026\/03\/6-300x200.png 300w, https:\/\/www.ejercito.mil.uy\/wp-content\/uploads\/2026\/03\/6.png 1200w\" sizes=\"(max-width: 1024px) 100vw, 1024px\" \/><\/figure>\n<\/div>\n\n\n\n<div class=\"wp-block-column is-layout-flow wp-block-column-is-layout-flow\">\n<figure class=\"wp-block-image size-large\"><img loading=\"lazy\" decoding=\"async\" width=\"1024\" height=\"683\" src=\"https:\/\/www.ejercito.mil.uy\/wp-content\/uploads\/2026\/03\/8-1024x683.png\" alt=\"\" class=\"wp-image-55971\" srcset=\"https:\/\/www.ejercito.mil.uy\/wp-content\/uploads\/2026\/03\/8-1024x683.png 1024w, https:\/\/www.ejercito.mil.uy\/wp-content\/uploads\/2026\/03\/8-300x200.png 300w, https:\/\/www.ejercito.mil.uy\/wp-content\/uploads\/2026\/03\/8.png 1200w\" sizes=\"(max-width: 1024px) 100vw, 1024px\" \/><\/figure>\n<\/div>\n\n\n\n<div class=\"wp-block-column is-layout-flow wp-block-column-is-layout-flow\">\n<figure class=\"wp-block-image size-large\"><img loading=\"lazy\" decoding=\"async\" width=\"1024\" height=\"683\" src=\"https:\/\/www.ejercito.mil.uy\/wp-content\/uploads\/2026\/03\/7-1024x683.png\" alt=\"\" class=\"wp-image-55970\" srcset=\"https:\/\/www.ejercito.mil.uy\/wp-content\/uploads\/2026\/03\/7-1024x683.png 1024w, https:\/\/www.ejercito.mil.uy\/wp-content\/uploads\/2026\/03\/7-300x200.png 300w, https:\/\/www.ejercito.mil.uy\/wp-content\/uploads\/2026\/03\/7.png 1200w\" sizes=\"(max-width: 1024px) 100vw, 1024px\" \/><\/figure>\n<\/div>\n<\/div>\n\n\n\n<div style=\"height:30px\" aria-hidden=\"true\" class=\"wp-block-spacer\"><\/div>\n\n\n\n<div class=\"wp-block-columns is-layout-flex wp-container-core-columns-is-layout-28f84493 wp-block-columns-is-layout-flex\">\n<div class=\"wp-block-column is-layout-flow wp-block-column-is-layout-flow\">\n<figure class=\"wp-block-image size-large\"><img loading=\"lazy\" decoding=\"async\" width=\"1024\" height=\"683\" src=\"https:\/\/www.ejercito.mil.uy\/wp-content\/uploads\/2026\/03\/5-1024x683.png\" alt=\"\" class=\"wp-image-55973\" srcset=\"https:\/\/www.ejercito.mil.uy\/wp-content\/uploads\/2026\/03\/5-1024x683.png 1024w, https:\/\/www.ejercito.mil.uy\/wp-content\/uploads\/2026\/03\/5-300x200.png 300w, https:\/\/www.ejercito.mil.uy\/wp-content\/uploads\/2026\/03\/5.png 1200w\" sizes=\"(max-width: 1024px) 100vw, 1024px\" \/><\/figure>\n<\/div>\n\n\n\n<div class=\"wp-block-column is-layout-flow wp-block-column-is-layout-flow\">\n<figure class=\"wp-block-image size-large\"><img loading=\"lazy\" decoding=\"async\" width=\"1024\" height=\"683\" src=\"https:\/\/www.ejercito.mil.uy\/wp-content\/uploads\/2026\/03\/4-1024x683.png\" alt=\"\" class=\"wp-image-55974\" srcset=\"https:\/\/www.ejercito.mil.uy\/wp-content\/uploads\/2026\/03\/4-1024x683.png 1024w, https:\/\/www.ejercito.mil.uy\/wp-content\/uploads\/2026\/03\/4-300x200.png 300w, https:\/\/www.ejercito.mil.uy\/wp-content\/uploads\/2026\/03\/4.png 1200w\" sizes=\"(max-width: 1024px) 100vw, 1024px\" \/><\/figure>\n<\/div>\n\n\n\n<div class=\"wp-block-column is-layout-flow wp-block-column-is-layout-flow\">\n<figure class=\"wp-block-image size-large\"><img loading=\"lazy\" decoding=\"async\" width=\"1200\" height=\"800\" src=\"https:\/\/www.ejercito.mil.uy\/wp-content\/uploads\/2026\/03\/3-1024x683.png\" alt=\"\" class=\"wp-image-55975\" srcset=\"https:\/\/www.ejercito.mil.uy\/wp-content\/uploads\/2026\/03\/3-1024x683.png 1024w, https:\/\/www.ejercito.mil.uy\/wp-content\/uploads\/2026\/03\/3-300x200.png 300w, https:\/\/www.ejercito.mil.uy\/wp-content\/uploads\/2026\/03\/3.png 1200w\" sizes=\"(max-width: 1200px) 100vw, 1200px\" \/><\/figure>\n<\/div>\n<\/div>\n\n\n\n<div style=\"height:30px\" aria-hidden=\"true\" class=\"wp-block-spacer\"><\/div>\n\n\n\n<p class=\"has-black-color has-text-color has-link-color wp-elements-93c665215a4a070d24c3495265a3dc38\" style=\"font-size:18px\">Adem\u00e1s, asistieron al acto el 2\u00b0 Cte. del Comando de Apoyo Log\u00edstico del Ej\u00e9rcito, Cnel. Alfredo Larramendi, el Director General del SMA, Cnel. Gonzalo Tab\u00e1rez, Agregados Militares de EEUU, entre otras autoridades.<\/p>\n\n\n\n<div style=\"height:30px\" aria-hidden=\"true\" class=\"wp-block-spacer\"><\/div>\n\n\n\n<figure class=\"wp-block-image size-large\"><img loading=\"lazy\" decoding=\"async\" width=\"1024\" height=\"683\" src=\"https:\/\/www.ejercito.mil.uy\/wp-content\/uploads\/2026\/03\/2-1024x683.png\" alt=\"\" class=\"wp-image-55977\" srcset=\"https:\/\/www.ejercito.mil.uy\/wp-content\/uploads\/2026\/03\/2-1024x683.png 1024w, https:\/\/www.ejercito.mil.uy\/wp-content\/uploads\/2026\/03\/2-300x200.png 300w, https:\/\/www.ejercito.mil.uy\/wp-content\/uploads\/2026\/03\/2.png 1200w\" sizes=\"(max-width: 1024px) 100vw, 1024px\" \/><\/figure>\n\n\n\n<div style=\"height:30px\" aria-hidden=\"true\" class=\"wp-block-spacer\"><\/div>\n\n\n\n<p class=\"has-white-color has-text-color has-link-color wp-elements-c645e628e62f8fbab9d9726851472d16\"><\/p>\n\n\n\n<p class=\"is-style-success has-black-color has-text-color has-background has-link-color wp-elements-d8eeee9fca56a10f986ffcb3b1641eb1\" style=\"background-color:#e6cd87;font-size:18px\">Ver nota a partir del minuto 00:56 en la edici\u00f3n #2 del informativo Ej\u00e9rcito del Uruguay &#8211; <a href=\"https:\/\/youtu.be\/of82gSj6lX8?t=56\" title=\"\">Ceremonia de entrega veh\u00edculo MAMBA Recuperador MK-7<\/a><\/p>\n\n\n\n<p><\/p>\n","protected":false},"excerpt":{"rendered":"<p>11.03.2026 &#8211;  Se trata de un veh\u00edculo blindado dise\u00f1ado para operar en entornos amenazados por minas y artefactos explosivos improvisados.<\/p>\n","protected":false},"author":14,"featured_media":55981,"comment_status":"open","ping_status":"open","sticky":false,"template":"","format":"standard","meta":{"_coblocks_attr":"","_coblocks_dimensions":"","_coblocks_responsive_height":"","_coblocks_accordion_ie_support":"","_monsterinsights_skip_tracking":false,"_monsterinsights_sitenote_active":false,"_monsterinsights_sitenote_note":"","_monsterinsights_sitenote_category":0,"_uf_show_specific_survey":0,"_uf_disable_surveys":false,"footnotes":""},"categories":[2,10,14,1],"tags":[634,44,911,1017,1618,1619,2227,142,87,88],"class_list":["post-55931","post","type-post","status-publish","format-standard","has-post-thumbnail","hentry","category-blog","category-destacados","category-noticias","category-sin-categoria","tag-armamento","tag-ceremonia","tag-entrega","tag-equipamiento","tag-mamba","tag-mk7","tag-recuperador","tag-sma","tag-transporte","tag-vehiculos"],"aioseo_notices":[],"_links":{"self":[{"href":"https:\/\/www.ejercito.mil.uy\/index.php\/wp-json\/wp\/v2\/posts\/55931","targetHints":{"allow":["GET"]}}],"collection":[{"href":"https:\/\/www.ejercito.mil.uy\/index.php\/wp-json\/wp\/v2\/posts"}],"about":[{"href":"https:\/\/www.ejercito.mil.uy\/index.php\/wp-json\/wp\/v2\/types\/post"}],"author":[{"embeddable":true,"href":"https:\/\/www.ejercito.mil.uy\/index.php\/wp-json\/wp\/v2\/users\/14"}],"replies":[{"embeddable":true,"href":"https:\/\/www.ejercito.mil.uy\/index.php\/wp-json\/wp\/v2\/comments?post=55931"}],"version-history":[{"count":60,"href":"https:\/\/www.ejercito.mil.uy\/index.php\/wp-json\/wp\/v2\/posts\/55931\/revisions"}],"predecessor-version":[{"id":56212,"href":"https:\/\/www.ejercito.mil.uy\/index.php\/wp-json\/wp\/v2\/posts\/55931\/revisions\/56212"}],"wp:featuredmedia":[{"embeddable":true,"href":"https:\/\/www.ejercito.mil.uy\/index.php\/wp-json\/wp\/v2\/media\/55981"}],"wp:attachment":[{"href":"https:\/\/www.ejercito.mil.uy\/index.php\/wp-json\/wp\/v2\/media?parent=55931"}],"wp:term":[{"taxonomy":"category","embeddable":true,"href":"https:\/\/www.ejercito.mil.uy\/index.php\/wp-json\/wp\/v2\/categories?post=55931"},{"taxonomy":"post_tag","embeddable":true,"href":"https:\/\/www.ejercito.mil.uy\/index.php\/wp-json\/wp\/v2\/tags?post=55931"}],"curies":[{"name":"wp","href":"https:\/\/api.w.org\/{rel}","templated":true}]}}