{"id":56015,"date":"2026-03-14T12:18:10","date_gmt":"2026-03-14T15:18:10","guid":{"rendered":"https:\/\/www.ejercito.mil.uy\/?p=56015"},"modified":"2026-03-14T12:18:10","modified_gmt":"2026-03-14T15:18:10","slug":"el-ejercito-nacional-trabaja-en-apoyo-por-el-deficit-hidrico","status":"publish","type":"post","link":"https:\/\/www.ejercito.mil.uy\/index.php\/2026\/03\/14\/el-ejercito-nacional-trabaja-en-apoyo-por-el-deficit-hidrico\/","title":{"rendered":"El Ej\u00e9rcito Nacional trabaja en apoyo por el d\u00e9ficit h\u00eddrico"},"content":{"rendered":"\n<p class=\"has-black-color has-text-color has-link-color has-small-font-size wp-elements-ad4bc1bc80ff90768f072843f3f904a5\">11.03.2026 &#8211; <strong>Minas<\/strong><\/p>\n\n\n\n<div style=\"height:30px\" aria-hidden=\"true\" class=\"wp-block-spacer\"><\/div>\n\n\n\n<p class=\"has-black-color has-text-color has-background has-link-color wp-elements-4988a10e689e3378d38b3954470c53d3\" style=\"background-color:#ffcc00;font-size:18px\">En virtud de la declaraci\u00f3n de<strong> Emergencia Agropecuaria por d\u00e9ficit h\u00eddrico en diversas zonas del pa\u00eds<\/strong>, desde el mes de febrero el <strong>Ej\u00e9rcito Nacional apoya con m\u00faltiples tareas<\/strong>, que permiten aprovechar mejor el agua disponible y asegurar su circulaci\u00f3n hacia zonas productivas o de abastecimiento.<\/p>\n\n\n\n<div style=\"height:30px\" aria-hidden=\"true\" class=\"wp-block-spacer\"><\/div>\n\n\n\n<figure class=\"wp-block-image size-large\"><img fetchpriority=\"high\" decoding=\"async\" width=\"1024\" height=\"683\" src=\"https:\/\/www.ejercito.mil.uy\/wp-content\/uploads\/2026\/03\/WhatsApp-Image-2026-03-11-at-16.28.33-1024x683.jpeg\" alt=\"\" class=\"wp-image-56020\" srcset=\"https:\/\/www.ejercito.mil.uy\/wp-content\/uploads\/2026\/03\/WhatsApp-Image-2026-03-11-at-16.28.33-1024x683.jpeg 1024w, https:\/\/www.ejercito.mil.uy\/wp-content\/uploads\/2026\/03\/WhatsApp-Image-2026-03-11-at-16.28.33-300x200.jpeg 300w, https:\/\/www.ejercito.mil.uy\/wp-content\/uploads\/2026\/03\/WhatsApp-Image-2026-03-11-at-16.28.33.jpeg 1200w\" sizes=\"(max-width: 1024px) 100vw, 1024px\" \/><\/figure>\n\n\n\n<div style=\"height:30px\" aria-hidden=\"true\" class=\"wp-block-spacer\"><\/div>\n\n\n\n<p class=\"has-black-color has-text-color has-link-color wp-elements-e2d90cbf05dbacc0049bd7135f289265\" style=\"font-size:18px\">En la ciudad de Minas, efectivos del Cuartel General de la Divisi\u00f3n de Ej\u00e9rcito IV, desde el 07 de febrero en un r\u00e9gimen de 12 horas diarias, brindan apoyo a OSE con un Grupo Electr\u00f3geno y operador para realizar trabajos de bombeo en cursos de agua de la cuenca, a efectos de aumentar el aporte de agua en la Represa Maggiolo.<\/p>\n\n\n\n<div style=\"height:30px\" aria-hidden=\"true\" class=\"wp-block-spacer\"><\/div>\n\n\n\n<figure class=\"wp-block-gallery has-nested-images columns-default is-cropped wp-block-gallery-1 is-layout-flex wp-block-gallery-is-layout-flex\">\n<figure class=\"wp-block-image size-large\"><img decoding=\"async\" width=\"1024\" height=\"683\" data-id=\"56023\" src=\"https:\/\/www.ejercito.mil.uy\/wp-content\/uploads\/2026\/03\/WhatsApp-Image-2026-03-11-at-16.28.35-1-1024x683.jpeg\" alt=\"\" class=\"wp-image-56023\" srcset=\"https:\/\/www.ejercito.mil.uy\/wp-content\/uploads\/2026\/03\/WhatsApp-Image-2026-03-11-at-16.28.35-1-1024x683.jpeg 1024w, https:\/\/www.ejercito.mil.uy\/wp-content\/uploads\/2026\/03\/WhatsApp-Image-2026-03-11-at-16.28.35-1-300x200.jpeg 300w, https:\/\/www.ejercito.mil.uy\/wp-content\/uploads\/2026\/03\/WhatsApp-Image-2026-03-11-at-16.28.35-1.jpeg 1200w\" sizes=\"(max-width: 1024px) 100vw, 1024px\" \/><\/figure>\n\n\n\n<figure class=\"wp-block-image size-large\"><img decoding=\"async\" width=\"1024\" height=\"683\" data-id=\"56022\" src=\"https:\/\/www.ejercito.mil.uy\/wp-content\/uploads\/2026\/03\/WhatsApp-Image-2026-03-11-at-16.28.34-1024x683.jpeg\" alt=\"\" class=\"wp-image-56022\" srcset=\"https:\/\/www.ejercito.mil.uy\/wp-content\/uploads\/2026\/03\/WhatsApp-Image-2026-03-11-at-16.28.34-1024x683.jpeg 1024w, https:\/\/www.ejercito.mil.uy\/wp-content\/uploads\/2026\/03\/WhatsApp-Image-2026-03-11-at-16.28.34-300x200.jpeg 300w, https:\/\/www.ejercito.mil.uy\/wp-content\/uploads\/2026\/03\/WhatsApp-Image-2026-03-11-at-16.28.34.jpeg 1200w\" sizes=\"(max-width: 1024px) 100vw, 1024px\" \/><\/figure>\n<\/figure>\n\n\n\n<div style=\"height:30px\" aria-hidden=\"true\" class=\"wp-block-spacer\"><\/div>\n\n\n\n<p class=\"has-black-color has-text-color has-link-color wp-elements-0d47bae6a8ccd3866c8355454e913eb8\" style=\"font-size:18px\">Por otra parte, el 19 de febrero se increment\u00f3 el apoyo con 2 equipos de 6 efectivos cada uno, pertenecientes al Batall\u00f3n \u00abBrig. Gral. Juan Antonio Lavalleja\u00bb de Infanter\u00eda N\u00b011 y al Grupo \u00abCruzada Libertadora de 1825\u00bb de Artiller\u00eda 105 mm N\u00b04. El personal trabaja 9 horas de lunes a viernes, realizando la limpieza, desmalezado y liberaci\u00f3n de cursos de agua en cercan\u00edas del Balneario \u00abParque Minas\u00bb.<\/p>\n\n\n\n<div style=\"height:30px\" aria-hidden=\"true\" class=\"wp-block-spacer\"><\/div>\n\n\n\n<figure class=\"wp-block-image size-large\"><img loading=\"lazy\" decoding=\"async\" width=\"1024\" height=\"683\" src=\"https:\/\/www.ejercito.mil.uy\/wp-content\/uploads\/2026\/03\/WhatsApp-Image-2026-03-11-at-16.17.27-1024x683.jpeg\" alt=\"\" class=\"wp-image-56024\" srcset=\"https:\/\/www.ejercito.mil.uy\/wp-content\/uploads\/2026\/03\/WhatsApp-Image-2026-03-11-at-16.17.27-1024x683.jpeg 1024w, https:\/\/www.ejercito.mil.uy\/wp-content\/uploads\/2026\/03\/WhatsApp-Image-2026-03-11-at-16.17.27-300x200.jpeg 300w, https:\/\/www.ejercito.mil.uy\/wp-content\/uploads\/2026\/03\/WhatsApp-Image-2026-03-11-at-16.17.27.jpeg 1200w\" sizes=\"(max-width: 1024px) 100vw, 1024px\" \/><\/figure>\n\n\n\n<div style=\"height:30px\" aria-hidden=\"true\" class=\"wp-block-spacer\"><\/div>\n\n\n\n<div class=\"wp-block-columns is-layout-flex wp-container-core-columns-is-layout-28f84493 wp-block-columns-is-layout-flex\">\n<div class=\"wp-block-column is-layout-flow wp-block-column-is-layout-flow\">\n<figure class=\"wp-block-image size-large\"><img loading=\"lazy\" decoding=\"async\" width=\"1024\" height=\"683\" src=\"https:\/\/www.ejercito.mil.uy\/wp-content\/uploads\/2026\/03\/WhatsApp-Image-2026-03-11-at-16.17.25-1024x683.jpeg\" alt=\"\" class=\"wp-image-56025\" srcset=\"https:\/\/www.ejercito.mil.uy\/wp-content\/uploads\/2026\/03\/WhatsApp-Image-2026-03-11-at-16.17.25-1024x683.jpeg 1024w, https:\/\/www.ejercito.mil.uy\/wp-content\/uploads\/2026\/03\/WhatsApp-Image-2026-03-11-at-16.17.25-300x200.jpeg 300w, https:\/\/www.ejercito.mil.uy\/wp-content\/uploads\/2026\/03\/WhatsApp-Image-2026-03-11-at-16.17.25.jpeg 1200w\" sizes=\"(max-width: 1024px) 100vw, 1024px\" \/><\/figure>\n<\/div>\n\n\n\n<div class=\"wp-block-column is-layout-flow wp-block-column-is-layout-flow\">\n<figure class=\"wp-block-image size-large\"><img loading=\"lazy\" decoding=\"async\" width=\"1024\" height=\"683\" src=\"https:\/\/www.ejercito.mil.uy\/wp-content\/uploads\/2026\/03\/WhatsApp-Image-2026-03-11-at-17.16.34-2-1024x683.jpeg\" alt=\"\" class=\"wp-image-56026\" srcset=\"https:\/\/www.ejercito.mil.uy\/wp-content\/uploads\/2026\/03\/WhatsApp-Image-2026-03-11-at-17.16.34-2-1024x683.jpeg 1024w, https:\/\/www.ejercito.mil.uy\/wp-content\/uploads\/2026\/03\/WhatsApp-Image-2026-03-11-at-17.16.34-2-300x200.jpeg 300w, https:\/\/www.ejercito.mil.uy\/wp-content\/uploads\/2026\/03\/WhatsApp-Image-2026-03-11-at-17.16.34-2.jpeg 1200w\" sizes=\"(max-width: 1024px) 100vw, 1024px\" \/><\/figure>\n<\/div>\n<\/div>\n\n\n\n<div style=\"height:30px\" aria-hidden=\"true\" class=\"wp-block-spacer\"><\/div>\n\n\n\n<figure class=\"wp-block-image size-large\"><img loading=\"lazy\" decoding=\"async\" width=\"1024\" height=\"683\" src=\"https:\/\/www.ejercito.mil.uy\/wp-content\/uploads\/2026\/03\/WhatsApp-Image-2026-03-11-at-16.17.28-1024x683.jpeg\" alt=\"\" class=\"wp-image-56027\" srcset=\"https:\/\/www.ejercito.mil.uy\/wp-content\/uploads\/2026\/03\/WhatsApp-Image-2026-03-11-at-16.17.28-1024x683.jpeg 1024w, https:\/\/www.ejercito.mil.uy\/wp-content\/uploads\/2026\/03\/WhatsApp-Image-2026-03-11-at-16.17.28-300x200.jpeg 300w, https:\/\/www.ejercito.mil.uy\/wp-content\/uploads\/2026\/03\/WhatsApp-Image-2026-03-11-at-16.17.28.jpeg 1200w\" sizes=\"(max-width: 1024px) 100vw, 1024px\" \/><\/figure>\n\n\n\n<div style=\"height:30px\" aria-hidden=\"true\" class=\"wp-block-spacer\"><\/div>\n\n\n\n<figure class=\"wp-block-gallery has-nested-images columns-default is-cropped wp-block-gallery-2 is-layout-flex wp-block-gallery-is-layout-flex\">\n<figure class=\"wp-block-image size-large\"><img loading=\"lazy\" decoding=\"async\" width=\"1024\" height=\"683\" data-id=\"56029\" src=\"https:\/\/www.ejercito.mil.uy\/wp-content\/uploads\/2026\/03\/WhatsApp-Image-2026-03-11-at-17.16.34-1-1024x683.jpeg\" alt=\"\" class=\"wp-image-56029\" srcset=\"https:\/\/www.ejercito.mil.uy\/wp-content\/uploads\/2026\/03\/WhatsApp-Image-2026-03-11-at-17.16.34-1-1024x683.jpeg 1024w, https:\/\/www.ejercito.mil.uy\/wp-content\/uploads\/2026\/03\/WhatsApp-Image-2026-03-11-at-17.16.34-1-300x200.jpeg 300w, https:\/\/www.ejercito.mil.uy\/wp-content\/uploads\/2026\/03\/WhatsApp-Image-2026-03-11-at-17.16.34-1.jpeg 1200w\" sizes=\"(max-width: 1024px) 100vw, 1024px\" \/><\/figure>\n\n\n\n<figure class=\"wp-block-image size-large\"><img loading=\"lazy\" decoding=\"async\" width=\"1024\" height=\"683\" data-id=\"56028\" src=\"https:\/\/www.ejercito.mil.uy\/wp-content\/uploads\/2026\/03\/WhatsApp-Image-2026-03-11-at-17.16.37-1024x683.jpeg\" alt=\"\" class=\"wp-image-56028\" srcset=\"https:\/\/www.ejercito.mil.uy\/wp-content\/uploads\/2026\/03\/WhatsApp-Image-2026-03-11-at-17.16.37-1024x683.jpeg 1024w, https:\/\/www.ejercito.mil.uy\/wp-content\/uploads\/2026\/03\/WhatsApp-Image-2026-03-11-at-17.16.37-300x200.jpeg 300w, https:\/\/www.ejercito.mil.uy\/wp-content\/uploads\/2026\/03\/WhatsApp-Image-2026-03-11-at-17.16.37.jpeg 1200w\" sizes=\"(max-width: 1024px) 100vw, 1024px\" \/><\/figure>\n<\/figure>\n\n\n\n<div style=\"height:30px\" aria-hidden=\"true\" class=\"wp-block-spacer\"><\/div>\n\n\n\n<figure class=\"wp-block-image size-large\"><img loading=\"lazy\" decoding=\"async\" width=\"1024\" height=\"683\" src=\"https:\/\/www.ejercito.mil.uy\/wp-content\/uploads\/2026\/03\/WhatsApp-Image-2026-03-11-at-16.17.26-1024x683.jpeg\" alt=\"\" class=\"wp-image-56030\" srcset=\"https:\/\/www.ejercito.mil.uy\/wp-content\/uploads\/2026\/03\/WhatsApp-Image-2026-03-11-at-16.17.26-1024x683.jpeg 1024w, https:\/\/www.ejercito.mil.uy\/wp-content\/uploads\/2026\/03\/WhatsApp-Image-2026-03-11-at-16.17.26-300x200.jpeg 300w, https:\/\/www.ejercito.mil.uy\/wp-content\/uploads\/2026\/03\/WhatsApp-Image-2026-03-11-at-16.17.26.jpeg 1200w\" sizes=\"(max-width: 1024px) 100vw, 1024px\" \/><\/figure>\n\n\n\n<div style=\"height:30px\" aria-hidden=\"true\" class=\"wp-block-spacer\"><\/div>\n\n\n\n<p class=\"is-style-success has-black-color has-text-color has-background has-link-color wp-elements-358eea34fa71718abc80c300a2d6315b\" style=\"background-color:#e6cd87;font-size:18px\">Ver nota a partir del minuto 01:37 en la edici\u00f3n #2 del informativo Ej\u00e9rcito del Uruguay &#8211; <a href=\"https:\/\/www.youtube.com\/watch?v=of82gSj6lX8&amp;t=97s\" title=\"\">Apoyo para mejorar suministro de agua ante d\u00e9ficit h\u00eddrico<\/a><\/p>\n","protected":false},"excerpt":{"rendered":"<p>11.03.2026 &#8211; Desde febrero, Unidades del Ej\u00e9rcito Nacional en la ciudad de Minas, realizan m\u00faltiples tareas que permiten aprovechar mejor el agua disponible y asegurar su circulaci\u00f3n hacia zonas productivas o de abastecimiento.<\/p>\n","protected":false},"author":9,"featured_media":56019,"comment_status":"open","ping_status":"open","sticky":false,"template":"","format":"standard","meta":{"_coblocks_attr":"","_coblocks_dimensions":"","_coblocks_responsive_height":"","_coblocks_accordion_ie_support":"","_monsterinsights_skip_tracking":false,"_monsterinsights_sitenote_active":false,"_monsterinsights_sitenote_note":"","_monsterinsights_sitenote_category":0,"_uf_show_specific_survey":0,"_uf_disable_surveys":false,"footnotes":""},"categories":[2,10,14,1],"tags":[72,27,2228,813,1363],"class_list":["post-56015","post","type-post","status-publish","format-standard","has-post-thumbnail","hentry","category-blog","category-destacados","category-noticias","category-sin-categoria","tag-agua","tag-apoyo","tag-deficit-hidrico","tag-sequia","tag-sinae"],"aioseo_notices":[],"_links":{"self":[{"href":"https:\/\/www.ejercito.mil.uy\/index.php\/wp-json\/wp\/v2\/posts\/56015","targetHints":{"allow":["GET"]}}],"collection":[{"href":"https:\/\/www.ejercito.mil.uy\/index.php\/wp-json\/wp\/v2\/posts"}],"about":[{"href":"https:\/\/www.ejercito.mil.uy\/index.php\/wp-json\/wp\/v2\/types\/post"}],"author":[{"embeddable":true,"href":"https:\/\/www.ejercito.mil.uy\/index.php\/wp-json\/wp\/v2\/users\/9"}],"replies":[{"embeddable":true,"href":"https:\/\/www.ejercito.mil.uy\/index.php\/wp-json\/wp\/v2\/comments?post=56015"}],"version-history":[{"count":4,"href":"https:\/\/www.ejercito.mil.uy\/index.php\/wp-json\/wp\/v2\/posts\/56015\/revisions"}],"predecessor-version":[{"id":56206,"href":"https:\/\/www.ejercito.mil.uy\/index.php\/wp-json\/wp\/v2\/posts\/56015\/revisions\/56206"}],"wp:featuredmedia":[{"embeddable":true,"href":"https:\/\/www.ejercito.mil.uy\/index.php\/wp-json\/wp\/v2\/media\/56019"}],"wp:attachment":[{"href":"https:\/\/www.ejercito.mil.uy\/index.php\/wp-json\/wp\/v2\/media?parent=56015"}],"wp:term":[{"taxonomy":"category","embeddable":true,"href":"https:\/\/www.ejercito.mil.uy\/index.php\/wp-json\/wp\/v2\/categories?post=56015"},{"taxonomy":"post_tag","embeddable":true,"href":"https:\/\/www.ejercito.mil.uy\/index.php\/wp-json\/wp\/v2\/tags?post=56015"}],"curies":[{"name":"wp","href":"https:\/\/api.w.org\/{rel}","templated":true}]}}