{"id":56049,"date":"2026-03-09T14:55:51","date_gmt":"2026-03-09T17:55:51","guid":{"rendered":"https:\/\/www.ejercito.mil.uy\/?p=56049"},"modified":"2026-03-12T15:18:36","modified_gmt":"2026-03-12T18:18:36","slug":"relevo-del-comandante-de-la-brigada-de-caballeria-no3","status":"publish","type":"post","link":"https:\/\/www.ejercito.mil.uy\/index.php\/2026\/03\/09\/relevo-del-comandante-de-la-brigada-de-caballeria-no3\/","title":{"rendered":"Relevo del Comandante de la Brigada de Caballer\u00eda N\u00ba3"},"content":{"rendered":"\n<p class=\"has-black-color has-text-color has-link-color has-small-font-size wp-elements-975f42646f88cbc4183860db8fbc2a1d\">09.03.2026 &#8211; <strong>Montevideo<\/strong><\/p>\n\n\n\n<div style=\"height:35px\" aria-hidden=\"true\" class=\"wp-block-spacer\"><\/div>\n\n\n\n<p class=\"has-white-color has-text-color has-background has-link-color wp-elements-03a875866e4ab7d1cfe3d2b0d1fa74f2\" style=\"background-color:#5f021f;font-size:18px\">El viernes 6 de marzo, se realiz\u00f3 <strong>el relevo del Comandante de la Brigada de Caballer\u00eda N\u00b03 (B.C.N\u00ba3)<\/strong> entre el Coronel Alejandro Alc\u00e1ntara (saliente) y el Coronel&nbsp;Sergio Maguna (entrante).<\/p>\n\n\n\n<div style=\"height:35px\" aria-hidden=\"true\" class=\"wp-block-spacer\"><\/div>\n\n\n\n<figure class=\"wp-block-gallery has-nested-images columns-default is-cropped wp-block-gallery-1 is-layout-flex wp-block-gallery-is-layout-flex\">\n<figure class=\"wp-block-image size-large\"><img fetchpriority=\"high\" decoding=\"async\" width=\"1024\" height=\"683\" data-id=\"56070\" src=\"https:\/\/www.ejercito.mil.uy\/wp-content\/uploads\/2026\/03\/2026-03-09-Puesta-en-posicion-en-el-cargo-1-1024x683.png\" alt=\"\" class=\"wp-image-56070\" srcset=\"https:\/\/www.ejercito.mil.uy\/wp-content\/uploads\/2026\/03\/2026-03-09-Puesta-en-posicion-en-el-cargo-1-1024x683.png 1024w, https:\/\/www.ejercito.mil.uy\/wp-content\/uploads\/2026\/03\/2026-03-09-Puesta-en-posicion-en-el-cargo-1-300x200.png 300w, https:\/\/www.ejercito.mil.uy\/wp-content\/uploads\/2026\/03\/2026-03-09-Puesta-en-posicion-en-el-cargo-1.png 1200w\" sizes=\"(max-width: 1024px) 100vw, 1024px\" \/><\/figure>\n\n\n\n<figure class=\"wp-block-image size-large\"><img decoding=\"async\" width=\"1024\" height=\"683\" data-id=\"56071\" src=\"https:\/\/www.ejercito.mil.uy\/wp-content\/uploads\/2026\/03\/2026-03-09-Puesta-en-posicion-en-el-cargo-2-1024x683.png\" alt=\"\" class=\"wp-image-56071\" srcset=\"https:\/\/www.ejercito.mil.uy\/wp-content\/uploads\/2026\/03\/2026-03-09-Puesta-en-posicion-en-el-cargo-2-1024x683.png 1024w, https:\/\/www.ejercito.mil.uy\/wp-content\/uploads\/2026\/03\/2026-03-09-Puesta-en-posicion-en-el-cargo-2-300x200.png 300w, https:\/\/www.ejercito.mil.uy\/wp-content\/uploads\/2026\/03\/2026-03-09-Puesta-en-posicion-en-el-cargo-2.png 1200w\" sizes=\"(max-width: 1024px) 100vw, 1024px\" \/><\/figure>\n<\/figure>\n\n\n\n<div style=\"height:35px\" aria-hidden=\"true\" class=\"wp-block-spacer\"><\/div>\n\n\n\n<p class=\"has-black-color has-text-color has-link-color wp-elements-326b7361eb878cb3bcd0c919f35a4544\" style=\"font-size:18px\">En primera instancia, el Comandante de la Divisi\u00f3n de Ej\u00e9rcito I (DEI), General Julio&nbsp;Ifr\u00e1n, salud\u00f3 a los efectivos formados y luego, acompa\u00f1ado por el Comandante de Brigada saliente, pas\u00f3 revista.<\/p>\n\n\n\n<div style=\"height:35px\" aria-hidden=\"true\" class=\"wp-block-spacer\"><\/div>\n\n\n\n<figure class=\"wp-block-gallery has-nested-images columns-default is-cropped wp-block-gallery-2 is-layout-flex wp-block-gallery-is-layout-flex\">\n<figure class=\"wp-block-image size-large\"><img decoding=\"async\" width=\"1024\" height=\"683\" data-id=\"56066\" src=\"https:\/\/www.ejercito.mil.uy\/wp-content\/uploads\/2026\/03\/2026-03-09-Puesta-en-posicion-en-el-cargo-3-1024x683.png\" alt=\"\" class=\"wp-image-56066\" srcset=\"https:\/\/www.ejercito.mil.uy\/wp-content\/uploads\/2026\/03\/2026-03-09-Puesta-en-posicion-en-el-cargo-3-1024x683.png 1024w, https:\/\/www.ejercito.mil.uy\/wp-content\/uploads\/2026\/03\/2026-03-09-Puesta-en-posicion-en-el-cargo-3-300x200.png 300w, https:\/\/www.ejercito.mil.uy\/wp-content\/uploads\/2026\/03\/2026-03-09-Puesta-en-posicion-en-el-cargo-3.png 1200w\" sizes=\"(max-width: 1024px) 100vw, 1024px\" \/><\/figure>\n\n\n\n<figure class=\"wp-block-image size-large\"><img loading=\"lazy\" decoding=\"async\" width=\"1024\" height=\"683\" data-id=\"56067\" src=\"https:\/\/www.ejercito.mil.uy\/wp-content\/uploads\/2026\/03\/2026-03-09-Puesta-en-posicion-en-el-cargo-4-1024x683.png\" alt=\"\" class=\"wp-image-56067\" srcset=\"https:\/\/www.ejercito.mil.uy\/wp-content\/uploads\/2026\/03\/2026-03-09-Puesta-en-posicion-en-el-cargo-4-1024x683.png 1024w, https:\/\/www.ejercito.mil.uy\/wp-content\/uploads\/2026\/03\/2026-03-09-Puesta-en-posicion-en-el-cargo-4-300x200.png 300w, https:\/\/www.ejercito.mil.uy\/wp-content\/uploads\/2026\/03\/2026-03-09-Puesta-en-posicion-en-el-cargo-4.png 1200w\" sizes=\"(max-width: 1024px) 100vw, 1024px\" \/><\/figure>\n<\/figure>\n\n\n\n<div style=\"height:35px\" aria-hidden=\"true\" class=\"wp-block-spacer\"><\/div>\n\n\n\n<p class=\"has-black-color has-text-color has-link-color wp-elements-061f498e820db7198e2025e44ce45b31\" style=\"font-size:18px\">Posteriormente, el Cte. de la DEI puso en el cargo como Cte. de la B.C.N\u00ba3 al Cnel. Maguna y se dio lectura a su curr\u00edculum vitae.<\/p>\n\n\n\n<div style=\"height:35px\" aria-hidden=\"true\" class=\"wp-block-spacer\"><\/div>\n\n\n\n<figure class=\"wp-block-gallery has-nested-images columns-default is-cropped wp-block-gallery-3 is-layout-flex wp-block-gallery-is-layout-flex\">\n<figure class=\"wp-block-image size-large\"><img loading=\"lazy\" decoding=\"async\" width=\"1024\" height=\"683\" data-id=\"56068\" src=\"https:\/\/www.ejercito.mil.uy\/wp-content\/uploads\/2026\/03\/2026-03-09-Puesta-en-posicion-en-el-cargo-7-1024x683.png\" alt=\"\" class=\"wp-image-56068\" srcset=\"https:\/\/www.ejercito.mil.uy\/wp-content\/uploads\/2026\/03\/2026-03-09-Puesta-en-posicion-en-el-cargo-7-1024x683.png 1024w, https:\/\/www.ejercito.mil.uy\/wp-content\/uploads\/2026\/03\/2026-03-09-Puesta-en-posicion-en-el-cargo-7-300x200.png 300w, https:\/\/www.ejercito.mil.uy\/wp-content\/uploads\/2026\/03\/2026-03-09-Puesta-en-posicion-en-el-cargo-7.png 1200w\" sizes=\"(max-width: 1024px) 100vw, 1024px\" \/><\/figure>\n\n\n\n<figure class=\"wp-block-image size-large\"><img loading=\"lazy\" decoding=\"async\" width=\"1024\" height=\"683\" data-id=\"56069\" src=\"https:\/\/www.ejercito.mil.uy\/wp-content\/uploads\/2026\/03\/2026-03-09-Puesta-en-posicion-en-el-cargo-8-1024x683.png\" alt=\"\" class=\"wp-image-56069\" srcset=\"https:\/\/www.ejercito.mil.uy\/wp-content\/uploads\/2026\/03\/2026-03-09-Puesta-en-posicion-en-el-cargo-8-1024x683.png 1024w, https:\/\/www.ejercito.mil.uy\/wp-content\/uploads\/2026\/03\/2026-03-09-Puesta-en-posicion-en-el-cargo-8-300x200.png 300w, https:\/\/www.ejercito.mil.uy\/wp-content\/uploads\/2026\/03\/2026-03-09-Puesta-en-posicion-en-el-cargo-8.png 1200w\" sizes=\"(max-width: 1024px) 100vw, 1024px\" \/><\/figure>\n<\/figure>\n\n\n\n<div style=\"height:35px\" aria-hidden=\"true\" class=\"wp-block-spacer\"><\/div>\n\n\n\n<p class=\"has-black-color has-text-color has-link-color wp-elements-dfe6fbda5a55bbc7930a0184ba907ef8\" style=\"font-size:18px\">Para finalizar, la Fuerza de Parada integrada por las Unidades dependientes de la B.C.N\u00b03, desfilaron rindiendo honores a las autoridades presentes, al son de la Marcha \u00abEj\u00e9rcito Nacional\u00bb.<\/p>\n\n\n\n<div style=\"height:35px\" aria-hidden=\"true\" class=\"wp-block-spacer\"><\/div>\n\n\n\n<figure class=\"wp-block-gallery has-nested-images columns-default is-cropped wp-block-gallery-4 is-layout-flex wp-block-gallery-is-layout-flex\">\n<figure class=\"wp-block-image size-large\"><img loading=\"lazy\" decoding=\"async\" width=\"1024\" height=\"683\" data-id=\"56072\" src=\"https:\/\/www.ejercito.mil.uy\/wp-content\/uploads\/2026\/03\/2026-03-09-Puesta-en-posicion-en-el-cargo-5-1024x683.png\" alt=\"\" class=\"wp-image-56072\" srcset=\"https:\/\/www.ejercito.mil.uy\/wp-content\/uploads\/2026\/03\/2026-03-09-Puesta-en-posicion-en-el-cargo-5-1024x683.png 1024w, https:\/\/www.ejercito.mil.uy\/wp-content\/uploads\/2026\/03\/2026-03-09-Puesta-en-posicion-en-el-cargo-5-300x200.png 300w, https:\/\/www.ejercito.mil.uy\/wp-content\/uploads\/2026\/03\/2026-03-09-Puesta-en-posicion-en-el-cargo-5.png 1200w\" sizes=\"(max-width: 1024px) 100vw, 1024px\" \/><\/figure>\n<\/figure>\n\n\n\n<div style=\"height:35px\" aria-hidden=\"true\" class=\"wp-block-spacer\"><\/div>\n\n\n\n<p class=\"has-black-color has-text-color has-link-color wp-elements-5219b793bbde1318a359bb3f4142ec45\" style=\"font-size:18px\">Adem\u00e1s, se cont\u00f3 con la presencia de Oficiales Generales en actividad y retiro, Jefes, Oficiales, Personal Subalterno, familiares y amigos.<\/p>\n","protected":false},"excerpt":{"rendered":"<p>09.03.2026 &#8211; Asumi\u00f3 el Coronel Sergio Maguna.<\/p>\n","protected":false},"author":4,"featured_media":56065,"comment_status":"open","ping_status":"open","sticky":false,"template":"","format":"standard","meta":{"_coblocks_attr":"","_coblocks_dimensions":"","_coblocks_responsive_height":"","_coblocks_accordion_ie_support":"","_monsterinsights_skip_tracking":false,"_monsterinsights_sitenote_active":false,"_monsterinsights_sitenote_note":"","_monsterinsights_sitenote_category":0,"_uf_show_specific_survey":0,"_uf_disable_surveys":false,"footnotes":""},"categories":[2,10,14,1],"tags":[519,817,624,44,125,406,652],"class_list":["post-56049","post","type-post","status-publish","format-standard","has-post-thumbnail","hentry","category-blog","category-destacados","category-noticias","category-sin-categoria","tag-acto","tag-brigada","tag-caballeria-2","tag-ceremonia","tag-comandante","tag-desfile","tag-relevo"],"aioseo_notices":[],"_links":{"self":[{"href":"https:\/\/www.ejercito.mil.uy\/index.php\/wp-json\/wp\/v2\/posts\/56049","targetHints":{"allow":["GET"]}}],"collection":[{"href":"https:\/\/www.ejercito.mil.uy\/index.php\/wp-json\/wp\/v2\/posts"}],"about":[{"href":"https:\/\/www.ejercito.mil.uy\/index.php\/wp-json\/wp\/v2\/types\/post"}],"author":[{"embeddable":true,"href":"https:\/\/www.ejercito.mil.uy\/index.php\/wp-json\/wp\/v2\/users\/4"}],"replies":[{"embeddable":true,"href":"https:\/\/www.ejercito.mil.uy\/index.php\/wp-json\/wp\/v2\/comments?post=56049"}],"version-history":[{"count":17,"href":"https:\/\/www.ejercito.mil.uy\/index.php\/wp-json\/wp\/v2\/posts\/56049\/revisions"}],"predecessor-version":[{"id":56080,"href":"https:\/\/www.ejercito.mil.uy\/index.php\/wp-json\/wp\/v2\/posts\/56049\/revisions\/56080"}],"wp:featuredmedia":[{"embeddable":true,"href":"https:\/\/www.ejercito.mil.uy\/index.php\/wp-json\/wp\/v2\/media\/56065"}],"wp:attachment":[{"href":"https:\/\/www.ejercito.mil.uy\/index.php\/wp-json\/wp\/v2\/media?parent=56049"}],"wp:term":[{"taxonomy":"category","embeddable":true,"href":"https:\/\/www.ejercito.mil.uy\/index.php\/wp-json\/wp\/v2\/categories?post=56049"},{"taxonomy":"post_tag","embeddable":true,"href":"https:\/\/www.ejercito.mil.uy\/index.php\/wp-json\/wp\/v2\/tags?post=56049"}],"curies":[{"name":"wp","href":"https:\/\/api.w.org\/{rel}","templated":true}]}}