{"id":56259,"date":"2026-03-16T18:58:31","date_gmt":"2026-03-16T21:58:31","guid":{"rendered":"https:\/\/www.ejercito.mil.uy\/?p=56259"},"modified":"2026-03-20T17:57:08","modified_gmt":"2026-03-20T20:57:08","slug":"apertura-de-la-tecnicatura-en-ciberdefensa","status":"publish","type":"post","link":"https:\/\/www.ejercito.mil.uy\/index.php\/2026\/03\/16\/apertura-de-la-tecnicatura-en-ciberdefensa\/","title":{"rendered":"Apertura de la Tecnicatura en Ciberdefensa"},"content":{"rendered":"\n<p class=\"has-black-color has-text-color has-link-color has-small-font-size wp-elements-e56f537ac9509620dc6a6e0d3cbb81f9\">16.03.2026 &#8211; <strong>Montevideo <\/strong><\/p>\n\n\n\n<div style=\"height:22px\" aria-hidden=\"true\" class=\"wp-block-spacer\"><\/div>\n\n\n\n<p class=\"is-style-success has-white-color has-text-color has-background has-link-color wp-elements-243b323c2e9c7df1976aabe646c4111e\" style=\"background-color:#126da2;font-size:18px\">En la tarde del lunes 16 de marzo, se realiz\u00f3 la <strong>ceremonia de apertura de la Tecnicatura en Ciberdefensa<\/strong>, en el sal\u00f3n de la Escuela de Comando y Estado Mayor del Ej\u00e9rcito, perteneciente al Instituto Militar de Estudios Superiores (IMES).<\/p>\n\n\n\n<div style=\"height:22px\" aria-hidden=\"true\" class=\"wp-block-spacer\"><\/div>\n\n\n\n<div style=\"height:22px\" aria-hidden=\"true\" class=\"wp-block-spacer\"><\/div>\n\n\n\n<div class=\"wp-block-columns is-layout-flex wp-container-core-columns-is-layout-28f84493 wp-block-columns-is-layout-flex\">\n<div class=\"wp-block-column is-layout-flow wp-block-column-is-layout-flow\">\n<figure class=\"wp-block-image size-large\"><img fetchpriority=\"high\" decoding=\"async\" width=\"1024\" height=\"683\" src=\"https:\/\/www.ejercito.mil.uy\/wp-content\/uploads\/2026\/03\/Ciberdefensa-1-1024x683.jpg\" alt=\"\" class=\"wp-image-56270\" srcset=\"https:\/\/www.ejercito.mil.uy\/wp-content\/uploads\/2026\/03\/Ciberdefensa-1-1024x683.jpg 1024w, https:\/\/www.ejercito.mil.uy\/wp-content\/uploads\/2026\/03\/Ciberdefensa-1-300x200.jpg 300w, https:\/\/www.ejercito.mil.uy\/wp-content\/uploads\/2026\/03\/Ciberdefensa-1.jpg 1200w\" sizes=\"(max-width: 1024px) 100vw, 1024px\" \/><\/figure>\n<\/div>\n<\/div>\n\n\n\n<div style=\"height:22px\" aria-hidden=\"true\" class=\"wp-block-spacer\"><\/div>\n\n\n\n<p class=\"has-black-color has-text-color has-link-color wp-elements-a2e91e3b16a9f0f4f421ada279b800f9\" style=\"font-size:18px\">Son 38 alumnos entre civiles y militares que asumir\u00e1n el desaf\u00edo de estudiar y capacitarse en esta fundamental y exigente disciplina.<\/p>\n\n\n\n<div style=\"height:22px\" aria-hidden=\"true\" class=\"wp-block-spacer\"><\/div>\n\n\n\n<div class=\"wp-block-columns is-layout-flex wp-container-core-columns-is-layout-28f84493 wp-block-columns-is-layout-flex\">\n<div class=\"wp-block-column is-layout-flow wp-block-column-is-layout-flow\">\n<figure class=\"wp-block-image size-large\"><img decoding=\"async\" width=\"1024\" height=\"683\" src=\"https:\/\/www.ejercito.mil.uy\/wp-content\/uploads\/2026\/03\/Ciberdefensa-4-1024x683.jpg\" alt=\"\" class=\"wp-image-56274\" srcset=\"https:\/\/www.ejercito.mil.uy\/wp-content\/uploads\/2026\/03\/Ciberdefensa-4-1024x683.jpg 1024w, https:\/\/www.ejercito.mil.uy\/wp-content\/uploads\/2026\/03\/Ciberdefensa-4-300x200.jpg 300w, https:\/\/www.ejercito.mil.uy\/wp-content\/uploads\/2026\/03\/Ciberdefensa-4.jpg 1200w\" sizes=\"(max-width: 1024px) 100vw, 1024px\" \/><\/figure>\n<\/div>\n<\/div>\n\n\n\n<div style=\"height:22px\" aria-hidden=\"true\" class=\"wp-block-spacer\"><\/div>\n\n\n\n<p class=\"has-black-color has-text-color has-link-color wp-elements-51324203cc8d45774a9f14acddc30dcf\" style=\"font-size:18px\">La formaci\u00f3n ser\u00e1 dictada por la Escuela de Ciberdefensa de la Unidad de Ciberdefensa del Ej\u00e9rcito, en conjunto con la Escuela de Ingenier\u00eda del IMES.<\/p>\n\n\n\n<div style=\"height:22px\" aria-hidden=\"true\" class=\"wp-block-spacer\"><\/div>\n\n\n\n<div class=\"wp-block-columns is-layout-flex wp-container-core-columns-is-layout-28f84493 wp-block-columns-is-layout-flex\">\n<div class=\"wp-block-column is-layout-flow wp-block-column-is-layout-flow\">\n<figure class=\"wp-block-image size-large\"><img decoding=\"async\" width=\"1024\" height=\"683\" src=\"https:\/\/www.ejercito.mil.uy\/wp-content\/uploads\/2026\/03\/Ciberdefensa-5-1024x683.jpg\" alt=\"\" class=\"wp-image-56277\" srcset=\"https:\/\/www.ejercito.mil.uy\/wp-content\/uploads\/2026\/03\/Ciberdefensa-5-1024x683.jpg 1024w, https:\/\/www.ejercito.mil.uy\/wp-content\/uploads\/2026\/03\/Ciberdefensa-5-300x200.jpg 300w, https:\/\/www.ejercito.mil.uy\/wp-content\/uploads\/2026\/03\/Ciberdefensa-5.jpg 1200w\" sizes=\"(max-width: 1024px) 100vw, 1024px\" \/><\/figure>\n<\/div>\n<\/div>\n\n\n\n<div style=\"height:22px\" aria-hidden=\"true\" class=\"wp-block-spacer\"><\/div>\n\n\n\n<p class=\"has-black-color has-text-color has-link-color wp-elements-72c086acb1305074dfff066e2bd6c2de\" style=\"font-size:18px\">El acto cont\u00f3 con la presencia de la Directora General de Pol\u00edtica de Defensa del Ministerio de Defensa Nacional, Lic. Nadia Almeida; el Director de Formaci\u00f3n Militar, Mag. Diego D&#8217;El\u00eda; el Coordinador de Ciberdefensa Nacional, Gral. Gerardo Vega; el Dtor. General del IMES, Cnel. Mart\u00edn \u00c1lvarez; el Comandante de la Unidad de Ciberdefensa del Ej\u00e9rcito, Cnel. Jorge Rahi y el 2do Cte., Cnel. Javier Soria, entre otras autoridades. <\/p>\n\n\n\n<div style=\"height:22px\" aria-hidden=\"true\" class=\"wp-block-spacer\"><\/div>\n\n\n\n<div class=\"wp-block-columns is-layout-flex wp-container-core-columns-is-layout-28f84493 wp-block-columns-is-layout-flex\">\n<div class=\"wp-block-column is-layout-flow wp-block-column-is-layout-flow\">\n<figure class=\"wp-block-image size-large\"><img loading=\"lazy\" decoding=\"async\" width=\"1024\" height=\"683\" src=\"https:\/\/www.ejercito.mil.uy\/wp-content\/uploads\/2026\/03\/Ciberdefensa-2-1024x683.jpg\" alt=\"\" class=\"wp-image-56271\" srcset=\"https:\/\/www.ejercito.mil.uy\/wp-content\/uploads\/2026\/03\/Ciberdefensa-2-1024x683.jpg 1024w, https:\/\/www.ejercito.mil.uy\/wp-content\/uploads\/2026\/03\/Ciberdefensa-2-300x200.jpg 300w, https:\/\/www.ejercito.mil.uy\/wp-content\/uploads\/2026\/03\/Ciberdefensa-2.jpg 1200w\" sizes=\"(max-width: 1024px) 100vw, 1024px\" \/><\/figure>\n<\/div>\n\n\n\n<div class=\"wp-block-column is-layout-flow wp-block-column-is-layout-flow\">\n<figure class=\"wp-block-image size-large\"><img loading=\"lazy\" decoding=\"async\" width=\"1024\" height=\"683\" src=\"https:\/\/www.ejercito.mil.uy\/wp-content\/uploads\/2026\/03\/Ciberdefensa-3-1024x683.jpg\" alt=\"\" class=\"wp-image-56276\" srcset=\"https:\/\/www.ejercito.mil.uy\/wp-content\/uploads\/2026\/03\/Ciberdefensa-3-1024x683.jpg 1024w, https:\/\/www.ejercito.mil.uy\/wp-content\/uploads\/2026\/03\/Ciberdefensa-3-300x200.jpg 300w, https:\/\/www.ejercito.mil.uy\/wp-content\/uploads\/2026\/03\/Ciberdefensa-3.jpg 1200w\" sizes=\"(max-width: 1024px) 100vw, 1024px\" \/><\/figure>\n<\/div>\n<\/div>\n\n\n\n<div style=\"height:22px\" aria-hidden=\"true\" class=\"wp-block-spacer\"><\/div>\n\n\n\n<p class=\"has-black-color has-text-color has-link-color wp-elements-3af6cf661a3cf30a608fba46e7a03f8b\" style=\"font-size:18px\">Cabe destacar que, finalizada la ceremonia, se dio inicio a las clases curriculares.<\/p>\n\n\n\n<div style=\"height:22px\" aria-hidden=\"true\" class=\"wp-block-spacer\"><\/div>\n\n\n\n<div class=\"wp-block-columns is-layout-flex wp-container-core-columns-is-layout-28f84493 wp-block-columns-is-layout-flex\">\n<div class=\"wp-block-column is-layout-flow wp-block-column-is-layout-flow\">\n<figure class=\"wp-block-image size-large\"><img loading=\"lazy\" decoding=\"async\" width=\"1024\" height=\"683\" src=\"https:\/\/www.ejercito.mil.uy\/wp-content\/uploads\/2026\/03\/Ciberdefensa-8-1024x683.jpg\" alt=\"\" class=\"wp-image-56281\" srcset=\"https:\/\/www.ejercito.mil.uy\/wp-content\/uploads\/2026\/03\/Ciberdefensa-8-1024x683.jpg 1024w, https:\/\/www.ejercito.mil.uy\/wp-content\/uploads\/2026\/03\/Ciberdefensa-8-300x200.jpg 300w, https:\/\/www.ejercito.mil.uy\/wp-content\/uploads\/2026\/03\/Ciberdefensa-8.jpg 1200w\" sizes=\"(max-width: 1024px) 100vw, 1024px\" \/><\/figure>\n<\/div>\n\n\n\n<div class=\"wp-block-column is-layout-flow wp-block-column-is-layout-flow\">\n<figure class=\"wp-block-image size-large\"><img loading=\"lazy\" decoding=\"async\" width=\"1024\" height=\"683\" src=\"https:\/\/www.ejercito.mil.uy\/wp-content\/uploads\/2026\/03\/Ciberdefensa-7-1024x683.jpg\" alt=\"\" class=\"wp-image-56282\" srcset=\"https:\/\/www.ejercito.mil.uy\/wp-content\/uploads\/2026\/03\/Ciberdefensa-7-1024x683.jpg 1024w, https:\/\/www.ejercito.mil.uy\/wp-content\/uploads\/2026\/03\/Ciberdefensa-7-300x200.jpg 300w, https:\/\/www.ejercito.mil.uy\/wp-content\/uploads\/2026\/03\/Ciberdefensa-7.jpg 1200w\" sizes=\"(max-width: 1024px) 100vw, 1024px\" \/><\/figure>\n<\/div>\n<\/div>\n\n\n\n<div style=\"height:22px\" aria-hidden=\"true\" class=\"wp-block-spacer\"><\/div>\n\n\n\n<p class=\"has-black-color has-text-color has-link-color wp-elements-2d6c1f71422160950cb84c69fbd01ae0\" style=\"font-size:18px\">Esta especialidad es importante porque el ciberespacio se ha convertido en un escenario estrat\u00e9gico clave, donde tambi\u00e9n surgen nuevas formas de conflicto y defensa. En un entorno cada vez m\u00e1s interconectado, es esencial contar con personal capacitado en ciberdefensa y ciberseguridad para proteger infraestructuras cr\u00edticas, resguardar la informaci\u00f3n sensible de la Instituci\u00f3n y salvaguardar la Defensa Nacional.<\/p>\n\n\n\n<div style=\"height:22px\" aria-hidden=\"true\" class=\"wp-block-spacer\"><\/div>\n\n\n\n<div class=\"wp-block-columns is-layout-flex wp-container-core-columns-is-layout-28f84493 wp-block-columns-is-layout-flex\">\n<div class=\"wp-block-column is-layout-flow wp-block-column-is-layout-flow\">\n<figure class=\"wp-block-image size-large\"><img loading=\"lazy\" decoding=\"async\" width=\"1024\" height=\"683\" src=\"https:\/\/www.ejercito.mil.uy\/wp-content\/uploads\/2026\/03\/Ciberdefensa-19-1024x683.jpg\" alt=\"\" class=\"wp-image-56285\" srcset=\"https:\/\/www.ejercito.mil.uy\/wp-content\/uploads\/2026\/03\/Ciberdefensa-19-1024x683.jpg 1024w, https:\/\/www.ejercito.mil.uy\/wp-content\/uploads\/2026\/03\/Ciberdefensa-19-300x200.jpg 300w, https:\/\/www.ejercito.mil.uy\/wp-content\/uploads\/2026\/03\/Ciberdefensa-19.jpg 1200w\" sizes=\"(max-width: 1024px) 100vw, 1024px\" \/><\/figure>\n<\/div>\n\n\n\n<div class=\"wp-block-column is-layout-flow wp-block-column-is-layout-flow\">\n<figure class=\"wp-block-image size-large\"><img loading=\"lazy\" decoding=\"async\" width=\"1024\" height=\"683\" src=\"https:\/\/www.ejercito.mil.uy\/wp-content\/uploads\/2026\/03\/Ciberdefensa-20-1024x683.jpg\" alt=\"\" class=\"wp-image-56286\" srcset=\"https:\/\/www.ejercito.mil.uy\/wp-content\/uploads\/2026\/03\/Ciberdefensa-20-1024x683.jpg 1024w, https:\/\/www.ejercito.mil.uy\/wp-content\/uploads\/2026\/03\/Ciberdefensa-20-300x200.jpg 300w, https:\/\/www.ejercito.mil.uy\/wp-content\/uploads\/2026\/03\/Ciberdefensa-20.jpg 1200w\" sizes=\"(max-width: 1024px) 100vw, 1024px\" \/><\/figure>\n<\/div>\n<\/div>\n\n\n\n<div style=\"height:22px\" aria-hidden=\"true\" class=\"wp-block-spacer\"><\/div>\n\n\n\n<p class=\"is-style-success has-black-color has-text-color has-link-color wp-elements-3c6e17bc724a141bbfdf83703b82f76a\">Ver nota completa a partir del minuto 01:03 en la edici\u00f3n #03 del informativo del Ej\u00e9rcito del Uruguay \u2013\u00a0<a href=\"https:\/\/youtu.be\/mBgGqrOTrs4?t=63&amp;si=DwYKMR6j8vsQE4gP\" title=\"\">Tecnicatura en Ciberdefensa<\/a><\/p>\n","protected":false},"excerpt":{"rendered":"<p>16.03.2026 &#8211; Son 38 alumnos entre civiles y militares que asumir\u00e1n el desaf\u00edo de estudiar y capacitarse en esta fundamental y exigente disciplina.<\/p>\n","protected":false},"author":14,"featured_media":56269,"comment_status":"open","ping_status":"open","sticky":false,"template":"","format":"standard","meta":{"_coblocks_attr":"","_coblocks_dimensions":"","_coblocks_responsive_height":"","_coblocks_accordion_ie_support":"","_monsterinsights_skip_tracking":false,"_monsterinsights_sitenote_active":false,"_monsterinsights_sitenote_note":"","_monsterinsights_sitenote_category":0,"_uf_show_specific_survey":0,"_uf_disable_surveys":false,"footnotes":""},"categories":[2,10,14,1],"tags":[189,44,1382,2232,230,1135,1505,310,250,491,33,2231],"class_list":["post-56259","post","type-post","status-publish","format-standard","has-post-thumbnail","hentry","category-blog","category-destacados","category-noticias","category-sin-categoria","tag-apertura","tag-ceremonia","tag-ciberdefensa","tag-ciberespacio","tag-defensa","tag-disciplina","tag-especialidad","tag-formacion","tag-informatica","tag-proteccion","tag-seguridad","tag-tecnicatura"],"aioseo_notices":[],"_links":{"self":[{"href":"https:\/\/www.ejercito.mil.uy\/index.php\/wp-json\/wp\/v2\/posts\/56259","targetHints":{"allow":["GET"]}}],"collection":[{"href":"https:\/\/www.ejercito.mil.uy\/index.php\/wp-json\/wp\/v2\/posts"}],"about":[{"href":"https:\/\/www.ejercito.mil.uy\/index.php\/wp-json\/wp\/v2\/types\/post"}],"author":[{"embeddable":true,"href":"https:\/\/www.ejercito.mil.uy\/index.php\/wp-json\/wp\/v2\/users\/14"}],"replies":[{"embeddable":true,"href":"https:\/\/www.ejercito.mil.uy\/index.php\/wp-json\/wp\/v2\/comments?post=56259"}],"version-history":[{"count":30,"href":"https:\/\/www.ejercito.mil.uy\/index.php\/wp-json\/wp\/v2\/posts\/56259\/revisions"}],"predecessor-version":[{"id":56621,"href":"https:\/\/www.ejercito.mil.uy\/index.php\/wp-json\/wp\/v2\/posts\/56259\/revisions\/56621"}],"wp:featuredmedia":[{"embeddable":true,"href":"https:\/\/www.ejercito.mil.uy\/index.php\/wp-json\/wp\/v2\/media\/56269"}],"wp:attachment":[{"href":"https:\/\/www.ejercito.mil.uy\/index.php\/wp-json\/wp\/v2\/media?parent=56259"}],"wp:term":[{"taxonomy":"category","embeddable":true,"href":"https:\/\/www.ejercito.mil.uy\/index.php\/wp-json\/wp\/v2\/categories?post=56259"},{"taxonomy":"post_tag","embeddable":true,"href":"https:\/\/www.ejercito.mil.uy\/index.php\/wp-json\/wp\/v2\/tags?post=56259"}],"curies":[{"name":"wp","href":"https:\/\/api.w.org\/{rel}","templated":true}]}}