{"id":56304,"date":"2026-03-17T10:54:01","date_gmt":"2026-03-17T13:54:01","guid":{"rendered":"https:\/\/www.ejercito.mil.uy\/?p=56304"},"modified":"2026-03-17T12:23:08","modified_gmt":"2026-03-17T15:23:08","slug":"ceremonia-de-relevo-de-los-inspectores-del-arma-de-infanteria-artilleria-e-ingenieros","status":"publish","type":"post","link":"https:\/\/www.ejercito.mil.uy\/index.php\/2026\/03\/17\/ceremonia-de-relevo-de-los-inspectores-del-arma-de-infanteria-artilleria-e-ingenieros\/","title":{"rendered":"Ceremonia de relevo de los Inspectores del Arma de Infanter\u00eda, Artiller\u00eda e Ingenieros"},"content":{"rendered":"\n<div style=\"height:22px\" aria-hidden=\"true\" class=\"wp-block-spacer\"><\/div>\n\n\n\n<p class=\"has-black-color has-text-color has-link-color has-small-font-size wp-elements-184c72b3557e2e650394e886530b84ce\">17.03.2026 &#8211; <strong>Sal\u00f3n de Honor del Comando General del Ej\u00e9rcito (Montevideo)<\/strong><\/p>\n\n\n\n<div style=\"height:22px\" aria-hidden=\"true\" class=\"wp-block-spacer\"><\/div>\n\n\n\n<p class=\"has-black-color has-text-color has-background\" style=\"background-color:#ffcc00;font-size:18px\">En la ma\u00f1ana del martes 17 de marzo, con la presencia del Comandante en Jefe del Ej\u00e9rcito, Gral. de Ej\u00e9rcito Mario Stevenazzi, se realiz\u00f3 la <strong>ceremonia de relevo de los Inspectores del Arma de Infanter\u00eda, Artiller\u00eda e Ingenieros.<\/strong><\/p>\n\n\n\n<div style=\"height:28px\" aria-hidden=\"true\" class=\"wp-block-spacer\"><\/div>\n\n\n\n<p class=\"is-style-default has-black-color has-text-color has-link-color wp-elements-684c9985944621ab2d4efd25d7985c53\" style=\"font-size:18px\">El <strong>Cnel. Ismael Andr\u00e9s<\/strong> asumi\u00f3 como el <strong>Inspector del Arma de Infanter\u00eda<\/strong>, el <strong>Cnel. Julio Olivares,<\/strong> fue designado como el <strong>Inspector del Arma de Artiller\u00eda<\/strong> y el <strong>Cnel. Gabriel Gomensoro <\/strong>asumi\u00f3 como el <strong>Inspector del Arma de Ingenieros<\/strong>.<\/p>\n\n\n\n<div style=\"height:30px\" aria-hidden=\"true\" class=\"wp-block-spacer\"><\/div>\n\n\n\n<figure class=\"wp-block-image size-large\"><img fetchpriority=\"high\" decoding=\"async\" width=\"1024\" height=\"683\" src=\"https:\/\/www.ejercito.mil.uy\/wp-content\/uploads\/2026\/03\/2026-03-17-Cerem-Insp-I-A-ING-13-1024x683.jpg\" alt=\"\" class=\"wp-image-56326\" srcset=\"https:\/\/www.ejercito.mil.uy\/wp-content\/uploads\/2026\/03\/2026-03-17-Cerem-Insp-I-A-ING-13-1024x683.jpg 1024w, https:\/\/www.ejercito.mil.uy\/wp-content\/uploads\/2026\/03\/2026-03-17-Cerem-Insp-I-A-ING-13-300x200.jpg 300w, https:\/\/www.ejercito.mil.uy\/wp-content\/uploads\/2026\/03\/2026-03-17-Cerem-Insp-I-A-ING-13.jpg 1200w\" sizes=\"(max-width: 1024px) 100vw, 1024px\" \/><\/figure>\n\n\n\n<div style=\"height:30px\" aria-hidden=\"true\" class=\"wp-block-spacer\"><\/div>\n\n\n\n<p class=\"is-style-success has-black-color has-text-color has-link-color wp-elements-3886c28037a40a1716691a8af30ad5db\" style=\"font-size:18px\">El <strong>Cnel. Andr\u00e9s <\/strong>ingres\u00f3 al Ej\u00e9rcito Nacional el 01 de marzo de 1992 y egres\u00f3 de la Escuela Militar el 01 de marzo de 1996 como Alf\u00e9rez del Arma de Infanter\u00eda. Fue Jefe del Batall\u00f3n de Infanter\u00eda Mecanizado N\u00b013, realiz\u00f3 diferentes cursos de especializaci\u00f3n, es Oficial diplomado en Estado Mayor y Licenciado en Ciencias Militares.<\/p>\n\n\n\n<div style=\"height:30px\" aria-hidden=\"true\" class=\"wp-block-spacer\"><\/div>\n\n\n\n<p class=\"is-style-success has-black-color has-text-color has-link-color wp-elements-487e8c72e3879b3e01d11683f8d70d93\" style=\"font-size:18px\">El <strong>Cnel. Olivares<\/strong> ingres\u00f3 al Ej\u00e9rcito Nacional el 01 de marzo de 1990 y egres\u00f3 de la Escuela Militar el 21 de diciembre de 1993 como Alf\u00e9rez del Arma de Artiller\u00eda.  Fue Jefe del Grupo \u00abGral. de Divisi\u00f3n Arquitecto Alfredo R. Campos\u00bb de Artiller\u00eda N\u00b05, realiz\u00f3 diferentes cursos de especializaci\u00f3n y es Oficial diplomado en Estado Mayor.<\/p>\n\n\n\n<div style=\"height:30px\" aria-hidden=\"true\" class=\"wp-block-spacer\"><\/div>\n\n\n\n<p class=\"is-style-success has-black-color has-text-color has-link-color wp-elements-103675d7f4b8a128d2d8ed9204bbc0e6\" style=\"font-size:18px\">El <strong>Cnel. Gomensoro<\/strong> ingres\u00f3 al Ej\u00e9rcito Nacional el 01 de marzo de 1993 y egres\u00f3 de la Escuela Militar el 21 de diciembre de 1996 como Alf\u00e9rez del Arma de Ingenieros. Fue Jefe del Batall\u00f3n \u00abGral. Celestino Bov\u00e9\u00bb de Ingenieros de Combate N\u00b04, realiz\u00f3 diferentes cursos de especializaci\u00f3n, es Oficial diplomado en Estado Mayor y Licenciado en Ciencias Militares.<\/p>\n\n\n\n<div style=\"height:30px\" aria-hidden=\"true\" class=\"wp-block-spacer\"><\/div>\n\n\n\n<p class=\"has-black-color has-text-color has-link-color wp-elements-6065848c671f52b7535dd82377fa3e09\" style=\"font-size:18px\">Adem\u00e1s asistieron a la ceremonia, Oficiales Generales en actividad y retiro, Superiores y Jefes.<\/p>\n\n\n\n<div style=\"height:30px\" aria-hidden=\"true\" class=\"wp-block-spacer\"><\/div>\n\n\n\n<div class=\"wp-block-columns is-layout-flex wp-container-core-columns-is-layout-28f84493 wp-block-columns-is-layout-flex\">\n<div class=\"wp-block-column is-layout-flow wp-block-column-is-layout-flow\">\n<figure class=\"wp-block-gallery has-nested-images columns-default is-cropped wp-block-gallery-1 is-layout-flex wp-block-gallery-is-layout-flex\">\n<figure class=\"wp-block-image size-large\"><img decoding=\"async\" width=\"1024\" height=\"683\" data-id=\"56328\" src=\"https:\/\/www.ejercito.mil.uy\/wp-content\/uploads\/2026\/03\/2026-03-17-Cerem-Insp-I-A-ING-11-1024x683.jpg\" alt=\"\" class=\"wp-image-56328\" srcset=\"https:\/\/www.ejercito.mil.uy\/wp-content\/uploads\/2026\/03\/2026-03-17-Cerem-Insp-I-A-ING-11-1024x683.jpg 1024w, https:\/\/www.ejercito.mil.uy\/wp-content\/uploads\/2026\/03\/2026-03-17-Cerem-Insp-I-A-ING-11-300x200.jpg 300w, https:\/\/www.ejercito.mil.uy\/wp-content\/uploads\/2026\/03\/2026-03-17-Cerem-Insp-I-A-ING-11.jpg 1200w\" sizes=\"(max-width: 1024px) 100vw, 1024px\" \/><\/figure>\n<\/figure>\n<\/div>\n\n\n\n<div class=\"wp-block-column is-layout-flow wp-block-column-is-layout-flow\">\n<figure class=\"wp-block-image size-large\"><img decoding=\"async\" width=\"1024\" height=\"683\" src=\"https:\/\/www.ejercito.mil.uy\/wp-content\/uploads\/2026\/03\/2026-03-17-Cerem-Insp-I-A-ING-8-1024x683.jpg\" alt=\"\" class=\"wp-image-56327\" srcset=\"https:\/\/www.ejercito.mil.uy\/wp-content\/uploads\/2026\/03\/2026-03-17-Cerem-Insp-I-A-ING-8-1024x683.jpg 1024w, https:\/\/www.ejercito.mil.uy\/wp-content\/uploads\/2026\/03\/2026-03-17-Cerem-Insp-I-A-ING-8-300x200.jpg 300w, https:\/\/www.ejercito.mil.uy\/wp-content\/uploads\/2026\/03\/2026-03-17-Cerem-Insp-I-A-ING-8.jpg 1200w\" sizes=\"(max-width: 1024px) 100vw, 1024px\" \/><\/figure>\n<\/div>\n<\/div>\n\n\n\n<div style=\"height:30px\" aria-hidden=\"true\" class=\"wp-block-spacer\"><\/div>\n\n\n\n<figure class=\"wp-block-image size-large\"><img loading=\"lazy\" decoding=\"async\" width=\"1024\" height=\"683\" src=\"https:\/\/www.ejercito.mil.uy\/wp-content\/uploads\/2026\/03\/2026-03-17-Cerem-Insp-I-A-ING-17-1024x683.jpg\" alt=\"\" class=\"wp-image-56329\" srcset=\"https:\/\/www.ejercito.mil.uy\/wp-content\/uploads\/2026\/03\/2026-03-17-Cerem-Insp-I-A-ING-17-1024x683.jpg 1024w, https:\/\/www.ejercito.mil.uy\/wp-content\/uploads\/2026\/03\/2026-03-17-Cerem-Insp-I-A-ING-17-300x200.jpg 300w, https:\/\/www.ejercito.mil.uy\/wp-content\/uploads\/2026\/03\/2026-03-17-Cerem-Insp-I-A-ING-17.jpg 1200w\" sizes=\"(max-width: 1024px) 100vw, 1024px\" \/><\/figure>\n\n\n\n<div style=\"height:30px\" aria-hidden=\"true\" class=\"wp-block-spacer\"><\/div>\n\n\n\n<figure class=\"wp-block-image size-large\"><img loading=\"lazy\" decoding=\"async\" width=\"1024\" height=\"683\" src=\"https:\/\/www.ejercito.mil.uy\/wp-content\/uploads\/2026\/03\/2026-03-17-Cerem-Insp-I-A-ING-18-1024x683.jpg\" alt=\"\" class=\"wp-image-56330\" srcset=\"https:\/\/www.ejercito.mil.uy\/wp-content\/uploads\/2026\/03\/2026-03-17-Cerem-Insp-I-A-ING-18-1024x683.jpg 1024w, https:\/\/www.ejercito.mil.uy\/wp-content\/uploads\/2026\/03\/2026-03-17-Cerem-Insp-I-A-ING-18-300x200.jpg 300w, https:\/\/www.ejercito.mil.uy\/wp-content\/uploads\/2026\/03\/2026-03-17-Cerem-Insp-I-A-ING-18.jpg 1200w\" sizes=\"(max-width: 1024px) 100vw, 1024px\" \/><\/figure>\n\n\n\n<div style=\"height:30px\" aria-hidden=\"true\" class=\"wp-block-spacer\"><\/div>\n\n\n\n<figure class=\"wp-block-image size-large\"><img loading=\"lazy\" decoding=\"async\" width=\"1024\" height=\"683\" src=\"https:\/\/www.ejercito.mil.uy\/wp-content\/uploads\/2026\/03\/2026-03-17-Cerem-Insp-I-A-ING-22-1024x683.jpg\" alt=\"\" class=\"wp-image-56332\" srcset=\"https:\/\/www.ejercito.mil.uy\/wp-content\/uploads\/2026\/03\/2026-03-17-Cerem-Insp-I-A-ING-22-1024x683.jpg 1024w, https:\/\/www.ejercito.mil.uy\/wp-content\/uploads\/2026\/03\/2026-03-17-Cerem-Insp-I-A-ING-22-300x200.jpg 300w, https:\/\/www.ejercito.mil.uy\/wp-content\/uploads\/2026\/03\/2026-03-17-Cerem-Insp-I-A-ING-22.jpg 1200w\" sizes=\"(max-width: 1024px) 100vw, 1024px\" \/><\/figure>\n\n\n\n<div style=\"height:100px\" aria-hidden=\"true\" class=\"wp-block-spacer\"><\/div>\n","protected":false},"excerpt":{"rendered":"<p>17.03.2026 &#8211; El Cnel. Ismael Andres asumi\u00f3 como Inspector del Arma de Infanter\u00eda, el Cnel. Julio Olivares como Inspector del Arma de Artiller\u00eda y el Cnel. Gabriel Gomensoro como Inspector del Arma de Ingenieros.<\/p>\n","protected":false},"author":17,"featured_media":56325,"comment_status":"open","ping_status":"open","sticky":false,"template":"","format":"standard","meta":{"_coblocks_attr":"","_coblocks_dimensions":"","_coblocks_responsive_height":"","_coblocks_accordion_ie_support":"","_monsterinsights_skip_tracking":false,"_monsterinsights_sitenote_active":false,"_monsterinsights_sitenote_note":"","_monsterinsights_sitenote_category":0,"_uf_show_specific_survey":0,"_uf_disable_surveys":false,"footnotes":""},"categories":[2,10,14,1],"tags":[219,681,44,71,48,1563,1358,264],"class_list":["post-56304","post","type-post","status-publish","format-standard","has-post-thumbnail","hentry","category-blog","category-destacados","category-noticias","category-sin-categoria","tag-armas","tag-artilleria-3","tag-ceremonia","tag-infanteria","tag-ingenieros","tag-inspector","tag-inspectores","tag-relevos"],"aioseo_notices":[],"_links":{"self":[{"href":"https:\/\/www.ejercito.mil.uy\/index.php\/wp-json\/wp\/v2\/posts\/56304","targetHints":{"allow":["GET"]}}],"collection":[{"href":"https:\/\/www.ejercito.mil.uy\/index.php\/wp-json\/wp\/v2\/posts"}],"about":[{"href":"https:\/\/www.ejercito.mil.uy\/index.php\/wp-json\/wp\/v2\/types\/post"}],"author":[{"embeddable":true,"href":"https:\/\/www.ejercito.mil.uy\/index.php\/wp-json\/wp\/v2\/users\/17"}],"replies":[{"embeddable":true,"href":"https:\/\/www.ejercito.mil.uy\/index.php\/wp-json\/wp\/v2\/comments?post=56304"}],"version-history":[{"count":5,"href":"https:\/\/www.ejercito.mil.uy\/index.php\/wp-json\/wp\/v2\/posts\/56304\/revisions"}],"predecessor-version":[{"id":56339,"href":"https:\/\/www.ejercito.mil.uy\/index.php\/wp-json\/wp\/v2\/posts\/56304\/revisions\/56339"}],"wp:featuredmedia":[{"embeddable":true,"href":"https:\/\/www.ejercito.mil.uy\/index.php\/wp-json\/wp\/v2\/media\/56325"}],"wp:attachment":[{"href":"https:\/\/www.ejercito.mil.uy\/index.php\/wp-json\/wp\/v2\/media?parent=56304"}],"wp:term":[{"taxonomy":"category","embeddable":true,"href":"https:\/\/www.ejercito.mil.uy\/index.php\/wp-json\/wp\/v2\/categories?post=56304"},{"taxonomy":"post_tag","embeddable":true,"href":"https:\/\/www.ejercito.mil.uy\/index.php\/wp-json\/wp\/v2\/tags?post=56304"}],"curies":[{"name":"wp","href":"https:\/\/api.w.org\/{rel}","templated":true}]}}