{"id":5643,"date":"2021-08-19T14:30:00","date_gmt":"2021-08-19T17:30:00","guid":{"rendered":"https:\/\/www.ejercito.mil.uy\/?p=5643"},"modified":"2021-08-23T16:31:28","modified_gmt":"2021-08-23T19:31:28","slug":"el-liceo-militar-desarrollo-una-jornada-de-tributo-a-tokio-2020","status":"publish","type":"post","link":"https:\/\/www.ejercito.mil.uy\/index.php\/2021\/08\/19\/el-liceo-militar-desarrollo-una-jornada-de-tributo-a-tokio-2020\/","title":{"rendered":"El Liceo Militar desarroll\u00f3 una jornada de \u201cTributo a Tokio 2020&#8243;"},"content":{"rendered":"\n<p class=\"wp-block-paragraph\" style=\"font-size:14px\">19.08.2021<\/p>\n\n\n\n<div style=\"height:33px\" aria-hidden=\"true\" class=\"wp-block-spacer\"><\/div>\n\n\n\n<p class=\"wp-block-paragraph\">El pasado martes, el <a href=\"https:\/\/www.facebook.com\/LiceoMilitaruy\/?__cft__[0]=AZUvs9VZ68lcdvNjchPP-WXBcDjT1J6WLTuCoNjhGw3H3jR-p5PK_I-C7ejPc3I0MlDbjslYUi6XBnHTswfa0UfQ3343TbQiEkAjFIAAZK15N-Bb7yHIP8xgFZWG23aR333MAtO-lRUHmWWoKBSah7HKtRjkxNPZCyGSWGwjKFb9RLPqhmwst_k23F-lHr7Dxpw&amp;__tn__=kK-R\">Liceo Militar \u00abGeneral Artigas\u00bb<\/a> desarroll\u00f3 una jornada de \u201cTributo a Tokio 2020\u201d, fruto del trabajo de coordinaci\u00f3n con el \u00e1rea de Educaci\u00f3n F\u00edsica, los alumnos rindieron una serie de actividades deportivas de atletismo y olimpismo. <\/p>\n\n\n\n<div style=\"height:33px\" aria-hidden=\"true\" class=\"wp-block-spacer\"><\/div>\n\n\n\n<p class=\"wp-block-paragraph\"><strong>El Olimpismo<\/strong> es una filosof\u00eda de vida que combina el deporte, la cultura y la educaci\u00f3n, con el objeto de crear un equilibrio arm\u00f3nico entre el cuerpo, la mente y el esp\u00edritu.<\/p>\n\n\n\n<div style=\"height:33px\" aria-hidden=\"true\" class=\"wp-block-spacer\"><\/div>\n\n\n\n<div class=\"wp-block-coblocks-gallery-carousel\"><div class=\"is-cropped coblocks-gallery has-no-alignment has-caption-style-dark has-horizontal-gutter has-lightbox\"><div class=\"has-carousel has-carousel-lrg\" style=\"height:400px\" data-flickity=\"{&quot;autoPlay&quot;:3000,&quot;draggable&quot;:true,&quot;pageDots&quot;:false,&quot;prevNextButtons&quot;:true,&quot;wrapAround&quot;:true,&quot;cellAlign&quot;:&quot;center&quot;,&quot;pauseAutoPlayOnHover&quot;:false,&quot;freeScroll&quot;:true,&quot;arrowShape&quot;:{&quot;x0&quot;:10,&quot;x1&quot;:60,&quot;y1&quot;:50,&quot;x2&quot;:65,&quot;y2&quot;:45,&quot;x3&quot;:20},&quot;thumbnails&quot;:false,&quot;responsiveHeight&quot;:false}\"><div class=\"coblocks-gallery--item\"><figure class=\"coblocks-gallery--figure has-margin-left-10 has-margin-left-mobile-5 has-margin-right-10 has-margin-right-mobile-5\"><img loading=\"lazy\" decoding=\"async\" width=\"1024\" height=\"683\" src=\"https:\/\/www.ejercito.mil.uy\/wp-content\/uploads\/2021\/08\/LMGA-jornada-de-tributo-a-Tokio-2020-7-1024x683.jpg\" alt=\"\" data-id=\"5644\" data-link=\"https:\/\/www.ejercito.mil.uy\/?attachment_id=5644\" class=\"wp-image-5644\" srcset=\"https:\/\/www.ejercito.mil.uy\/wp-content\/uploads\/2021\/08\/LMGA-jornada-de-tributo-a-Tokio-2020-7-1024x683.jpg 1024w, https:\/\/www.ejercito.mil.uy\/wp-content\/uploads\/2021\/08\/LMGA-jornada-de-tributo-a-Tokio-2020-7-300x200.jpg 300w, https:\/\/www.ejercito.mil.uy\/wp-content\/uploads\/2021\/08\/LMGA-jornada-de-tributo-a-Tokio-2020-7.jpg 1200w\" sizes=\"auto, (max-width: 1024px) 100vw, 1024px\" \/><\/figure><\/div><div class=\"coblocks-gallery--item\"><figure class=\"coblocks-gallery--figure has-margin-left-10 has-margin-left-mobile-5 has-margin-right-10 has-margin-right-mobile-5\"><img loading=\"lazy\" decoding=\"async\" width=\"1024\" height=\"683\" src=\"https:\/\/www.ejercito.mil.uy\/wp-content\/uploads\/2021\/08\/LMGA-jornada-de-tributo-a-Tokio-2020-1-1024x683.jpg\" alt=\"\" data-id=\"5645\" data-link=\"https:\/\/www.ejercito.mil.uy\/?attachment_id=5645\" class=\"wp-image-5645\" srcset=\"https:\/\/www.ejercito.mil.uy\/wp-content\/uploads\/2021\/08\/LMGA-jornada-de-tributo-a-Tokio-2020-1-1024x683.jpg 1024w, https:\/\/www.ejercito.mil.uy\/wp-content\/uploads\/2021\/08\/LMGA-jornada-de-tributo-a-Tokio-2020-1-300x200.jpg 300w, https:\/\/www.ejercito.mil.uy\/wp-content\/uploads\/2021\/08\/LMGA-jornada-de-tributo-a-Tokio-2020-1.jpg 1200w\" sizes=\"auto, (max-width: 1024px) 100vw, 1024px\" \/><\/figure><\/div><div class=\"coblocks-gallery--item\"><figure class=\"coblocks-gallery--figure has-margin-left-10 has-margin-left-mobile-5 has-margin-right-10 has-margin-right-mobile-5\"><img loading=\"lazy\" decoding=\"async\" width=\"1024\" height=\"683\" src=\"https:\/\/www.ejercito.mil.uy\/wp-content\/uploads\/2021\/08\/LMGA-jornada-de-tributo-a-Tokio-2020-2-1024x683.jpg\" alt=\"\" data-id=\"5646\" data-link=\"https:\/\/www.ejercito.mil.uy\/?attachment_id=5646\" class=\"wp-image-5646\" srcset=\"https:\/\/www.ejercito.mil.uy\/wp-content\/uploads\/2021\/08\/LMGA-jornada-de-tributo-a-Tokio-2020-2-1024x683.jpg 1024w, https:\/\/www.ejercito.mil.uy\/wp-content\/uploads\/2021\/08\/LMGA-jornada-de-tributo-a-Tokio-2020-2-300x200.jpg 300w, https:\/\/www.ejercito.mil.uy\/wp-content\/uploads\/2021\/08\/LMGA-jornada-de-tributo-a-Tokio-2020-2.jpg 1200w\" sizes=\"auto, (max-width: 1024px) 100vw, 1024px\" \/><\/figure><\/div><div class=\"coblocks-gallery--item\"><figure class=\"coblocks-gallery--figure has-margin-left-10 has-margin-left-mobile-5 has-margin-right-10 has-margin-right-mobile-5\"><img loading=\"lazy\" decoding=\"async\" width=\"1024\" height=\"683\" src=\"https:\/\/www.ejercito.mil.uy\/wp-content\/uploads\/2021\/08\/LMGA-jornada-de-tributo-a-Tokio-2020-3-1024x683.jpg\" alt=\"\" data-id=\"5647\" data-link=\"https:\/\/www.ejercito.mil.uy\/?attachment_id=5647\" class=\"wp-image-5647\" srcset=\"https:\/\/www.ejercito.mil.uy\/wp-content\/uploads\/2021\/08\/LMGA-jornada-de-tributo-a-Tokio-2020-3-1024x683.jpg 1024w, https:\/\/www.ejercito.mil.uy\/wp-content\/uploads\/2021\/08\/LMGA-jornada-de-tributo-a-Tokio-2020-3-300x200.jpg 300w, https:\/\/www.ejercito.mil.uy\/wp-content\/uploads\/2021\/08\/LMGA-jornada-de-tributo-a-Tokio-2020-3.jpg 1200w\" sizes=\"auto, (max-width: 1024px) 100vw, 1024px\" \/><\/figure><\/div><div class=\"coblocks-gallery--item\"><figure class=\"coblocks-gallery--figure has-margin-left-10 has-margin-left-mobile-5 has-margin-right-10 has-margin-right-mobile-5\"><img loading=\"lazy\" decoding=\"async\" width=\"1024\" height=\"683\" src=\"https:\/\/www.ejercito.mil.uy\/wp-content\/uploads\/2021\/08\/LMGA-jornada-de-tributo-a-Tokio-2020-4-1024x683.jpg\" alt=\"\" data-id=\"5648\" data-link=\"https:\/\/www.ejercito.mil.uy\/?attachment_id=5648\" class=\"wp-image-5648\" srcset=\"https:\/\/www.ejercito.mil.uy\/wp-content\/uploads\/2021\/08\/LMGA-jornada-de-tributo-a-Tokio-2020-4-1024x683.jpg 1024w, https:\/\/www.ejercito.mil.uy\/wp-content\/uploads\/2021\/08\/LMGA-jornada-de-tributo-a-Tokio-2020-4-300x200.jpg 300w, https:\/\/www.ejercito.mil.uy\/wp-content\/uploads\/2021\/08\/LMGA-jornada-de-tributo-a-Tokio-2020-4.jpg 1200w\" sizes=\"auto, (max-width: 1024px) 100vw, 1024px\" \/><\/figure><\/div><div class=\"coblocks-gallery--item\"><figure class=\"coblocks-gallery--figure has-margin-left-10 has-margin-left-mobile-5 has-margin-right-10 has-margin-right-mobile-5\"><img loading=\"lazy\" decoding=\"async\" width=\"1024\" height=\"683\" src=\"https:\/\/www.ejercito.mil.uy\/wp-content\/uploads\/2021\/08\/LMGA-jornada-de-tributo-a-Tokio-2020-6-1024x683.jpg\" alt=\"\" data-id=\"5649\" data-link=\"https:\/\/www.ejercito.mil.uy\/?attachment_id=5649\" class=\"wp-image-5649\" srcset=\"https:\/\/www.ejercito.mil.uy\/wp-content\/uploads\/2021\/08\/LMGA-jornada-de-tributo-a-Tokio-2020-6-1024x683.jpg 1024w, https:\/\/www.ejercito.mil.uy\/wp-content\/uploads\/2021\/08\/LMGA-jornada-de-tributo-a-Tokio-2020-6-300x200.jpg 300w, https:\/\/www.ejercito.mil.uy\/wp-content\/uploads\/2021\/08\/LMGA-jornada-de-tributo-a-Tokio-2020-6.jpg 1200w\" sizes=\"auto, (max-width: 1024px) 100vw, 1024px\" \/><\/figure><\/div><\/div><\/div><\/div>\n\n\n\n<p class=\"wp-block-paragraph\"><\/p>\n","protected":false},"excerpt":{"rendered":"<p>19.08.2021 &#8211; El pasado martes, el Liceo Militar \u00abGeneral Artigas\u00bb desarroll\u00f3 una jornada de \u201cTributo a Tokio 2020\u201d, fruto del trabajo de coordinaci\u00f3n con el \u00e1rea de Educaci\u00f3n F\u00edsica, los alumnos rindieron una serie de actividades deportivas de atletismo y olimpismo. <\/p>\n","protected":false},"author":4,"featured_media":5650,"comment_status":"open","ping_status":"open","sticky":false,"template":"","format":"standard","meta":{"_coblocks_attr":"","_coblocks_dimensions":"","_coblocks_responsive_height":"","_coblocks_accordion_ie_support":"","_monsterinsights_skip_tracking":false,"_uf_show_specific_survey":0,"_uf_disable_surveys":false,"footnotes":""},"categories":[2,14],"tags":[168,78,163],"class_list":["post-5643","post","type-post","status-publish","format-standard","has-post-thumbnail","hentry","category-blog","category-noticias","tag-deporte","tag-educacion","tag-liceo"],"aioseo_notices":[],"aioseo_head":"\n\t\t<!-- All in One SEO 5.0.1.1 - aioseo.com -->\n\t<meta name=\"description\" content=\"19.08.2021 - El pasado martes, el Liceo Militar &quot;General Artigas&quot; desarroll\u00f3 una jornada de \u201cTributo a Tokio 2020\u201d, fruto del trabajo de coordinaci\u00f3n con el \u00e1rea de Educaci\u00f3n F\u00edsica, los alumnos rindieron una serie de actividades deportivas de atletismo y olimpismo.\" \/>\n\t<meta name=\"robots\" content=\"max-image-preview:large\" \/>\n\t<meta name=\"author\" content=\"Alejandro Castro\"\/>\n\t<link rel=\"canonical\" href=\"https:\/\/www.ejercito.mil.uy\/index.php\/2021\/08\/19\/el-liceo-militar-desarrollo-una-jornada-de-tributo-a-tokio-2020\/\" \/>\n\t<meta name=\"generator\" content=\"All in One SEO (AIOSEO) 5.0.1.1\" \/>\n\t\t<meta property=\"og:locale\" content=\"es_ES\" \/>\n\t\t<meta property=\"og:site_name\" content=\"Ej\u00e9rcito Nacional - La Fuerza de todos\" \/>\n\t\t<meta property=\"og:type\" content=\"article\" \/>\n\t\t<meta property=\"og:title\" content=\"El Liceo Militar desarroll\u00f3 una jornada de \u201cTributo a Tokio 2020\u2033 - Ej\u00e9rcito Nacional\" \/>\n\t\t<meta property=\"og:description\" content=\"19.08.2021 - El pasado martes, el Liceo Militar &quot;General Artigas&quot; desarroll\u00f3 una jornada de \u201cTributo a Tokio 2020\u201d, fruto del trabajo de coordinaci\u00f3n con el \u00e1rea de Educaci\u00f3n F\u00edsica, los alumnos rindieron una serie de actividades deportivas de atletismo y olimpismo.\" \/>\n\t\t<meta property=\"og:url\" content=\"https:\/\/www.ejercito.mil.uy\/index.php\/2021\/08\/19\/el-liceo-militar-desarrollo-una-jornada-de-tributo-a-tokio-2020\/\" \/>\n\t\t<meta property=\"og:image\" content=\"https:\/\/www.ejercito.mil.uy\/wp-content\/uploads\/2022\/01\/Escudo_EN_URUGUAY.png\" \/>\n\t\t<meta property=\"og:image:secure_url\" content=\"https:\/\/www.ejercito.mil.uy\/wp-content\/uploads\/2022\/01\/Escudo_EN_URUGUAY.png\" \/>\n\t\t<meta property=\"og:image:width\" content=\"134\" \/>\n\t\t<meta property=\"og:image:height\" content=\"119\" \/>\n\t\t<meta property=\"article:published_time\" content=\"2021-08-19T17:30:00+00:00\" \/>\n\t\t<meta property=\"article:modified_time\" content=\"2021-08-23T19:31:28+00:00\" \/>\n\t\t<meta name=\"twitter:card\" content=\"summary_large_image\" \/>\n\t\t<meta name=\"twitter:title\" content=\"El Liceo Militar desarroll\u00f3 una jornada de \u201cTributo a Tokio 2020\u2033 - Ej\u00e9rcito Nacional\" \/>\n\t\t<meta name=\"twitter:description\" content=\"19.08.2021 - El pasado martes, el Liceo Militar &quot;General Artigas&quot; desarroll\u00f3 una jornada de \u201cTributo a Tokio 2020\u201d, fruto del trabajo de coordinaci\u00f3n con el \u00e1rea de Educaci\u00f3n F\u00edsica, los alumnos rindieron una serie de actividades deportivas de atletismo y olimpismo.\" \/>\n\t\t<meta name=\"twitter:image\" content=\"https:\/\/www.ejercito.mil.uy\/wp-content\/uploads\/2022\/01\/Escudo_EN_URUGUAY.png\" \/>\n\t\t<script type=\"application\/ld+json\" class=\"aioseo-schema\">\n\t\t\t{\"@context\":\"https:\\\/\\\/schema.org\",\"@graph\":[{\"@type\":\"BlogPosting\",\"@id\":\"https:\\\/\\\/www.ejercito.mil.uy\\\/index.php\\\/2021\\\/08\\\/19\\\/el-liceo-militar-desarrollo-una-jornada-de-tributo-a-tokio-2020\\\/#blogposting\",\"name\":\"El Liceo Militar desarroll\\u00f3 una jornada de \\u201cTributo a Tokio 2020\\u2033 - Ej\\u00e9rcito Nacional\",\"headline\":\"El Liceo Militar desarroll\\u00f3 una jornada de \\u201cTributo a Tokio 2020&#8243;\",\"author\":{\"@id\":\"https:\\\/\\\/www.ejercito.mil.uy\\\/index.php\\\/author\\\/acastro\\\/#author\"},\"publisher\":{\"@id\":\"https:\\\/\\\/www.ejercito.mil.uy\\\/#organization\"},\"image\":{\"@type\":\"ImageObject\",\"url\":\"https:\\\/\\\/www.ejercito.mil.uy\\\/wp-content\\\/uploads\\\/2021\\\/08\\\/LMGA-jornada-de-tributo-a-Tokio-2020-5.jpg\",\"width\":1200,\"height\":800},\"datePublished\":\"2021-08-19T14:30:00-03:00\",\"dateModified\":\"2021-08-23T16:31:28-03:00\",\"inLanguage\":\"es-UY\",\"mainEntityOfPage\":{\"@id\":\"https:\\\/\\\/www.ejercito.mil.uy\\\/index.php\\\/2021\\\/08\\\/19\\\/el-liceo-militar-desarrollo-una-jornada-de-tributo-a-tokio-2020\\\/#webpage\"},\"isPartOf\":{\"@id\":\"https:\\\/\\\/www.ejercito.mil.uy\\\/index.php\\\/2021\\\/08\\\/19\\\/el-liceo-militar-desarrollo-una-jornada-de-tributo-a-tokio-2020\\\/#webpage\"},\"articleSection\":\"Blog, Noticias, deporte, educaci\\u00f3n, liceo\"},{\"@type\":\"BreadcrumbList\",\"@id\":\"https:\\\/\\\/www.ejercito.mil.uy\\\/index.php\\\/2021\\\/08\\\/19\\\/el-liceo-militar-desarrollo-una-jornada-de-tributo-a-tokio-2020\\\/#breadcrumblist\",\"itemListElement\":[{\"@type\":\"ListItem\",\"@id\":\"https:\\\/\\\/www.ejercito.mil.uy#listItem\",\"position\":1,\"name\":\"Home\",\"item\":\"https:\\\/\\\/www.ejercito.mil.uy\",\"nextItem\":{\"@type\":\"ListItem\",\"@id\":\"https:\\\/\\\/www.ejercito.mil.uy\\\/index.php\\\/category\\\/destacados\\\/#listItem\",\"name\":\"Destacados\"}},{\"@type\":\"ListItem\",\"@id\":\"https:\\\/\\\/www.ejercito.mil.uy\\\/index.php\\\/category\\\/destacados\\\/#listItem\",\"position\":2,\"name\":\"Destacados\",\"item\":\"https:\\\/\\\/www.ejercito.mil.uy\\\/index.php\\\/category\\\/destacados\\\/\",\"nextItem\":{\"@type\":\"ListItem\",\"@id\":\"https:\\\/\\\/www.ejercito.mil.uy\\\/index.php\\\/category\\\/destacados\\\/noticias\\\/#listItem\",\"name\":\"Noticias\"},\"previousItem\":{\"@type\":\"ListItem\",\"@id\":\"https:\\\/\\\/www.ejercito.mil.uy#listItem\",\"name\":\"Home\"}},{\"@type\":\"ListItem\",\"@id\":\"https:\\\/\\\/www.ejercito.mil.uy\\\/index.php\\\/category\\\/destacados\\\/noticias\\\/#listItem\",\"position\":3,\"name\":\"Noticias\",\"item\":\"https:\\\/\\\/www.ejercito.mil.uy\\\/index.php\\\/category\\\/destacados\\\/noticias\\\/\",\"nextItem\":{\"@type\":\"ListItem\",\"@id\":\"https:\\\/\\\/www.ejercito.mil.uy\\\/index.php\\\/2021\\\/08\\\/19\\\/el-liceo-militar-desarrollo-una-jornada-de-tributo-a-tokio-2020\\\/#listItem\",\"name\":\"El Liceo Militar desarroll\\u00f3 una jornada de \\u201cTributo a Tokio 2020&#8243;\"},\"previousItem\":{\"@type\":\"ListItem\",\"@id\":\"https:\\\/\\\/www.ejercito.mil.uy\\\/index.php\\\/category\\\/destacados\\\/#listItem\",\"name\":\"Destacados\"}},{\"@type\":\"ListItem\",\"@id\":\"https:\\\/\\\/www.ejercito.mil.uy\\\/index.php\\\/2021\\\/08\\\/19\\\/el-liceo-militar-desarrollo-una-jornada-de-tributo-a-tokio-2020\\\/#listItem\",\"position\":4,\"name\":\"El Liceo Militar desarroll\\u00f3 una jornada de \\u201cTributo a Tokio 2020&#8243;\",\"previousItem\":{\"@type\":\"ListItem\",\"@id\":\"https:\\\/\\\/www.ejercito.mil.uy\\\/index.php\\\/category\\\/destacados\\\/noticias\\\/#listItem\",\"name\":\"Noticias\"}}]},{\"@type\":\"Organization\",\"@id\":\"https:\\\/\\\/www.ejercito.mil.uy\\\/#organization\",\"name\":\"Ej\\u00e9rcito Nacional\",\"description\":\"La Fuerza de todos\",\"url\":\"https:\\\/\\\/www.ejercito.mil.uy\\\/\",\"logo\":{\"@type\":\"ImageObject\",\"url\":\"https:\\\/\\\/www.ejercito.mil.uy\\\/wp-content\\\/uploads\\\/2022\\\/01\\\/Escudo_EN_URUGUAY.png\",\"@id\":\"https:\\\/\\\/www.ejercito.mil.uy\\\/index.php\\\/2021\\\/08\\\/19\\\/el-liceo-militar-desarrollo-una-jornada-de-tributo-a-tokio-2020\\\/#organizationLogo\",\"width\":134,\"height\":119},\"image\":{\"@id\":\"https:\\\/\\\/www.ejercito.mil.uy\\\/index.php\\\/2021\\\/08\\\/19\\\/el-liceo-militar-desarrollo-una-jornada-de-tributo-a-tokio-2020\\\/#organizationLogo\"}},{\"@type\":\"Person\",\"@id\":\"https:\\\/\\\/www.ejercito.mil.uy\\\/index.php\\\/author\\\/acastro\\\/#author\",\"url\":\"https:\\\/\\\/www.ejercito.mil.uy\\\/index.php\\\/author\\\/acastro\\\/\",\"name\":\"Alejandro Castro\",\"image\":{\"@type\":\"ImageObject\",\"@id\":\"https:\\\/\\\/www.ejercito.mil.uy\\\/index.php\\\/2021\\\/08\\\/19\\\/el-liceo-militar-desarrollo-una-jornada-de-tributo-a-tokio-2020\\\/#authorImage\",\"url\":\"https:\\\/\\\/secure.gravatar.com\\\/avatar\\\/89bb77d4bf696501dd94ca89e6794e1787eaffba7c7197528d249e15bd099f68?s=96&d=mm&r=g\",\"width\":96,\"height\":96,\"caption\":\"Alejandro Castro\"}},{\"@type\":\"WebPage\",\"@id\":\"https:\\\/\\\/www.ejercito.mil.uy\\\/index.php\\\/2021\\\/08\\\/19\\\/el-liceo-militar-desarrollo-una-jornada-de-tributo-a-tokio-2020\\\/#webpage\",\"url\":\"https:\\\/\\\/www.ejercito.mil.uy\\\/index.php\\\/2021\\\/08\\\/19\\\/el-liceo-militar-desarrollo-una-jornada-de-tributo-a-tokio-2020\\\/\",\"name\":\"El Liceo Militar desarroll\\u00f3 una jornada de \\u201cTributo a Tokio 2020\\u2033 - Ej\\u00e9rcito Nacional\",\"description\":\"19.08.2021 - El pasado martes, el Liceo Militar \\\"General Artigas\\\" desarroll\\u00f3 una jornada de \\u201cTributo a Tokio 2020\\u201d, fruto del trabajo de coordinaci\\u00f3n con el \\u00e1rea de Educaci\\u00f3n F\\u00edsica, los alumnos rindieron una serie de actividades deportivas de atletismo y olimpismo.\",\"inLanguage\":\"es-UY\",\"isPartOf\":{\"@id\":\"https:\\\/\\\/www.ejercito.mil.uy\\\/#website\"},\"breadcrumb\":{\"@id\":\"https:\\\/\\\/www.ejercito.mil.uy\\\/index.php\\\/2021\\\/08\\\/19\\\/el-liceo-militar-desarrollo-una-jornada-de-tributo-a-tokio-2020\\\/#breadcrumblist\"},\"author\":{\"@id\":\"https:\\\/\\\/www.ejercito.mil.uy\\\/index.php\\\/author\\\/acastro\\\/#author\"},\"creator\":{\"@id\":\"https:\\\/\\\/www.ejercito.mil.uy\\\/index.php\\\/author\\\/acastro\\\/#author\"},\"image\":{\"@type\":\"ImageObject\",\"url\":\"https:\\\/\\\/www.ejercito.mil.uy\\\/wp-content\\\/uploads\\\/2021\\\/08\\\/LMGA-jornada-de-tributo-a-Tokio-2020-5.jpg\",\"@id\":\"https:\\\/\\\/www.ejercito.mil.uy\\\/index.php\\\/2021\\\/08\\\/19\\\/el-liceo-militar-desarrollo-una-jornada-de-tributo-a-tokio-2020\\\/#mainImage\",\"width\":1200,\"height\":800},\"primaryImageOfPage\":{\"@id\":\"https:\\\/\\\/www.ejercito.mil.uy\\\/index.php\\\/2021\\\/08\\\/19\\\/el-liceo-militar-desarrollo-una-jornada-de-tributo-a-tokio-2020\\\/#mainImage\"},\"datePublished\":\"2021-08-19T14:30:00-03:00\",\"dateModified\":\"2021-08-23T16:31:28-03:00\"},{\"@type\":\"WebSite\",\"@id\":\"https:\\\/\\\/www.ejercito.mil.uy\\\/#website\",\"url\":\"https:\\\/\\\/www.ejercito.mil.uy\\\/\",\"name\":\"Ej\\u00e9rcito Nacional\",\"description\":\"La Fuerza de todos\",\"inLanguage\":\"es-UY\",\"publisher\":{\"@id\":\"https:\\\/\\\/www.ejercito.mil.uy\\\/#organization\"}}]}\n\t\t<\/script>\n\t\t<!-- All in One SEO -->\n\n","aioseo_head_json":{"title":"El Liceo Militar desarroll\u00f3 una jornada de \u201cTributo a Tokio 2020\u2033 - Ej\u00e9rcito Nacional","description":"19.08.2021 - El pasado martes, el Liceo Militar \"General Artigas\" desarroll\u00f3 una jornada de \u201cTributo a Tokio 2020\u201d, fruto del trabajo de coordinaci\u00f3n con el \u00e1rea de Educaci\u00f3n F\u00edsica, los alumnos rindieron una serie de actividades deportivas de atletismo y olimpismo.","canonical_url":"https:\/\/www.ejercito.mil.uy\/index.php\/2021\/08\/19\/el-liceo-militar-desarrollo-una-jornada-de-tributo-a-tokio-2020\/","robots":"max-image-preview:large","keywords":"","webmasterTools":{"miscellaneous":""},"schema":{"@context":"https:\/\/schema.org","@graph":[{"@type":"BlogPosting","@id":"https:\/\/www.ejercito.mil.uy\/index.php\/2021\/08\/19\/el-liceo-militar-desarrollo-una-jornada-de-tributo-a-tokio-2020\/#blogposting","name":"El Liceo Militar desarroll\u00f3 una jornada de \u201cTributo a Tokio 2020\u2033 - Ej\u00e9rcito Nacional","headline":"El Liceo Militar desarroll\u00f3 una jornada de \u201cTributo a Tokio 2020&#8243;","author":{"@id":"https:\/\/www.ejercito.mil.uy\/index.php\/author\/acastro\/#author"},"publisher":{"@id":"https:\/\/www.ejercito.mil.uy\/#organization"},"image":{"@type":"ImageObject","url":"https:\/\/www.ejercito.mil.uy\/wp-content\/uploads\/2021\/08\/LMGA-jornada-de-tributo-a-Tokio-2020-5.jpg","width":1200,"height":800},"datePublished":"2021-08-19T14:30:00-03:00","dateModified":"2021-08-23T16:31:28-03:00","inLanguage":"es-UY","mainEntityOfPage":{"@id":"https:\/\/www.ejercito.mil.uy\/index.php\/2021\/08\/19\/el-liceo-militar-desarrollo-una-jornada-de-tributo-a-tokio-2020\/#webpage"},"isPartOf":{"@id":"https:\/\/www.ejercito.mil.uy\/index.php\/2021\/08\/19\/el-liceo-militar-desarrollo-una-jornada-de-tributo-a-tokio-2020\/#webpage"},"articleSection":"Blog, Noticias, deporte, educaci\u00f3n, liceo"},{"@type":"BreadcrumbList","@id":"https:\/\/www.ejercito.mil.uy\/index.php\/2021\/08\/19\/el-liceo-militar-desarrollo-una-jornada-de-tributo-a-tokio-2020\/#breadcrumblist","itemListElement":[{"@type":"ListItem","@id":"https:\/\/www.ejercito.mil.uy#listItem","position":1,"name":"Home","item":"https:\/\/www.ejercito.mil.uy","nextItem":{"@type":"ListItem","@id":"https:\/\/www.ejercito.mil.uy\/index.php\/category\/destacados\/#listItem","name":"Destacados"}},{"@type":"ListItem","@id":"https:\/\/www.ejercito.mil.uy\/index.php\/category\/destacados\/#listItem","position":2,"name":"Destacados","item":"https:\/\/www.ejercito.mil.uy\/index.php\/category\/destacados\/","nextItem":{"@type":"ListItem","@id":"https:\/\/www.ejercito.mil.uy\/index.php\/category\/destacados\/noticias\/#listItem","name":"Noticias"},"previousItem":{"@type":"ListItem","@id":"https:\/\/www.ejercito.mil.uy#listItem","name":"Home"}},{"@type":"ListItem","@id":"https:\/\/www.ejercito.mil.uy\/index.php\/category\/destacados\/noticias\/#listItem","position":3,"name":"Noticias","item":"https:\/\/www.ejercito.mil.uy\/index.php\/category\/destacados\/noticias\/","nextItem":{"@type":"ListItem","@id":"https:\/\/www.ejercito.mil.uy\/index.php\/2021\/08\/19\/el-liceo-militar-desarrollo-una-jornada-de-tributo-a-tokio-2020\/#listItem","name":"El Liceo Militar desarroll\u00f3 una jornada de \u201cTributo a Tokio 2020&#8243;"},"previousItem":{"@type":"ListItem","@id":"https:\/\/www.ejercito.mil.uy\/index.php\/category\/destacados\/#listItem","name":"Destacados"}},{"@type":"ListItem","@id":"https:\/\/www.ejercito.mil.uy\/index.php\/2021\/08\/19\/el-liceo-militar-desarrollo-una-jornada-de-tributo-a-tokio-2020\/#listItem","position":4,"name":"El Liceo Militar desarroll\u00f3 una jornada de \u201cTributo a Tokio 2020&#8243;","previousItem":{"@type":"ListItem","@id":"https:\/\/www.ejercito.mil.uy\/index.php\/category\/destacados\/noticias\/#listItem","name":"Noticias"}}]},{"@type":"Organization","@id":"https:\/\/www.ejercito.mil.uy\/#organization","name":"Ej\u00e9rcito Nacional","description":"La Fuerza de todos","url":"https:\/\/www.ejercito.mil.uy\/","logo":{"@type":"ImageObject","url":"https:\/\/www.ejercito.mil.uy\/wp-content\/uploads\/2022\/01\/Escudo_EN_URUGUAY.png","@id":"https:\/\/www.ejercito.mil.uy\/index.php\/2021\/08\/19\/el-liceo-militar-desarrollo-una-jornada-de-tributo-a-tokio-2020\/#organizationLogo","width":134,"height":119},"image":{"@id":"https:\/\/www.ejercito.mil.uy\/index.php\/2021\/08\/19\/el-liceo-militar-desarrollo-una-jornada-de-tributo-a-tokio-2020\/#organizationLogo"}},{"@type":"Person","@id":"https:\/\/www.ejercito.mil.uy\/index.php\/author\/acastro\/#author","url":"https:\/\/www.ejercito.mil.uy\/index.php\/author\/acastro\/","name":"Alejandro Castro","image":{"@type":"ImageObject","@id":"https:\/\/www.ejercito.mil.uy\/index.php\/2021\/08\/19\/el-liceo-militar-desarrollo-una-jornada-de-tributo-a-tokio-2020\/#authorImage","url":"https:\/\/secure.gravatar.com\/avatar\/89bb77d4bf696501dd94ca89e6794e1787eaffba7c7197528d249e15bd099f68?s=96&d=mm&r=g","width":96,"height":96,"caption":"Alejandro Castro"}},{"@type":"WebPage","@id":"https:\/\/www.ejercito.mil.uy\/index.php\/2021\/08\/19\/el-liceo-militar-desarrollo-una-jornada-de-tributo-a-tokio-2020\/#webpage","url":"https:\/\/www.ejercito.mil.uy\/index.php\/2021\/08\/19\/el-liceo-militar-desarrollo-una-jornada-de-tributo-a-tokio-2020\/","name":"El Liceo Militar desarroll\u00f3 una jornada de \u201cTributo a Tokio 2020\u2033 - Ej\u00e9rcito Nacional","description":"19.08.2021 - El pasado martes, el Liceo Militar \"General Artigas\" desarroll\u00f3 una jornada de \u201cTributo a Tokio 2020\u201d, fruto del trabajo de coordinaci\u00f3n con el \u00e1rea de Educaci\u00f3n F\u00edsica, los alumnos rindieron una serie de actividades deportivas de atletismo y olimpismo.","inLanguage":"es-UY","isPartOf":{"@id":"https:\/\/www.ejercito.mil.uy\/#website"},"breadcrumb":{"@id":"https:\/\/www.ejercito.mil.uy\/index.php\/2021\/08\/19\/el-liceo-militar-desarrollo-una-jornada-de-tributo-a-tokio-2020\/#breadcrumblist"},"author":{"@id":"https:\/\/www.ejercito.mil.uy\/index.php\/author\/acastro\/#author"},"creator":{"@id":"https:\/\/www.ejercito.mil.uy\/index.php\/author\/acastro\/#author"},"image":{"@type":"ImageObject","url":"https:\/\/www.ejercito.mil.uy\/wp-content\/uploads\/2021\/08\/LMGA-jornada-de-tributo-a-Tokio-2020-5.jpg","@id":"https:\/\/www.ejercito.mil.uy\/index.php\/2021\/08\/19\/el-liceo-militar-desarrollo-una-jornada-de-tributo-a-tokio-2020\/#mainImage","width":1200,"height":800},"primaryImageOfPage":{"@id":"https:\/\/www.ejercito.mil.uy\/index.php\/2021\/08\/19\/el-liceo-militar-desarrollo-una-jornada-de-tributo-a-tokio-2020\/#mainImage"},"datePublished":"2021-08-19T14:30:00-03:00","dateModified":"2021-08-23T16:31:28-03:00"},{"@type":"WebSite","@id":"https:\/\/www.ejercito.mil.uy\/#website","url":"https:\/\/www.ejercito.mil.uy\/","name":"Ej\u00e9rcito Nacional","description":"La Fuerza de todos","inLanguage":"es-UY","publisher":{"@id":"https:\/\/www.ejercito.mil.uy\/#organization"}}]},"og:locale":"es_ES","og:site_name":"Ej\u00e9rcito Nacional - La Fuerza de todos","og:type":"article","og:title":"El Liceo Militar desarroll\u00f3 una jornada de \u201cTributo a Tokio 2020\u2033 - Ej\u00e9rcito Nacional","og:description":"19.08.2021 - El pasado martes, el Liceo Militar &quot;General Artigas&quot; desarroll\u00f3 una jornada de \u201cTributo a Tokio 2020\u201d, fruto del trabajo de coordinaci\u00f3n con el \u00e1rea de Educaci\u00f3n F\u00edsica, los alumnos rindieron una serie de actividades deportivas de atletismo y olimpismo.","og:url":"https:\/\/www.ejercito.mil.uy\/index.php\/2021\/08\/19\/el-liceo-militar-desarrollo-una-jornada-de-tributo-a-tokio-2020\/","og:image":"https:\/\/www.ejercito.mil.uy\/wp-content\/uploads\/2022\/01\/Escudo_EN_URUGUAY.png","og:image:secure_url":"https:\/\/www.ejercito.mil.uy\/wp-content\/uploads\/2022\/01\/Escudo_EN_URUGUAY.png","og:image:width":134,"og:image:height":119,"article:published_time":"2021-08-19T17:30:00+00:00","article:modified_time":"2021-08-23T19:31:28+00:00","twitter:card":"summary_large_image","twitter:title":"El Liceo Militar desarroll\u00f3 una jornada de \u201cTributo a Tokio 2020\u2033 - Ej\u00e9rcito Nacional","twitter:description":"19.08.2021 - El pasado martes, el Liceo Militar &quot;General Artigas&quot; desarroll\u00f3 una jornada de \u201cTributo a Tokio 2020\u201d, fruto del trabajo de coordinaci\u00f3n con el \u00e1rea de Educaci\u00f3n F\u00edsica, los alumnos rindieron una serie de actividades deportivas de atletismo y olimpismo.","twitter:image":"https:\/\/www.ejercito.mil.uy\/wp-content\/uploads\/2022\/01\/Escudo_EN_URUGUAY.png"},"aioseo_meta_data":{"post_id":"5643","title":null,"description":null,"keywords":null,"keyphrases":null,"primary_term":null,"canonical_url":null,"og_title":null,"og_description":null,"og_object_type":"default","og_image_type":"default","og_image_url":null,"og_image_width":null,"og_image_height":null,"og_image_custom_url":null,"og_image_custom_fields":null,"og_video":null,"og_custom_url":null,"og_article_section":null,"og_article_tags":null,"twitter_use_og":false,"twitter_card":"default","twitter_image_type":"default","twitter_image_url":null,"twitter_image_custom_url":null,"twitter_image_custom_fields":null,"twitter_title":null,"twitter_description":null,"schema":{"blockGraphs":[],"customGraphs":[],"default":{"data":{"Article":[],"Course":[],"Dataset":[],"FAQPage":[],"Movie":[],"Person":[],"Product":[],"ProductReview":[],"Car":[],"Recipe":[],"Service":[],"SoftwareApplication":[],"WebPage":[]},"graphName":"","isEnabled":true},"graphs":[]},"schema_type":"default","schema_type_options":null,"pillar_content":false,"robots_default":true,"robots_noindex":false,"robots_noarchive":false,"robots_nosnippet":false,"robots_nofollow":false,"robots_noimageindex":false,"robots_noodp":false,"robots_notranslate":false,"robots_max_snippet":null,"robots_max_videopreview":null,"robots_max_imagepreview":"large","priority":null,"frequency":null,"local_seo":null,"breadcrumb_settings":null,"limit_modified_date":false,"ai":null,"created":"2025-08-30 02:10:28","updated":"2025-08-30 02:10:28","seo_analyzer_scan_date":null,"focus_keyword":null,"additional_keywords":null,"truseo_locale":null},"aioseo_breadcrumb":"<div class=\"aioseo-breadcrumbs\"><span class=\"aioseo-breadcrumb\">\n\t\t\t<a href=\"https:\/\/www.ejercito.mil.uy\" title=\"Home\">Home<\/a>\n\t\t<\/span><span class=\"aioseo-breadcrumb-separator\">&raquo;<\/span><span class=\"aioseo-breadcrumb\">\n\t\t\t<a href=\"https:\/\/www.ejercito.mil.uy\/index.php\/category\/destacados\/\" title=\"Destacados\">Destacados<\/a>\n\t\t<\/span><span class=\"aioseo-breadcrumb-separator\">&raquo;<\/span><span class=\"aioseo-breadcrumb\">\n\t\t\t<a href=\"https:\/\/www.ejercito.mil.uy\/index.php\/category\/destacados\/noticias\/\" title=\"Noticias\">Noticias<\/a>\n\t\t<\/span><span class=\"aioseo-breadcrumb-separator\">&raquo;<\/span><span class=\"aioseo-breadcrumb\">\n\t\t\tEl Liceo Militar desarroll\u00f3 una jornada de \u201cTributo a Tokio 2020\u2033\n\t\t<\/span><\/div>","aioseo_breadcrumb_json":[{"label":"Home","link":"https:\/\/www.ejercito.mil.uy"},{"label":"Destacados","link":"https:\/\/www.ejercito.mil.uy\/index.php\/category\/destacados\/"},{"label":"Noticias","link":"https:\/\/www.ejercito.mil.uy\/index.php\/category\/destacados\/noticias\/"},{"label":"El Liceo Militar desarroll\u00f3 una jornada de \u201cTributo a Tokio 2020&#8243;","link":"https:\/\/www.ejercito.mil.uy\/index.php\/2021\/08\/19\/el-liceo-militar-desarrollo-una-jornada-de-tributo-a-tokio-2020\/"}],"_links":{"self":[{"href":"https:\/\/www.ejercito.mil.uy\/index.php\/wp-json\/wp\/v2\/posts\/5643","targetHints":{"allow":["GET"]}}],"collection":[{"href":"https:\/\/www.ejercito.mil.uy\/index.php\/wp-json\/wp\/v2\/posts"}],"about":[{"href":"https:\/\/www.ejercito.mil.uy\/index.php\/wp-json\/wp\/v2\/types\/post"}],"author":[{"embeddable":true,"href":"https:\/\/www.ejercito.mil.uy\/index.php\/wp-json\/wp\/v2\/users\/4"}],"replies":[{"embeddable":true,"href":"https:\/\/www.ejercito.mil.uy\/index.php\/wp-json\/wp\/v2\/comments?post=5643"}],"version-history":[{"count":1,"href":"https:\/\/www.ejercito.mil.uy\/index.php\/wp-json\/wp\/v2\/posts\/5643\/revisions"}],"predecessor-version":[{"id":5651,"href":"https:\/\/www.ejercito.mil.uy\/index.php\/wp-json\/wp\/v2\/posts\/5643\/revisions\/5651"}],"wp:featuredmedia":[{"embeddable":true,"href":"https:\/\/www.ejercito.mil.uy\/index.php\/wp-json\/wp\/v2\/media\/5650"}],"wp:attachment":[{"href":"https:\/\/www.ejercito.mil.uy\/index.php\/wp-json\/wp\/v2\/media?parent=5643"}],"wp:term":[{"taxonomy":"category","embeddable":true,"href":"https:\/\/www.ejercito.mil.uy\/index.php\/wp-json\/wp\/v2\/categories?post=5643"},{"taxonomy":"post_tag","embeddable":true,"href":"https:\/\/www.ejercito.mil.uy\/index.php\/wp-json\/wp\/v2\/tags?post=5643"}],"curies":[{"name":"wp","href":"https:\/\/api.w.org\/{rel}","templated":true}]}}