{"id":5660,"date":"2021-08-23T12:00:00","date_gmt":"2021-08-23T15:00:00","guid":{"rendered":"https:\/\/www.ejercito.mil.uy\/?p=5660"},"modified":"2021-08-23T17:16:05","modified_gmt":"2021-08-23T20:16:05","slug":"las-buenas-acciones-siguen-demostrando-que-juntos-podemos","status":"publish","type":"post","link":"https:\/\/www.ejercito.mil.uy\/index.php\/2021\/08\/23\/las-buenas-acciones-siguen-demostrando-que-juntos-podemos\/","title":{"rendered":"\u00a1Las buenas acciones siguen demostrando que juntos podemos!"},"content":{"rendered":"\n<p class=\"wp-block-paragraph\" style=\"font-size:14px\">23.08.2021 &#8211; Mercedes, Soriano<\/p>\n\n\n\n<div style=\"height:33px\" aria-hidden=\"true\" class=\"wp-block-spacer\"><\/div>\n\n\n\n<p class=\"wp-block-paragraph\">Desde el a\u00f1o 2020 que comenz\u00f3 la pandemia por COVID 19 y hasta el pasado 27 de julio, el <strong><a href=\"https:\/\/www.facebook.com\/Batall%C3%B3n-de-Infanter%C3%ADa-N%C2%BA-5-Uy-114033020306422\">Batall\u00f3n \u201cAsencio\u201d de Infanter\u00eda N\u00ba 5<\/a><\/strong>, todos los d\u00edas de la semana, brind\u00f3 apoyo con personal al comedor Municipal de la ciudad de Mercedes, que realizaban tareas de organizaci\u00f3n y control para evitar que los ciudadanos que concurr\u00edan a levantar viandas, no se aglomeraran. Los efectivos computaron un total de 2.800 horas de trabajo.<\/p>\n\n\n\n<div style=\"height:33px\" aria-hidden=\"true\" class=\"wp-block-spacer\"><\/div>\n\n\n\n<p class=\"wp-block-paragraph\">A su vez, se destaca la confecci\u00f3n de alimentos de cada domingo, para m\u00e1s de <strong>550 compatriotas<\/strong> (84 d\u00edas de trabajo), en la que se comput\u00f3 un total de<strong> 1.531 horas<\/strong>. Asimismo, la Unidad se hizo cargo a diario, durante 2 semanas consecutivas del comedor, debido a un brote de COVID-19 que tuvieron los funcionarios municipales encargados de elaborar y distribuir la comida. En todo el per\u00edodo, se confeccion\u00f3 un total de <strong>35.600 plazas de comida<\/strong> y se computaron 4.331 horas.<\/p>\n\n\n\n<div style=\"height:33px\" aria-hidden=\"true\" class=\"wp-block-spacer\"><\/div>\n\n\n\n<div class=\"wp-block-coblocks-gallery-carousel\"><div class=\"is-cropped coblocks-gallery has-no-alignment has-caption-style-dark has-horizontal-gutter has-lightbox\"><div class=\"has-carousel has-carousel-lrg\" style=\"height:400px\" data-flickity=\"{&quot;autoPlay&quot;:false,&quot;draggable&quot;:true,&quot;pageDots&quot;:false,&quot;prevNextButtons&quot;:true,&quot;wrapAround&quot;:true,&quot;cellAlign&quot;:&quot;center&quot;,&quot;pauseAutoPlayOnHover&quot;:false,&quot;freeScroll&quot;:false,&quot;arrowShape&quot;:{&quot;x0&quot;:10,&quot;x1&quot;:60,&quot;y1&quot;:50,&quot;x2&quot;:65,&quot;y2&quot;:45,&quot;x3&quot;:20},&quot;thumbnails&quot;:false,&quot;responsiveHeight&quot;:false}\"><div class=\"coblocks-gallery--item\"><figure class=\"coblocks-gallery--figure has-margin-left-5 has-margin-left-mobile-5 has-margin-right-5 has-margin-right-mobile-5\"><img loading=\"lazy\" decoding=\"async\" width=\"593\" height=\"395\" src=\"https:\/\/www.ejercito.mil.uy\/wp-content\/uploads\/2021\/08\/Bn.I.5-Agradecimiento-del-Intendente-de-Soriano-por-su-apoyo-1.jpg\" alt=\"\" data-id=\"5661\" data-link=\"https:\/\/www.ejercito.mil.uy\/index.php\/2021\/08\/23\/las-buenas-acciones-siguen-demostrando-que-juntos-podemos\/bn-i-5-agradecimiento-del-intendente-de-soriano-por-su-apoyo-1\/\" class=\"wp-image-5661\" srcset=\"https:\/\/www.ejercito.mil.uy\/wp-content\/uploads\/2021\/08\/Bn.I.5-Agradecimiento-del-Intendente-de-Soriano-por-su-apoyo-1.jpg 593w, https:\/\/www.ejercito.mil.uy\/wp-content\/uploads\/2021\/08\/Bn.I.5-Agradecimiento-del-Intendente-de-Soriano-por-su-apoyo-1-300x200.jpg 300w\" sizes=\"auto, (max-width: 593px) 100vw, 593px\" \/><\/figure><\/div><div class=\"coblocks-gallery--item\"><figure class=\"coblocks-gallery--figure has-margin-left-5 has-margin-left-mobile-5 has-margin-right-5 has-margin-right-mobile-5\"><img loading=\"lazy\" decoding=\"async\" width=\"1024\" height=\"683\" src=\"https:\/\/www.ejercito.mil.uy\/wp-content\/uploads\/2021\/08\/Bn.I.5-Agradecimiento-del-Intendente-de-Soriano-por-su-apoyo-2-1024x683.jpg\" alt=\"\" data-id=\"5662\" data-link=\"https:\/\/www.ejercito.mil.uy\/index.php\/2021\/08\/23\/las-buenas-acciones-siguen-demostrando-que-juntos-podemos\/bn-i-5-agradecimiento-del-intendente-de-soriano-por-su-apoyo-2\/\" class=\"wp-image-5662\" srcset=\"https:\/\/www.ejercito.mil.uy\/wp-content\/uploads\/2021\/08\/Bn.I.5-Agradecimiento-del-Intendente-de-Soriano-por-su-apoyo-2-1024x683.jpg 1024w, https:\/\/www.ejercito.mil.uy\/wp-content\/uploads\/2021\/08\/Bn.I.5-Agradecimiento-del-Intendente-de-Soriano-por-su-apoyo-2-300x200.jpg 300w, https:\/\/www.ejercito.mil.uy\/wp-content\/uploads\/2021\/08\/Bn.I.5-Agradecimiento-del-Intendente-de-Soriano-por-su-apoyo-2.jpg 1200w\" sizes=\"auto, (max-width: 1024px) 100vw, 1024px\" \/><\/figure><\/div><div class=\"coblocks-gallery--item\"><figure class=\"coblocks-gallery--figure has-margin-left-5 has-margin-left-mobile-5 has-margin-right-5 has-margin-right-mobile-5\"><img loading=\"lazy\" decoding=\"async\" width=\"1024\" height=\"683\" src=\"https:\/\/www.ejercito.mil.uy\/wp-content\/uploads\/2021\/08\/Bn.I.5-Agradecimiento-del-Intendente-de-Soriano-por-su-apoyo-3-1024x683.jpg\" alt=\"\" data-id=\"5663\" data-link=\"https:\/\/www.ejercito.mil.uy\/index.php\/2021\/08\/23\/las-buenas-acciones-siguen-demostrando-que-juntos-podemos\/bn-i-5-agradecimiento-del-intendente-de-soriano-por-su-apoyo-3\/\" class=\"wp-image-5663\" srcset=\"https:\/\/www.ejercito.mil.uy\/wp-content\/uploads\/2021\/08\/Bn.I.5-Agradecimiento-del-Intendente-de-Soriano-por-su-apoyo-3-1024x683.jpg 1024w, https:\/\/www.ejercito.mil.uy\/wp-content\/uploads\/2021\/08\/Bn.I.5-Agradecimiento-del-Intendente-de-Soriano-por-su-apoyo-3-300x200.jpg 300w, https:\/\/www.ejercito.mil.uy\/wp-content\/uploads\/2021\/08\/Bn.I.5-Agradecimiento-del-Intendente-de-Soriano-por-su-apoyo-3.jpg 1200w\" sizes=\"auto, (max-width: 1024px) 100vw, 1024px\" \/><\/figure><\/div><div class=\"coblocks-gallery--item\"><figure class=\"coblocks-gallery--figure has-margin-left-5 has-margin-left-mobile-5 has-margin-right-5 has-margin-right-mobile-5\"><img loading=\"lazy\" decoding=\"async\" width=\"1024\" height=\"683\" src=\"https:\/\/www.ejercito.mil.uy\/wp-content\/uploads\/2021\/08\/Bn.I.5-Agradecimiento-del-Intendente-de-Soriano-por-su-apoyo-4-1024x683.jpg\" alt=\"\" data-id=\"5664\" data-link=\"https:\/\/www.ejercito.mil.uy\/index.php\/2021\/08\/23\/las-buenas-acciones-siguen-demostrando-que-juntos-podemos\/bn-i-5-agradecimiento-del-intendente-de-soriano-por-su-apoyo-4\/\" class=\"wp-image-5664\" srcset=\"https:\/\/www.ejercito.mil.uy\/wp-content\/uploads\/2021\/08\/Bn.I.5-Agradecimiento-del-Intendente-de-Soriano-por-su-apoyo-4-1024x683.jpg 1024w, https:\/\/www.ejercito.mil.uy\/wp-content\/uploads\/2021\/08\/Bn.I.5-Agradecimiento-del-Intendente-de-Soriano-por-su-apoyo-4-300x200.jpg 300w, https:\/\/www.ejercito.mil.uy\/wp-content\/uploads\/2021\/08\/Bn.I.5-Agradecimiento-del-Intendente-de-Soriano-por-su-apoyo-4.jpg 1200w\" sizes=\"auto, (max-width: 1024px) 100vw, 1024px\" \/><\/figure><\/div><div class=\"coblocks-gallery--item\"><figure class=\"coblocks-gallery--figure has-margin-left-5 has-margin-left-mobile-5 has-margin-right-5 has-margin-right-mobile-5\"><img loading=\"lazy\" decoding=\"async\" width=\"1024\" height=\"683\" src=\"https:\/\/www.ejercito.mil.uy\/wp-content\/uploads\/2021\/08\/Bn.I.5-Agradecimiento-del-Intendente-de-Soriano-por-su-apoyo-5-1024x683.jpg\" alt=\"\" data-id=\"5665\" data-link=\"https:\/\/www.ejercito.mil.uy\/index.php\/2021\/08\/23\/las-buenas-acciones-siguen-demostrando-que-juntos-podemos\/bn-i-5-agradecimiento-del-intendente-de-soriano-por-su-apoyo-5\/\" class=\"wp-image-5665\" srcset=\"https:\/\/www.ejercito.mil.uy\/wp-content\/uploads\/2021\/08\/Bn.I.5-Agradecimiento-del-Intendente-de-Soriano-por-su-apoyo-5-1024x683.jpg 1024w, https:\/\/www.ejercito.mil.uy\/wp-content\/uploads\/2021\/08\/Bn.I.5-Agradecimiento-del-Intendente-de-Soriano-por-su-apoyo-5-300x200.jpg 300w, https:\/\/www.ejercito.mil.uy\/wp-content\/uploads\/2021\/08\/Bn.I.5-Agradecimiento-del-Intendente-de-Soriano-por-su-apoyo-5.jpg 1200w\" sizes=\"auto, (max-width: 1024px) 100vw, 1024px\" \/><\/figure><\/div><div class=\"coblocks-gallery--item\"><figure class=\"coblocks-gallery--figure has-margin-left-5 has-margin-left-mobile-5 has-margin-right-5 has-margin-right-mobile-5\"><img loading=\"lazy\" decoding=\"async\" width=\"1024\" height=\"683\" src=\"https:\/\/www.ejercito.mil.uy\/wp-content\/uploads\/2021\/08\/Bn.I.5-Agradecimiento-del-Intendente-de-Soriano-por-su-apoyo-6-1024x683.jpg\" alt=\"\" data-id=\"5666\" data-link=\"https:\/\/www.ejercito.mil.uy\/index.php\/2021\/08\/23\/las-buenas-acciones-siguen-demostrando-que-juntos-podemos\/bn-i-5-agradecimiento-del-intendente-de-soriano-por-su-apoyo-6\/\" class=\"wp-image-5666\" srcset=\"https:\/\/www.ejercito.mil.uy\/wp-content\/uploads\/2021\/08\/Bn.I.5-Agradecimiento-del-Intendente-de-Soriano-por-su-apoyo-6-1024x683.jpg 1024w, https:\/\/www.ejercito.mil.uy\/wp-content\/uploads\/2021\/08\/Bn.I.5-Agradecimiento-del-Intendente-de-Soriano-por-su-apoyo-6-300x200.jpg 300w, https:\/\/www.ejercito.mil.uy\/wp-content\/uploads\/2021\/08\/Bn.I.5-Agradecimiento-del-Intendente-de-Soriano-por-su-apoyo-6.jpg 1200w\" sizes=\"auto, (max-width: 1024px) 100vw, 1024px\" \/><\/figure><\/div><\/div><\/div><\/div>\n\n\n\n<div style=\"height:39px\" aria-hidden=\"true\" class=\"wp-block-spacer\"><\/div>\n\n\n\n<p class=\"wp-block-paragraph\">Fueron m\u00e1s de <strong>500 d\u00edas de apoyo ininterrumpido<\/strong>, por lo cual, el Sr.<strong> <a href=\"https:\/\/www.facebook.com\/intendenciasoriano\/\">Intendente de Soriano<\/a>, Guillermo Besozzi<\/strong>, envi\u00f3 al Batall\u00f3n una nota de agradecimiento y reconocimiento al importante trabajo que realiz\u00f3 el personal militar en pos de cumplir con las medidas de distanciamiento social, tendiendo una mano en bienestar de la poblaci\u00f3n local.<\/p>\n\n\n\n<div style=\"height:39px\" aria-hidden=\"true\" class=\"wp-block-spacer\"><\/div>\n\n\n\n<div class=\"wp-block-image\"><figure class=\"aligncenter size-large\"><img loading=\"lazy\" decoding=\"async\" width=\"745\" height=\"1024\" src=\"https:\/\/www.ejercito.mil.uy\/wp-content\/uploads\/2021\/08\/Bn.I.5-Agradecimiento-del-Intendente-de-Soriano-por-su-apoyo-7-745x1024.jpg\" alt=\"\" class=\"wp-image-5673\" srcset=\"https:\/\/www.ejercito.mil.uy\/wp-content\/uploads\/2021\/08\/Bn.I.5-Agradecimiento-del-Intendente-de-Soriano-por-su-apoyo-7-745x1024.jpg 745w, https:\/\/www.ejercito.mil.uy\/wp-content\/uploads\/2021\/08\/Bn.I.5-Agradecimiento-del-Intendente-de-Soriano-por-su-apoyo-7-218x300.jpg 218w, https:\/\/www.ejercito.mil.uy\/wp-content\/uploads\/2021\/08\/Bn.I.5-Agradecimiento-del-Intendente-de-Soriano-por-su-apoyo-7.jpg 1489w\" sizes=\"auto, (max-width: 745px) 100vw, 745px\" \/><\/figure><\/div>\n\n\n\n<div style=\"height:33px\" aria-hidden=\"true\" class=\"wp-block-spacer\"><\/div>\n\n\n\n<div style=\"height:100px\" aria-hidden=\"true\" class=\"wp-block-spacer\"><\/div>\n","protected":false},"excerpt":{"rendered":"<p>23.08.2021 &#8211; Desde el a\u00f1o 2020 que comenz\u00f3 la pandemia por COVID 19 y hasta el pasado 27 de julio, el Batall\u00f3n \u201cAsencio\u201d de Infanter\u00eda N\u00ba 5, todos los d\u00edas de la semana, brind\u00f3 apoyo con personal al comedor Municipal de la ciudad de Mercedes, que realizaban tareas de organizaci\u00f3n y control para evitar que los ciudadanos que concurr\u00edan a levantar viandas, no se aglomeraran. Los efectivos computaron un total de 2.800 horas de trabajo.<\/p>\n","protected":false},"author":4,"featured_media":5667,"comment_status":"open","ping_status":"open","sticky":false,"template":"","format":"standard","meta":{"_coblocks_attr":"","_coblocks_dimensions":"","_coblocks_responsive_height":"","_coblocks_accordion_ie_support":"","_monsterinsights_skip_tracking":false,"_uf_show_specific_survey":0,"_uf_disable_surveys":false,"footnotes":""},"categories":[2,10,14],"tags":[27,32,82,25,37],"class_list":["post-5660","post","type-post","status-publish","format-standard","has-post-thumbnail","hentry","category-blog","category-destacados","category-noticias","tag-apoyo","tag-bienestar","tag-comida","tag-covid","tag-sociedad"],"aioseo_notices":[],"aioseo_head":"\n\t\t<!-- All in One SEO 5.0.1.1 - aioseo.com -->\n\t<meta name=\"description\" content=\"23.08.2021 - Desde el a\u00f1o 2020 que comenz\u00f3 la pandemia por COVID 19 y hasta el pasado 27 de julio, el Batall\u00f3n \u201cAsencio\u201d de Infanter\u00eda N\u00ba 5, todos los d\u00edas de la semana, brind\u00f3 apoyo con personal al comedor Municipal de la ciudad de Mercedes, que realizaban tareas de organizaci\u00f3n y control para evitar que los ciudadanos que concurr\u00edan a levantar viandas, no se aglomeraran. Los efectivos computaron un total de 2.800 horas de trabajo.\" \/>\n\t<meta name=\"robots\" content=\"max-image-preview:large\" \/>\n\t<meta name=\"author\" content=\"Alejandro Castro\"\/>\n\t<link rel=\"canonical\" href=\"https:\/\/www.ejercito.mil.uy\/index.php\/2021\/08\/23\/las-buenas-acciones-siguen-demostrando-que-juntos-podemos\/\" \/>\n\t<meta name=\"generator\" content=\"All in One SEO (AIOSEO) 5.0.1.1\" \/>\n\t\t<meta property=\"og:locale\" content=\"es_ES\" \/>\n\t\t<meta property=\"og:site_name\" content=\"Ej\u00e9rcito Nacional - La Fuerza de todos\" \/>\n\t\t<meta property=\"og:type\" content=\"article\" \/>\n\t\t<meta property=\"og:title\" content=\"\u00a1Las buenas acciones siguen demostrando que juntos podemos! - Ej\u00e9rcito Nacional\" \/>\n\t\t<meta property=\"og:description\" content=\"23.08.2021 - Desde el a\u00f1o 2020 que comenz\u00f3 la pandemia por COVID 19 y hasta el pasado 27 de julio, el Batall\u00f3n \u201cAsencio\u201d de Infanter\u00eda N\u00ba 5, todos los d\u00edas de la semana, brind\u00f3 apoyo con personal al comedor Municipal de la ciudad de Mercedes, que realizaban tareas de organizaci\u00f3n y control para evitar que los ciudadanos que concurr\u00edan a levantar viandas, no se aglomeraran. Los efectivos computaron un total de 2.800 horas de trabajo.\" \/>\n\t\t<meta property=\"og:url\" content=\"https:\/\/www.ejercito.mil.uy\/index.php\/2021\/08\/23\/las-buenas-acciones-siguen-demostrando-que-juntos-podemos\/\" \/>\n\t\t<meta property=\"og:image\" content=\"https:\/\/www.ejercito.mil.uy\/wp-content\/uploads\/2022\/01\/Escudo_EN_URUGUAY.png\" \/>\n\t\t<meta property=\"og:image:secure_url\" content=\"https:\/\/www.ejercito.mil.uy\/wp-content\/uploads\/2022\/01\/Escudo_EN_URUGUAY.png\" \/>\n\t\t<meta property=\"og:image:width\" content=\"134\" \/>\n\t\t<meta property=\"og:image:height\" content=\"119\" \/>\n\t\t<meta property=\"article:published_time\" content=\"2021-08-23T15:00:00+00:00\" \/>\n\t\t<meta property=\"article:modified_time\" content=\"2021-08-23T20:16:05+00:00\" \/>\n\t\t<meta name=\"twitter:card\" content=\"summary_large_image\" \/>\n\t\t<meta name=\"twitter:title\" content=\"\u00a1Las buenas acciones siguen demostrando que juntos podemos! - Ej\u00e9rcito Nacional\" \/>\n\t\t<meta name=\"twitter:description\" content=\"23.08.2021 - Desde el a\u00f1o 2020 que comenz\u00f3 la pandemia por COVID 19 y hasta el pasado 27 de julio, el Batall\u00f3n \u201cAsencio\u201d de Infanter\u00eda N\u00ba 5, todos los d\u00edas de la semana, brind\u00f3 apoyo con personal al comedor Municipal de la ciudad de Mercedes, que realizaban tareas de organizaci\u00f3n y control para evitar que los ciudadanos que concurr\u00edan a levantar viandas, no se aglomeraran. Los efectivos computaron un total de 2.800 horas de trabajo.\" \/>\n\t\t<meta name=\"twitter:image\" content=\"https:\/\/www.ejercito.mil.uy\/wp-content\/uploads\/2022\/01\/Escudo_EN_URUGUAY.png\" \/>\n\t\t<script type=\"application\/ld+json\" class=\"aioseo-schema\">\n\t\t\t{\"@context\":\"https:\\\/\\\/schema.org\",\"@graph\":[{\"@type\":\"BlogPosting\",\"@id\":\"https:\\\/\\\/www.ejercito.mil.uy\\\/index.php\\\/2021\\\/08\\\/23\\\/las-buenas-acciones-siguen-demostrando-que-juntos-podemos\\\/#blogposting\",\"name\":\"\\u00a1Las buenas acciones siguen demostrando que juntos podemos! - Ej\\u00e9rcito Nacional\",\"headline\":\"\\u00a1Las buenas acciones siguen demostrando que juntos podemos!\",\"author\":{\"@id\":\"https:\\\/\\\/www.ejercito.mil.uy\\\/index.php\\\/author\\\/acastro\\\/#author\"},\"publisher\":{\"@id\":\"https:\\\/\\\/www.ejercito.mil.uy\\\/#organization\"},\"image\":{\"@type\":\"ImageObject\",\"url\":\"https:\\\/\\\/www.ejercito.mil.uy\\\/wp-content\\\/uploads\\\/2021\\\/08\\\/Bn.I.5-Agradecimiento-del-Intendente-de-Soriano-por-su-apoyo.jpg\",\"width\":1200,\"height\":800},\"datePublished\":\"2021-08-23T12:00:00-03:00\",\"dateModified\":\"2021-08-23T17:16:05-03:00\",\"inLanguage\":\"es-UY\",\"mainEntityOfPage\":{\"@id\":\"https:\\\/\\\/www.ejercito.mil.uy\\\/index.php\\\/2021\\\/08\\\/23\\\/las-buenas-acciones-siguen-demostrando-que-juntos-podemos\\\/#webpage\"},\"isPartOf\":{\"@id\":\"https:\\\/\\\/www.ejercito.mil.uy\\\/index.php\\\/2021\\\/08\\\/23\\\/las-buenas-acciones-siguen-demostrando-que-juntos-podemos\\\/#webpage\"},\"articleSection\":\"Blog, Destacados, Noticias, apoyo, bienestar, comida, covid, sociedad\"},{\"@type\":\"BreadcrumbList\",\"@id\":\"https:\\\/\\\/www.ejercito.mil.uy\\\/index.php\\\/2021\\\/08\\\/23\\\/las-buenas-acciones-siguen-demostrando-que-juntos-podemos\\\/#breadcrumblist\",\"itemListElement\":[{\"@type\":\"ListItem\",\"@id\":\"https:\\\/\\\/www.ejercito.mil.uy#listItem\",\"position\":1,\"name\":\"Home\",\"item\":\"https:\\\/\\\/www.ejercito.mil.uy\",\"nextItem\":{\"@type\":\"ListItem\",\"@id\":\"https:\\\/\\\/www.ejercito.mil.uy\\\/index.php\\\/category\\\/destacados\\\/#listItem\",\"name\":\"Destacados\"}},{\"@type\":\"ListItem\",\"@id\":\"https:\\\/\\\/www.ejercito.mil.uy\\\/index.php\\\/category\\\/destacados\\\/#listItem\",\"position\":2,\"name\":\"Destacados\",\"item\":\"https:\\\/\\\/www.ejercito.mil.uy\\\/index.php\\\/category\\\/destacados\\\/\",\"nextItem\":{\"@type\":\"ListItem\",\"@id\":\"https:\\\/\\\/www.ejercito.mil.uy\\\/index.php\\\/category\\\/destacados\\\/noticias\\\/#listItem\",\"name\":\"Noticias\"},\"previousItem\":{\"@type\":\"ListItem\",\"@id\":\"https:\\\/\\\/www.ejercito.mil.uy#listItem\",\"name\":\"Home\"}},{\"@type\":\"ListItem\",\"@id\":\"https:\\\/\\\/www.ejercito.mil.uy\\\/index.php\\\/category\\\/destacados\\\/noticias\\\/#listItem\",\"position\":3,\"name\":\"Noticias\",\"item\":\"https:\\\/\\\/www.ejercito.mil.uy\\\/index.php\\\/category\\\/destacados\\\/noticias\\\/\",\"nextItem\":{\"@type\":\"ListItem\",\"@id\":\"https:\\\/\\\/www.ejercito.mil.uy\\\/index.php\\\/2021\\\/08\\\/23\\\/las-buenas-acciones-siguen-demostrando-que-juntos-podemos\\\/#listItem\",\"name\":\"\\u00a1Las buenas acciones siguen demostrando que juntos podemos!\"},\"previousItem\":{\"@type\":\"ListItem\",\"@id\":\"https:\\\/\\\/www.ejercito.mil.uy\\\/index.php\\\/category\\\/destacados\\\/#listItem\",\"name\":\"Destacados\"}},{\"@type\":\"ListItem\",\"@id\":\"https:\\\/\\\/www.ejercito.mil.uy\\\/index.php\\\/2021\\\/08\\\/23\\\/las-buenas-acciones-siguen-demostrando-que-juntos-podemos\\\/#listItem\",\"position\":4,\"name\":\"\\u00a1Las buenas acciones siguen demostrando que juntos podemos!\",\"previousItem\":{\"@type\":\"ListItem\",\"@id\":\"https:\\\/\\\/www.ejercito.mil.uy\\\/index.php\\\/category\\\/destacados\\\/noticias\\\/#listItem\",\"name\":\"Noticias\"}}]},{\"@type\":\"Organization\",\"@id\":\"https:\\\/\\\/www.ejercito.mil.uy\\\/#organization\",\"name\":\"Ej\\u00e9rcito Nacional\",\"description\":\"La Fuerza de todos\",\"url\":\"https:\\\/\\\/www.ejercito.mil.uy\\\/\",\"logo\":{\"@type\":\"ImageObject\",\"url\":\"https:\\\/\\\/www.ejercito.mil.uy\\\/wp-content\\\/uploads\\\/2022\\\/01\\\/Escudo_EN_URUGUAY.png\",\"@id\":\"https:\\\/\\\/www.ejercito.mil.uy\\\/index.php\\\/2021\\\/08\\\/23\\\/las-buenas-acciones-siguen-demostrando-que-juntos-podemos\\\/#organizationLogo\",\"width\":134,\"height\":119},\"image\":{\"@id\":\"https:\\\/\\\/www.ejercito.mil.uy\\\/index.php\\\/2021\\\/08\\\/23\\\/las-buenas-acciones-siguen-demostrando-que-juntos-podemos\\\/#organizationLogo\"}},{\"@type\":\"Person\",\"@id\":\"https:\\\/\\\/www.ejercito.mil.uy\\\/index.php\\\/author\\\/acastro\\\/#author\",\"url\":\"https:\\\/\\\/www.ejercito.mil.uy\\\/index.php\\\/author\\\/acastro\\\/\",\"name\":\"Alejandro Castro\",\"image\":{\"@type\":\"ImageObject\",\"@id\":\"https:\\\/\\\/www.ejercito.mil.uy\\\/index.php\\\/2021\\\/08\\\/23\\\/las-buenas-acciones-siguen-demostrando-que-juntos-podemos\\\/#authorImage\",\"url\":\"https:\\\/\\\/secure.gravatar.com\\\/avatar\\\/89bb77d4bf696501dd94ca89e6794e1787eaffba7c7197528d249e15bd099f68?s=96&d=mm&r=g\",\"width\":96,\"height\":96,\"caption\":\"Alejandro Castro\"}},{\"@type\":\"WebPage\",\"@id\":\"https:\\\/\\\/www.ejercito.mil.uy\\\/index.php\\\/2021\\\/08\\\/23\\\/las-buenas-acciones-siguen-demostrando-que-juntos-podemos\\\/#webpage\",\"url\":\"https:\\\/\\\/www.ejercito.mil.uy\\\/index.php\\\/2021\\\/08\\\/23\\\/las-buenas-acciones-siguen-demostrando-que-juntos-podemos\\\/\",\"name\":\"\\u00a1Las buenas acciones siguen demostrando que juntos podemos! - Ej\\u00e9rcito Nacional\",\"description\":\"23.08.2021 - Desde el a\\u00f1o 2020 que comenz\\u00f3 la pandemia por COVID 19 y hasta el pasado 27 de julio, el Batall\\u00f3n \\u201cAsencio\\u201d de Infanter\\u00eda N\\u00ba 5, todos los d\\u00edas de la semana, brind\\u00f3 apoyo con personal al comedor Municipal de la ciudad de Mercedes, que realizaban tareas de organizaci\\u00f3n y control para evitar que los ciudadanos que concurr\\u00edan a levantar viandas, no se aglomeraran. Los efectivos computaron un total de 2.800 horas de trabajo.\",\"inLanguage\":\"es-UY\",\"isPartOf\":{\"@id\":\"https:\\\/\\\/www.ejercito.mil.uy\\\/#website\"},\"breadcrumb\":{\"@id\":\"https:\\\/\\\/www.ejercito.mil.uy\\\/index.php\\\/2021\\\/08\\\/23\\\/las-buenas-acciones-siguen-demostrando-que-juntos-podemos\\\/#breadcrumblist\"},\"author\":{\"@id\":\"https:\\\/\\\/www.ejercito.mil.uy\\\/index.php\\\/author\\\/acastro\\\/#author\"},\"creator\":{\"@id\":\"https:\\\/\\\/www.ejercito.mil.uy\\\/index.php\\\/author\\\/acastro\\\/#author\"},\"image\":{\"@type\":\"ImageObject\",\"url\":\"https:\\\/\\\/www.ejercito.mil.uy\\\/wp-content\\\/uploads\\\/2021\\\/08\\\/Bn.I.5-Agradecimiento-del-Intendente-de-Soriano-por-su-apoyo.jpg\",\"@id\":\"https:\\\/\\\/www.ejercito.mil.uy\\\/index.php\\\/2021\\\/08\\\/23\\\/las-buenas-acciones-siguen-demostrando-que-juntos-podemos\\\/#mainImage\",\"width\":1200,\"height\":800},\"primaryImageOfPage\":{\"@id\":\"https:\\\/\\\/www.ejercito.mil.uy\\\/index.php\\\/2021\\\/08\\\/23\\\/las-buenas-acciones-siguen-demostrando-que-juntos-podemos\\\/#mainImage\"},\"datePublished\":\"2021-08-23T12:00:00-03:00\",\"dateModified\":\"2021-08-23T17:16:05-03:00\"},{\"@type\":\"WebSite\",\"@id\":\"https:\\\/\\\/www.ejercito.mil.uy\\\/#website\",\"url\":\"https:\\\/\\\/www.ejercito.mil.uy\\\/\",\"name\":\"Ej\\u00e9rcito Nacional\",\"description\":\"La Fuerza de todos\",\"inLanguage\":\"es-UY\",\"publisher\":{\"@id\":\"https:\\\/\\\/www.ejercito.mil.uy\\\/#organization\"}}]}\n\t\t<\/script>\n\t\t<!-- All in One SEO -->\n\n","aioseo_head_json":{"title":"\u00a1Las buenas acciones siguen demostrando que juntos podemos! - Ej\u00e9rcito Nacional","description":"23.08.2021 - Desde el a\u00f1o 2020 que comenz\u00f3 la pandemia por COVID 19 y hasta el pasado 27 de julio, el Batall\u00f3n \u201cAsencio\u201d de Infanter\u00eda N\u00ba 5, todos los d\u00edas de la semana, brind\u00f3 apoyo con personal al comedor Municipal de la ciudad de Mercedes, que realizaban tareas de organizaci\u00f3n y control para evitar que los ciudadanos que concurr\u00edan a levantar viandas, no se aglomeraran. Los efectivos computaron un total de 2.800 horas de trabajo.","canonical_url":"https:\/\/www.ejercito.mil.uy\/index.php\/2021\/08\/23\/las-buenas-acciones-siguen-demostrando-que-juntos-podemos\/","robots":"max-image-preview:large","keywords":"","webmasterTools":{"miscellaneous":""},"schema":{"@context":"https:\/\/schema.org","@graph":[{"@type":"BlogPosting","@id":"https:\/\/www.ejercito.mil.uy\/index.php\/2021\/08\/23\/las-buenas-acciones-siguen-demostrando-que-juntos-podemos\/#blogposting","name":"\u00a1Las buenas acciones siguen demostrando que juntos podemos! - Ej\u00e9rcito Nacional","headline":"\u00a1Las buenas acciones siguen demostrando que juntos podemos!","author":{"@id":"https:\/\/www.ejercito.mil.uy\/index.php\/author\/acastro\/#author"},"publisher":{"@id":"https:\/\/www.ejercito.mil.uy\/#organization"},"image":{"@type":"ImageObject","url":"https:\/\/www.ejercito.mil.uy\/wp-content\/uploads\/2021\/08\/Bn.I.5-Agradecimiento-del-Intendente-de-Soriano-por-su-apoyo.jpg","width":1200,"height":800},"datePublished":"2021-08-23T12:00:00-03:00","dateModified":"2021-08-23T17:16:05-03:00","inLanguage":"es-UY","mainEntityOfPage":{"@id":"https:\/\/www.ejercito.mil.uy\/index.php\/2021\/08\/23\/las-buenas-acciones-siguen-demostrando-que-juntos-podemos\/#webpage"},"isPartOf":{"@id":"https:\/\/www.ejercito.mil.uy\/index.php\/2021\/08\/23\/las-buenas-acciones-siguen-demostrando-que-juntos-podemos\/#webpage"},"articleSection":"Blog, Destacados, Noticias, apoyo, bienestar, comida, covid, sociedad"},{"@type":"BreadcrumbList","@id":"https:\/\/www.ejercito.mil.uy\/index.php\/2021\/08\/23\/las-buenas-acciones-siguen-demostrando-que-juntos-podemos\/#breadcrumblist","itemListElement":[{"@type":"ListItem","@id":"https:\/\/www.ejercito.mil.uy#listItem","position":1,"name":"Home","item":"https:\/\/www.ejercito.mil.uy","nextItem":{"@type":"ListItem","@id":"https:\/\/www.ejercito.mil.uy\/index.php\/category\/destacados\/#listItem","name":"Destacados"}},{"@type":"ListItem","@id":"https:\/\/www.ejercito.mil.uy\/index.php\/category\/destacados\/#listItem","position":2,"name":"Destacados","item":"https:\/\/www.ejercito.mil.uy\/index.php\/category\/destacados\/","nextItem":{"@type":"ListItem","@id":"https:\/\/www.ejercito.mil.uy\/index.php\/category\/destacados\/noticias\/#listItem","name":"Noticias"},"previousItem":{"@type":"ListItem","@id":"https:\/\/www.ejercito.mil.uy#listItem","name":"Home"}},{"@type":"ListItem","@id":"https:\/\/www.ejercito.mil.uy\/index.php\/category\/destacados\/noticias\/#listItem","position":3,"name":"Noticias","item":"https:\/\/www.ejercito.mil.uy\/index.php\/category\/destacados\/noticias\/","nextItem":{"@type":"ListItem","@id":"https:\/\/www.ejercito.mil.uy\/index.php\/2021\/08\/23\/las-buenas-acciones-siguen-demostrando-que-juntos-podemos\/#listItem","name":"\u00a1Las buenas acciones siguen demostrando que juntos podemos!"},"previousItem":{"@type":"ListItem","@id":"https:\/\/www.ejercito.mil.uy\/index.php\/category\/destacados\/#listItem","name":"Destacados"}},{"@type":"ListItem","@id":"https:\/\/www.ejercito.mil.uy\/index.php\/2021\/08\/23\/las-buenas-acciones-siguen-demostrando-que-juntos-podemos\/#listItem","position":4,"name":"\u00a1Las buenas acciones siguen demostrando que juntos podemos!","previousItem":{"@type":"ListItem","@id":"https:\/\/www.ejercito.mil.uy\/index.php\/category\/destacados\/noticias\/#listItem","name":"Noticias"}}]},{"@type":"Organization","@id":"https:\/\/www.ejercito.mil.uy\/#organization","name":"Ej\u00e9rcito Nacional","description":"La Fuerza de todos","url":"https:\/\/www.ejercito.mil.uy\/","logo":{"@type":"ImageObject","url":"https:\/\/www.ejercito.mil.uy\/wp-content\/uploads\/2022\/01\/Escudo_EN_URUGUAY.png","@id":"https:\/\/www.ejercito.mil.uy\/index.php\/2021\/08\/23\/las-buenas-acciones-siguen-demostrando-que-juntos-podemos\/#organizationLogo","width":134,"height":119},"image":{"@id":"https:\/\/www.ejercito.mil.uy\/index.php\/2021\/08\/23\/las-buenas-acciones-siguen-demostrando-que-juntos-podemos\/#organizationLogo"}},{"@type":"Person","@id":"https:\/\/www.ejercito.mil.uy\/index.php\/author\/acastro\/#author","url":"https:\/\/www.ejercito.mil.uy\/index.php\/author\/acastro\/","name":"Alejandro Castro","image":{"@type":"ImageObject","@id":"https:\/\/www.ejercito.mil.uy\/index.php\/2021\/08\/23\/las-buenas-acciones-siguen-demostrando-que-juntos-podemos\/#authorImage","url":"https:\/\/secure.gravatar.com\/avatar\/89bb77d4bf696501dd94ca89e6794e1787eaffba7c7197528d249e15bd099f68?s=96&d=mm&r=g","width":96,"height":96,"caption":"Alejandro Castro"}},{"@type":"WebPage","@id":"https:\/\/www.ejercito.mil.uy\/index.php\/2021\/08\/23\/las-buenas-acciones-siguen-demostrando-que-juntos-podemos\/#webpage","url":"https:\/\/www.ejercito.mil.uy\/index.php\/2021\/08\/23\/las-buenas-acciones-siguen-demostrando-que-juntos-podemos\/","name":"\u00a1Las buenas acciones siguen demostrando que juntos podemos! - Ej\u00e9rcito Nacional","description":"23.08.2021 - Desde el a\u00f1o 2020 que comenz\u00f3 la pandemia por COVID 19 y hasta el pasado 27 de julio, el Batall\u00f3n \u201cAsencio\u201d de Infanter\u00eda N\u00ba 5, todos los d\u00edas de la semana, brind\u00f3 apoyo con personal al comedor Municipal de la ciudad de Mercedes, que realizaban tareas de organizaci\u00f3n y control para evitar que los ciudadanos que concurr\u00edan a levantar viandas, no se aglomeraran. Los efectivos computaron un total de 2.800 horas de trabajo.","inLanguage":"es-UY","isPartOf":{"@id":"https:\/\/www.ejercito.mil.uy\/#website"},"breadcrumb":{"@id":"https:\/\/www.ejercito.mil.uy\/index.php\/2021\/08\/23\/las-buenas-acciones-siguen-demostrando-que-juntos-podemos\/#breadcrumblist"},"author":{"@id":"https:\/\/www.ejercito.mil.uy\/index.php\/author\/acastro\/#author"},"creator":{"@id":"https:\/\/www.ejercito.mil.uy\/index.php\/author\/acastro\/#author"},"image":{"@type":"ImageObject","url":"https:\/\/www.ejercito.mil.uy\/wp-content\/uploads\/2021\/08\/Bn.I.5-Agradecimiento-del-Intendente-de-Soriano-por-su-apoyo.jpg","@id":"https:\/\/www.ejercito.mil.uy\/index.php\/2021\/08\/23\/las-buenas-acciones-siguen-demostrando-que-juntos-podemos\/#mainImage","width":1200,"height":800},"primaryImageOfPage":{"@id":"https:\/\/www.ejercito.mil.uy\/index.php\/2021\/08\/23\/las-buenas-acciones-siguen-demostrando-que-juntos-podemos\/#mainImage"},"datePublished":"2021-08-23T12:00:00-03:00","dateModified":"2021-08-23T17:16:05-03:00"},{"@type":"WebSite","@id":"https:\/\/www.ejercito.mil.uy\/#website","url":"https:\/\/www.ejercito.mil.uy\/","name":"Ej\u00e9rcito Nacional","description":"La Fuerza de todos","inLanguage":"es-UY","publisher":{"@id":"https:\/\/www.ejercito.mil.uy\/#organization"}}]},"og:locale":"es_ES","og:site_name":"Ej\u00e9rcito Nacional - La Fuerza de todos","og:type":"article","og:title":"\u00a1Las buenas acciones siguen demostrando que juntos podemos! - Ej\u00e9rcito Nacional","og:description":"23.08.2021 - Desde el a\u00f1o 2020 que comenz\u00f3 la pandemia por COVID 19 y hasta el pasado 27 de julio, el Batall\u00f3n \u201cAsencio\u201d de Infanter\u00eda N\u00ba 5, todos los d\u00edas de la semana, brind\u00f3 apoyo con personal al comedor Municipal de la ciudad de Mercedes, que realizaban tareas de organizaci\u00f3n y control para evitar que los ciudadanos que concurr\u00edan a levantar viandas, no se aglomeraran. Los efectivos computaron un total de 2.800 horas de trabajo.","og:url":"https:\/\/www.ejercito.mil.uy\/index.php\/2021\/08\/23\/las-buenas-acciones-siguen-demostrando-que-juntos-podemos\/","og:image":"https:\/\/www.ejercito.mil.uy\/wp-content\/uploads\/2022\/01\/Escudo_EN_URUGUAY.png","og:image:secure_url":"https:\/\/www.ejercito.mil.uy\/wp-content\/uploads\/2022\/01\/Escudo_EN_URUGUAY.png","og:image:width":134,"og:image:height":119,"article:published_time":"2021-08-23T15:00:00+00:00","article:modified_time":"2021-08-23T20:16:05+00:00","twitter:card":"summary_large_image","twitter:title":"\u00a1Las buenas acciones siguen demostrando que juntos podemos! - Ej\u00e9rcito Nacional","twitter:description":"23.08.2021 - Desde el a\u00f1o 2020 que comenz\u00f3 la pandemia por COVID 19 y hasta el pasado 27 de julio, el Batall\u00f3n \u201cAsencio\u201d de Infanter\u00eda N\u00ba 5, todos los d\u00edas de la semana, brind\u00f3 apoyo con personal al comedor Municipal de la ciudad de Mercedes, que realizaban tareas de organizaci\u00f3n y control para evitar que los ciudadanos que concurr\u00edan a levantar viandas, no se aglomeraran. Los efectivos computaron un total de 2.800 horas de trabajo.","twitter:image":"https:\/\/www.ejercito.mil.uy\/wp-content\/uploads\/2022\/01\/Escudo_EN_URUGUAY.png"},"aioseo_meta_data":{"post_id":"5660","title":null,"description":null,"keywords":null,"keyphrases":null,"primary_term":null,"canonical_url":null,"og_title":null,"og_description":null,"og_object_type":"default","og_image_type":"default","og_image_url":null,"og_image_width":null,"og_image_height":null,"og_image_custom_url":null,"og_image_custom_fields":null,"og_video":null,"og_custom_url":null,"og_article_section":null,"og_article_tags":null,"twitter_use_og":false,"twitter_card":"default","twitter_image_type":"default","twitter_image_url":null,"twitter_image_custom_url":null,"twitter_image_custom_fields":null,"twitter_title":null,"twitter_description":null,"schema":{"blockGraphs":[],"customGraphs":[],"default":{"data":{"Article":[],"Course":[],"Dataset":[],"FAQPage":[],"Movie":[],"Person":[],"Product":[],"ProductReview":[],"Car":[],"Recipe":[],"Service":[],"SoftwareApplication":[],"WebPage":[]},"graphName":"","isEnabled":true},"graphs":[]},"schema_type":"default","schema_type_options":null,"pillar_content":false,"robots_default":true,"robots_noindex":false,"robots_noarchive":false,"robots_nosnippet":false,"robots_nofollow":false,"robots_noimageindex":false,"robots_noodp":false,"robots_notranslate":false,"robots_max_snippet":null,"robots_max_videopreview":null,"robots_max_imagepreview":"large","priority":null,"frequency":null,"local_seo":null,"breadcrumb_settings":null,"limit_modified_date":false,"ai":null,"created":"2025-08-30 02:10:28","updated":"2025-08-30 02:10:28","seo_analyzer_scan_date":null,"focus_keyword":null,"additional_keywords":null,"truseo_locale":null},"aioseo_breadcrumb":"<div class=\"aioseo-breadcrumbs\"><span class=\"aioseo-breadcrumb\">\n\t\t\t<a href=\"https:\/\/www.ejercito.mil.uy\" title=\"Home\">Home<\/a>\n\t\t<\/span><span class=\"aioseo-breadcrumb-separator\">&raquo;<\/span><span class=\"aioseo-breadcrumb\">\n\t\t\t<a href=\"https:\/\/www.ejercito.mil.uy\/index.php\/category\/destacados\/\" title=\"Destacados\">Destacados<\/a>\n\t\t<\/span><span class=\"aioseo-breadcrumb-separator\">&raquo;<\/span><span class=\"aioseo-breadcrumb\">\n\t\t\t<a href=\"https:\/\/www.ejercito.mil.uy\/index.php\/category\/destacados\/noticias\/\" title=\"Noticias\">Noticias<\/a>\n\t\t<\/span><span class=\"aioseo-breadcrumb-separator\">&raquo;<\/span><span class=\"aioseo-breadcrumb\">\n\t\t\t\u00a1Las buenas acciones siguen demostrando que juntos podemos!\n\t\t<\/span><\/div>","aioseo_breadcrumb_json":[{"label":"Home","link":"https:\/\/www.ejercito.mil.uy"},{"label":"Destacados","link":"https:\/\/www.ejercito.mil.uy\/index.php\/category\/destacados\/"},{"label":"Noticias","link":"https:\/\/www.ejercito.mil.uy\/index.php\/category\/destacados\/noticias\/"},{"label":"\u00a1Las buenas acciones siguen demostrando que juntos podemos!","link":"https:\/\/www.ejercito.mil.uy\/index.php\/2021\/08\/23\/las-buenas-acciones-siguen-demostrando-que-juntos-podemos\/"}],"_links":{"self":[{"href":"https:\/\/www.ejercito.mil.uy\/index.php\/wp-json\/wp\/v2\/posts\/5660","targetHints":{"allow":["GET"]}}],"collection":[{"href":"https:\/\/www.ejercito.mil.uy\/index.php\/wp-json\/wp\/v2\/posts"}],"about":[{"href":"https:\/\/www.ejercito.mil.uy\/index.php\/wp-json\/wp\/v2\/types\/post"}],"author":[{"embeddable":true,"href":"https:\/\/www.ejercito.mil.uy\/index.php\/wp-json\/wp\/v2\/users\/4"}],"replies":[{"embeddable":true,"href":"https:\/\/www.ejercito.mil.uy\/index.php\/wp-json\/wp\/v2\/comments?post=5660"}],"version-history":[{"count":3,"href":"https:\/\/www.ejercito.mil.uy\/index.php\/wp-json\/wp\/v2\/posts\/5660\/revisions"}],"predecessor-version":[{"id":5675,"href":"https:\/\/www.ejercito.mil.uy\/index.php\/wp-json\/wp\/v2\/posts\/5660\/revisions\/5675"}],"wp:featuredmedia":[{"embeddable":true,"href":"https:\/\/www.ejercito.mil.uy\/index.php\/wp-json\/wp\/v2\/media\/5667"}],"wp:attachment":[{"href":"https:\/\/www.ejercito.mil.uy\/index.php\/wp-json\/wp\/v2\/media?parent=5660"}],"wp:term":[{"taxonomy":"category","embeddable":true,"href":"https:\/\/www.ejercito.mil.uy\/index.php\/wp-json\/wp\/v2\/categories?post=5660"},{"taxonomy":"post_tag","embeddable":true,"href":"https:\/\/www.ejercito.mil.uy\/index.php\/wp-json\/wp\/v2\/tags?post=5660"}],"curies":[{"name":"wp","href":"https:\/\/api.w.org\/{rel}","templated":true}]}}