{"id":5669,"date":"2021-08-20T19:30:00","date_gmt":"2021-08-20T22:30:00","guid":{"rendered":"https:\/\/www.ejercito.mil.uy\/?p=5669"},"modified":"2024-11-05T12:22:45","modified_gmt":"2024-11-05T15:22:45","slug":"nota-emitida-por-el-sitio-web-de-noticias-y-comunicacion-clicregional","status":"publish","type":"post","link":"https:\/\/www.ejercito.mil.uy\/index.php\/2021\/08\/20\/nota-emitida-por-el-sitio-web-de-noticias-y-comunicacion-clicregional\/","title":{"rendered":"Nota emitida por el sitio web de noticias y comunicaci\u00f3n clicregional"},"content":{"rendered":"\n<p class=\"has-small-font-size\">20.08.2021 &#8211; Artigas<\/p>\n\n\n\n<div style=\"height:22px\" aria-hidden=\"true\" class=\"wp-block-spacer\"><\/div>\n\n\n\n<p class=\"has-black-color has-text-color has-link-color wp-elements-96967ea0a710612d9a8e54a73bcc5b60\">Compartimos una nota emitida por el sitio web de noticias y comunicaci\u00f3n <a href=\"https:\/\/www.facebook.com\/clicregionalrevista\/\">clicregional<\/a>, relatando la historia del invaluable apoyo que realiza la <strong>Sra. F\u00e1tima<\/strong>, de la ciudad de Artigas, a nuestros efectivos que cumplen <strong>la misi\u00f3n Frontera Segura.<\/strong><\/p>\n\n\n\n<div style=\"height:38px\" aria-hidden=\"true\" class=\"wp-block-spacer\"><\/div>\n\n\n\n<p class=\"has-black-color has-text-color has-link-color wp-elements-21ede7ffdf81cc956b30ebb6b7e5ca3e\">El Jefe y 2\u00b0 Jefe del <a href=\"https:\/\/www.facebook.com\/Reg.Guayabos.C.Mec.10\/?__cft__[0]=AZX2AhOeC3uWnLpHPJsgWr7PB4nbliU2kMu22tqmG8GUAn8Gy7DC0CfLwgcIMeSLs4aTGc1kB58sxBwR9woCSjdLvJJIuT1J_QTR5xc-AgVuyIlTNT6CuBmNHwKK7D8aWR6cQMha7ShOOta3IhX8NFYqGFOKTYrBCh4r4HTKLlHJna6DRu8uX5fu8rR-HF0Psazz2iY19ppBHy2Mz1gyZ4eFgF-VYDhiIAZnhGWWS2AuGA&amp;__tn__=kK-R\">Regimiento \u201cGuayabos\u201d de Caballer\u00eda Mec. No. 10<\/a>, le entregaron un reconocimiento para agradecer la noble acci\u00f3n.<\/p>\n\n\n\n<div style=\"height:44px\" aria-hidden=\"true\" class=\"wp-block-spacer\"><\/div>\n\n\n\n<div class=\"wp-block-columns is-layout-flex wp-container-core-columns-is-layout-28f84493 wp-block-columns-is-layout-flex\">\n<div class=\"wp-block-column is-layout-flow wp-block-column-is-layout-flow\" style=\"flex-basis:20px\"><\/div>\n\n\n\n<div class=\"wp-block-column is-layout-flow wp-block-column-is-layout-flow\">\n<iframe src=\"https:\/\/www.facebook.com\/plugins\/post.php?href=https%3A%2F%2Fwww.facebook.com%2FEjercitodelUruguay%2Fposts%2F4688477367842711&#038;width=720&#038;show_text=true&#038;height=585&#038;appId\" width=\"720\" height=\"585\" style=\"border:none;overflow:hidden\" scrolling=\"no\" frameborder=\"0\" allowfullscreen=\"true\" allow=\"autoplay; clipboard-write; encrypted-media; picture-in-picture; web-share\"><\/iframe>\n<\/div>\n\n\n\n<div class=\"wp-block-column is-layout-flow wp-block-column-is-layout-flow\" style=\"flex-basis:20px\"><\/div>\n<\/div>\n\n\n\n<div style=\"height:55px\" aria-hidden=\"true\" class=\"wp-block-spacer\"><\/div>\n\n\n\n<p class=\"has-black-color has-text-color has-link-color wp-elements-83dfce7401a270b4a56a8246b9f9e1f7\" style=\"font-size:18px\">\u00a1Gracias F\u00e1tima por ser parte de La Fuerza de Todos!<\/p>\n\n\n\n<div style=\"height:99px\" aria-hidden=\"true\" class=\"wp-block-spacer\"><\/div>\n","protected":false},"excerpt":{"rendered":"<p>20.08.2021 &#8211; Compartimos una nota emitida por el sitio web de noticias y comunicaci\u00f3n clicregional, relatando la historia del invaluable apoyo que realiza la Sra. F\u00e1tima, de la ciudad de Artigas, a nuestros efectivos que cumplen la misi\u00f3n Frontera Segura.<\/p>\n","protected":false},"author":4,"featured_media":5670,"comment_status":"open","ping_status":"open","sticky":false,"template":"","format":"standard","meta":{"_coblocks_attr":"","_coblocks_dimensions":"","_coblocks_responsive_height":"","_coblocks_accordion_ie_support":"","_monsterinsights_skip_tracking":false,"_monsterinsights_sitenote_active":false,"_monsterinsights_sitenote_note":"","_monsterinsights_sitenote_category":0,"_uf_show_specific_survey":0,"_uf_disable_surveys":false,"footnotes":""},"categories":[2,14],"tags":[],"class_list":["post-5669","post","type-post","status-publish","format-standard","has-post-thumbnail","hentry","category-blog","category-noticias"],"aioseo_notices":[],"_links":{"self":[{"href":"https:\/\/www.ejercito.mil.uy\/index.php\/wp-json\/wp\/v2\/posts\/5669","targetHints":{"allow":["GET"]}}],"collection":[{"href":"https:\/\/www.ejercito.mil.uy\/index.php\/wp-json\/wp\/v2\/posts"}],"about":[{"href":"https:\/\/www.ejercito.mil.uy\/index.php\/wp-json\/wp\/v2\/types\/post"}],"author":[{"embeddable":true,"href":"https:\/\/www.ejercito.mil.uy\/index.php\/wp-json\/wp\/v2\/users\/4"}],"replies":[{"embeddable":true,"href":"https:\/\/www.ejercito.mil.uy\/index.php\/wp-json\/wp\/v2\/comments?post=5669"}],"version-history":[{"count":5,"href":"https:\/\/www.ejercito.mil.uy\/index.php\/wp-json\/wp\/v2\/posts\/5669\/revisions"}],"predecessor-version":[{"id":36852,"href":"https:\/\/www.ejercito.mil.uy\/index.php\/wp-json\/wp\/v2\/posts\/5669\/revisions\/36852"}],"wp:featuredmedia":[{"embeddable":true,"href":"https:\/\/www.ejercito.mil.uy\/index.php\/wp-json\/wp\/v2\/media\/5670"}],"wp:attachment":[{"href":"https:\/\/www.ejercito.mil.uy\/index.php\/wp-json\/wp\/v2\/media?parent=5669"}],"wp:term":[{"taxonomy":"category","embeddable":true,"href":"https:\/\/www.ejercito.mil.uy\/index.php\/wp-json\/wp\/v2\/categories?post=5669"},{"taxonomy":"post_tag","embeddable":true,"href":"https:\/\/www.ejercito.mil.uy\/index.php\/wp-json\/wp\/v2\/tags?post=5669"}],"curies":[{"name":"wp","href":"https:\/\/api.w.org\/{rel}","templated":true}]}}