{"id":5691,"date":"2021-08-25T08:00:00","date_gmt":"2021-08-25T11:00:00","guid":{"rendered":"https:\/\/www.ejercito.mil.uy\/?p=5691"},"modified":"2024-09-10T09:53:15","modified_gmt":"2024-09-10T12:53:15","slug":"196-aniversario-de-la-declaratoria-de-la-independencia","status":"publish","type":"post","link":"https:\/\/www.ejercito.mil.uy\/index.php\/2021\/08\/25\/196-aniversario-de-la-declaratoria-de-la-independencia\/","title":{"rendered":"196\u00b0 aniversario de la Declaratoria de la Independencia"},"content":{"rendered":"\n<div style=\"height:33px\" aria-hidden=\"true\" class=\"wp-block-spacer mt-0\"><\/div>\n\n\n\n<p class=\"wp-block-paragraph\" style=\"font-size:14px\">25.08.2021<\/p>\n\n\n\n<div style=\"height:24px\" aria-hidden=\"true\" class=\"wp-block-spacer\"><\/div>\n\n\n\n<p class=\"has-black-color has-text-color has-medium-font-size wp-block-paragraph\">Hoy, conmemorando el<strong> \ud835\udfcf\ud835\udfd7\ud835\udfd4\u00b0 \ud835\udc1a\ud835\udc27\ud835\udc22\ud835\udc2f\ud835\udc1e\ud835\udc2b\ud835\udc2c\ud835\udc1a\ud835\udc2b\ud835\udc22\ud835\udc28 \ud835\udc1d\ud835\udc1e \ud835\udc25\ud835\udc1a \ud835\udc03\ud835\udc1e\ud835\udc1c\ud835\udc25\ud835\udc1a\ud835\udc2b\ud835\udc1a\ud835\udc2d\ud835\udc28\ud835\udc2b\ud835\udc22\ud835\udc1a \ud835\udc1d\ud835\udc1e \ud835\udc25\ud835\udc1a \ud835\udc08\ud835\udc27\ud835\udc1d\ud835\udc1e\ud835\udc29\ud835\udc1e\ud835\udc27\ud835\udc1d\ud835\udc1e\ud835\udc27\ud835\udc1c\ud835\udc22\ud835\udc1a, <\/strong>compartimos la versi\u00f3n instrumental del<strong> \ud835\udc07\ud835\udc22\ud835\udc26\ud835\udc27\ud835\udc28 \ud835\udc0d\ud835\udc1a\ud835\udc1c\ud835\udc22\ud835\udc28\ud835\udc27\ud835\udc1a\ud835\udc25<\/strong>, interpretada por m\u00fasicos de Bandas Militares del Ej\u00e9rcito.<\/p>\n\n\n\n<div style=\"height:50px\" aria-hidden=\"true\" class=\"wp-block-spacer\"><\/div>\n\n\n\n<figure class=\"wp-block-embed is-type-video is-provider-youtube wp-block-embed-youtube wp-embed-aspect-16-9 wp-has-aspect-ratio\"><div class=\"wp-block-embed__wrapper\">\n<iframe loading=\"lazy\" title=\"196\u00b0 aniversario de la Declaratoria de la Independencia\" width=\"1778\" height=\"1000\" src=\"https:\/\/www.youtube.com\/embed\/RoE6Z0Kf7R8?feature=oembed\" frameborder=\"0\" allow=\"accelerometer; autoplay; clipboard-write; encrypted-media; gyroscope; picture-in-picture; web-share\" referrerpolicy=\"strict-origin-when-cross-origin\" allowfullscreen><\/iframe>\n<\/div><\/figure>\n\n\n\n<p class=\"has-medium-font-size wp-block-paragraph\"><\/p>\n\n\n\n<div style=\"height:33px\" aria-hidden=\"true\" class=\"wp-block-spacer\"><\/div>\n","protected":false},"excerpt":{"rendered":"<p>25.08.2021 \u2013 Hoy, conmemorando el 196\u00b0 aniversario de la Declaratoria de la Independencia, compartimos la versi\u00f3n instrumental del Himno Nacional, interpretada por m\u00fasicos de Bandas Militares del Ej\u00e9rcito.<\/p>\n","protected":false},"author":4,"featured_media":5693,"comment_status":"closed","ping_status":"open","sticky":false,"template":"","format":"standard","meta":{"_coblocks_attr":"","_coblocks_dimensions":"","_coblocks_responsive_height":"","_coblocks_accordion_ie_support":"","_monsterinsights_skip_tracking":false,"_uf_show_specific_survey":0,"_uf_disable_surveys":false,"footnotes":""},"categories":[2,10,14],"tags":[58,59],"class_list":["post-5691","post","type-post","status-publish","format-standard","has-post-thumbnail","hentry","category-blog","category-destacados","category-noticias","tag-aniversario","tag-video"],"aioseo_notices":[],"aioseo_head":"\n\t\t<!-- All in One SEO 5.0.1.1 - aioseo.com -->\n\t<meta name=\"description\" content=\"25.08.2021 \u2013 Hoy, conmemorando el 196\u00b0 aniversario de la Declaratoria de la Independencia, compartimos la versi\u00f3n instrumental del Himno Nacional, interpretada por m\u00fasicos de Bandas Militares del Ej\u00e9rcito.\" \/>\n\t<meta name=\"robots\" content=\"max-image-preview:large\" \/>\n\t<meta name=\"author\" content=\"Alejandro Castro\"\/>\n\t<link rel=\"canonical\" href=\"https:\/\/www.ejercito.mil.uy\/index.php\/2021\/08\/25\/196-aniversario-de-la-declaratoria-de-la-independencia\/\" \/>\n\t<meta name=\"generator\" content=\"All in One SEO (AIOSEO) 5.0.1.1\" \/>\n\t\t<meta property=\"og:locale\" content=\"es_ES\" \/>\n\t\t<meta property=\"og:site_name\" content=\"Ej\u00e9rcito Nacional - La Fuerza de todos\" \/>\n\t\t<meta property=\"og:type\" content=\"article\" \/>\n\t\t<meta property=\"og:title\" content=\"196\u00b0 aniversario de la Declaratoria de la Independencia - Ej\u00e9rcito Nacional\" \/>\n\t\t<meta property=\"og:description\" content=\"25.08.2021 \u2013 Hoy, conmemorando el 196\u00b0 aniversario de la Declaratoria de la Independencia, compartimos la versi\u00f3n instrumental del Himno Nacional, interpretada por m\u00fasicos de Bandas Militares del Ej\u00e9rcito.\" \/>\n\t\t<meta property=\"og:url\" content=\"https:\/\/www.ejercito.mil.uy\/index.php\/2021\/08\/25\/196-aniversario-de-la-declaratoria-de-la-independencia\/\" \/>\n\t\t<meta property=\"og:image\" content=\"https:\/\/www.ejercito.mil.uy\/wp-content\/uploads\/2022\/01\/Escudo_EN_URUGUAY.png\" \/>\n\t\t<meta property=\"og:image:secure_url\" content=\"https:\/\/www.ejercito.mil.uy\/wp-content\/uploads\/2022\/01\/Escudo_EN_URUGUAY.png\" \/>\n\t\t<meta property=\"og:image:width\" content=\"134\" \/>\n\t\t<meta property=\"og:image:height\" content=\"119\" \/>\n\t\t<meta property=\"article:published_time\" content=\"2021-08-25T11:00:00+00:00\" \/>\n\t\t<meta property=\"article:modified_time\" content=\"2024-09-10T12:53:15+00:00\" \/>\n\t\t<meta name=\"twitter:card\" content=\"summary_large_image\" \/>\n\t\t<meta name=\"twitter:title\" content=\"196\u00b0 aniversario de la Declaratoria de la Independencia - Ej\u00e9rcito Nacional\" \/>\n\t\t<meta name=\"twitter:description\" content=\"25.08.2021 \u2013 Hoy, conmemorando el 196\u00b0 aniversario de la Declaratoria de la Independencia, compartimos la versi\u00f3n instrumental del Himno Nacional, interpretada por m\u00fasicos de Bandas Militares del Ej\u00e9rcito.\" \/>\n\t\t<meta name=\"twitter:image\" content=\"https:\/\/www.ejercito.mil.uy\/wp-content\/uploads\/2022\/01\/Escudo_EN_URUGUAY.png\" \/>\n\t\t<script type=\"application\/ld+json\" class=\"aioseo-schema\">\n\t\t\t{\"@context\":\"https:\\\/\\\/schema.org\",\"@graph\":[{\"@type\":\"BlogPosting\",\"@id\":\"https:\\\/\\\/www.ejercito.mil.uy\\\/index.php\\\/2021\\\/08\\\/25\\\/196-aniversario-de-la-declaratoria-de-la-independencia\\\/#blogposting\",\"name\":\"196\\u00b0 aniversario de la Declaratoria de la Independencia - Ej\\u00e9rcito Nacional\",\"headline\":\"196\\u00b0 aniversario de la Declaratoria de la Independencia\",\"author\":{\"@id\":\"https:\\\/\\\/www.ejercito.mil.uy\\\/index.php\\\/author\\\/acastro\\\/#author\"},\"publisher\":{\"@id\":\"https:\\\/\\\/www.ejercito.mil.uy\\\/#organization\"},\"image\":{\"@type\":\"ImageObject\",\"url\":\"https:\\\/\\\/www.ejercito.mil.uy\\\/wp-content\\\/uploads\\\/2021\\\/08\\\/196\\u00b0-aniversario-de-la-Declaratoria-de-la-Independencia.jpg\",\"width\":1280,\"height\":720},\"datePublished\":\"2021-08-25T08:00:00-03:00\",\"dateModified\":\"2024-09-10T09:53:15-03:00\",\"inLanguage\":\"es-UY\",\"mainEntityOfPage\":{\"@id\":\"https:\\\/\\\/www.ejercito.mil.uy\\\/index.php\\\/2021\\\/08\\\/25\\\/196-aniversario-de-la-declaratoria-de-la-independencia\\\/#webpage\"},\"isPartOf\":{\"@id\":\"https:\\\/\\\/www.ejercito.mil.uy\\\/index.php\\\/2021\\\/08\\\/25\\\/196-aniversario-de-la-declaratoria-de-la-independencia\\\/#webpage\"},\"articleSection\":\"Blog, Destacados, Noticias, aniversario, video\"},{\"@type\":\"BreadcrumbList\",\"@id\":\"https:\\\/\\\/www.ejercito.mil.uy\\\/index.php\\\/2021\\\/08\\\/25\\\/196-aniversario-de-la-declaratoria-de-la-independencia\\\/#breadcrumblist\",\"itemListElement\":[{\"@type\":\"ListItem\",\"@id\":\"https:\\\/\\\/www.ejercito.mil.uy#listItem\",\"position\":1,\"name\":\"Home\",\"item\":\"https:\\\/\\\/www.ejercito.mil.uy\",\"nextItem\":{\"@type\":\"ListItem\",\"@id\":\"https:\\\/\\\/www.ejercito.mil.uy\\\/index.php\\\/category\\\/destacados\\\/#listItem\",\"name\":\"Destacados\"}},{\"@type\":\"ListItem\",\"@id\":\"https:\\\/\\\/www.ejercito.mil.uy\\\/index.php\\\/category\\\/destacados\\\/#listItem\",\"position\":2,\"name\":\"Destacados\",\"item\":\"https:\\\/\\\/www.ejercito.mil.uy\\\/index.php\\\/category\\\/destacados\\\/\",\"nextItem\":{\"@type\":\"ListItem\",\"@id\":\"https:\\\/\\\/www.ejercito.mil.uy\\\/index.php\\\/category\\\/destacados\\\/noticias\\\/#listItem\",\"name\":\"Noticias\"},\"previousItem\":{\"@type\":\"ListItem\",\"@id\":\"https:\\\/\\\/www.ejercito.mil.uy#listItem\",\"name\":\"Home\"}},{\"@type\":\"ListItem\",\"@id\":\"https:\\\/\\\/www.ejercito.mil.uy\\\/index.php\\\/category\\\/destacados\\\/noticias\\\/#listItem\",\"position\":3,\"name\":\"Noticias\",\"item\":\"https:\\\/\\\/www.ejercito.mil.uy\\\/index.php\\\/category\\\/destacados\\\/noticias\\\/\",\"nextItem\":{\"@type\":\"ListItem\",\"@id\":\"https:\\\/\\\/www.ejercito.mil.uy\\\/index.php\\\/2021\\\/08\\\/25\\\/196-aniversario-de-la-declaratoria-de-la-independencia\\\/#listItem\",\"name\":\"196\\u00b0 aniversario de la Declaratoria de la Independencia\"},\"previousItem\":{\"@type\":\"ListItem\",\"@id\":\"https:\\\/\\\/www.ejercito.mil.uy\\\/index.php\\\/category\\\/destacados\\\/#listItem\",\"name\":\"Destacados\"}},{\"@type\":\"ListItem\",\"@id\":\"https:\\\/\\\/www.ejercito.mil.uy\\\/index.php\\\/2021\\\/08\\\/25\\\/196-aniversario-de-la-declaratoria-de-la-independencia\\\/#listItem\",\"position\":4,\"name\":\"196\\u00b0 aniversario de la Declaratoria de la Independencia\",\"previousItem\":{\"@type\":\"ListItem\",\"@id\":\"https:\\\/\\\/www.ejercito.mil.uy\\\/index.php\\\/category\\\/destacados\\\/noticias\\\/#listItem\",\"name\":\"Noticias\"}}]},{\"@type\":\"Organization\",\"@id\":\"https:\\\/\\\/www.ejercito.mil.uy\\\/#organization\",\"name\":\"Ej\\u00e9rcito Nacional\",\"description\":\"La Fuerza de todos\",\"url\":\"https:\\\/\\\/www.ejercito.mil.uy\\\/\",\"logo\":{\"@type\":\"ImageObject\",\"url\":\"https:\\\/\\\/www.ejercito.mil.uy\\\/wp-content\\\/uploads\\\/2022\\\/01\\\/Escudo_EN_URUGUAY.png\",\"@id\":\"https:\\\/\\\/www.ejercito.mil.uy\\\/index.php\\\/2021\\\/08\\\/25\\\/196-aniversario-de-la-declaratoria-de-la-independencia\\\/#organizationLogo\",\"width\":134,\"height\":119},\"image\":{\"@id\":\"https:\\\/\\\/www.ejercito.mil.uy\\\/index.php\\\/2021\\\/08\\\/25\\\/196-aniversario-de-la-declaratoria-de-la-independencia\\\/#organizationLogo\"}},{\"@type\":\"Person\",\"@id\":\"https:\\\/\\\/www.ejercito.mil.uy\\\/index.php\\\/author\\\/acastro\\\/#author\",\"url\":\"https:\\\/\\\/www.ejercito.mil.uy\\\/index.php\\\/author\\\/acastro\\\/\",\"name\":\"Alejandro Castro\",\"image\":{\"@type\":\"ImageObject\",\"@id\":\"https:\\\/\\\/www.ejercito.mil.uy\\\/index.php\\\/2021\\\/08\\\/25\\\/196-aniversario-de-la-declaratoria-de-la-independencia\\\/#authorImage\",\"url\":\"https:\\\/\\\/secure.gravatar.com\\\/avatar\\\/89bb77d4bf696501dd94ca89e6794e1787eaffba7c7197528d249e15bd099f68?s=96&d=mm&r=g\",\"width\":96,\"height\":96,\"caption\":\"Alejandro Castro\"}},{\"@type\":\"WebPage\",\"@id\":\"https:\\\/\\\/www.ejercito.mil.uy\\\/index.php\\\/2021\\\/08\\\/25\\\/196-aniversario-de-la-declaratoria-de-la-independencia\\\/#webpage\",\"url\":\"https:\\\/\\\/www.ejercito.mil.uy\\\/index.php\\\/2021\\\/08\\\/25\\\/196-aniversario-de-la-declaratoria-de-la-independencia\\\/\",\"name\":\"196\\u00b0 aniversario de la Declaratoria de la Independencia - Ej\\u00e9rcito Nacional\",\"description\":\"25.08.2021 \\u2013 Hoy, conmemorando el 196\\u00b0 aniversario de la Declaratoria de la Independencia, compartimos la versi\\u00f3n instrumental del Himno Nacional, interpretada por m\\u00fasicos de Bandas Militares del Ej\\u00e9rcito.\",\"inLanguage\":\"es-UY\",\"isPartOf\":{\"@id\":\"https:\\\/\\\/www.ejercito.mil.uy\\\/#website\"},\"breadcrumb\":{\"@id\":\"https:\\\/\\\/www.ejercito.mil.uy\\\/index.php\\\/2021\\\/08\\\/25\\\/196-aniversario-de-la-declaratoria-de-la-independencia\\\/#breadcrumblist\"},\"author\":{\"@id\":\"https:\\\/\\\/www.ejercito.mil.uy\\\/index.php\\\/author\\\/acastro\\\/#author\"},\"creator\":{\"@id\":\"https:\\\/\\\/www.ejercito.mil.uy\\\/index.php\\\/author\\\/acastro\\\/#author\"},\"image\":{\"@type\":\"ImageObject\",\"url\":\"https:\\\/\\\/www.ejercito.mil.uy\\\/wp-content\\\/uploads\\\/2021\\\/08\\\/196\\u00b0-aniversario-de-la-Declaratoria-de-la-Independencia.jpg\",\"@id\":\"https:\\\/\\\/www.ejercito.mil.uy\\\/index.php\\\/2021\\\/08\\\/25\\\/196-aniversario-de-la-declaratoria-de-la-independencia\\\/#mainImage\",\"width\":1280,\"height\":720},\"primaryImageOfPage\":{\"@id\":\"https:\\\/\\\/www.ejercito.mil.uy\\\/index.php\\\/2021\\\/08\\\/25\\\/196-aniversario-de-la-declaratoria-de-la-independencia\\\/#mainImage\"},\"datePublished\":\"2021-08-25T08:00:00-03:00\",\"dateModified\":\"2024-09-10T09:53:15-03:00\"},{\"@type\":\"WebSite\",\"@id\":\"https:\\\/\\\/www.ejercito.mil.uy\\\/#website\",\"url\":\"https:\\\/\\\/www.ejercito.mil.uy\\\/\",\"name\":\"Ej\\u00e9rcito Nacional\",\"description\":\"La Fuerza de todos\",\"inLanguage\":\"es-UY\",\"publisher\":{\"@id\":\"https:\\\/\\\/www.ejercito.mil.uy\\\/#organization\"}}]}\n\t\t<\/script>\n\t\t<!-- All in One SEO -->\n\n","aioseo_head_json":{"title":"196\u00b0 aniversario de la Declaratoria de la Independencia - Ej\u00e9rcito Nacional","description":"25.08.2021 \u2013 Hoy, conmemorando el 196\u00b0 aniversario de la Declaratoria de la Independencia, compartimos la versi\u00f3n instrumental del Himno Nacional, interpretada por m\u00fasicos de Bandas Militares del Ej\u00e9rcito.","canonical_url":"https:\/\/www.ejercito.mil.uy\/index.php\/2021\/08\/25\/196-aniversario-de-la-declaratoria-de-la-independencia\/","robots":"max-image-preview:large","keywords":"","webmasterTools":{"miscellaneous":""},"schema":{"@context":"https:\/\/schema.org","@graph":[{"@type":"BlogPosting","@id":"https:\/\/www.ejercito.mil.uy\/index.php\/2021\/08\/25\/196-aniversario-de-la-declaratoria-de-la-independencia\/#blogposting","name":"196\u00b0 aniversario de la Declaratoria de la Independencia - Ej\u00e9rcito Nacional","headline":"196\u00b0 aniversario de la Declaratoria de la Independencia","author":{"@id":"https:\/\/www.ejercito.mil.uy\/index.php\/author\/acastro\/#author"},"publisher":{"@id":"https:\/\/www.ejercito.mil.uy\/#organization"},"image":{"@type":"ImageObject","url":"https:\/\/www.ejercito.mil.uy\/wp-content\/uploads\/2021\/08\/196\u00b0-aniversario-de-la-Declaratoria-de-la-Independencia.jpg","width":1280,"height":720},"datePublished":"2021-08-25T08:00:00-03:00","dateModified":"2024-09-10T09:53:15-03:00","inLanguage":"es-UY","mainEntityOfPage":{"@id":"https:\/\/www.ejercito.mil.uy\/index.php\/2021\/08\/25\/196-aniversario-de-la-declaratoria-de-la-independencia\/#webpage"},"isPartOf":{"@id":"https:\/\/www.ejercito.mil.uy\/index.php\/2021\/08\/25\/196-aniversario-de-la-declaratoria-de-la-independencia\/#webpage"},"articleSection":"Blog, Destacados, Noticias, aniversario, video"},{"@type":"BreadcrumbList","@id":"https:\/\/www.ejercito.mil.uy\/index.php\/2021\/08\/25\/196-aniversario-de-la-declaratoria-de-la-independencia\/#breadcrumblist","itemListElement":[{"@type":"ListItem","@id":"https:\/\/www.ejercito.mil.uy#listItem","position":1,"name":"Home","item":"https:\/\/www.ejercito.mil.uy","nextItem":{"@type":"ListItem","@id":"https:\/\/www.ejercito.mil.uy\/index.php\/category\/destacados\/#listItem","name":"Destacados"}},{"@type":"ListItem","@id":"https:\/\/www.ejercito.mil.uy\/index.php\/category\/destacados\/#listItem","position":2,"name":"Destacados","item":"https:\/\/www.ejercito.mil.uy\/index.php\/category\/destacados\/","nextItem":{"@type":"ListItem","@id":"https:\/\/www.ejercito.mil.uy\/index.php\/category\/destacados\/noticias\/#listItem","name":"Noticias"},"previousItem":{"@type":"ListItem","@id":"https:\/\/www.ejercito.mil.uy#listItem","name":"Home"}},{"@type":"ListItem","@id":"https:\/\/www.ejercito.mil.uy\/index.php\/category\/destacados\/noticias\/#listItem","position":3,"name":"Noticias","item":"https:\/\/www.ejercito.mil.uy\/index.php\/category\/destacados\/noticias\/","nextItem":{"@type":"ListItem","@id":"https:\/\/www.ejercito.mil.uy\/index.php\/2021\/08\/25\/196-aniversario-de-la-declaratoria-de-la-independencia\/#listItem","name":"196\u00b0 aniversario de la Declaratoria de la Independencia"},"previousItem":{"@type":"ListItem","@id":"https:\/\/www.ejercito.mil.uy\/index.php\/category\/destacados\/#listItem","name":"Destacados"}},{"@type":"ListItem","@id":"https:\/\/www.ejercito.mil.uy\/index.php\/2021\/08\/25\/196-aniversario-de-la-declaratoria-de-la-independencia\/#listItem","position":4,"name":"196\u00b0 aniversario de la Declaratoria de la Independencia","previousItem":{"@type":"ListItem","@id":"https:\/\/www.ejercito.mil.uy\/index.php\/category\/destacados\/noticias\/#listItem","name":"Noticias"}}]},{"@type":"Organization","@id":"https:\/\/www.ejercito.mil.uy\/#organization","name":"Ej\u00e9rcito Nacional","description":"La Fuerza de todos","url":"https:\/\/www.ejercito.mil.uy\/","logo":{"@type":"ImageObject","url":"https:\/\/www.ejercito.mil.uy\/wp-content\/uploads\/2022\/01\/Escudo_EN_URUGUAY.png","@id":"https:\/\/www.ejercito.mil.uy\/index.php\/2021\/08\/25\/196-aniversario-de-la-declaratoria-de-la-independencia\/#organizationLogo","width":134,"height":119},"image":{"@id":"https:\/\/www.ejercito.mil.uy\/index.php\/2021\/08\/25\/196-aniversario-de-la-declaratoria-de-la-independencia\/#organizationLogo"}},{"@type":"Person","@id":"https:\/\/www.ejercito.mil.uy\/index.php\/author\/acastro\/#author","url":"https:\/\/www.ejercito.mil.uy\/index.php\/author\/acastro\/","name":"Alejandro Castro","image":{"@type":"ImageObject","@id":"https:\/\/www.ejercito.mil.uy\/index.php\/2021\/08\/25\/196-aniversario-de-la-declaratoria-de-la-independencia\/#authorImage","url":"https:\/\/secure.gravatar.com\/avatar\/89bb77d4bf696501dd94ca89e6794e1787eaffba7c7197528d249e15bd099f68?s=96&d=mm&r=g","width":96,"height":96,"caption":"Alejandro Castro"}},{"@type":"WebPage","@id":"https:\/\/www.ejercito.mil.uy\/index.php\/2021\/08\/25\/196-aniversario-de-la-declaratoria-de-la-independencia\/#webpage","url":"https:\/\/www.ejercito.mil.uy\/index.php\/2021\/08\/25\/196-aniversario-de-la-declaratoria-de-la-independencia\/","name":"196\u00b0 aniversario de la Declaratoria de la Independencia - Ej\u00e9rcito Nacional","description":"25.08.2021 \u2013 Hoy, conmemorando el 196\u00b0 aniversario de la Declaratoria de la Independencia, compartimos la versi\u00f3n instrumental del Himno Nacional, interpretada por m\u00fasicos de Bandas Militares del Ej\u00e9rcito.","inLanguage":"es-UY","isPartOf":{"@id":"https:\/\/www.ejercito.mil.uy\/#website"},"breadcrumb":{"@id":"https:\/\/www.ejercito.mil.uy\/index.php\/2021\/08\/25\/196-aniversario-de-la-declaratoria-de-la-independencia\/#breadcrumblist"},"author":{"@id":"https:\/\/www.ejercito.mil.uy\/index.php\/author\/acastro\/#author"},"creator":{"@id":"https:\/\/www.ejercito.mil.uy\/index.php\/author\/acastro\/#author"},"image":{"@type":"ImageObject","url":"https:\/\/www.ejercito.mil.uy\/wp-content\/uploads\/2021\/08\/196\u00b0-aniversario-de-la-Declaratoria-de-la-Independencia.jpg","@id":"https:\/\/www.ejercito.mil.uy\/index.php\/2021\/08\/25\/196-aniversario-de-la-declaratoria-de-la-independencia\/#mainImage","width":1280,"height":720},"primaryImageOfPage":{"@id":"https:\/\/www.ejercito.mil.uy\/index.php\/2021\/08\/25\/196-aniversario-de-la-declaratoria-de-la-independencia\/#mainImage"},"datePublished":"2021-08-25T08:00:00-03:00","dateModified":"2024-09-10T09:53:15-03:00"},{"@type":"WebSite","@id":"https:\/\/www.ejercito.mil.uy\/#website","url":"https:\/\/www.ejercito.mil.uy\/","name":"Ej\u00e9rcito Nacional","description":"La Fuerza de todos","inLanguage":"es-UY","publisher":{"@id":"https:\/\/www.ejercito.mil.uy\/#organization"}}]},"og:locale":"es_ES","og:site_name":"Ej\u00e9rcito Nacional - La Fuerza de todos","og:type":"article","og:title":"196\u00b0 aniversario de la Declaratoria de la Independencia - Ej\u00e9rcito Nacional","og:description":"25.08.2021 \u2013 Hoy, conmemorando el 196\u00b0 aniversario de la Declaratoria de la Independencia, compartimos la versi\u00f3n instrumental del Himno Nacional, interpretada por m\u00fasicos de Bandas Militares del Ej\u00e9rcito.","og:url":"https:\/\/www.ejercito.mil.uy\/index.php\/2021\/08\/25\/196-aniversario-de-la-declaratoria-de-la-independencia\/","og:image":"https:\/\/www.ejercito.mil.uy\/wp-content\/uploads\/2022\/01\/Escudo_EN_URUGUAY.png","og:image:secure_url":"https:\/\/www.ejercito.mil.uy\/wp-content\/uploads\/2022\/01\/Escudo_EN_URUGUAY.png","og:image:width":134,"og:image:height":119,"article:published_time":"2021-08-25T11:00:00+00:00","article:modified_time":"2024-09-10T12:53:15+00:00","twitter:card":"summary_large_image","twitter:title":"196\u00b0 aniversario de la Declaratoria de la Independencia - Ej\u00e9rcito Nacional","twitter:description":"25.08.2021 \u2013 Hoy, conmemorando el 196\u00b0 aniversario de la Declaratoria de la Independencia, compartimos la versi\u00f3n instrumental del Himno Nacional, interpretada por m\u00fasicos de Bandas Militares del Ej\u00e9rcito.","twitter:image":"https:\/\/www.ejercito.mil.uy\/wp-content\/uploads\/2022\/01\/Escudo_EN_URUGUAY.png"},"aioseo_meta_data":{"post_id":"5691","title":null,"description":null,"keywords":null,"keyphrases":{"focus":[],"additional":[]},"primary_term":null,"canonical_url":null,"og_title":null,"og_description":null,"og_object_type":"default","og_image_type":"default","og_image_url":null,"og_image_width":null,"og_image_height":null,"og_image_custom_url":null,"og_image_custom_fields":null,"og_video":null,"og_custom_url":null,"og_article_section":null,"og_article_tags":null,"twitter_use_og":false,"twitter_card":"default","twitter_image_type":"default","twitter_image_url":null,"twitter_image_custom_url":null,"twitter_image_custom_fields":null,"twitter_title":null,"twitter_description":null,"schema":{"blockGraphs":[],"customGraphs":[],"default":{"data":{"Article":[],"Course":[],"Dataset":[],"FAQPage":[],"Movie":[],"Person":[],"Product":[],"ProductReview":[],"Car":[],"Recipe":[],"Service":[],"SoftwareApplication":[],"WebPage":[]},"graphName":"","isEnabled":true},"graphs":[]},"schema_type":"default","schema_type_options":null,"pillar_content":false,"robots_default":true,"robots_noindex":false,"robots_noarchive":false,"robots_nosnippet":false,"robots_nofollow":false,"robots_noimageindex":false,"robots_noodp":false,"robots_notranslate":false,"robots_max_snippet":null,"robots_max_videopreview":null,"robots_max_imagepreview":"large","priority":null,"frequency":null,"local_seo":null,"breadcrumb_settings":null,"limit_modified_date":false,"ai":null,"created":"2025-08-30 02:11:30","updated":"2026-08-21 18:11:56","seo_analyzer_scan_date":null,"focus_keyword":null,"additional_keywords":null,"truseo_locale":null},"aioseo_breadcrumb":"<div class=\"aioseo-breadcrumbs\"><span class=\"aioseo-breadcrumb\">\n\t\t\t<a href=\"https:\/\/www.ejercito.mil.uy\" title=\"Home\">Home<\/a>\n\t\t<\/span><span class=\"aioseo-breadcrumb-separator\">&raquo;<\/span><span class=\"aioseo-breadcrumb\">\n\t\t\t<a href=\"https:\/\/www.ejercito.mil.uy\/index.php\/category\/destacados\/\" title=\"Destacados\">Destacados<\/a>\n\t\t<\/span><span class=\"aioseo-breadcrumb-separator\">&raquo;<\/span><span class=\"aioseo-breadcrumb\">\n\t\t\t<a href=\"https:\/\/www.ejercito.mil.uy\/index.php\/category\/destacados\/noticias\/\" title=\"Noticias\">Noticias<\/a>\n\t\t<\/span><span class=\"aioseo-breadcrumb-separator\">&raquo;<\/span><span class=\"aioseo-breadcrumb\">\n\t\t\t196\u00b0 aniversario de la Declaratoria de la Independencia\n\t\t<\/span><\/div>","aioseo_breadcrumb_json":[{"label":"Home","link":"https:\/\/www.ejercito.mil.uy"},{"label":"Destacados","link":"https:\/\/www.ejercito.mil.uy\/index.php\/category\/destacados\/"},{"label":"Noticias","link":"https:\/\/www.ejercito.mil.uy\/index.php\/category\/destacados\/noticias\/"},{"label":"196\u00b0 aniversario de la Declaratoria de la Independencia","link":"https:\/\/www.ejercito.mil.uy\/index.php\/2021\/08\/25\/196-aniversario-de-la-declaratoria-de-la-independencia\/"}],"_links":{"self":[{"href":"https:\/\/www.ejercito.mil.uy\/index.php\/wp-json\/wp\/v2\/posts\/5691","targetHints":{"allow":["GET"]}}],"collection":[{"href":"https:\/\/www.ejercito.mil.uy\/index.php\/wp-json\/wp\/v2\/posts"}],"about":[{"href":"https:\/\/www.ejercito.mil.uy\/index.php\/wp-json\/wp\/v2\/types\/post"}],"author":[{"embeddable":true,"href":"https:\/\/www.ejercito.mil.uy\/index.php\/wp-json\/wp\/v2\/users\/4"}],"replies":[{"embeddable":true,"href":"https:\/\/www.ejercito.mil.uy\/index.php\/wp-json\/wp\/v2\/comments?post=5691"}],"version-history":[{"count":9,"href":"https:\/\/www.ejercito.mil.uy\/index.php\/wp-json\/wp\/v2\/posts\/5691\/revisions"}],"predecessor-version":[{"id":34393,"href":"https:\/\/www.ejercito.mil.uy\/index.php\/wp-json\/wp\/v2\/posts\/5691\/revisions\/34393"}],"wp:featuredmedia":[{"embeddable":true,"href":"https:\/\/www.ejercito.mil.uy\/index.php\/wp-json\/wp\/v2\/media\/5693"}],"wp:attachment":[{"href":"https:\/\/www.ejercito.mil.uy\/index.php\/wp-json\/wp\/v2\/media?parent=5691"}],"wp:term":[{"taxonomy":"category","embeddable":true,"href":"https:\/\/www.ejercito.mil.uy\/index.php\/wp-json\/wp\/v2\/categories?post=5691"},{"taxonomy":"post_tag","embeddable":true,"href":"https:\/\/www.ejercito.mil.uy\/index.php\/wp-json\/wp\/v2\/tags?post=5691"}],"curies":[{"name":"wp","href":"https:\/\/api.w.org\/{rel}","templated":true}]}}