{"id":5739,"date":"2021-08-26T18:00:00","date_gmt":"2021-08-26T21:00:00","guid":{"rendered":"https:\/\/www.ejercito.mil.uy\/?p=5739"},"modified":"2021-08-27T15:14:09","modified_gmt":"2021-08-27T18:14:09","slug":"ceremonia-de-clausura-del-curso-de-capacitacion-en-desminado-y-artefactos-explosivos-de-nueva-generacion","status":"publish","type":"post","link":"https:\/\/www.ejercito.mil.uy\/index.php\/2021\/08\/26\/ceremonia-de-clausura-del-curso-de-capacitacion-en-desminado-y-artefactos-explosivos-de-nueva-generacion\/","title":{"rendered":"Ceremonia de clausura del \u201cCurso de Capacitaci\u00f3n en Desminado y Artefactos Explosivos de Nueva Generaci\u00f3n\u201d"},"content":{"rendered":"\n<p style=\"font-size:14px\">26.08.2021<\/p>\n\n\n\n<div style=\"height:24px\" aria-hidden=\"true\" class=\"wp-block-spacer\"><\/div>\n\n\n\n<p>Este mediod\u00eda, se realiz\u00f3 la ceremonia de clausura del <strong>\u201cCurso de Capacitaci\u00f3n en Desminado y Artefactos Explosivos de Nueva Generaci\u00f3n\u201d<\/strong>, en la Brigada de Ingenieros N\u00b0 1.<\/p>\n\n\n\n<div style=\"height:24px\" aria-hidden=\"true\" class=\"wp-block-spacer\"><\/div>\n\n\n\n<p>Fueron 162 horas de instrucci\u00f3n impartidas por integrantes de la <strong>Legi\u00f3n Extranjera Francesa<\/strong>, a 16 efectivos pertenecientes al Arma de Ingenieros, que hoy aprobaron la capacitaci\u00f3n, los conocimientos adquiridos ser\u00e1n replicados en beneficio de la formaci\u00f3n profesional de la Fuerza.<\/p>\n\n\n\n<div style=\"height:24px\" aria-hidden=\"true\" class=\"wp-block-spacer\"><\/div>\n\n\n\n<p>La Directora de la <a href=\"https:\/\/www.facebook.com\/escueladeingenierosdelejercitouy\/\">Escuela de Ingenieros del Ej\u00e9rcito<\/a>, <strong>Mayor Petra Da Costa<\/strong> felicit\u00f3 a los alumnos<strong> \u00abpor culminar un ciclo muy significativo, no solamente en lo personal, sino tambi\u00e9n para el Arma de Ingenieros, por lo que a partir de este momento, ser\u00e1n referentes que poseen habilidades y t\u00e9cnicas para realizar reconocimientos, Desminado y una correcta destrucci\u00f3n de municiones de alto calibre y fallos\u00bb<\/strong>.<\/p>\n\n\n\n<div style=\"height:24px\" aria-hidden=\"true\" class=\"wp-block-spacer\"><\/div>\n\n\n\n<p>Adem\u00e1s expres\u00f3 unas palabras de agradecimiento a los instructores franceses, <strong>\u00ablos cuales supieron entregarnos sus conocimientos, transmitirnos sus experiencias y contribuir para que estemos preparados, para afrontar nuevos desaf\u00edos\u00bb<\/strong>.<\/p>\n\n\n\n<div style=\"height:24px\" aria-hidden=\"true\" class=\"wp-block-spacer\"><\/div>\n\n\n\n<p>Luego, se hizo la entrega de diplomas y distintos a los alumnos. Asimismo, los instructores recibieron un presente institucional por parte de autoridades militares.<\/p>\n\n\n\n<div style=\"height:24px\" aria-hidden=\"true\" class=\"wp-block-spacer\"><\/div>\n\n\n\n<p>El acto estuvo presidido por el Primer Consejero de la Embajada de Francia, <strong>Sr. Pierre Mart\u00ednez<\/strong> y el Oficial de Defensa de la Embajada de mencionado pa\u00eds en Argentina, <strong>Tte. Cnel. Patrick Cabanes<\/strong>.<\/p>\n\n\n\n<div style=\"height:55px\" aria-hidden=\"true\" class=\"wp-block-spacer\"><\/div>\n\n\n\n<div class=\"wp-block-coblocks-gallery-carousel\"><div class=\"is-cropped coblocks-gallery has-no-alignment has-caption-style-dark has-horizontal-gutter has-lightbox\"><div class=\"has-carousel has-carousel-lrg\" style=\"height:400px\" data-flickity=\"{&quot;autoPlay&quot;:5000,&quot;draggable&quot;:true,&quot;pageDots&quot;:false,&quot;prevNextButtons&quot;:true,&quot;wrapAround&quot;:true,&quot;cellAlign&quot;:&quot;center&quot;,&quot;pauseAutoPlayOnHover&quot;:false,&quot;freeScroll&quot;:true,&quot;arrowShape&quot;:{&quot;x0&quot;:10,&quot;x1&quot;:60,&quot;y1&quot;:50,&quot;x2&quot;:65,&quot;y2&quot;:45,&quot;x3&quot;:20},&quot;thumbnails&quot;:false,&quot;responsiveHeight&quot;:false}\"><div class=\"coblocks-gallery--item\"><figure class=\"coblocks-gallery--figure has-margin-left-15 has-margin-left-mobile-5 has-margin-right-15 has-margin-right-mobile-5\"><img fetchpriority=\"high\" decoding=\"async\" width=\"1024\" height=\"683\" src=\"https:\/\/www.ejercito.mil.uy\/wp-content\/uploads\/2021\/08\/27.08.2021-Ceremonia-de-clausura-del-Curso-de-Capacitacion-en-Desminado-y-Artefactos-Explosivos-de-Nueva-Generacion-9-1024x683.jpg\" alt=\"\" data-id=\"5748\" data-link=\"https:\/\/www.ejercito.mil.uy\/?attachment_id=5748\" class=\"wp-image-5748\" srcset=\"https:\/\/www.ejercito.mil.uy\/wp-content\/uploads\/2021\/08\/27.08.2021-Ceremonia-de-clausura-del-Curso-de-Capacitacion-en-Desminado-y-Artefactos-Explosivos-de-Nueva-Generacion-9-1024x683.jpg 1024w, https:\/\/www.ejercito.mil.uy\/wp-content\/uploads\/2021\/08\/27.08.2021-Ceremonia-de-clausura-del-Curso-de-Capacitacion-en-Desminado-y-Artefactos-Explosivos-de-Nueva-Generacion-9-300x200.jpg 300w, https:\/\/www.ejercito.mil.uy\/wp-content\/uploads\/2021\/08\/27.08.2021-Ceremonia-de-clausura-del-Curso-de-Capacitacion-en-Desminado-y-Artefactos-Explosivos-de-Nueva-Generacion-9.jpg 1200w\" sizes=\"(max-width: 1024px) 100vw, 1024px\" \/><\/figure><\/div><div class=\"coblocks-gallery--item\"><figure class=\"coblocks-gallery--figure has-margin-left-15 has-margin-left-mobile-5 has-margin-right-15 has-margin-right-mobile-5\"><img decoding=\"async\" width=\"1024\" height=\"683\" src=\"https:\/\/www.ejercito.mil.uy\/wp-content\/uploads\/2021\/08\/27.08.2021-Ceremonia-de-clausura-del-Curso-de-Capacitacion-en-Desminado-y-Artefactos-Explosivos-de-Nueva-Generacion-2-1024x683.jpg\" alt=\"\" data-id=\"5741\" data-link=\"https:\/\/www.ejercito.mil.uy\/?attachment_id=5741\" class=\"wp-image-5741\" srcset=\"https:\/\/www.ejercito.mil.uy\/wp-content\/uploads\/2021\/08\/27.08.2021-Ceremonia-de-clausura-del-Curso-de-Capacitacion-en-Desminado-y-Artefactos-Explosivos-de-Nueva-Generacion-2-1024x683.jpg 1024w, https:\/\/www.ejercito.mil.uy\/wp-content\/uploads\/2021\/08\/27.08.2021-Ceremonia-de-clausura-del-Curso-de-Capacitacion-en-Desminado-y-Artefactos-Explosivos-de-Nueva-Generacion-2-300x200.jpg 300w, https:\/\/www.ejercito.mil.uy\/wp-content\/uploads\/2021\/08\/27.08.2021-Ceremonia-de-clausura-del-Curso-de-Capacitacion-en-Desminado-y-Artefactos-Explosivos-de-Nueva-Generacion-2.jpg 1200w\" sizes=\"(max-width: 1024px) 100vw, 1024px\" \/><\/figure><\/div><div class=\"coblocks-gallery--item\"><figure class=\"coblocks-gallery--figure has-margin-left-15 has-margin-left-mobile-5 has-margin-right-15 has-margin-right-mobile-5\"><img decoding=\"async\" width=\"1024\" height=\"683\" src=\"https:\/\/www.ejercito.mil.uy\/wp-content\/uploads\/2021\/08\/27.08.2021-Ceremonia-de-clausura-del-Curso-de-Capacitacion-en-Desminado-y-Artefactos-Explosivos-de-Nueva-Generacion-3-1024x683.jpg\" alt=\"\" data-id=\"5742\" data-link=\"https:\/\/www.ejercito.mil.uy\/?attachment_id=5742\" class=\"wp-image-5742\" srcset=\"https:\/\/www.ejercito.mil.uy\/wp-content\/uploads\/2021\/08\/27.08.2021-Ceremonia-de-clausura-del-Curso-de-Capacitacion-en-Desminado-y-Artefactos-Explosivos-de-Nueva-Generacion-3-1024x683.jpg 1024w, https:\/\/www.ejercito.mil.uy\/wp-content\/uploads\/2021\/08\/27.08.2021-Ceremonia-de-clausura-del-Curso-de-Capacitacion-en-Desminado-y-Artefactos-Explosivos-de-Nueva-Generacion-3-300x200.jpg 300w, https:\/\/www.ejercito.mil.uy\/wp-content\/uploads\/2021\/08\/27.08.2021-Ceremonia-de-clausura-del-Curso-de-Capacitacion-en-Desminado-y-Artefactos-Explosivos-de-Nueva-Generacion-3.jpg 1200w\" sizes=\"(max-width: 1024px) 100vw, 1024px\" \/><\/figure><\/div><div class=\"coblocks-gallery--item\"><figure class=\"coblocks-gallery--figure has-margin-left-15 has-margin-left-mobile-5 has-margin-right-15 has-margin-right-mobile-5\"><img loading=\"lazy\" decoding=\"async\" width=\"1024\" height=\"683\" src=\"https:\/\/www.ejercito.mil.uy\/wp-content\/uploads\/2021\/08\/27.08.2021-Ceremonia-de-clausura-del-Curso-de-Capacitacion-en-Desminado-y-Artefactos-Explosivos-de-Nueva-Generacion-6-1024x683.jpg\" alt=\"\" data-id=\"5745\" data-link=\"https:\/\/www.ejercito.mil.uy\/?attachment_id=5745\" class=\"wp-image-5745\" srcset=\"https:\/\/www.ejercito.mil.uy\/wp-content\/uploads\/2021\/08\/27.08.2021-Ceremonia-de-clausura-del-Curso-de-Capacitacion-en-Desminado-y-Artefactos-Explosivos-de-Nueva-Generacion-6-1024x683.jpg 1024w, https:\/\/www.ejercito.mil.uy\/wp-content\/uploads\/2021\/08\/27.08.2021-Ceremonia-de-clausura-del-Curso-de-Capacitacion-en-Desminado-y-Artefactos-Explosivos-de-Nueva-Generacion-6-300x200.jpg 300w, https:\/\/www.ejercito.mil.uy\/wp-content\/uploads\/2021\/08\/27.08.2021-Ceremonia-de-clausura-del-Curso-de-Capacitacion-en-Desminado-y-Artefactos-Explosivos-de-Nueva-Generacion-6.jpg 1200w\" sizes=\"(max-width: 1024px) 100vw, 1024px\" \/><\/figure><\/div><div class=\"coblocks-gallery--item\"><figure class=\"coblocks-gallery--figure has-margin-left-15 has-margin-left-mobile-5 has-margin-right-15 has-margin-right-mobile-5\"><img loading=\"lazy\" decoding=\"async\" width=\"1024\" height=\"683\" src=\"https:\/\/www.ejercito.mil.uy\/wp-content\/uploads\/2021\/08\/27.08.2021-Ceremonia-de-clausura-del-Curso-de-Capacitacion-en-Desminado-y-Artefactos-Explosivos-de-Nueva-Generacion-10-1024x683.jpg\" alt=\"\" data-id=\"5749\" data-link=\"https:\/\/www.ejercito.mil.uy\/?attachment_id=5749\" class=\"wp-image-5749\" srcset=\"https:\/\/www.ejercito.mil.uy\/wp-content\/uploads\/2021\/08\/27.08.2021-Ceremonia-de-clausura-del-Curso-de-Capacitacion-en-Desminado-y-Artefactos-Explosivos-de-Nueva-Generacion-10-1024x683.jpg 1024w, https:\/\/www.ejercito.mil.uy\/wp-content\/uploads\/2021\/08\/27.08.2021-Ceremonia-de-clausura-del-Curso-de-Capacitacion-en-Desminado-y-Artefactos-Explosivos-de-Nueva-Generacion-10-300x200.jpg 300w, https:\/\/www.ejercito.mil.uy\/wp-content\/uploads\/2021\/08\/27.08.2021-Ceremonia-de-clausura-del-Curso-de-Capacitacion-en-Desminado-y-Artefactos-Explosivos-de-Nueva-Generacion-10.jpg 1200w\" sizes=\"(max-width: 1024px) 100vw, 1024px\" \/><\/figure><\/div><div class=\"coblocks-gallery--item\"><figure class=\"coblocks-gallery--figure has-margin-left-15 has-margin-left-mobile-5 has-margin-right-15 has-margin-right-mobile-5\"><img loading=\"lazy\" decoding=\"async\" width=\"1024\" height=\"683\" src=\"https:\/\/www.ejercito.mil.uy\/wp-content\/uploads\/2021\/08\/27.08.2021-Ceremonia-de-clausura-del-Curso-de-Capacitacion-en-Desminado-y-Artefactos-Explosivos-de-Nueva-Generacion-4-1024x683.jpg\" alt=\"\" data-id=\"5743\" data-link=\"https:\/\/www.ejercito.mil.uy\/?attachment_id=5743\" class=\"wp-image-5743\" srcset=\"https:\/\/www.ejercito.mil.uy\/wp-content\/uploads\/2021\/08\/27.08.2021-Ceremonia-de-clausura-del-Curso-de-Capacitacion-en-Desminado-y-Artefactos-Explosivos-de-Nueva-Generacion-4-1024x683.jpg 1024w, https:\/\/www.ejercito.mil.uy\/wp-content\/uploads\/2021\/08\/27.08.2021-Ceremonia-de-clausura-del-Curso-de-Capacitacion-en-Desminado-y-Artefactos-Explosivos-de-Nueva-Generacion-4-300x200.jpg 300w, https:\/\/www.ejercito.mil.uy\/wp-content\/uploads\/2021\/08\/27.08.2021-Ceremonia-de-clausura-del-Curso-de-Capacitacion-en-Desminado-y-Artefactos-Explosivos-de-Nueva-Generacion-4.jpg 1200w\" sizes=\"(max-width: 1024px) 100vw, 1024px\" \/><\/figure><\/div><div class=\"coblocks-gallery--item\"><figure class=\"coblocks-gallery--figure has-margin-left-15 has-margin-left-mobile-5 has-margin-right-15 has-margin-right-mobile-5\"><img loading=\"lazy\" decoding=\"async\" width=\"1024\" height=\"683\" src=\"https:\/\/www.ejercito.mil.uy\/wp-content\/uploads\/2021\/08\/27.08.2021-Ceremonia-de-clausura-del-Curso-de-Capacitacion-en-Desminado-y-Artefactos-Explosivos-de-Nueva-Generacion-7-1024x683.jpg\" alt=\"\" data-id=\"5746\" data-link=\"https:\/\/www.ejercito.mil.uy\/?attachment_id=5746\" class=\"wp-image-5746\" srcset=\"https:\/\/www.ejercito.mil.uy\/wp-content\/uploads\/2021\/08\/27.08.2021-Ceremonia-de-clausura-del-Curso-de-Capacitacion-en-Desminado-y-Artefactos-Explosivos-de-Nueva-Generacion-7-1024x683.jpg 1024w, https:\/\/www.ejercito.mil.uy\/wp-content\/uploads\/2021\/08\/27.08.2021-Ceremonia-de-clausura-del-Curso-de-Capacitacion-en-Desminado-y-Artefactos-Explosivos-de-Nueva-Generacion-7-300x200.jpg 300w, https:\/\/www.ejercito.mil.uy\/wp-content\/uploads\/2021\/08\/27.08.2021-Ceremonia-de-clausura-del-Curso-de-Capacitacion-en-Desminado-y-Artefactos-Explosivos-de-Nueva-Generacion-7.jpg 1200w\" sizes=\"(max-width: 1024px) 100vw, 1024px\" \/><\/figure><\/div><div class=\"coblocks-gallery--item\"><figure class=\"coblocks-gallery--figure has-margin-left-15 has-margin-left-mobile-5 has-margin-right-15 has-margin-right-mobile-5\"><img loading=\"lazy\" decoding=\"async\" width=\"1024\" height=\"683\" src=\"https:\/\/www.ejercito.mil.uy\/wp-content\/uploads\/2021\/08\/27.08.2021-Ceremonia-de-clausura-del-Curso-de-Capacitacion-en-Desminado-y-Artefactos-Explosivos-de-Nueva-Generacion-5-1024x683.jpg\" alt=\"\" data-id=\"5744\" data-link=\"https:\/\/www.ejercito.mil.uy\/?attachment_id=5744\" class=\"wp-image-5744\" srcset=\"https:\/\/www.ejercito.mil.uy\/wp-content\/uploads\/2021\/08\/27.08.2021-Ceremonia-de-clausura-del-Curso-de-Capacitacion-en-Desminado-y-Artefactos-Explosivos-de-Nueva-Generacion-5-1024x683.jpg 1024w, https:\/\/www.ejercito.mil.uy\/wp-content\/uploads\/2021\/08\/27.08.2021-Ceremonia-de-clausura-del-Curso-de-Capacitacion-en-Desminado-y-Artefactos-Explosivos-de-Nueva-Generacion-5-300x200.jpg 300w, https:\/\/www.ejercito.mil.uy\/wp-content\/uploads\/2021\/08\/27.08.2021-Ceremonia-de-clausura-del-Curso-de-Capacitacion-en-Desminado-y-Artefactos-Explosivos-de-Nueva-Generacion-5.jpg 1200w\" sizes=\"(max-width: 1024px) 100vw, 1024px\" \/><\/figure><\/div><div class=\"coblocks-gallery--item\"><figure class=\"coblocks-gallery--figure has-margin-left-15 has-margin-left-mobile-5 has-margin-right-15 has-margin-right-mobile-5\"><img loading=\"lazy\" decoding=\"async\" width=\"1024\" height=\"683\" src=\"https:\/\/www.ejercito.mil.uy\/wp-content\/uploads\/2021\/08\/27.08.2021-Ceremonia-de-clausura-del-Curso-de-Capacitacion-en-Desminado-y-Artefactos-Explosivos-de-Nueva-Generacion-8-1024x683.jpg\" alt=\"\" data-id=\"5747\" data-link=\"https:\/\/www.ejercito.mil.uy\/?attachment_id=5747\" class=\"wp-image-5747\" srcset=\"https:\/\/www.ejercito.mil.uy\/wp-content\/uploads\/2021\/08\/27.08.2021-Ceremonia-de-clausura-del-Curso-de-Capacitacion-en-Desminado-y-Artefactos-Explosivos-de-Nueva-Generacion-8-1024x683.jpg 1024w, https:\/\/www.ejercito.mil.uy\/wp-content\/uploads\/2021\/08\/27.08.2021-Ceremonia-de-clausura-del-Curso-de-Capacitacion-en-Desminado-y-Artefactos-Explosivos-de-Nueva-Generacion-8-300x200.jpg 300w, https:\/\/www.ejercito.mil.uy\/wp-content\/uploads\/2021\/08\/27.08.2021-Ceremonia-de-clausura-del-Curso-de-Capacitacion-en-Desminado-y-Artefactos-Explosivos-de-Nueva-Generacion-8.jpg 1200w\" sizes=\"(max-width: 1024px) 100vw, 1024px\" \/><\/figure><\/div><\/div><\/div><\/div>\n\n\n\n<div style=\"height:44px\" aria-hidden=\"true\" class=\"wp-block-spacer\"><\/div>\n\n\n\n<div style=\"height:66px\" aria-hidden=\"true\" class=\"wp-block-spacer\"><\/div>\n","protected":false},"excerpt":{"rendered":"<p>26.08.2021 &#8211; Este mediod\u00eda, se realiz\u00f3 la ceremonia de clausura del \u201cCurso de Capacitaci\u00f3n en Desminado y Artefactos Explosivos de Nueva Generaci\u00f3n\u201d, en la Brigada de Ingenieros N\u00b0 1.<\/p>\n","protected":false},"author":4,"featured_media":5740,"comment_status":"open","ping_status":"open","sticky":false,"template":"","format":"standard","meta":{"_coblocks_attr":"","_coblocks_dimensions":"","_coblocks_responsive_height":"","_coblocks_accordion_ie_support":"","_monsterinsights_skip_tracking":false,"_monsterinsights_sitenote_active":false,"_monsterinsights_sitenote_note":"","_monsterinsights_sitenote_category":0,"_uf_show_specific_survey":0,"_uf_disable_surveys":false,"footnotes":""},"categories":[2,14],"tags":[44,70,69,35,48,13],"class_list":["post-5739","post","type-post","status-publish","format-standard","has-post-thumbnail","hentry","category-blog","category-noticias","tag-ceremonia","tag-curso","tag-ensenanza","tag-entrenamiento","tag-ingenieros","tag-instruccion"],"aioseo_notices":[],"_links":{"self":[{"href":"https:\/\/www.ejercito.mil.uy\/index.php\/wp-json\/wp\/v2\/posts\/5739","targetHints":{"allow":["GET"]}}],"collection":[{"href":"https:\/\/www.ejercito.mil.uy\/index.php\/wp-json\/wp\/v2\/posts"}],"about":[{"href":"https:\/\/www.ejercito.mil.uy\/index.php\/wp-json\/wp\/v2\/types\/post"}],"author":[{"embeddable":true,"href":"https:\/\/www.ejercito.mil.uy\/index.php\/wp-json\/wp\/v2\/users\/4"}],"replies":[{"embeddable":true,"href":"https:\/\/www.ejercito.mil.uy\/index.php\/wp-json\/wp\/v2\/comments?post=5739"}],"version-history":[{"count":2,"href":"https:\/\/www.ejercito.mil.uy\/index.php\/wp-json\/wp\/v2\/posts\/5739\/revisions"}],"predecessor-version":[{"id":5751,"href":"https:\/\/www.ejercito.mil.uy\/index.php\/wp-json\/wp\/v2\/posts\/5739\/revisions\/5751"}],"wp:featuredmedia":[{"embeddable":true,"href":"https:\/\/www.ejercito.mil.uy\/index.php\/wp-json\/wp\/v2\/media\/5740"}],"wp:attachment":[{"href":"https:\/\/www.ejercito.mil.uy\/index.php\/wp-json\/wp\/v2\/media?parent=5739"}],"wp:term":[{"taxonomy":"category","embeddable":true,"href":"https:\/\/www.ejercito.mil.uy\/index.php\/wp-json\/wp\/v2\/categories?post=5739"},{"taxonomy":"post_tag","embeddable":true,"href":"https:\/\/www.ejercito.mil.uy\/index.php\/wp-json\/wp\/v2\/tags?post=5739"}],"curies":[{"name":"wp","href":"https:\/\/api.w.org\/{rel}","templated":true}]}}