{"id":57642,"date":"2026-04-27T13:53:24","date_gmt":"2026-04-27T16:53:24","guid":{"rendered":"https:\/\/www.ejercito.mil.uy\/?p=57642"},"modified":"2026-04-28T11:46:02","modified_gmt":"2026-04-28T14:46:02","slug":"la-umic-refuerza-su-labor-operativa-humanitaria-y-de-seguridad-en-siria","status":"publish","type":"post","link":"https:\/\/www.ejercito.mil.uy\/index.php\/2026\/04\/27\/la-umic-refuerza-su-labor-operativa-humanitaria-y-de-seguridad-en-siria\/","title":{"rendered":"La UMIC refuerza su labor operativa, humanitaria y de seguridad en Siria"},"content":{"rendered":"\n<p class=\"has-black-color has-text-color has-link-color wp-elements-9be464f33b5461a8a5daed8b16683d94\" style=\"font-size:14px\">27.04.2026 &#8211; <strong>Rep\u00fablica \u00c1rabe de Siria<\/strong><\/p>\n\n\n\n<div style=\"height:33px\" aria-hidden=\"true\" class=\"wp-block-spacer\"><\/div>\n\n\n\n<p class=\"has-black-color has-text-color has-background\" style=\"background-color:#418fde;font-size:14px\">Compartimos un resumen de las diversas actividades operacionales, de apoyo log\u00edstico y de cooperaci\u00f3n civil-militar desarrolladas por la Compa\u00f1\u00eda Uruguaya de Infanter\u00eda Mecanizada desplegada en la Rep\u00fablica \u00c1rabe de Siria (Misi\u00f3n UNDOF).<\/p>\n\n\n\n<div style=\"height:25px\" aria-hidden=\"true\" class=\"wp-block-spacer\"><\/div>\n\n\n\n<p class=\"has-black-color has-text-color\" style=\"font-size:14px\">En primer lugar, se recibi\u00f3 la inspecci\u00f3n del equipo de \u00abTraining\u00bb del Cuartel General de la Misi\u00f3n, lugar donde se encuentran los mandos principales, desde el cual se planifican las operaciones, se supervisan las Unidades desplegadas y se coordinan tareas como entrenamientos e inspecciones. El equipo estuvo integrado por el Jefe de Entrenamiento Militar, Teniente Coronel Greg Neighbour (Australia) y siete inspectores pertenecientes a distintas oficinas.<\/p>\n\n\n\n<div style=\"height:25px\" aria-hidden=\"true\" class=\"wp-block-spacer\"><\/div>\n\n\n\n<div class=\"wp-block-columns is-layout-flex wp-container-core-columns-is-layout-28f84493 wp-block-columns-is-layout-flex\">\n<div class=\"wp-block-column is-layout-flow wp-block-column-is-layout-flow\">\n<figure class=\"wp-block-image size-large\"><img fetchpriority=\"high\" decoding=\"async\" width=\"1024\" height=\"683\" src=\"https:\/\/www.ejercito.mil.uy\/wp-content\/uploads\/2026\/04\/Inspeccion-por-el-equipo-de-Training-del-HQ-de-la-mision-5-1024x683.jpg\" alt=\"\" class=\"wp-image-57650\" srcset=\"https:\/\/www.ejercito.mil.uy\/wp-content\/uploads\/2026\/04\/Inspeccion-por-el-equipo-de-Training-del-HQ-de-la-mision-5-1024x683.jpg 1024w, https:\/\/www.ejercito.mil.uy\/wp-content\/uploads\/2026\/04\/Inspeccion-por-el-equipo-de-Training-del-HQ-de-la-mision-5-300x200.jpg 300w, https:\/\/www.ejercito.mil.uy\/wp-content\/uploads\/2026\/04\/Inspeccion-por-el-equipo-de-Training-del-HQ-de-la-mision-5.jpg 1200w\" sizes=\"(max-width: 1024px) 100vw, 1024px\" \/><\/figure>\n<\/div>\n\n\n\n<div class=\"wp-block-column is-layout-flow wp-block-column-is-layout-flow\">\n<figure class=\"wp-block-image size-large\"><img decoding=\"async\" width=\"1024\" height=\"683\" src=\"https:\/\/www.ejercito.mil.uy\/wp-content\/uploads\/2026\/04\/Inspeccion-por-el-equipo-de-Training-del-HQ-de-la-mision-6-1024x683.jpg\" alt=\"\" class=\"wp-image-57651\" srcset=\"https:\/\/www.ejercito.mil.uy\/wp-content\/uploads\/2026\/04\/Inspeccion-por-el-equipo-de-Training-del-HQ-de-la-mision-6-1024x683.jpg 1024w, https:\/\/www.ejercito.mil.uy\/wp-content\/uploads\/2026\/04\/Inspeccion-por-el-equipo-de-Training-del-HQ-de-la-mision-6-300x200.jpg 300w, https:\/\/www.ejercito.mil.uy\/wp-content\/uploads\/2026\/04\/Inspeccion-por-el-equipo-de-Training-del-HQ-de-la-mision-6.jpg 1200w\" sizes=\"(max-width: 1024px) 100vw, 1024px\" \/><\/figure>\n<\/div>\n<\/div>\n\n\n\n<div style=\"height:25px\" aria-hidden=\"true\" class=\"wp-block-spacer\"><\/div>\n\n\n\n<p class=\"has-black-color has-text-color has-link-color wp-elements-025b2b039a25c5fb8e55e97f9b5a147e\" style=\"font-size:14px\">Asimismo, la Comandante de la Fuerza, Mayor General Anita Asmah (Ghana), visit\u00f3 las tres Bases del Contingente, con el fin de supervisar la situaci\u00f3n operativa.<\/p>\n\n\n\n<div style=\"height:25px\" aria-hidden=\"true\" class=\"wp-block-spacer\"><\/div>\n\n\n\n<div class=\"wp-block-columns is-layout-flex wp-container-core-columns-is-layout-28f84493 wp-block-columns-is-layout-flex\">\n<div class=\"wp-block-column is-layout-flow wp-block-column-is-layout-flow\">\n<figure class=\"wp-block-image size-large\"><img decoding=\"async\" width=\"1024\" height=\"683\" src=\"https:\/\/www.ejercito.mil.uy\/wp-content\/uploads\/2026\/04\/Visita-de-la-Sra.-Force-Commander-Maj.-Gen.-Anita-Asmah-1-1024x683.jpg\" alt=\"\" class=\"wp-image-57653\" srcset=\"https:\/\/www.ejercito.mil.uy\/wp-content\/uploads\/2026\/04\/Visita-de-la-Sra.-Force-Commander-Maj.-Gen.-Anita-Asmah-1-1024x683.jpg 1024w, https:\/\/www.ejercito.mil.uy\/wp-content\/uploads\/2026\/04\/Visita-de-la-Sra.-Force-Commander-Maj.-Gen.-Anita-Asmah-1-300x200.jpg 300w, https:\/\/www.ejercito.mil.uy\/wp-content\/uploads\/2026\/04\/Visita-de-la-Sra.-Force-Commander-Maj.-Gen.-Anita-Asmah-1.jpg 1200w\" sizes=\"(max-width: 1024px) 100vw, 1024px\" \/><\/figure>\n<\/div>\n\n\n\n<div class=\"wp-block-column is-layout-flow wp-block-column-is-layout-flow\">\n<figure class=\"wp-block-image size-large\"><img loading=\"lazy\" decoding=\"async\" width=\"1024\" height=\"683\" src=\"https:\/\/www.ejercito.mil.uy\/wp-content\/uploads\/2026\/04\/Visita-de-la-Sra.-Force-Commander-Maj.-Gen.-Anita-Asmah-2-1024x683.jpg\" alt=\"\" class=\"wp-image-57654\" srcset=\"https:\/\/www.ejercito.mil.uy\/wp-content\/uploads\/2026\/04\/Visita-de-la-Sra.-Force-Commander-Maj.-Gen.-Anita-Asmah-2-1024x683.jpg 1024w, https:\/\/www.ejercito.mil.uy\/wp-content\/uploads\/2026\/04\/Visita-de-la-Sra.-Force-Commander-Maj.-Gen.-Anita-Asmah-2-300x200.jpg 300w, https:\/\/www.ejercito.mil.uy\/wp-content\/uploads\/2026\/04\/Visita-de-la-Sra.-Force-Commander-Maj.-Gen.-Anita-Asmah-2.jpg 1200w\" sizes=\"(max-width: 1024px) 100vw, 1024px\" \/><\/figure>\n<\/div>\n\n\n\n<div class=\"wp-block-column is-layout-flow wp-block-column-is-layout-flow\">\n<figure class=\"wp-block-image size-large\"><img loading=\"lazy\" decoding=\"async\" width=\"1024\" height=\"683\" src=\"https:\/\/www.ejercito.mil.uy\/wp-content\/uploads\/2026\/04\/Visita-de-la-Sra.-Force-Commander-Maj.-Gen.-Anita-Asmah-3-1024x683.jpg\" alt=\"\" class=\"wp-image-57655\" srcset=\"https:\/\/www.ejercito.mil.uy\/wp-content\/uploads\/2026\/04\/Visita-de-la-Sra.-Force-Commander-Maj.-Gen.-Anita-Asmah-3-1024x683.jpg 1024w, https:\/\/www.ejercito.mil.uy\/wp-content\/uploads\/2026\/04\/Visita-de-la-Sra.-Force-Commander-Maj.-Gen.-Anita-Asmah-3-300x200.jpg 300w, https:\/\/www.ejercito.mil.uy\/wp-content\/uploads\/2026\/04\/Visita-de-la-Sra.-Force-Commander-Maj.-Gen.-Anita-Asmah-3.jpg 1200w\" sizes=\"(max-width: 1024px) 100vw, 1024px\" \/><\/figure>\n<\/div>\n<\/div>\n\n\n\n<div style=\"height:25px\" aria-hidden=\"true\" class=\"wp-block-spacer\"><\/div>\n\n\n\n<p class=\"has-black-color has-text-color has-link-color wp-elements-86883478ecc509255c97950e39f0a096\" style=\"font-size:14px\">Por otra parte, el equipo EOD (eliminaci\u00f3n de artefactos explosivos) realiz\u00f3 una patrulla de reconocimiento a partir de un informe sobre un presunto artefacto sin explotar en la localidad de Al Rafid. Al llegar al lugar se\u00f1alado, un residente local indic\u00f3 la ubicaci\u00f3n precisa del objeto. Tras su evaluaci\u00f3n, se determin\u00f3 que se trataba de un proyectil iluminante de 155 mm, el cual no conten\u00eda carga explosiva.<\/p>\n\n\n\n<div style=\"height:25px\" aria-hidden=\"true\" class=\"wp-block-spacer\"><\/div>\n\n\n\n<div class=\"wp-block-columns is-layout-flex wp-container-core-columns-is-layout-28f84493 wp-block-columns-is-layout-flex\">\n<div class=\"wp-block-column is-layout-flow wp-block-column-is-layout-flow\">\n<figure class=\"wp-block-image size-large\"><img loading=\"lazy\" decoding=\"async\" width=\"1024\" height=\"683\" src=\"https:\/\/www.ejercito.mil.uy\/wp-content\/uploads\/2026\/04\/Proyectil-iluminante-de-155-mm.-3-1024x683.jpg\" alt=\"\" class=\"wp-image-57659\" srcset=\"https:\/\/www.ejercito.mil.uy\/wp-content\/uploads\/2026\/04\/Proyectil-iluminante-de-155-mm.-3-1024x683.jpg 1024w, https:\/\/www.ejercito.mil.uy\/wp-content\/uploads\/2026\/04\/Proyectil-iluminante-de-155-mm.-3-300x200.jpg 300w, https:\/\/www.ejercito.mil.uy\/wp-content\/uploads\/2026\/04\/Proyectil-iluminante-de-155-mm.-3.jpg 1200w\" sizes=\"(max-width: 1024px) 100vw, 1024px\" \/><\/figure>\n<\/div>\n<\/div>\n\n\n\n<div style=\"height:25px\" aria-hidden=\"true\" class=\"wp-block-spacer\"><\/div>\n\n\n\n<p class=\"has-black-color has-text-color has-link-color wp-elements-7349094b4ab493b5111dd6d63c31697f\" style=\"font-size:14px\">En cumplimiento de los protocolos de seguridad establecidos, el objeto fue trasladado y puesto bajo la responsabilidad del equipo Contra Artefactos Explosivos Improvisados (C-IED por sus siglas en ingl\u00e9s), donde permanece bajo custodia.<\/p>\n\n\n\n<div style=\"height:25px\" aria-hidden=\"true\" class=\"wp-block-spacer\"><\/div>\n\n\n\n<div class=\"wp-block-columns is-layout-flex wp-container-core-columns-is-layout-28f84493 wp-block-columns-is-layout-flex\">\n<div class=\"wp-block-column is-layout-flow wp-block-column-is-layout-flow\">\n<figure class=\"wp-block-image size-large\"><img loading=\"lazy\" decoding=\"async\" width=\"1024\" height=\"683\" src=\"https:\/\/www.ejercito.mil.uy\/wp-content\/uploads\/2026\/04\/Proyectil-iluminante-de-155-mm.-2-1024x683.jpg\" alt=\"\" class=\"wp-image-57660\" srcset=\"https:\/\/www.ejercito.mil.uy\/wp-content\/uploads\/2026\/04\/Proyectil-iluminante-de-155-mm.-2-1024x683.jpg 1024w, https:\/\/www.ejercito.mil.uy\/wp-content\/uploads\/2026\/04\/Proyectil-iluminante-de-155-mm.-2-300x200.jpg 300w, https:\/\/www.ejercito.mil.uy\/wp-content\/uploads\/2026\/04\/Proyectil-iluminante-de-155-mm.-2.jpg 1200w\" sizes=\"(max-width: 1024px) 100vw, 1024px\" \/><\/figure>\n<\/div>\n\n\n\n<div class=\"wp-block-column is-layout-flow wp-block-column-is-layout-flow\">\n<figure class=\"wp-block-image size-large\"><img loading=\"lazy\" decoding=\"async\" width=\"1024\" height=\"683\" src=\"https:\/\/www.ejercito.mil.uy\/wp-content\/uploads\/2026\/04\/Proyectil-iluminante-de-155-mm-1024x683.jpg\" alt=\"\" class=\"wp-image-57661\" srcset=\"https:\/\/www.ejercito.mil.uy\/wp-content\/uploads\/2026\/04\/Proyectil-iluminante-de-155-mm-1024x683.jpg 1024w, https:\/\/www.ejercito.mil.uy\/wp-content\/uploads\/2026\/04\/Proyectil-iluminante-de-155-mm-300x200.jpg 300w, https:\/\/www.ejercito.mil.uy\/wp-content\/uploads\/2026\/04\/Proyectil-iluminante-de-155-mm.jpg 1200w\" sizes=\"(max-width: 1024px) 100vw, 1024px\" \/><\/figure>\n<\/div>\n<\/div>\n\n\n\n<div style=\"height:25px\" aria-hidden=\"true\" class=\"wp-block-spacer\"><\/div>\n\n\n\n<p class=\"has-black-color has-text-color has-link-color wp-elements-25e3270330ac253584a83e91bfa688b3\" style=\"font-size:14px\">En dicha localidad y en relaci\u00f3n con un incidente ocurrido el viernes 3 de abril, en el que un ciudadano local perdi\u00f3 la vida como consecuencia de proyectiles explosivos, la UMIC despleg\u00f3 una patrulla deliberada con un veh\u00edculo de recuperaci\u00f3n, con el prop\u00f3sito de retirar un cami\u00f3n de carga que hab\u00eda sido alcanzado, presumiblemente, por munici\u00f3n de tanque de las Fuerzas de Defensa de Israel.<\/p>\n\n\n\n<div style=\"height:25px\" aria-hidden=\"true\" class=\"wp-block-spacer\"><\/div>\n\n\n\n<figure class=\"wp-block-image size-large\"><img loading=\"lazy\" decoding=\"async\" width=\"1024\" height=\"683\" src=\"https:\/\/www.ejercito.mil.uy\/wp-content\/uploads\/2026\/04\/Apoyo-a-la-poblacion-para-transportar-un-vehiculo-siniestrado-2-1024x683.jpg\" alt=\"\" class=\"wp-image-57664\" srcset=\"https:\/\/www.ejercito.mil.uy\/wp-content\/uploads\/2026\/04\/Apoyo-a-la-poblacion-para-transportar-un-vehiculo-siniestrado-2-1024x683.jpg 1024w, https:\/\/www.ejercito.mil.uy\/wp-content\/uploads\/2026\/04\/Apoyo-a-la-poblacion-para-transportar-un-vehiculo-siniestrado-2-300x200.jpg 300w, https:\/\/www.ejercito.mil.uy\/wp-content\/uploads\/2026\/04\/Apoyo-a-la-poblacion-para-transportar-un-vehiculo-siniestrado-2.jpg 1200w\" sizes=\"(max-width: 1024px) 100vw, 1024px\" \/><\/figure>\n\n\n\n<div style=\"height:25px\" aria-hidden=\"true\" class=\"wp-block-spacer\"><\/div>\n\n\n\n<p class=\"has-black-color has-text-color has-link-color wp-elements-963dda69c35452da749607a3a1e8e7e6\" style=\"font-size:14px\">Durante la operaci\u00f3n, residentes de la zona se acercaron a la patrulla para colaborar. Al finalizar, expresaron su agradecimiento por el apoyo brindado y por la remoci\u00f3n del veh\u00edculo de la v\u00eda p\u00fablica.<\/p>\n\n\n\n<div style=\"height:25px\" aria-hidden=\"true\" class=\"wp-block-spacer\"><\/div>\n\n\n\n<figure class=\"wp-block-image size-large\"><img loading=\"lazy\" decoding=\"async\" width=\"1024\" height=\"683\" src=\"https:\/\/www.ejercito.mil.uy\/wp-content\/uploads\/2026\/04\/Apoyo-a-la-poblacion-para-transportar-un-vehiculo-siniestrado-1024x683.jpg\" alt=\"\" class=\"wp-image-57665\" srcset=\"https:\/\/www.ejercito.mil.uy\/wp-content\/uploads\/2026\/04\/Apoyo-a-la-poblacion-para-transportar-un-vehiculo-siniestrado-1024x683.jpg 1024w, https:\/\/www.ejercito.mil.uy\/wp-content\/uploads\/2026\/04\/Apoyo-a-la-poblacion-para-transportar-un-vehiculo-siniestrado-300x200.jpg 300w, https:\/\/www.ejercito.mil.uy\/wp-content\/uploads\/2026\/04\/Apoyo-a-la-poblacion-para-transportar-un-vehiculo-siniestrado.jpg 1200w\" sizes=\"(max-width: 1024px) 100vw, 1024px\" \/><\/figure>\n\n\n\n<div style=\"height:25px\" aria-hidden=\"true\" class=\"wp-block-spacer\"><\/div>\n\n\n\n<p class=\"has-black-color has-text-color has-link-color wp-elements-7f8d7a443b38731ad8c6306ca877c4ad\" style=\"font-size:14px\">A su vez, la escuadra C-IED de la Unidad, desarroll\u00f3 tareas de despeje de rutas en el Puesto de Observaci\u00f3n 57, con el objetivo de recertificar las v\u00edas de evacuaci\u00f3n.<\/p>\n\n\n\n<div style=\"height:25px\" aria-hidden=\"true\" class=\"wp-block-spacer\"><\/div>\n\n\n\n<div class=\"wp-block-columns is-layout-flex wp-container-core-columns-is-layout-28f84493 wp-block-columns-is-layout-flex\">\n<div class=\"wp-block-column is-layout-flow wp-block-column-is-layout-flow\">\n<figure class=\"wp-block-image size-large\"><img loading=\"lazy\" decoding=\"async\" width=\"1024\" height=\"683\" src=\"https:\/\/www.ejercito.mil.uy\/wp-content\/uploads\/2026\/04\/Trabajos-de-despeje-de-rutas-2-1024x683.jpg\" alt=\"\" class=\"wp-image-57669\" srcset=\"https:\/\/www.ejercito.mil.uy\/wp-content\/uploads\/2026\/04\/Trabajos-de-despeje-de-rutas-2-1024x683.jpg 1024w, https:\/\/www.ejercito.mil.uy\/wp-content\/uploads\/2026\/04\/Trabajos-de-despeje-de-rutas-2-300x200.jpg 300w, https:\/\/www.ejercito.mil.uy\/wp-content\/uploads\/2026\/04\/Trabajos-de-despeje-de-rutas-2.jpg 1200w\" sizes=\"(max-width: 1024px) 100vw, 1024px\" \/><\/figure>\n<\/div>\n\n\n\n<div class=\"wp-block-column is-layout-flow wp-block-column-is-layout-flow\">\n<figure class=\"wp-block-image size-large\"><img loading=\"lazy\" decoding=\"async\" width=\"1024\" height=\"683\" src=\"https:\/\/www.ejercito.mil.uy\/wp-content\/uploads\/2026\/04\/Trabajos-de-despeje-de-rutas-3-1024x683.jpg\" alt=\"\" class=\"wp-image-57670\" srcset=\"https:\/\/www.ejercito.mil.uy\/wp-content\/uploads\/2026\/04\/Trabajos-de-despeje-de-rutas-3-1024x683.jpg 1024w, https:\/\/www.ejercito.mil.uy\/wp-content\/uploads\/2026\/04\/Trabajos-de-despeje-de-rutas-3-300x200.jpg 300w, https:\/\/www.ejercito.mil.uy\/wp-content\/uploads\/2026\/04\/Trabajos-de-despeje-de-rutas-3.jpg 1200w\" sizes=\"(max-width: 1024px) 100vw, 1024px\" \/><\/figure>\n<\/div>\n\n\n\n<div class=\"wp-block-column is-layout-flow wp-block-column-is-layout-flow\">\n<figure class=\"wp-block-image size-large\"><img loading=\"lazy\" decoding=\"async\" width=\"1024\" height=\"683\" src=\"https:\/\/www.ejercito.mil.uy\/wp-content\/uploads\/2026\/04\/Trabajos-de-despeje-de-rutas-4-1024x683.jpg\" alt=\"\" class=\"wp-image-57671\" srcset=\"https:\/\/www.ejercito.mil.uy\/wp-content\/uploads\/2026\/04\/Trabajos-de-despeje-de-rutas-4-1024x683.jpg 1024w, https:\/\/www.ejercito.mil.uy\/wp-content\/uploads\/2026\/04\/Trabajos-de-despeje-de-rutas-4-300x200.jpg 300w, https:\/\/www.ejercito.mil.uy\/wp-content\/uploads\/2026\/04\/Trabajos-de-despeje-de-rutas-4.jpg 1200w\" sizes=\"(max-width: 1024px) 100vw, 1024px\" \/><\/figure>\n<\/div>\n<\/div>\n\n\n\n<div style=\"height:25px\" aria-hidden=\"true\" class=\"wp-block-spacer\"><\/div>\n\n\n\n<div class=\"wp-block-columns is-layout-flex wp-container-core-columns-is-layout-28f84493 wp-block-columns-is-layout-flex\">\n<div class=\"wp-block-column is-layout-flow wp-block-column-is-layout-flow\">\n<figure class=\"wp-block-image size-large\"><img loading=\"lazy\" decoding=\"async\" width=\"1024\" height=\"683\" src=\"https:\/\/www.ejercito.mil.uy\/wp-content\/uploads\/2026\/04\/Trabajos-de-despeje-de-rutas-5-1024x683.jpg\" alt=\"\" class=\"wp-image-57672\" srcset=\"https:\/\/www.ejercito.mil.uy\/wp-content\/uploads\/2026\/04\/Trabajos-de-despeje-de-rutas-5-1024x683.jpg 1024w, https:\/\/www.ejercito.mil.uy\/wp-content\/uploads\/2026\/04\/Trabajos-de-despeje-de-rutas-5-300x200.jpg 300w, https:\/\/www.ejercito.mil.uy\/wp-content\/uploads\/2026\/04\/Trabajos-de-despeje-de-rutas-5.jpg 1200w\" sizes=\"(max-width: 1024px) 100vw, 1024px\" \/><\/figure>\n<\/div>\n\n\n\n<div class=\"wp-block-column is-layout-flow wp-block-column-is-layout-flow\">\n<figure class=\"wp-block-image size-large\"><img loading=\"lazy\" decoding=\"async\" width=\"1024\" height=\"683\" src=\"https:\/\/www.ejercito.mil.uy\/wp-content\/uploads\/2026\/04\/Trabajos-de-despeje-de-rutas-7-1024x683.jpg\" alt=\"\" class=\"wp-image-57673\" srcset=\"https:\/\/www.ejercito.mil.uy\/wp-content\/uploads\/2026\/04\/Trabajos-de-despeje-de-rutas-7-1024x683.jpg 1024w, https:\/\/www.ejercito.mil.uy\/wp-content\/uploads\/2026\/04\/Trabajos-de-despeje-de-rutas-7-300x200.jpg 300w, https:\/\/www.ejercito.mil.uy\/wp-content\/uploads\/2026\/04\/Trabajos-de-despeje-de-rutas-7.jpg 1200w\" sizes=\"(max-width: 1024px) 100vw, 1024px\" \/><\/figure>\n<\/div>\n\n\n\n<div class=\"wp-block-column is-layout-flow wp-block-column-is-layout-flow\">\n<figure class=\"wp-block-image size-large\"><img loading=\"lazy\" decoding=\"async\" width=\"1024\" height=\"683\" src=\"https:\/\/www.ejercito.mil.uy\/wp-content\/uploads\/2026\/04\/Trabajos-de-despeje-de-rutas-6-1024x683.jpg\" alt=\"\" class=\"wp-image-57674\" srcset=\"https:\/\/www.ejercito.mil.uy\/wp-content\/uploads\/2026\/04\/Trabajos-de-despeje-de-rutas-6-1024x683.jpg 1024w, https:\/\/www.ejercito.mil.uy\/wp-content\/uploads\/2026\/04\/Trabajos-de-despeje-de-rutas-6-300x200.jpg 300w, https:\/\/www.ejercito.mil.uy\/wp-content\/uploads\/2026\/04\/Trabajos-de-despeje-de-rutas-6.jpg 1200w\" sizes=\"(max-width: 1024px) 100vw, 1024px\" \/><\/figure>\n<\/div>\n<\/div>\n\n\n\n<div style=\"height:25px\" aria-hidden=\"true\" class=\"wp-block-spacer\"><\/div>\n\n\n\n<p class=\"has-black-color has-text-color has-link-color wp-elements-81e136ccbd27478b97131703d6d7e573\" style=\"font-size:14px\">Posteriormente, se realiz\u00f3 una operaci\u00f3n de custodia para brindar seguridad a un equipo t\u00e9cnico de una compa\u00f1\u00eda el\u00e9ctrica que trabaj\u00f3 en la recuperaci\u00f3n del suministro en la localidad de Al-Ashah. Los residentes manifestaron una valoraci\u00f3n positiva de la presencia de los Cascos Azules y se\u00f1alaron que, sin su presencia, las Fuerzas de Defensa de Israel probablemente no habr\u00edan permitido el ingreso de maquinaria pesada en la zona.<\/p>\n\n\n\n<div style=\"height:25px\" aria-hidden=\"true\" class=\"wp-block-spacer\"><\/div>\n\n\n\n<figure class=\"wp-block-image size-large\"><img loading=\"lazy\" decoding=\"async\" width=\"1024\" height=\"683\" src=\"https:\/\/www.ejercito.mil.uy\/wp-content\/uploads\/2026\/04\/Custodia-de-Seguridad-a-la-compania-de-electricidad-1024x683.jpg\" alt=\"\" class=\"wp-image-57676\" srcset=\"https:\/\/www.ejercito.mil.uy\/wp-content\/uploads\/2026\/04\/Custodia-de-Seguridad-a-la-compania-de-electricidad-1024x683.jpg 1024w, https:\/\/www.ejercito.mil.uy\/wp-content\/uploads\/2026\/04\/Custodia-de-Seguridad-a-la-compania-de-electricidad-300x200.jpg 300w, https:\/\/www.ejercito.mil.uy\/wp-content\/uploads\/2026\/04\/Custodia-de-Seguridad-a-la-compania-de-electricidad.jpg 1200w\" sizes=\"(max-width: 1024px) 100vw, 1024px\" \/><\/figure>\n\n\n\n<div style=\"height:25px\" aria-hidden=\"true\" class=\"wp-block-spacer\"><\/div>\n\n\n\n<p class=\"has-black-color has-text-color has-link-color wp-elements-dd380931d8aa135264f819f8317bf088\" style=\"font-size:14px\">Por \u00faltimo, el Comandante de la Compa\u00f1\u00eda, Tte. Cnel. Nelson Batista, mantuvo una reuni\u00f3n con autoridades del Hospital de Nawa, con el objetivo de conocer la situaci\u00f3n del centro de salud y de la regi\u00f3n. En la oportunidad, se hizo una donaci\u00f3n de insumos m\u00e9dicos, incluyendo tapabocas, m\u00e1scaras de protecci\u00f3n, delantales y cubrecalzado.<\/p>\n\n\n\n<div style=\"height:25px\" aria-hidden=\"true\" class=\"wp-block-spacer\"><\/div>\n\n\n\n<figure class=\"wp-block-image size-large\"><img loading=\"lazy\" decoding=\"async\" width=\"1024\" height=\"683\" src=\"https:\/\/www.ejercito.mil.uy\/wp-content\/uploads\/2026\/04\/Apoyo-al-Hospital-Local-de-Nawa-1024x683.jpg\" alt=\"\" class=\"wp-image-57678\" srcset=\"https:\/\/www.ejercito.mil.uy\/wp-content\/uploads\/2026\/04\/Apoyo-al-Hospital-Local-de-Nawa-1024x683.jpg 1024w, https:\/\/www.ejercito.mil.uy\/wp-content\/uploads\/2026\/04\/Apoyo-al-Hospital-Local-de-Nawa-300x200.jpg 300w, https:\/\/www.ejercito.mil.uy\/wp-content\/uploads\/2026\/04\/Apoyo-al-Hospital-Local-de-Nawa.jpg 1200w\" sizes=\"(max-width: 1024px) 100vw, 1024px\" \/><\/figure>\n","protected":false},"excerpt":{"rendered":"<p>27.04.2026 &#8211; Compartimos un resumen de las diversas actividades operacionales, log\u00edsticas y de cooperaci\u00f3n civil-militar, desarrolladas por la Compa\u00f1\u00eda Uruguaya de Infanter\u00eda Mecanizada bajo el mandato de la Misi\u00f3n UNDOF.<\/p>\n","protected":false},"author":14,"featured_media":57649,"comment_status":"open","ping_status":"open","sticky":false,"template":"","format":"standard","meta":{"_coblocks_attr":"","_coblocks_dimensions":"","_coblocks_responsive_height":"","_coblocks_accordion_ie_support":"","_monsterinsights_skip_tracking":false,"_monsterinsights_sitenote_active":false,"_monsterinsights_sitenote_note":"","_monsterinsights_sitenote_category":0,"_uf_show_specific_survey":0,"_uf_disable_surveys":false,"footnotes":""},"categories":[2,10,237,14,1],"tags":[27,207,825,388,2282,1516,921,1307,108,63,19,418,928,330,67,649,33,61,2281,978],"class_list":["post-57642","post","type-post","status-publish","format-standard","has-post-thumbnail","hentry","category-blog","category-destacados","category-misiones","category-noticias","category-sin-categoria","tag-apoyo","tag-cascos-azules","tag-contingente","tag-custodia","tag-despeje","tag-evacuacion","tag-explosivos","tag-humanitaria","tag-inspeccion","tag-mision","tag-mop","tag-operaciones","tag-operativo","tag-patrulla","tag-peacekeeper","tag-reconocimientos","tag-seguridad","tag-undof","tag-uxo","tag-vehiculo"],"aioseo_notices":[],"_links":{"self":[{"href":"https:\/\/www.ejercito.mil.uy\/index.php\/wp-json\/wp\/v2\/posts\/57642","targetHints":{"allow":["GET"]}}],"collection":[{"href":"https:\/\/www.ejercito.mil.uy\/index.php\/wp-json\/wp\/v2\/posts"}],"about":[{"href":"https:\/\/www.ejercito.mil.uy\/index.php\/wp-json\/wp\/v2\/types\/post"}],"author":[{"embeddable":true,"href":"https:\/\/www.ejercito.mil.uy\/index.php\/wp-json\/wp\/v2\/users\/14"}],"replies":[{"embeddable":true,"href":"https:\/\/www.ejercito.mil.uy\/index.php\/wp-json\/wp\/v2\/comments?post=57642"}],"version-history":[{"count":43,"href":"https:\/\/www.ejercito.mil.uy\/index.php\/wp-json\/wp\/v2\/posts\/57642\/revisions"}],"predecessor-version":[{"id":58009,"href":"https:\/\/www.ejercito.mil.uy\/index.php\/wp-json\/wp\/v2\/posts\/57642\/revisions\/58009"}],"wp:featuredmedia":[{"embeddable":true,"href":"https:\/\/www.ejercito.mil.uy\/index.php\/wp-json\/wp\/v2\/media\/57649"}],"wp:attachment":[{"href":"https:\/\/www.ejercito.mil.uy\/index.php\/wp-json\/wp\/v2\/media?parent=57642"}],"wp:term":[{"taxonomy":"category","embeddable":true,"href":"https:\/\/www.ejercito.mil.uy\/index.php\/wp-json\/wp\/v2\/categories?post=57642"},{"taxonomy":"post_tag","embeddable":true,"href":"https:\/\/www.ejercito.mil.uy\/index.php\/wp-json\/wp\/v2\/tags?post=57642"}],"curies":[{"name":"wp","href":"https:\/\/api.w.org\/{rel}","templated":true}]}}