{"id":58012,"date":"2026-05-01T17:57:00","date_gmt":"2026-05-01T20:57:00","guid":{"rendered":"https:\/\/www.ejercito.mil.uy\/?p=58012"},"modified":"2026-05-01T11:59:25","modified_gmt":"2026-05-01T14:59:25","slug":"nueva-presentacion-del-libro-operacion-esperanza","status":"publish","type":"post","link":"https:\/\/www.ejercito.mil.uy\/index.php\/2026\/05\/01\/nueva-presentacion-del-libro-operacion-esperanza\/","title":{"rendered":"Nueva presentaci\u00f3n del libro \u00abOperaci\u00f3n Esperanza\u00bb"},"content":{"rendered":"\n<div style=\"height:22px\" aria-hidden=\"true\" class=\"wp-block-spacer\"><\/div>\n\n\n\n<p class=\"has-black-color has-text-color has-link-color has-small-font-size wp-elements-1431356a7573cdec1df2c7adf048f383\">28.04.2026 &#8211; Edificio Jos\u00e9 Artigas (anexo al Palacio Legislativo)<\/p>\n\n\n\n<div style=\"height:22px\" aria-hidden=\"true\" class=\"wp-block-spacer\"><\/div>\n\n\n\n<p class=\"has-white-color has-text-color has-background\" style=\"background-color:#418fde;font-size:14px\"><strong>El martes 28 de abril, con la presencia del Comandante en Jefe del Ej\u00e9rcito, Gral. de Ej\u00e9rcito Mario Stevenazzi, se realiz\u00f3 una nueva presentaci\u00f3n del libro \u00abOperaci\u00f3n Esperanza\u00bb del escritor Daniel Brown, en el Edificio \u00abJos\u00e9 Artigas\u00bb anexo al Palacio Legislativo.<\/strong><\/p>\n\n\n\n<div style=\"height:44px\" aria-hidden=\"true\" class=\"wp-block-spacer\"><\/div>\n\n\n\n<figure class=\"wp-block-gallery has-nested-images columns-default is-cropped wp-block-gallery-1 is-layout-flex wp-block-gallery-is-layout-flex\">\n<figure class=\"wp-block-image size-large\"><img fetchpriority=\"high\" decoding=\"async\" width=\"1024\" height=\"683\" data-id=\"58015\" src=\"https:\/\/www.ejercito.mil.uy\/wp-content\/uploads\/2026\/04\/Daniel-Brown-4-1024x683.jpg\" alt=\"\" class=\"wp-image-58015\" srcset=\"https:\/\/www.ejercito.mil.uy\/wp-content\/uploads\/2026\/04\/Daniel-Brown-4-1024x683.jpg 1024w, https:\/\/www.ejercito.mil.uy\/wp-content\/uploads\/2026\/04\/Daniel-Brown-4-300x200.jpg 300w, https:\/\/www.ejercito.mil.uy\/wp-content\/uploads\/2026\/04\/Daniel-Brown-4.jpg 1200w\" sizes=\"(max-width: 1024px) 100vw, 1024px\" \/><\/figure>\n<\/figure>\n\n\n\n<div style=\"height:55px\" aria-hidden=\"true\" class=\"wp-block-spacer\"><\/div>\n\n\n\n<p class=\"has-black-color has-text-color has-link-color wp-elements-84b23d0b38dbd160d0f7674e0bf65f70\" style=\"font-size:14px\">Esta obra trasciende el papel y se convierte en testimonio vivo del compromiso, entrega y sacrificio de nuestros Soldados en tierras lejanas. Recopila los testimonios de uruguayos con experiencias en Misiones de Paz, entre ellos militares, polic\u00edas y civiles.<\/p>\n\n\n\n<div style=\"height:33px\" aria-hidden=\"true\" class=\"wp-block-spacer\"><\/div>\n\n\n\n<figure class=\"wp-block-image size-large\"><img decoding=\"async\" width=\"1024\" height=\"683\" src=\"https:\/\/www.ejercito.mil.uy\/wp-content\/uploads\/2026\/04\/Libros-1024x683.jpg\" alt=\"\" class=\"wp-image-58016\" srcset=\"https:\/\/www.ejercito.mil.uy\/wp-content\/uploads\/2026\/04\/Libros-1024x683.jpg 1024w, https:\/\/www.ejercito.mil.uy\/wp-content\/uploads\/2026\/04\/Libros-300x200.jpg 300w, https:\/\/www.ejercito.mil.uy\/wp-content\/uploads\/2026\/04\/Libros.jpg 1200w\" sizes=\"(max-width: 1024px) 100vw, 1024px\" \/><\/figure>\n\n\n\n<div style=\"height:66px\" aria-hidden=\"true\" class=\"wp-block-spacer\"><\/div>\n\n\n\n<p class=\"has-black-color has-text-color has-link-color wp-elements-785e4e56fd4bdb60aa29b49233375dd8\" style=\"font-size:14px\">Entre los portavoces protagonistas de esta presentaci\u00f3n, estuvo la Ministra de Defensa Nacional, Sandra Lazo, el expresidente Dr. Luis Alberto Lacalle Herrera, el presidente de la&nbsp;Comisi\u00f3n de Defensa Nacional&nbsp;de la C\u00e1mara de Representantes, diputado An\u00edbal M\u00e9ndez y el diputado Gabriel Gianoli.<\/p>\n\n\n\n<div style=\"height:33px\" aria-hidden=\"true\" class=\"wp-block-spacer\"><\/div>\n\n\n\n<figure class=\"wp-block-image size-large\"><img decoding=\"async\" width=\"1024\" height=\"683\" src=\"https:\/\/www.ejercito.mil.uy\/wp-content\/uploads\/2026\/04\/Daniel-Brown-10-1024x683.jpg\" alt=\"\" class=\"wp-image-58021\" srcset=\"https:\/\/www.ejercito.mil.uy\/wp-content\/uploads\/2026\/04\/Daniel-Brown-10-1024x683.jpg 1024w, https:\/\/www.ejercito.mil.uy\/wp-content\/uploads\/2026\/04\/Daniel-Brown-10-300x200.jpg 300w, https:\/\/www.ejercito.mil.uy\/wp-content\/uploads\/2026\/04\/Daniel-Brown-10.jpg 1200w\" sizes=\"(max-width: 1024px) 100vw, 1024px\" \/><\/figure>\n\n\n\n<div style=\"height:66px\" aria-hidden=\"true\" class=\"wp-block-spacer\"><\/div>\n\n\n\n<p class=\"has-black-color has-text-color has-link-color wp-elements-ca47762a22a16eeec7001698be0f7001\" style=\"font-size:14px\"><strong>Daniel Brown<\/strong> destac\u00f3 el valor del trabajo de los uruguayos en el exterior, subrayando que, aun con recursos limitados, logran resultados comparables e incluso superiores a los de pa\u00edses industrializados, gracias a su capacidad de adaptaci\u00f3n, iniciativa y compromiso en el terreno.<br><br>Asimismo, mencion\u00f3 que uno de los principales objetivos de su obra es visibilizar la realidad de las misiones de paz, dando a conocer aspectos poco difundidos como el d\u00eda a d\u00eda de quienes se encuentran desplegados, con el fin de generar mayor conciencia y orgullo en la sociedad uruguaya.<\/p>\n\n\n\n<div style=\"height:33px\" aria-hidden=\"true\" class=\"wp-block-spacer\"><\/div>\n\n\n\n<figure class=\"wp-block-image size-large\"><img loading=\"lazy\" decoding=\"async\" width=\"1024\" height=\"683\" src=\"https:\/\/www.ejercito.mil.uy\/wp-content\/uploads\/2026\/04\/Daniel-Brown-13-1024x683.jpg\" alt=\"\" class=\"wp-image-58023\" srcset=\"https:\/\/www.ejercito.mil.uy\/wp-content\/uploads\/2026\/04\/Daniel-Brown-13-1024x683.jpg 1024w, https:\/\/www.ejercito.mil.uy\/wp-content\/uploads\/2026\/04\/Daniel-Brown-13-300x200.jpg 300w, https:\/\/www.ejercito.mil.uy\/wp-content\/uploads\/2026\/04\/Daniel-Brown-13.jpg 1200w\" sizes=\"(max-width: 1024px) 100vw, 1024px\" \/><\/figure>\n\n\n\n<div style=\"height:33px\" aria-hidden=\"true\" class=\"wp-block-spacer\"><\/div>\n\n\n\n<p class=\"has-black-color has-text-color has-link-color wp-elements-9475caa09cd4dc9c31aca3b031afd703\" style=\"font-size:14px\">En ese sentido, cabe destacar que el autor remarc\u00f3 como su principal desaf\u00edo actual impulsar la concreci\u00f3n del monumento en memoria de los ca\u00eddos en Misiones de Paz, establecido por ley pero a\u00fan pendiente de ejecuci\u00f3n.<br><br>En relaci\u00f3n al mensaje central de su obra, hizo especial \u00e9nfasis en la unidad nacional que se vive en el terreno, se\u00f1alando que <em>\u201ccuando est\u00e1n en el \u00e1rea de misi\u00f3n son una sola cosa, son uruguayos\u201d<\/em>, destacando adem\u00e1s que en ese contexto <em>\u201clas diferencias que tal vez nos separar\u00edan aqu\u00ed en el pa\u00eds, all\u00ed se esfuman, desaparecen\u201d<\/em>.<br><br>Finalmente, se\u00f1al\u00f3 que, ante la ausencia de dicha obra, el libro <strong>\u201cOperaci\u00f3n Esperanza\u201d<\/strong> busca constituirse en un homenaje simb\u00f3lico, donde cada ejemplar represente un peque\u00f1o monumento destinado a preservar la memoria y el sacrificio de quienes dieron su vida en cumplimiento de estas misiones.<\/p>\n\n\n\n<div style=\"height:66px\" aria-hidden=\"true\" class=\"wp-block-spacer\"><\/div>\n\n\n\n<figure class=\"wp-block-gallery has-nested-images columns-default is-cropped wp-block-gallery-2 is-layout-flex wp-block-gallery-is-layout-flex\">\n<figure class=\"wp-block-image size-large\"><img loading=\"lazy\" decoding=\"async\" width=\"1024\" height=\"683\" data-id=\"58017\" src=\"https:\/\/www.ejercito.mil.uy\/wp-content\/uploads\/2026\/04\/Daniel-Brown-2-1024x683.jpg\" alt=\"\" class=\"wp-image-58017\" srcset=\"https:\/\/www.ejercito.mil.uy\/wp-content\/uploads\/2026\/04\/Daniel-Brown-2-1024x683.jpg 1024w, https:\/\/www.ejercito.mil.uy\/wp-content\/uploads\/2026\/04\/Daniel-Brown-2-300x200.jpg 300w, https:\/\/www.ejercito.mil.uy\/wp-content\/uploads\/2026\/04\/Daniel-Brown-2.jpg 1200w\" sizes=\"(max-width: 1024px) 100vw, 1024px\" \/><\/figure>\n\n\n\n<figure class=\"wp-block-image size-large\"><img loading=\"lazy\" decoding=\"async\" width=\"1024\" height=\"683\" data-id=\"58019\" src=\"https:\/\/www.ejercito.mil.uy\/wp-content\/uploads\/2026\/04\/Daniel-Brown-7-1024x683.jpg\" alt=\"\" class=\"wp-image-58019\" srcset=\"https:\/\/www.ejercito.mil.uy\/wp-content\/uploads\/2026\/04\/Daniel-Brown-7-1024x683.jpg 1024w, https:\/\/www.ejercito.mil.uy\/wp-content\/uploads\/2026\/04\/Daniel-Brown-7-300x200.jpg 300w, https:\/\/www.ejercito.mil.uy\/wp-content\/uploads\/2026\/04\/Daniel-Brown-7.jpg 1200w\" sizes=\"(max-width: 1024px) 100vw, 1024px\" \/><\/figure>\n\n\n\n<figure class=\"wp-block-image size-large\"><img loading=\"lazy\" decoding=\"async\" width=\"1024\" height=\"683\" data-id=\"58020\" src=\"https:\/\/www.ejercito.mil.uy\/wp-content\/uploads\/2026\/04\/Daniel-Brown-9-1024x683.jpg\" alt=\"\" class=\"wp-image-58020\" srcset=\"https:\/\/www.ejercito.mil.uy\/wp-content\/uploads\/2026\/04\/Daniel-Brown-9-1024x683.jpg 1024w, https:\/\/www.ejercito.mil.uy\/wp-content\/uploads\/2026\/04\/Daniel-Brown-9-300x200.jpg 300w, https:\/\/www.ejercito.mil.uy\/wp-content\/uploads\/2026\/04\/Daniel-Brown-9.jpg 1200w\" sizes=\"(max-width: 1024px) 100vw, 1024px\" \/><\/figure>\n\n\n\n<figure class=\"wp-block-image size-large\"><img loading=\"lazy\" decoding=\"async\" width=\"1024\" height=\"683\" data-id=\"58018\" src=\"https:\/\/www.ejercito.mil.uy\/wp-content\/uploads\/2026\/04\/Daniel-Brown-3-1024x683.jpg\" alt=\"\" class=\"wp-image-58018\" srcset=\"https:\/\/www.ejercito.mil.uy\/wp-content\/uploads\/2026\/04\/Daniel-Brown-3-1024x683.jpg 1024w, https:\/\/www.ejercito.mil.uy\/wp-content\/uploads\/2026\/04\/Daniel-Brown-3-300x200.jpg 300w, https:\/\/www.ejercito.mil.uy\/wp-content\/uploads\/2026\/04\/Daniel-Brown-3.jpg 1200w\" sizes=\"(max-width: 1024px) 100vw, 1024px\" \/><\/figure>\n<\/figure>\n\n\n\n<div style=\"height:66px\" aria-hidden=\"true\" class=\"wp-block-spacer\"><\/div>\n\n\n\n<p class=\"has-black-color has-text-color has-link-color wp-elements-eb69a0879c4bf2997ae9435910094721\" style=\"font-size:14px\">Asistieron al evento, autoridades nacionales, Directores de Oficinas P\u00fablicas del Ministerio de Defensa Nacional,  el Director  General del Sistema Nacional de Apoyo a las Operaciones de Mantenimiento de la Paz, General Tabar\u00e9 Cardozo, autoridades militares en actividad y en situaci\u00f3n de retiro, entre otros.<\/p>\n\n\n\n<div style=\"height:33px\" aria-hidden=\"true\" class=\"wp-block-spacer\"><\/div>\n\n\n\n<figure class=\"wp-block-gallery has-nested-images columns-default is-cropped wp-block-gallery-3 is-layout-flex wp-block-gallery-is-layout-flex\">\n<figure class=\"wp-block-image size-large\"><img loading=\"lazy\" decoding=\"async\" width=\"1024\" height=\"683\" data-id=\"58024\" src=\"https:\/\/www.ejercito.mil.uy\/wp-content\/uploads\/2026\/04\/Daniel-Brown-1024x683.jpg\" alt=\"\" class=\"wp-image-58024\" srcset=\"https:\/\/www.ejercito.mil.uy\/wp-content\/uploads\/2026\/04\/Daniel-Brown-1024x683.jpg 1024w, https:\/\/www.ejercito.mil.uy\/wp-content\/uploads\/2026\/04\/Daniel-Brown-300x200.jpg 300w, https:\/\/www.ejercito.mil.uy\/wp-content\/uploads\/2026\/04\/Daniel-Brown.jpg 1200w\" sizes=\"(max-width: 1024px) 100vw, 1024px\" \/><\/figure>\n\n\n\n<figure class=\"wp-block-image size-large\"><img loading=\"lazy\" decoding=\"async\" width=\"1024\" height=\"683\" data-id=\"58022\" src=\"https:\/\/www.ejercito.mil.uy\/wp-content\/uploads\/2026\/04\/Daniel-Brown-1-1024x683.jpg\" alt=\"\" class=\"wp-image-58022\" srcset=\"https:\/\/www.ejercito.mil.uy\/wp-content\/uploads\/2026\/04\/Daniel-Brown-1-1024x683.jpg 1024w, https:\/\/www.ejercito.mil.uy\/wp-content\/uploads\/2026\/04\/Daniel-Brown-1-300x200.jpg 300w, https:\/\/www.ejercito.mil.uy\/wp-content\/uploads\/2026\/04\/Daniel-Brown-1.jpg 1200w\" sizes=\"(max-width: 1024px) 100vw, 1024px\" \/><\/figure>\n<\/figure>\n\n\n\n<div style=\"height:33px\" aria-hidden=\"true\" class=\"wp-block-spacer\"><\/div>\n\n\n\n<p class=\"is-style-success has-black-color has-text-color has-background has-link-color wp-elements-c8c4ae886631ecd765f01053d7124491\" style=\"background-color:#8dd2fc85;font-size:14px\"><strong>Este libro representa no solo un testimonio, sino tambi\u00e9n un legado de servicio, vocaci\u00f3n y esperanza en el accionar internacional de nuestras Fuerzas.<\/strong><\/p>\n\n\n\n<div style=\"height:55px\" aria-hidden=\"true\" class=\"wp-block-spacer\"><\/div>\n\n\n\n<p class=\"is-style-default has-black-color has-text-color has-background has-link-color wp-elements-54680c9d16854d6b345263dd123e760c\" style=\"background-color:#f3d684;font-size:14px\"><em><strong>Ver nota completa a partir del minuto 01:14 en la edici\u00f3n #09 del informativo del Ej\u00e9rcito del Uruguay &#8211; <a href=\"https:\/\/www.youtube.com\/watch?v=jNx3HJbWb-0&amp;t=74s\" title=\"\">Presentaci\u00f3n del libro \u00abOperaci\u00f3n Esperanza\u00bb<\/a><\/strong><\/em><\/p>\n\n\n\n<div style=\"height:100px\" aria-hidden=\"true\" class=\"wp-block-spacer\"><\/div>\n","protected":false},"excerpt":{"rendered":"<p>28.04.2026 &#8211; Con la presencia del Cte. en Jefe del Ej\u00e9rcito se realiz\u00f3 una nueva presentaci\u00f3n de esta obra, que es un testimonio vivo del compromiso, entrega al servicio de la Paz.<\/p>\n","protected":false},"author":4,"featured_media":58014,"comment_status":"open","ping_status":"open","sticky":false,"template":"","format":"standard","meta":{"_coblocks_attr":"","_coblocks_dimensions":"","_coblocks_responsive_height":"","_coblocks_accordion_ie_support":"","_monsterinsights_skip_tracking":false,"_monsterinsights_sitenote_active":false,"_monsterinsights_sitenote_note":"","_monsterinsights_sitenote_category":0,"_uf_show_specific_survey":0,"_uf_disable_surveys":false,"footnotes":""},"categories":[2,10,1],"tags":[207,1938,1280,347,21,19,232,165,139,1801,1377,1378],"class_list":["post-58012","post","type-post","status-publish","format-standard","has-post-thumbnail","hentry","category-blog","category-destacados","category-sin-categoria","tag-cascos-azules","tag-esperanza","tag-experiencias","tag-libro","tag-misiones-de-paz","tag-mop","tag-mujeres","tag-ninos","tag-onu","tag-operacion-3","tag-presentacion","tag-relatos"],"aioseo_notices":[],"_links":{"self":[{"href":"https:\/\/www.ejercito.mil.uy\/index.php\/wp-json\/wp\/v2\/posts\/58012","targetHints":{"allow":["GET"]}}],"collection":[{"href":"https:\/\/www.ejercito.mil.uy\/index.php\/wp-json\/wp\/v2\/posts"}],"about":[{"href":"https:\/\/www.ejercito.mil.uy\/index.php\/wp-json\/wp\/v2\/types\/post"}],"author":[{"embeddable":true,"href":"https:\/\/www.ejercito.mil.uy\/index.php\/wp-json\/wp\/v2\/users\/4"}],"replies":[{"embeddable":true,"href":"https:\/\/www.ejercito.mil.uy\/index.php\/wp-json\/wp\/v2\/comments?post=58012"}],"version-history":[{"count":7,"href":"https:\/\/www.ejercito.mil.uy\/index.php\/wp-json\/wp\/v2\/posts\/58012\/revisions"}],"predecessor-version":[{"id":58173,"href":"https:\/\/www.ejercito.mil.uy\/index.php\/wp-json\/wp\/v2\/posts\/58012\/revisions\/58173"}],"wp:featuredmedia":[{"embeddable":true,"href":"https:\/\/www.ejercito.mil.uy\/index.php\/wp-json\/wp\/v2\/media\/58014"}],"wp:attachment":[{"href":"https:\/\/www.ejercito.mil.uy\/index.php\/wp-json\/wp\/v2\/media?parent=58012"}],"wp:term":[{"taxonomy":"category","embeddable":true,"href":"https:\/\/www.ejercito.mil.uy\/index.php\/wp-json\/wp\/v2\/categories?post=58012"},{"taxonomy":"post_tag","embeddable":true,"href":"https:\/\/www.ejercito.mil.uy\/index.php\/wp-json\/wp\/v2\/tags?post=58012"}],"curies":[{"name":"wp","href":"https:\/\/api.w.org\/{rel}","templated":true}]}}