{"id":58026,"date":"2026-05-01T12:00:00","date_gmt":"2026-05-01T15:00:00","guid":{"rendered":"https:\/\/www.ejercito.mil.uy\/?p=58026"},"modified":"2026-05-01T19:06:52","modified_gmt":"2026-05-01T22:06:52","slug":"reunion-bilateral-entre-uruguay-y-paraguay","status":"publish","type":"post","link":"https:\/\/www.ejercito.mil.uy\/index.php\/2026\/05\/01\/reunion-bilateral-entre-uruguay-y-paraguay\/","title":{"rendered":"Reuni\u00f3n Bilateral entre Uruguay y Paraguay"},"content":{"rendered":"\n<div style=\"height:33px\" aria-hidden=\"true\" class=\"wp-block-spacer\"><\/div>\n\n\n\n<p class=\"has-black-color has-text-color has-link-color wp-elements-c1cf959eccb35e3ec32faad9e1b9a92e\" style=\"font-size:14px\">01.05.2026 &#8211; <strong>Montevideo<\/strong> <\/p>\n\n\n\n<div style=\"height:25px\" aria-hidden=\"true\" class=\"wp-block-spacer\"><\/div>\n\n\n\n<p class=\"is-style-success has-black-color has-text-color has-background has-link-color wp-elements-bf0e3871bdb36d54ba098bc01fdf229f\" style=\"background-color:#ffcc00;font-size:14px\">Entre el 21 y el 23 de abril, se desarroll\u00f3 la <strong>primera reuni\u00f3n bilateral de Estado Mayor entre el Ej\u00e9rcito Nacional y el Ej\u00e9rcito de Paraguay.<\/strong><\/p>\n\n\n\n<div style=\"height:25px\" aria-hidden=\"true\" class=\"wp-block-spacer\"><\/div>\n\n\n\n<div class=\"wp-block-columns is-layout-flex wp-container-core-columns-is-layout-28f84493 wp-block-columns-is-layout-flex\">\n<div class=\"wp-block-column is-layout-flow wp-block-column-is-layout-flow\">\n<figure class=\"wp-block-image size-large\"><img fetchpriority=\"high\" decoding=\"async\" width=\"1024\" height=\"683\" src=\"https:\/\/www.ejercito.mil.uy\/wp-content\/uploads\/2026\/04\/2026-04-21-Bilateral-Paraguay-JEME-16-1024x683.jpg\" alt=\"\" class=\"wp-image-58032\" srcset=\"https:\/\/www.ejercito.mil.uy\/wp-content\/uploads\/2026\/04\/2026-04-21-Bilateral-Paraguay-JEME-16-1024x683.jpg 1024w, https:\/\/www.ejercito.mil.uy\/wp-content\/uploads\/2026\/04\/2026-04-21-Bilateral-Paraguay-JEME-16-300x200.jpg 300w, https:\/\/www.ejercito.mil.uy\/wp-content\/uploads\/2026\/04\/2026-04-21-Bilateral-Paraguay-JEME-16.jpg 1200w\" sizes=\"(max-width: 1024px) 100vw, 1024px\" \/><\/figure>\n<\/div>\n\n\n\n<div class=\"wp-block-column is-layout-flow wp-block-column-is-layout-flow\">\n<figure class=\"wp-block-image size-large\"><img decoding=\"async\" width=\"1024\" height=\"683\" src=\"https:\/\/www.ejercito.mil.uy\/wp-content\/uploads\/2026\/04\/2026-04-21-Bilateral-Paraguay-JEME-3-1024x683.jpg\" alt=\"\" class=\"wp-image-58033\" srcset=\"https:\/\/www.ejercito.mil.uy\/wp-content\/uploads\/2026\/04\/2026-04-21-Bilateral-Paraguay-JEME-3-1024x683.jpg 1024w, https:\/\/www.ejercito.mil.uy\/wp-content\/uploads\/2026\/04\/2026-04-21-Bilateral-Paraguay-JEME-3-300x200.jpg 300w, https:\/\/www.ejercito.mil.uy\/wp-content\/uploads\/2026\/04\/2026-04-21-Bilateral-Paraguay-JEME-3.jpg 1200w\" sizes=\"(max-width: 1024px) 100vw, 1024px\" \/><\/figure>\n<\/div>\n<\/div>\n\n\n\n<div style=\"height:25px\" aria-hidden=\"true\" class=\"wp-block-spacer\"><\/div>\n\n\n\n<p class=\"has-black-color has-text-color has-link-color wp-elements-f918a0342d27e5b1dc614cc92765b616\" style=\"font-size:14px\">El encuentro se desarroll\u00f3 de forma virtual desde el Sal\u00f3n Purificaci\u00f3n del Estado Mayor del Ej\u00e9rcito. Durante la instancia, se firmaron 26 acuerdos de entendimiento, en los que se propusieron cursos para todas las jerarqu\u00edas de ambas Fuerzas, con miras a su ejecuci\u00f3n en los a\u00f1os 2027 y 2028.<\/p>\n\n\n\n<div style=\"height:25px\" aria-hidden=\"true\" class=\"wp-block-spacer\"><\/div>\n\n\n\n<div class=\"wp-block-columns is-layout-flex wp-container-core-columns-is-layout-28f84493 wp-block-columns-is-layout-flex\">\n<div class=\"wp-block-column is-layout-flow wp-block-column-is-layout-flow\">\n<figure class=\"wp-block-image size-large\"><img decoding=\"async\" width=\"1024\" height=\"683\" src=\"https:\/\/www.ejercito.mil.uy\/wp-content\/uploads\/2026\/04\/2026-04-21-Bilateral-Paraguay-JEME-9-1024x683.jpg\" alt=\"\" class=\"wp-image-58035\" srcset=\"https:\/\/www.ejercito.mil.uy\/wp-content\/uploads\/2026\/04\/2026-04-21-Bilateral-Paraguay-JEME-9-1024x683.jpg 1024w, https:\/\/www.ejercito.mil.uy\/wp-content\/uploads\/2026\/04\/2026-04-21-Bilateral-Paraguay-JEME-9-300x200.jpg 300w, https:\/\/www.ejercito.mil.uy\/wp-content\/uploads\/2026\/04\/2026-04-21-Bilateral-Paraguay-JEME-9.jpg 1200w\" sizes=\"(max-width: 1024px) 100vw, 1024px\" \/><\/figure>\n<\/div>\n\n\n\n<div class=\"wp-block-column is-layout-flow wp-block-column-is-layout-flow\">\n<figure class=\"wp-block-image size-large\"><img loading=\"lazy\" decoding=\"async\" width=\"1024\" height=\"683\" src=\"https:\/\/www.ejercito.mil.uy\/wp-content\/uploads\/2026\/04\/2026-04-21-Bilateral-Paraguay-JEME-4-1024x683.jpg\" alt=\"\" class=\"wp-image-58036\" srcset=\"https:\/\/www.ejercito.mil.uy\/wp-content\/uploads\/2026\/04\/2026-04-21-Bilateral-Paraguay-JEME-4-1024x683.jpg 1024w, https:\/\/www.ejercito.mil.uy\/wp-content\/uploads\/2026\/04\/2026-04-21-Bilateral-Paraguay-JEME-4-300x200.jpg 300w, https:\/\/www.ejercito.mil.uy\/wp-content\/uploads\/2026\/04\/2026-04-21-Bilateral-Paraguay-JEME-4.jpg 1200w\" sizes=\"(max-width: 1024px) 100vw, 1024px\" \/><\/figure>\n<\/div>\n\n\n\n<div class=\"wp-block-column is-layout-flow wp-block-column-is-layout-flow\">\n<figure class=\"wp-block-image size-large\"><img loading=\"lazy\" decoding=\"async\" width=\"1024\" height=\"683\" src=\"https:\/\/www.ejercito.mil.uy\/wp-content\/uploads\/2026\/04\/2026-04-21-Bilateral-Paraguay-JEME-21-1024x683.jpg\" alt=\"\" class=\"wp-image-58037\" srcset=\"https:\/\/www.ejercito.mil.uy\/wp-content\/uploads\/2026\/04\/2026-04-21-Bilateral-Paraguay-JEME-21-1024x683.jpg 1024w, https:\/\/www.ejercito.mil.uy\/wp-content\/uploads\/2026\/04\/2026-04-21-Bilateral-Paraguay-JEME-21-300x200.jpg 300w, https:\/\/www.ejercito.mil.uy\/wp-content\/uploads\/2026\/04\/2026-04-21-Bilateral-Paraguay-JEME-21.jpg 1200w\" sizes=\"(max-width: 1024px) 100vw, 1024px\" \/><\/figure>\n<\/div>\n<\/div>\n\n\n\n<div style=\"height:25px\" aria-hidden=\"true\" class=\"wp-block-spacer\"><\/div>\n\n\n\n<div class=\"wp-block-columns is-layout-flex wp-container-core-columns-is-layout-28f84493 wp-block-columns-is-layout-flex\">\n<div class=\"wp-block-column is-layout-flow wp-block-column-is-layout-flow\">\n<figure class=\"wp-block-image size-large\"><img loading=\"lazy\" decoding=\"async\" width=\"1024\" height=\"683\" src=\"https:\/\/www.ejercito.mil.uy\/wp-content\/uploads\/2026\/04\/2026-04-21-Bilateral-Paraguay-JEME-22-1024x683.jpg\" alt=\"\" class=\"wp-image-58038\" srcset=\"https:\/\/www.ejercito.mil.uy\/wp-content\/uploads\/2026\/04\/2026-04-21-Bilateral-Paraguay-JEME-22-1024x683.jpg 1024w, https:\/\/www.ejercito.mil.uy\/wp-content\/uploads\/2026\/04\/2026-04-21-Bilateral-Paraguay-JEME-22-300x200.jpg 300w, https:\/\/www.ejercito.mil.uy\/wp-content\/uploads\/2026\/04\/2026-04-21-Bilateral-Paraguay-JEME-22.jpg 1200w\" sizes=\"(max-width: 1024px) 100vw, 1024px\" \/><\/figure>\n<\/div>\n\n\n\n<div class=\"wp-block-column is-layout-flow wp-block-column-is-layout-flow\">\n<figure class=\"wp-block-image size-large\"><img loading=\"lazy\" decoding=\"async\" width=\"1024\" height=\"683\" src=\"https:\/\/www.ejercito.mil.uy\/wp-content\/uploads\/2026\/04\/2026-04-21-Bilateral-Paraguay-JEME-23-1024x683.jpg\" alt=\"\" class=\"wp-image-58039\" srcset=\"https:\/\/www.ejercito.mil.uy\/wp-content\/uploads\/2026\/04\/2026-04-21-Bilateral-Paraguay-JEME-23-1024x683.jpg 1024w, https:\/\/www.ejercito.mil.uy\/wp-content\/uploads\/2026\/04\/2026-04-21-Bilateral-Paraguay-JEME-23-300x200.jpg 300w, https:\/\/www.ejercito.mil.uy\/wp-content\/uploads\/2026\/04\/2026-04-21-Bilateral-Paraguay-JEME-23.jpg 1200w\" sizes=\"(max-width: 1024px) 100vw, 1024px\" \/><\/figure>\n<\/div>\n\n\n\n<div class=\"wp-block-column is-layout-flow wp-block-column-is-layout-flow\">\n<figure class=\"wp-block-image size-large\"><img loading=\"lazy\" decoding=\"async\" width=\"1024\" height=\"683\" src=\"https:\/\/www.ejercito.mil.uy\/wp-content\/uploads\/2026\/04\/2026-04-21-Bilateral-Paraguay-JEME-33-1024x683.jpg\" alt=\"\" class=\"wp-image-58040\" srcset=\"https:\/\/www.ejercito.mil.uy\/wp-content\/uploads\/2026\/04\/2026-04-21-Bilateral-Paraguay-JEME-33-1024x683.jpg 1024w, https:\/\/www.ejercito.mil.uy\/wp-content\/uploads\/2026\/04\/2026-04-21-Bilateral-Paraguay-JEME-33-300x200.jpg 300w, https:\/\/www.ejercito.mil.uy\/wp-content\/uploads\/2026\/04\/2026-04-21-Bilateral-Paraguay-JEME-33.jpg 1200w\" sizes=\"(max-width: 1024px) 100vw, 1024px\" \/><\/figure>\n<\/div>\n<\/div>\n\n\n\n<div style=\"height:25px\" aria-hidden=\"true\" class=\"wp-block-spacer\"><\/div>\n\n\n\n<p class=\"has-black-color has-text-color has-link-color wp-elements-3e381c757b613cd00439eefd8309d620\" style=\"font-size:14px\">Asimismo, se presentaron las capacidades de ambas instituciones, compartiendo experiencias actuales en distintas \u00e1reas. En este marco, la Fuerza de todos present\u00f3 su Unidad de Ciberdefensa del Ej\u00e9rcito, considerando que el Ej\u00e9rcito de Paraguay se encuentra en proceso de conformaci\u00f3n de una Unidad similar.<\/p>\n\n\n\n<div style=\"height:25px\" aria-hidden=\"true\" class=\"wp-block-spacer\"><\/div>\n\n\n\n<div class=\"wp-block-columns is-layout-flex wp-container-core-columns-is-layout-28f84493 wp-block-columns-is-layout-flex\">\n<div class=\"wp-block-column is-layout-flow wp-block-column-is-layout-flow\">\n<figure class=\"wp-block-image size-large\"><img loading=\"lazy\" decoding=\"async\" width=\"1024\" height=\"683\" src=\"https:\/\/www.ejercito.mil.uy\/wp-content\/uploads\/2026\/04\/2026-04-21-Bilateral-Paraguay-JEME-28-1024x683.jpg\" alt=\"\" class=\"wp-image-58042\" srcset=\"https:\/\/www.ejercito.mil.uy\/wp-content\/uploads\/2026\/04\/2026-04-21-Bilateral-Paraguay-JEME-28-1024x683.jpg 1024w, https:\/\/www.ejercito.mil.uy\/wp-content\/uploads\/2026\/04\/2026-04-21-Bilateral-Paraguay-JEME-28-300x200.jpg 300w, https:\/\/www.ejercito.mil.uy\/wp-content\/uploads\/2026\/04\/2026-04-21-Bilateral-Paraguay-JEME-28.jpg 1200w\" sizes=\"(max-width: 1024px) 100vw, 1024px\" \/><\/figure>\n<\/div>\n\n\n\n<div class=\"wp-block-column is-layout-flow wp-block-column-is-layout-flow\">\n<figure class=\"wp-block-image size-large\"><img loading=\"lazy\" decoding=\"async\" width=\"1024\" height=\"683\" src=\"https:\/\/www.ejercito.mil.uy\/wp-content\/uploads\/2026\/04\/2026-04-23-Bilateral-Clausura-4-1024x683.jpg\" alt=\"\" class=\"wp-image-58044\" srcset=\"https:\/\/www.ejercito.mil.uy\/wp-content\/uploads\/2026\/04\/2026-04-23-Bilateral-Clausura-4-1024x683.jpg 1024w, https:\/\/www.ejercito.mil.uy\/wp-content\/uploads\/2026\/04\/2026-04-23-Bilateral-Clausura-4-300x200.jpg 300w, https:\/\/www.ejercito.mil.uy\/wp-content\/uploads\/2026\/04\/2026-04-23-Bilateral-Clausura-4.jpg 1200w\" sizes=\"(max-width: 1024px) 100vw, 1024px\" \/><\/figure>\n<\/div>\n<\/div>\n\n\n\n<div style=\"height:25px\" aria-hidden=\"true\" class=\"wp-block-spacer\"><\/div>\n\n\n\n<div class=\"wp-block-columns is-layout-flex wp-container-core-columns-is-layout-28f84493 wp-block-columns-is-layout-flex\">\n<div class=\"wp-block-column is-layout-flow wp-block-column-is-layout-flow\">\n<figure class=\"wp-block-image size-large\"><img loading=\"lazy\" decoding=\"async\" width=\"1024\" height=\"683\" src=\"https:\/\/www.ejercito.mil.uy\/wp-content\/uploads\/2026\/04\/2026-04-23-Bilateral-Clausura-11-1024x683.jpg\" alt=\"\" class=\"wp-image-58046\" srcset=\"https:\/\/www.ejercito.mil.uy\/wp-content\/uploads\/2026\/04\/2026-04-23-Bilateral-Clausura-11-1024x683.jpg 1024w, https:\/\/www.ejercito.mil.uy\/wp-content\/uploads\/2026\/04\/2026-04-23-Bilateral-Clausura-11-300x200.jpg 300w, https:\/\/www.ejercito.mil.uy\/wp-content\/uploads\/2026\/04\/2026-04-23-Bilateral-Clausura-11.jpg 1200w\" sizes=\"(max-width: 1024px) 100vw, 1024px\" \/><\/figure>\n<\/div>\n\n\n\n<div class=\"wp-block-column is-layout-flow wp-block-column-is-layout-flow\">\n<figure class=\"wp-block-image size-large\"><img loading=\"lazy\" decoding=\"async\" width=\"1024\" height=\"683\" src=\"https:\/\/www.ejercito.mil.uy\/wp-content\/uploads\/2026\/04\/2026-04-23-Bilateral-Clausura-15-1024x683.jpg\" alt=\"\" class=\"wp-image-58047\" srcset=\"https:\/\/www.ejercito.mil.uy\/wp-content\/uploads\/2026\/04\/2026-04-23-Bilateral-Clausura-15-1024x683.jpg 1024w, https:\/\/www.ejercito.mil.uy\/wp-content\/uploads\/2026\/04\/2026-04-23-Bilateral-Clausura-15-300x200.jpg 300w, https:\/\/www.ejercito.mil.uy\/wp-content\/uploads\/2026\/04\/2026-04-23-Bilateral-Clausura-15.jpg 1200w\" sizes=\"(max-width: 1024px) 100vw, 1024px\" \/><\/figure>\n<\/div>\n\n\n\n<div class=\"wp-block-column is-layout-flow wp-block-column-is-layout-flow\">\n<figure class=\"wp-block-image size-large\"><img loading=\"lazy\" decoding=\"async\" width=\"1024\" height=\"683\" src=\"https:\/\/www.ejercito.mil.uy\/wp-content\/uploads\/2026\/04\/2026-04-23-Bilateral-Clausura-18-1024x683.jpg\" alt=\"\" class=\"wp-image-58048\" srcset=\"https:\/\/www.ejercito.mil.uy\/wp-content\/uploads\/2026\/04\/2026-04-23-Bilateral-Clausura-18-1024x683.jpg 1024w, https:\/\/www.ejercito.mil.uy\/wp-content\/uploads\/2026\/04\/2026-04-23-Bilateral-Clausura-18-300x200.jpg 300w, https:\/\/www.ejercito.mil.uy\/wp-content\/uploads\/2026\/04\/2026-04-23-Bilateral-Clausura-18.jpg 1200w\" sizes=\"(max-width: 1024px) 100vw, 1024px\" \/><\/figure>\n<\/div>\n<\/div>\n\n\n\n<div style=\"height:25px\" aria-hidden=\"true\" class=\"wp-block-spacer\"><\/div>\n\n\n\n<p class=\"has-black-color has-text-color has-link-color wp-elements-e0f3e50fecbdcf1c39abb9409d044a00\" style=\"font-size:14px\">Participaron los Jefes de Estado Mayor de dichos Ej\u00e9rcitos, junto a delegaciones de los dos pa\u00edses.<\/p>\n\n\n\n<div style=\"height:25px\" aria-hidden=\"true\" class=\"wp-block-spacer\"><\/div>\n\n\n\n<div class=\"wp-block-columns is-layout-flex wp-container-core-columns-is-layout-28f84493 wp-block-columns-is-layout-flex\">\n<div class=\"wp-block-column is-layout-flow wp-block-column-is-layout-flow\">\n<figure class=\"wp-block-image size-large\"><img loading=\"lazy\" decoding=\"async\" width=\"1024\" height=\"683\" src=\"https:\/\/www.ejercito.mil.uy\/wp-content\/uploads\/2026\/04\/2026-04-23-Bilateral-Clausura-19-1024x683.jpg\" alt=\"\" class=\"wp-image-58050\" srcset=\"https:\/\/www.ejercito.mil.uy\/wp-content\/uploads\/2026\/04\/2026-04-23-Bilateral-Clausura-19-1024x683.jpg 1024w, https:\/\/www.ejercito.mil.uy\/wp-content\/uploads\/2026\/04\/2026-04-23-Bilateral-Clausura-19-300x200.jpg 300w, https:\/\/www.ejercito.mil.uy\/wp-content\/uploads\/2026\/04\/2026-04-23-Bilateral-Clausura-19.jpg 1200w\" sizes=\"(max-width: 1024px) 100vw, 1024px\" \/><\/figure>\n<\/div>\n\n\n\n<div class=\"wp-block-column is-layout-flow wp-block-column-is-layout-flow\">\n<figure class=\"wp-block-image size-large\"><img loading=\"lazy\" decoding=\"async\" width=\"1024\" height=\"683\" src=\"https:\/\/www.ejercito.mil.uy\/wp-content\/uploads\/2026\/04\/2026-04-23-Bilateral-Clausura-29-1024x683.jpg\" alt=\"\" class=\"wp-image-58053\" srcset=\"https:\/\/www.ejercito.mil.uy\/wp-content\/uploads\/2026\/04\/2026-04-23-Bilateral-Clausura-29-1024x683.jpg 1024w, https:\/\/www.ejercito.mil.uy\/wp-content\/uploads\/2026\/04\/2026-04-23-Bilateral-Clausura-29-300x200.jpg 300w, https:\/\/www.ejercito.mil.uy\/wp-content\/uploads\/2026\/04\/2026-04-23-Bilateral-Clausura-29.jpg 1200w\" sizes=\"(max-width: 1024px) 100vw, 1024px\" \/><\/figure>\n<\/div>\n<\/div>\n\n\n\n<div style=\"height:100px\" aria-hidden=\"true\" class=\"wp-block-spacer\"><\/div>\n","protected":false},"excerpt":{"rendered":"<p>27.04.2026 &#8211; Se realiz\u00f3 de forma virtual la primera reuni\u00f3n bilateral de Estado Mayor entre ambos Ej\u00e9rcitos, donde se firmaron 26 acuerdos de entendimiento.<\/p>\n","protected":false},"author":14,"featured_media":58031,"comment_status":"open","ping_status":"open","sticky":false,"template":"","format":"standard","meta":{"_coblocks_attr":"","_coblocks_dimensions":"","_coblocks_responsive_height":"","_coblocks_accordion_ie_support":"","_monsterinsights_skip_tracking":false,"_monsterinsights_sitenote_active":false,"_monsterinsights_sitenote_note":"","_monsterinsights_sitenote_category":0,"_uf_show_specific_survey":0,"_uf_disable_surveys":false,"footnotes":""},"categories":[2,10,14,1],"tags":[744,1382,188,1343,2294,1772,115,743,2295,1666],"class_list":["post-58026","post","type-post","status-publish","format-standard","has-post-thumbnail","hentry","category-blog","category-destacados","category-noticias","category-sin-categoria","tag-bilateral","tag-ciberdefensa","tag-cursos","tag-delegaciones","tag-entendimiento","tag-estado-mayor","tag-paraguay","tag-reunion-2","tag-reunion-bilateral","tag-uruguay"],"aioseo_notices":[],"_links":{"self":[{"href":"https:\/\/www.ejercito.mil.uy\/index.php\/wp-json\/wp\/v2\/posts\/58026","targetHints":{"allow":["GET"]}}],"collection":[{"href":"https:\/\/www.ejercito.mil.uy\/index.php\/wp-json\/wp\/v2\/posts"}],"about":[{"href":"https:\/\/www.ejercito.mil.uy\/index.php\/wp-json\/wp\/v2\/types\/post"}],"author":[{"embeddable":true,"href":"https:\/\/www.ejercito.mil.uy\/index.php\/wp-json\/wp\/v2\/users\/14"}],"replies":[{"embeddable":true,"href":"https:\/\/www.ejercito.mil.uy\/index.php\/wp-json\/wp\/v2\/comments?post=58026"}],"version-history":[{"count":18,"href":"https:\/\/www.ejercito.mil.uy\/index.php\/wp-json\/wp\/v2\/posts\/58026\/revisions"}],"predecessor-version":[{"id":58185,"href":"https:\/\/www.ejercito.mil.uy\/index.php\/wp-json\/wp\/v2\/posts\/58026\/revisions\/58185"}],"wp:featuredmedia":[{"embeddable":true,"href":"https:\/\/www.ejercito.mil.uy\/index.php\/wp-json\/wp\/v2\/media\/58031"}],"wp:attachment":[{"href":"https:\/\/www.ejercito.mil.uy\/index.php\/wp-json\/wp\/v2\/media?parent=58026"}],"wp:term":[{"taxonomy":"category","embeddable":true,"href":"https:\/\/www.ejercito.mil.uy\/index.php\/wp-json\/wp\/v2\/categories?post=58026"},{"taxonomy":"post_tag","embeddable":true,"href":"https:\/\/www.ejercito.mil.uy\/index.php\/wp-json\/wp\/v2\/tags?post=58026"}],"curies":[{"name":"wp","href":"https:\/\/api.w.org\/{rel}","templated":true}]}}