{"id":58091,"date":"2026-04-30T18:00:00","date_gmt":"2026-04-30T21:00:00","guid":{"rendered":"https:\/\/www.ejercito.mil.uy\/?p=58091"},"modified":"2026-05-01T12:04:25","modified_gmt":"2026-05-01T15:04:25","slug":"aniversario-de-la-brigada-de-infanteria-n2-2","status":"publish","type":"post","link":"https:\/\/www.ejercito.mil.uy\/index.php\/2026\/04\/30\/aniversario-de-la-brigada-de-infanteria-n2-2\/","title":{"rendered":"Aniversario de la Brigada de Infanter\u00eda N\u00b02"},"content":{"rendered":"\n<p class=\"has-black-color has-text-color has-link-color has-small-font-size wp-elements-bbb58bf382aeff89f384451dcfac09e6\">30.04.2026 &#8211; <strong>Colonia del Sacramento <\/strong><\/p>\n\n\n\n<div style=\"height:22px\" aria-hidden=\"true\" class=\"wp-block-spacer\"><\/div>\n\n\n\n<p class=\"has-white-color has-text-color has-background has-medium-font-size\" style=\"background-color:#317f43\">El mi\u00e9rcoles 29 de abril, se realiz\u00f3 la ceremonia por el <strong>87\u00b0 aniversario de la Brigada \u00abGral. Jos\u00e9 de San Mart\u00edn\u00bb de Infanter\u00eda N\u00b02<\/strong>.<\/p>\n\n\n\n<div style=\"height:22px\" aria-hidden=\"true\" class=\"wp-block-spacer\"><\/div>\n\n\n\n<figure class=\"wp-block-image size-large\"><img fetchpriority=\"high\" decoding=\"async\" width=\"1024\" height=\"683\" src=\"https:\/\/www.ejercito.mil.uy\/wp-content\/uploads\/2026\/05\/aniversario-brigada-infanteria-2-7-1024x683.png\" alt=\"\" class=\"wp-image-58166\" srcset=\"https:\/\/www.ejercito.mil.uy\/wp-content\/uploads\/2026\/05\/aniversario-brigada-infanteria-2-7-1024x683.png 1024w, https:\/\/www.ejercito.mil.uy\/wp-content\/uploads\/2026\/05\/aniversario-brigada-infanteria-2-7-300x200.png 300w, https:\/\/www.ejercito.mil.uy\/wp-content\/uploads\/2026\/05\/aniversario-brigada-infanteria-2-7.png 1200w\" sizes=\"(max-width: 1024px) 100vw, 1024px\" \/><\/figure>\n\n\n\n<div style=\"height:22px\" aria-hidden=\"true\" class=\"wp-block-spacer\"><\/div>\n\n\n\n<p class=\"has-black-color has-text-color has-link-color wp-elements-3e35d717d13b6d7e847b84cc45425ec0\" style=\"font-size:18px\">En primera instancia, el Comandante de la Divisi\u00f3n de Ej\u00e9rcito II, <strong>Gral. Pablo Gonz\u00e1lez,<\/strong> acompa\u00f1ado del Cte. de Brigada, <strong>Cnel. Luis Ara\u00fajo,<\/strong> salud\u00f3 a los efectivos formados.<\/p>\n\n\n\n<div style=\"height:22px\" aria-hidden=\"true\" class=\"wp-block-spacer\"><\/div>\n\n\n\n<p class=\"has-black-color has-text-color has-link-color wp-elements-8cdb45a2ad1e12bd3e6118788a595f7f\" style=\"font-size:18px\">La Banda Militar de la Divisi\u00f3n ejecut\u00f3 el Himno Nacional y se invit\u00f3 a los presentes a entonar sus estrofas.<\/p>\n\n\n\n<div style=\"height:22px\" aria-hidden=\"true\" class=\"wp-block-spacer\"><\/div>\n\n\n\n<figure class=\"wp-block-gallery has-nested-images columns-default is-cropped wp-block-gallery-1 is-layout-flex wp-block-gallery-is-layout-flex\">\n<figure class=\"wp-block-image size-large\"><img decoding=\"async\" width=\"1024\" height=\"683\" data-id=\"58172\" src=\"https:\/\/www.ejercito.mil.uy\/wp-content\/uploads\/2026\/05\/aniversario-brigada-infanteria-2-1-1024x683.png\" alt=\"\" class=\"wp-image-58172\" srcset=\"https:\/\/www.ejercito.mil.uy\/wp-content\/uploads\/2026\/05\/aniversario-brigada-infanteria-2-1-1024x683.png 1024w, https:\/\/www.ejercito.mil.uy\/wp-content\/uploads\/2026\/05\/aniversario-brigada-infanteria-2-1-300x200.png 300w, https:\/\/www.ejercito.mil.uy\/wp-content\/uploads\/2026\/05\/aniversario-brigada-infanteria-2-1.png 1200w\" sizes=\"(max-width: 1024px) 100vw, 1024px\" \/><\/figure>\n\n\n\n<figure class=\"wp-block-image size-large\"><img decoding=\"async\" width=\"1024\" height=\"683\" data-id=\"58171\" src=\"https:\/\/www.ejercito.mil.uy\/wp-content\/uploads\/2026\/05\/aniversario-brigada-infanteria-2-5-1024x683.png\" alt=\"\" class=\"wp-image-58171\" srcset=\"https:\/\/www.ejercito.mil.uy\/wp-content\/uploads\/2026\/05\/aniversario-brigada-infanteria-2-5-1024x683.png 1024w, https:\/\/www.ejercito.mil.uy\/wp-content\/uploads\/2026\/05\/aniversario-brigada-infanteria-2-5-300x200.png 300w, https:\/\/www.ejercito.mil.uy\/wp-content\/uploads\/2026\/05\/aniversario-brigada-infanteria-2-5.png 1200w\" sizes=\"(max-width: 1024px) 100vw, 1024px\" \/><\/figure>\n<\/figure>\n\n\n\n<div style=\"height:22px\" aria-hidden=\"true\" class=\"wp-block-spacer\"><\/div>\n\n\n\n<p class=\"has-black-color has-text-color has-link-color wp-elements-b072a94c343f3bf5098bcbeade3df3a3\" style=\"font-size:18px\">En su alocuci\u00f3n, el Cte. de Brigada explic\u00f3 que a 87 a\u00f1os de creaci\u00f3n, esta Gran Unidad <strong><em>\u00abextiene su jurisdicci\u00f3n sobre los departamentos de San Jos\u00e9, Colonia y Soriano a trav\u00e9s de los Batallones &#8216;Oriental&#8217; de Infanter\u00eda N\u00b04, &#8216;Asencio&#8217; de Infanter\u00eda N\u00b05 y &#8216;Cap. Manuel Artigas&#8217; de Infanter\u00eda N\u00b06, herederos de la traici\u00f3n que se respira en el Suroeste del pa\u00eds\u00bb.<\/em><\/strong><\/p>\n\n\n\n<div style=\"height:22px\" aria-hidden=\"true\" class=\"wp-block-spacer\"><\/div>\n\n\n\n<p class=\"has-black-color has-text-color has-link-color wp-elements-b8843cb4b202f83bc74c1e0105e0c7e4\" style=\"font-size:18px\"><strong><em>\u00abA los Soldados de todas las jerarqu\u00edas, a los de ayer y a los de hoy, mi profundo reconocimiento por su esfuerzo diario en sus servicios en beneficio de la patria\u00bb.<\/em><\/strong> A su vez, salud\u00f3 a las familias <strong><em>\u00abbasti\u00f3n fundamental de fortaleza infinita que a diario es nuestro sost\u00e9n emocional y de valores, y la que junto a nosotros transita la sacrificada y abnegada vida del servicio\u00bb.<\/em><\/strong>  <\/p>\n\n\n\n<div style=\"height:22px\" aria-hidden=\"true\" class=\"wp-block-spacer\"><\/div>\n\n\n\n<p class=\"has-black-color has-text-color has-link-color wp-elements-5514b2ec5e7674e7ef589307eb1052e7\" style=\"font-size:18px\">Cerrando su discurso, el Cnel. Ara\u00fajo salud\u00f3 y reconoci\u00f3 a todos los integrantes de la Brigada <strong><em>\u00abque sirven con lealtad y vocaci\u00f3n en sus guarniciones, dentro y fuera del pa\u00eds\u00bb.<\/em><\/strong><\/p>\n\n\n\n<div style=\"height:22px\" aria-hidden=\"true\" class=\"wp-block-spacer\"><\/div>\n\n\n\n<p class=\"has-black-color has-text-color has-link-color wp-elements-41d921a483b9957c5d727676e4d6a5f2\" style=\"font-size:18px\">Posteriormente, se hizo entrega de medalla y diploma al Personal Subalterno que pas\u00f3 a situaci\u00f3n de retiro con m\u00e1s de 25 a\u00f1os de servicios bien calificados.<\/p>\n\n\n\n<div style=\"height:22px\" aria-hidden=\"true\" class=\"wp-block-spacer\"><\/div>\n\n\n\n<figure class=\"wp-block-gallery has-nested-images columns-default is-cropped wp-block-gallery-2 is-layout-flex wp-block-gallery-is-layout-flex\">\n<figure class=\"wp-block-image size-large\"><img loading=\"lazy\" decoding=\"async\" width=\"1024\" height=\"683\" data-id=\"58168\" src=\"https:\/\/www.ejercito.mil.uy\/wp-content\/uploads\/2026\/05\/aniversario-brigada-infanteria-2-2-1024x683.png\" alt=\"\" class=\"wp-image-58168\" srcset=\"https:\/\/www.ejercito.mil.uy\/wp-content\/uploads\/2026\/05\/aniversario-brigada-infanteria-2-2-1024x683.png 1024w, https:\/\/www.ejercito.mil.uy\/wp-content\/uploads\/2026\/05\/aniversario-brigada-infanteria-2-2-300x200.png 300w, https:\/\/www.ejercito.mil.uy\/wp-content\/uploads\/2026\/05\/aniversario-brigada-infanteria-2-2.png 1200w\" sizes=\"(max-width: 1024px) 100vw, 1024px\" \/><\/figure>\n\n\n\n<figure class=\"wp-block-image size-large\"><img loading=\"lazy\" decoding=\"async\" width=\"1024\" height=\"683\" data-id=\"58167\" src=\"https:\/\/www.ejercito.mil.uy\/wp-content\/uploads\/2026\/05\/aniversario-brigada-infanteria-2-4-1024x683.png\" alt=\"\" class=\"wp-image-58167\" srcset=\"https:\/\/www.ejercito.mil.uy\/wp-content\/uploads\/2026\/05\/aniversario-brigada-infanteria-2-4-1024x683.png 1024w, https:\/\/www.ejercito.mil.uy\/wp-content\/uploads\/2026\/05\/aniversario-brigada-infanteria-2-4-300x200.png 300w, https:\/\/www.ejercito.mil.uy\/wp-content\/uploads\/2026\/05\/aniversario-brigada-infanteria-2-4.png 1200w\" sizes=\"(max-width: 1024px) 100vw, 1024px\" \/><\/figure>\n<\/figure>\n\n\n\n<div style=\"height:22px\" aria-hidden=\"true\" class=\"wp-block-spacer\"><\/div>\n\n\n\n<p class=\"has-black-color has-text-color has-link-color wp-elements-6136197424ee9b1779979ecae200cd4b\" style=\"font-size:18px\">Para finalizar, se procedi\u00f3 al retiro de los Pabellones Patrios. <\/p>\n\n\n\n<div style=\"height:22px\" aria-hidden=\"true\" class=\"wp-block-spacer\"><\/div>\n\n\n\n<p class=\"has-black-color has-text-color has-link-color wp-elements-0b601d18537b840aea3943748b564e14\" style=\"font-size:18px\">Adem\u00e1s, asistieron al acto autoridades departamentales, Oficiales Generales, Superiores, representantes de la Polic\u00eda Nacional, Armada Nacional, Fuerza A\u00e9rea Uruguaya, Jefes, Oficiales Subalternos, Suboficiales, Clases, Soldados e invitados especiales.<\/p>\n\n\n\n<div style=\"height:22px\" aria-hidden=\"true\" class=\"wp-block-spacer\"><\/div>\n\n\n\n<figure class=\"wp-block-gallery has-nested-images columns-default is-cropped wp-block-gallery-3 is-layout-flex wp-block-gallery-is-layout-flex\">\n<figure class=\"wp-block-image size-large\"><img loading=\"lazy\" decoding=\"async\" width=\"1024\" height=\"683\" data-id=\"58170\" src=\"https:\/\/www.ejercito.mil.uy\/wp-content\/uploads\/2026\/05\/aniversario-brigada-infanteria-2-6-1024x683.png\" alt=\"\" class=\"wp-image-58170\" srcset=\"https:\/\/www.ejercito.mil.uy\/wp-content\/uploads\/2026\/05\/aniversario-brigada-infanteria-2-6-1024x683.png 1024w, https:\/\/www.ejercito.mil.uy\/wp-content\/uploads\/2026\/05\/aniversario-brigada-infanteria-2-6-300x200.png 300w, https:\/\/www.ejercito.mil.uy\/wp-content\/uploads\/2026\/05\/aniversario-brigada-infanteria-2-6.png 1200w\" sizes=\"(max-width: 1024px) 100vw, 1024px\" \/><\/figure>\n<\/figure>\n\n\n\n<div style=\"height:22px\" aria-hidden=\"true\" class=\"wp-block-spacer\"><\/div>\n","protected":false},"excerpt":{"rendered":"<p>30.04.2026 &#8211; Con la presencia del Cte. de la Divisi\u00f3n de Ej\u00e9rcito II, se conmemor\u00f3 los 87 a\u00f1os de creaci\u00f3n de esta Gran Unidad.<\/p>\n","protected":false},"author":14,"featured_media":58174,"comment_status":"open","ping_status":"open","sticky":false,"template":"","format":"standard","meta":{"_coblocks_attr":"","_coblocks_dimensions":"","_coblocks_responsive_height":"","_coblocks_accordion_ie_support":"","_monsterinsights_skip_tracking":false,"_monsterinsights_sitenote_active":false,"_monsterinsights_sitenote_note":"","_monsterinsights_sitenote_category":0,"_uf_show_specific_survey":0,"_uf_disable_surveys":false,"footnotes":""},"categories":[2,10,14,1],"tags":[1895,1894,58,817,688,1019,858,71,255],"class_list":["post-58091","post","type-post","status-publish","format-standard","has-post-thumbnail","hentry","category-blog","category-destacados","category-noticias","category-sin-categoria","tag-86-aniversario","tag-86-anos","tag-aniversario","tag-brigada","tag-efectivos","tag-himno-nacional","tag-homenaje","tag-infanteria","tag-reconocimiento"],"aioseo_notices":[],"_links":{"self":[{"href":"https:\/\/www.ejercito.mil.uy\/index.php\/wp-json\/wp\/v2\/posts\/58091","targetHints":{"allow":["GET"]}}],"collection":[{"href":"https:\/\/www.ejercito.mil.uy\/index.php\/wp-json\/wp\/v2\/posts"}],"about":[{"href":"https:\/\/www.ejercito.mil.uy\/index.php\/wp-json\/wp\/v2\/types\/post"}],"author":[{"embeddable":true,"href":"https:\/\/www.ejercito.mil.uy\/index.php\/wp-json\/wp\/v2\/users\/14"}],"replies":[{"embeddable":true,"href":"https:\/\/www.ejercito.mil.uy\/index.php\/wp-json\/wp\/v2\/comments?post=58091"}],"version-history":[{"count":16,"href":"https:\/\/www.ejercito.mil.uy\/index.php\/wp-json\/wp\/v2\/posts\/58091\/revisions"}],"predecessor-version":[{"id":58177,"href":"https:\/\/www.ejercito.mil.uy\/index.php\/wp-json\/wp\/v2\/posts\/58091\/revisions\/58177"}],"wp:featuredmedia":[{"embeddable":true,"href":"https:\/\/www.ejercito.mil.uy\/index.php\/wp-json\/wp\/v2\/media\/58174"}],"wp:attachment":[{"href":"https:\/\/www.ejercito.mil.uy\/index.php\/wp-json\/wp\/v2\/media?parent=58091"}],"wp:term":[{"taxonomy":"category","embeddable":true,"href":"https:\/\/www.ejercito.mil.uy\/index.php\/wp-json\/wp\/v2\/categories?post=58091"},{"taxonomy":"post_tag","embeddable":true,"href":"https:\/\/www.ejercito.mil.uy\/index.php\/wp-json\/wp\/v2\/tags?post=58091"}],"curies":[{"name":"wp","href":"https:\/\/api.w.org\/{rel}","templated":true}]}}