{"id":58103,"date":"2026-04-30T12:34:34","date_gmt":"2026-04-30T15:34:34","guid":{"rendered":"https:\/\/www.ejercito.mil.uy\/?p=58103"},"modified":"2026-04-30T13:10:34","modified_gmt":"2026-04-30T16:10:34","slug":"aniversario-del-estado-mayor-del-ejercito-2","status":"publish","type":"post","link":"https:\/\/www.ejercito.mil.uy\/index.php\/2026\/04\/30\/aniversario-del-estado-mayor-del-ejercito-2\/","title":{"rendered":"Aniversario del Estado Mayor del Ej\u00e9rcito"},"content":{"rendered":"\n<p class=\"has-black-color has-text-color has-link-color wp-elements-d0d5ce17b688f3b0a5398bce548dbc00\" style=\"font-size:14px\">30.04.2026 &#8211; Montevideo<\/p>\n\n\n\n<div style=\"height:35px\" aria-hidden=\"true\" class=\"wp-block-spacer\"><\/div>\n\n\n\n<p class=\"is-style-default has-black-color has-text-color has-background has-link-color wp-elements-2fb529a336af2efb0272000051a64790\" style=\"background-color:#ffcc00;font-size:14px\">En la ma\u00f1ana del jueves 30 de abril, en la Plaza de Armas del Comando General del Ej\u00e9rcito, se realiz\u00f3 la ceremonia por el <strong>197\u00ba aniversario del Estado Mayor del Ej\u00e9rcito.<\/strong><\/p>\n\n\n\n<div style=\"height:33px\" aria-hidden=\"true\" class=\"wp-block-spacer\"><\/div>\n\n\n\n<p class=\"has-black-color has-text-color has-link-color wp-elements-133db3741bb07926baaba24b7969c873\" style=\"font-size:14px\">En primera instancia, el Jefe del Estado Mayor del Ej\u00e9rcito (JEME), Gral. Tabar\u00e9 Cardozo, salud\u00f3 al personal que integraba la Parada Militar.<\/p>\n\n\n\n<div style=\"height:33px\" aria-hidden=\"true\" class=\"wp-block-spacer\"><\/div>\n\n\n\n<p class=\"has-black-color has-text-color has-link-color wp-elements-c49a9229db2a55ffd5794a9c913cbcc2\" style=\"font-size:14px\">El Jefe del EME junto al Jefe del Departamento de Apoyo y Servicios Especiales, Cnel. Gabriel Gomensoro, pasaron revista de los efectivos formados.<\/p>\n\n\n\n<div style=\"height:33px\" aria-hidden=\"true\" class=\"wp-block-spacer\"><\/div>\n\n\n\n<figure class=\"wp-block-image size-large\"><img fetchpriority=\"high\" decoding=\"async\" width=\"1024\" height=\"683\" src=\"https:\/\/www.ejercito.mil.uy\/wp-content\/uploads\/2026\/04\/2026-04-30-Aniversario-JEME-28-1024x683.jpg\" alt=\"\" class=\"wp-image-58106\" srcset=\"https:\/\/www.ejercito.mil.uy\/wp-content\/uploads\/2026\/04\/2026-04-30-Aniversario-JEME-28-1024x683.jpg 1024w, https:\/\/www.ejercito.mil.uy\/wp-content\/uploads\/2026\/04\/2026-04-30-Aniversario-JEME-28-300x200.jpg 300w, https:\/\/www.ejercito.mil.uy\/wp-content\/uploads\/2026\/04\/2026-04-30-Aniversario-JEME-28.jpg 1200w\" sizes=\"(max-width: 1024px) 100vw, 1024px\" \/><\/figure>\n\n\n\n<div style=\"height:33px\" aria-hidden=\"true\" class=\"wp-block-spacer\"><\/div>\n\n\n\n<p class=\"has-black-color has-text-color has-link-color wp-elements-eedcb7391ada0721043cdb3c594bb77c\" style=\"font-size:14px\">Seguidamente, el JEME realiz\u00f3 la entrega de distintivos a los Oficiales que han computado dos a\u00f1os de servicios o m\u00e1s, bien calificados.<\/p>\n\n\n\n<div style=\"height:33px\" aria-hidden=\"true\" class=\"wp-block-spacer\"><\/div>\n\n\n\n<div class=\"wp-block-columns is-layout-flex wp-container-core-columns-is-layout-28f84493 wp-block-columns-is-layout-flex\">\n<div class=\"wp-block-column is-layout-flow wp-block-column-is-layout-flow\">\n<figure class=\"wp-block-image size-large\"><img decoding=\"async\" width=\"1024\" height=\"683\" src=\"https:\/\/www.ejercito.mil.uy\/wp-content\/uploads\/2026\/04\/2026-04-30-Aniversario-JEME-56-1-1024x683.jpg\" alt=\"\" class=\"wp-image-58109\" srcset=\"https:\/\/www.ejercito.mil.uy\/wp-content\/uploads\/2026\/04\/2026-04-30-Aniversario-JEME-56-1-1024x683.jpg 1024w, https:\/\/www.ejercito.mil.uy\/wp-content\/uploads\/2026\/04\/2026-04-30-Aniversario-JEME-56-1-300x200.jpg 300w, https:\/\/www.ejercito.mil.uy\/wp-content\/uploads\/2026\/04\/2026-04-30-Aniversario-JEME-56-1.jpg 1200w\" sizes=\"(max-width: 1024px) 100vw, 1024px\" \/><\/figure>\n<\/div>\n\n\n\n<div class=\"wp-block-column is-layout-flow wp-block-column-is-layout-flow\">\n<figure class=\"wp-block-image size-large\"><img decoding=\"async\" width=\"1024\" height=\"683\" src=\"https:\/\/www.ejercito.mil.uy\/wp-content\/uploads\/2026\/04\/2026-04-30-Aniversario-JEME-57-1-1024x683.jpg\" alt=\"\" class=\"wp-image-58110\" srcset=\"https:\/\/www.ejercito.mil.uy\/wp-content\/uploads\/2026\/04\/2026-04-30-Aniversario-JEME-57-1-1024x683.jpg 1024w, https:\/\/www.ejercito.mil.uy\/wp-content\/uploads\/2026\/04\/2026-04-30-Aniversario-JEME-57-1-300x200.jpg 300w, https:\/\/www.ejercito.mil.uy\/wp-content\/uploads\/2026\/04\/2026-04-30-Aniversario-JEME-57-1.jpg 1200w\" sizes=\"(max-width: 1024px) 100vw, 1024px\" \/><\/figure>\n<\/div>\n<\/div>\n\n\n\n<div style=\"height:44px\" aria-hidden=\"true\" class=\"wp-block-spacer\"><\/div>\n\n\n\n<p class=\"has-black-color has-text-color has-link-color wp-elements-4b24e7571f081419796b3563a5799809\" style=\"font-size:14px\">Adem\u00e1s, se entregaron diplomas de reconocimiento al Personal Subalterno que ha tenido una actuaci\u00f3n destacada en el a\u00f1o 2025.<\/p>\n\n\n\n<div style=\"height:44px\" aria-hidden=\"true\" class=\"wp-block-spacer\"><\/div>\n\n\n\n<div class=\"wp-block-columns is-layout-flex wp-container-core-columns-is-layout-28f84493 wp-block-columns-is-layout-flex\">\n<div class=\"wp-block-column is-layout-flow wp-block-column-is-layout-flow\">\n<figure class=\"wp-block-image size-large\"><img loading=\"lazy\" decoding=\"async\" width=\"1024\" height=\"683\" src=\"https:\/\/www.ejercito.mil.uy\/wp-content\/uploads\/2026\/04\/2026-04-30-Aniversario-JEME-92-1024x683.jpg\" alt=\"\" class=\"wp-image-58111\" srcset=\"https:\/\/www.ejercito.mil.uy\/wp-content\/uploads\/2026\/04\/2026-04-30-Aniversario-JEME-92-1024x683.jpg 1024w, https:\/\/www.ejercito.mil.uy\/wp-content\/uploads\/2026\/04\/2026-04-30-Aniversario-JEME-92-300x200.jpg 300w, https:\/\/www.ejercito.mil.uy\/wp-content\/uploads\/2026\/04\/2026-04-30-Aniversario-JEME-92.jpg 1200w\" sizes=\"(max-width: 1024px) 100vw, 1024px\" \/><\/figure>\n<\/div>\n\n\n\n<div class=\"wp-block-column is-layout-flow wp-block-column-is-layout-flow\">\n<figure class=\"wp-block-image size-large\"><img loading=\"lazy\" decoding=\"async\" width=\"1024\" height=\"683\" src=\"https:\/\/www.ejercito.mil.uy\/wp-content\/uploads\/2026\/04\/3-5-1024x683.jpg\" alt=\"\" class=\"wp-image-58112\" srcset=\"https:\/\/www.ejercito.mil.uy\/wp-content\/uploads\/2026\/04\/3-5-1024x683.jpg 1024w, https:\/\/www.ejercito.mil.uy\/wp-content\/uploads\/2026\/04\/3-5-300x200.jpg 300w, https:\/\/www.ejercito.mil.uy\/wp-content\/uploads\/2026\/04\/3-5.jpg 1200w\" sizes=\"(max-width: 1024px) 100vw, 1024px\" \/><\/figure>\n<\/div>\n<\/div>\n\n\n\n<div style=\"height:44px\" aria-hidden=\"true\" class=\"wp-block-spacer\"><\/div>\n\n\n\n<p class=\"has-black-color has-text-color has-link-color wp-elements-1ec6d8603beef2037f52f66f236dc3c2\" style=\"font-size:14px\">El General Tabar\u00e9 Cardozo, hizo uso de la palabra y reconoci\u00f3 la labor e importancia de cada dependencia del EME. <\/p>\n\n\n\n<div style=\"height:44px\" aria-hidden=\"true\" class=\"wp-block-spacer\"><\/div>\n\n\n\n<p class=\"has-black-color has-text-color has-link-color wp-elements-c2637f0798dd79c1ce73cb429540f137\" style=\"font-size:14px\">Finalizando la ceremonia, la Fuerza de Parada desfil\u00f3 rindiendo honores a las autoridades presentes al son de la marcha \u00abEj\u00e9rcito Nacional\u00bb, ejecutada por la Banda Militar de la Escuela Militar.<\/p>\n\n\n\n<div style=\"height:30px\" aria-hidden=\"true\" class=\"wp-block-spacer\"><\/div>\n\n\n\n<div class=\"wp-block-columns is-layout-flex wp-container-core-columns-is-layout-28f84493 wp-block-columns-is-layout-flex\">\n<div class=\"wp-block-column is-layout-flow wp-block-column-is-layout-flow\">\n<figure class=\"wp-block-image size-large\"><img loading=\"lazy\" decoding=\"async\" width=\"1024\" height=\"683\" src=\"https:\/\/www.ejercito.mil.uy\/wp-content\/uploads\/2026\/04\/4-5-1024x683.jpg\" alt=\"\" class=\"wp-image-58118\" srcset=\"https:\/\/www.ejercito.mil.uy\/wp-content\/uploads\/2026\/04\/4-5-1024x683.jpg 1024w, https:\/\/www.ejercito.mil.uy\/wp-content\/uploads\/2026\/04\/4-5-300x200.jpg 300w, https:\/\/www.ejercito.mil.uy\/wp-content\/uploads\/2026\/04\/4-5.jpg 1200w\" sizes=\"(max-width: 1024px) 100vw, 1024px\" \/><\/figure>\n<\/div>\n\n\n\n<div class=\"wp-block-column is-layout-flow wp-block-column-is-layout-flow\">\n<figure class=\"wp-block-image size-large\"><img loading=\"lazy\" decoding=\"async\" width=\"1024\" height=\"683\" src=\"https:\/\/www.ejercito.mil.uy\/wp-content\/uploads\/2026\/04\/2026-04-30-Aniversario-JEME-163-1024x683.jpg\" alt=\"\" class=\"wp-image-58117\" srcset=\"https:\/\/www.ejercito.mil.uy\/wp-content\/uploads\/2026\/04\/2026-04-30-Aniversario-JEME-163-1024x683.jpg 1024w, https:\/\/www.ejercito.mil.uy\/wp-content\/uploads\/2026\/04\/2026-04-30-Aniversario-JEME-163-300x200.jpg 300w, https:\/\/www.ejercito.mil.uy\/wp-content\/uploads\/2026\/04\/2026-04-30-Aniversario-JEME-163.jpg 1200w\" sizes=\"(max-width: 1024px) 100vw, 1024px\" \/><\/figure>\n<\/div>\n<\/div>\n\n\n\n<div style=\"height:30px\" aria-hidden=\"true\" class=\"wp-block-spacer\"><\/div>\n\n\n\n<p class=\"has-black-color has-text-color has-link-color wp-elements-bff3fb9d80b4239eb20c0ddf1534f345\" style=\"font-size:14px\">Adem\u00e1s, asistieron al acto Oficiales Superiores, Jefes, Oficiales, Personal Subalterno, entre otros.<\/p>\n\n\n\n<div style=\"height:44px\" aria-hidden=\"true\" class=\"wp-block-spacer\"><\/div>\n\n\n\n<p class=\"is-style-success has-black-color has-text-color has-background has-link-color wp-elements-d670a8d20d2ad9c044d8648c3aca86f5\" style=\"background-color:#fff1af;font-size:14px\">La creaci\u00f3n institucional del EME se remonta al 21 de febrero de 1829, fecha en que se establece el Estado Mayor General. A trav\u00e9s de sucesivos cambios de denominaci\u00f3n y la ocupaci\u00f3n de diversas sedes, hasta el a\u00f1o de 1933, el Jefe del EME fue simult\u00e1neamente el Comandante en Jefe del Ej\u00e9rcito. Desde sus comienzos, fue una oficina meramente administrativa, destinada a sostener el andamiaje funcional de la instituci\u00f3n armada y tuvo reglamentos de funcionamiento muy someros, siendo el primero con cierta profundidad el \u00abReglamento de Estado Mayor Nacional&nbsp;de&nbsp;1872\u00bb.<\/p>\n\n\n\n<div style=\"height:100px\" aria-hidden=\"true\" class=\"wp-block-spacer\"><\/div>\n\n\n\n<p><\/p>\n","protected":false},"excerpt":{"rendered":"<p>30.04.2026 &#8211; El jueves 30 de abril, con la presencia del Jefe del Estado Mayor del Ej\u00e9rcito, Gral. Tabar\u00e9 Cardozo, se realiz\u00f3 la ceremonia por el 197\u00ba aniversario del EME. <\/p>\n","protected":false},"author":17,"featured_media":58105,"comment_status":"open","ping_status":"open","sticky":false,"template":"","format":"standard","meta":{"_coblocks_attr":"","_coblocks_dimensions":"","_coblocks_responsive_height":"","_coblocks_accordion_ie_support":"","_monsterinsights_skip_tracking":false,"_monsterinsights_sitenote_active":false,"_monsterinsights_sitenote_note":"","_monsterinsights_sitenote_category":0,"_uf_show_specific_survey":0,"_uf_disable_surveys":false,"footnotes":""},"categories":[2,14],"tags":[2296,58,44,406,735,1835,1651,255],"class_list":["post-58103","post","type-post","status-publish","format-standard","has-post-thumbnail","hentry","category-blog","category-noticias","tag-197-aniversario","tag-aniversario","tag-ceremonia","tag-desfile","tag-estado","tag-jeme","tag-mayor","tag-reconocimiento"],"aioseo_notices":[],"_links":{"self":[{"href":"https:\/\/www.ejercito.mil.uy\/index.php\/wp-json\/wp\/v2\/posts\/58103","targetHints":{"allow":["GET"]}}],"collection":[{"href":"https:\/\/www.ejercito.mil.uy\/index.php\/wp-json\/wp\/v2\/posts"}],"about":[{"href":"https:\/\/www.ejercito.mil.uy\/index.php\/wp-json\/wp\/v2\/types\/post"}],"author":[{"embeddable":true,"href":"https:\/\/www.ejercito.mil.uy\/index.php\/wp-json\/wp\/v2\/users\/17"}],"replies":[{"embeddable":true,"href":"https:\/\/www.ejercito.mil.uy\/index.php\/wp-json\/wp\/v2\/comments?post=58103"}],"version-history":[{"count":6,"href":"https:\/\/www.ejercito.mil.uy\/index.php\/wp-json\/wp\/v2\/posts\/58103\/revisions"}],"predecessor-version":[{"id":58124,"href":"https:\/\/www.ejercito.mil.uy\/index.php\/wp-json\/wp\/v2\/posts\/58103\/revisions\/58124"}],"wp:featuredmedia":[{"embeddable":true,"href":"https:\/\/www.ejercito.mil.uy\/index.php\/wp-json\/wp\/v2\/media\/58105"}],"wp:attachment":[{"href":"https:\/\/www.ejercito.mil.uy\/index.php\/wp-json\/wp\/v2\/media?parent=58103"}],"wp:term":[{"taxonomy":"category","embeddable":true,"href":"https:\/\/www.ejercito.mil.uy\/index.php\/wp-json\/wp\/v2\/categories?post=58103"},{"taxonomy":"post_tag","embeddable":true,"href":"https:\/\/www.ejercito.mil.uy\/index.php\/wp-json\/wp\/v2\/tags?post=58103"}],"curies":[{"name":"wp","href":"https:\/\/api.w.org\/{rel}","templated":true}]}}