{"id":58127,"date":"2026-05-01T17:56:00","date_gmt":"2026-05-01T20:56:00","guid":{"rendered":"https:\/\/www.ejercito.mil.uy\/?p=58127"},"modified":"2026-05-01T11:01:00","modified_gmt":"2026-05-01T14:01:00","slug":"competencia-de-tiro-de-arma-larga-sargento-artigas-maya-2026","status":"publish","type":"post","link":"https:\/\/www.ejercito.mil.uy\/index.php\/2026\/05\/01\/competencia-de-tiro-de-arma-larga-sargento-artigas-maya-2026\/","title":{"rendered":"Competencia de Tiro de Arma Larga \u00abSargento Artigas Maya\u00bb 2026"},"content":{"rendered":"\n<p class=\"has-black-color has-text-color has-link-color has-small-font-size wp-elements-a6ea85a08e28253ad69742e47303c0b5\">30.04.2026 &#8211; <strong>Canelones<\/strong><\/p>\n\n\n\n<div style=\"height:22px\" aria-hidden=\"true\" class=\"wp-block-spacer\"><\/div>\n\n\n\n<p class=\"has-white-color has-text-color has-background has-link-color wp-elements-89687c32877efb1ffb96913f2f269226\" style=\"background-color:#b30404;font-size:14px\"><strong>El jueves 30 de abril, el Grupo de Artiller\u00eda de Defensa Antia\u00e9rea N\u00b01 fue sede de la Competencia de Tiro de Arma Larga \u00abSargento Artigas Maya\u00bb.<\/strong><\/p>\n\n\n\n<div style=\"height:44px\" aria-hidden=\"true\" class=\"wp-block-spacer\"><\/div>\n\n\n\n<figure class=\"wp-block-image size-large\"><img fetchpriority=\"high\" decoding=\"async\" width=\"1024\" height=\"683\" src=\"https:\/\/www.ejercito.mil.uy\/wp-content\/uploads\/2026\/04\/GADA_0155.JPG-1024x683.jpeg\" alt=\"\" class=\"wp-image-58139\" srcset=\"https:\/\/www.ejercito.mil.uy\/wp-content\/uploads\/2026\/04\/GADA_0155.JPG-1024x683.jpeg 1024w, https:\/\/www.ejercito.mil.uy\/wp-content\/uploads\/2026\/04\/GADA_0155.JPG-300x200.jpeg 300w, https:\/\/www.ejercito.mil.uy\/wp-content\/uploads\/2026\/04\/GADA_0155.JPG.jpeg 1200w\" sizes=\"(max-width: 1024px) 100vw, 1024px\" \/><\/figure>\n\n\n\n<div style=\"height:33px\" aria-hidden=\"true\" class=\"wp-block-spacer\"><\/div>\n\n\n\n<p class=\"has-black-color has-text-color has-link-color wp-elements-d376d138d3853a3d95f4e957a184ef7b\" style=\"font-size:14px\">La instancia est\u00e1 dirigida a Suboficiales, Clases y Soldados, que compiten en pruebas individuales y por equipos, realizando tiro con fusil de asalto reglamentario (Steyr), sobre blancos ubicados a 100 metros de distancia. <\/p>\n\n\n\n<div style=\"height:55px\" aria-hidden=\"true\" class=\"wp-block-spacer\"><\/div>\n\n\n\n<figure class=\"wp-block-gallery has-nested-images columns-2 is-cropped wp-block-gallery-1 is-layout-flex wp-block-gallery-is-layout-flex\">\n<figure class=\"wp-block-image size-large\"><img decoding=\"async\" width=\"1024\" height=\"683\" data-id=\"58140\" src=\"https:\/\/www.ejercito.mil.uy\/wp-content\/uploads\/2026\/04\/GADA_0154.JPG-1024x683.jpeg\" alt=\"\" class=\"wp-image-58140\" srcset=\"https:\/\/www.ejercito.mil.uy\/wp-content\/uploads\/2026\/04\/GADA_0154.JPG-1024x683.jpeg 1024w, https:\/\/www.ejercito.mil.uy\/wp-content\/uploads\/2026\/04\/GADA_0154.JPG-300x200.jpeg 300w, https:\/\/www.ejercito.mil.uy\/wp-content\/uploads\/2026\/04\/GADA_0154.JPG.jpeg 1200w\" sizes=\"(max-width: 1024px) 100vw, 1024px\" \/><\/figure>\n\n\n\n<figure class=\"wp-block-image size-large\"><img decoding=\"async\" width=\"1024\" height=\"683\" data-id=\"58141\" src=\"https:\/\/www.ejercito.mil.uy\/wp-content\/uploads\/2026\/04\/GADA_0156.JPG-1024x683.jpeg\" alt=\"\" class=\"wp-image-58141\" srcset=\"https:\/\/www.ejercito.mil.uy\/wp-content\/uploads\/2026\/04\/GADA_0156.JPG-1024x683.jpeg 1024w, https:\/\/www.ejercito.mil.uy\/wp-content\/uploads\/2026\/04\/GADA_0156.JPG-300x200.jpeg 300w, https:\/\/www.ejercito.mil.uy\/wp-content\/uploads\/2026\/04\/GADA_0156.JPG.jpeg 1200w\" sizes=\"(max-width: 1024px) 100vw, 1024px\" \/><\/figure>\n\n\n\n<figure class=\"wp-block-image size-large\"><img loading=\"lazy\" decoding=\"async\" width=\"1024\" height=\"683\" data-id=\"58139\" src=\"https:\/\/www.ejercito.mil.uy\/wp-content\/uploads\/2026\/04\/GADA_0155.JPG-1024x683.jpeg\" alt=\"\" class=\"wp-image-58139\" srcset=\"https:\/\/www.ejercito.mil.uy\/wp-content\/uploads\/2026\/04\/GADA_0155.JPG-1024x683.jpeg 1024w, https:\/\/www.ejercito.mil.uy\/wp-content\/uploads\/2026\/04\/GADA_0155.JPG-300x200.jpeg 300w, https:\/\/www.ejercito.mil.uy\/wp-content\/uploads\/2026\/04\/GADA_0155.JPG.jpeg 1200w\" sizes=\"(max-width: 1024px) 100vw, 1024px\" \/><\/figure>\n\n\n\n<figure class=\"wp-block-image size-large\"><img loading=\"lazy\" decoding=\"async\" width=\"1024\" height=\"683\" data-id=\"58142\" src=\"https:\/\/www.ejercito.mil.uy\/wp-content\/uploads\/2026\/04\/GADA_0157.JPG-1024x683.jpeg\" alt=\"\" class=\"wp-image-58142\" srcset=\"https:\/\/www.ejercito.mil.uy\/wp-content\/uploads\/2026\/04\/GADA_0157.JPG-1024x683.jpeg 1024w, https:\/\/www.ejercito.mil.uy\/wp-content\/uploads\/2026\/04\/GADA_0157.JPG-300x200.jpeg 300w, https:\/\/www.ejercito.mil.uy\/wp-content\/uploads\/2026\/04\/GADA_0157.JPG.jpeg 1200w\" sizes=\"(max-width: 1024px) 100vw, 1024px\" \/><\/figure>\n\n\n\n<figure class=\"wp-block-image size-large\"><img loading=\"lazy\" decoding=\"async\" width=\"1024\" height=\"683\" data-id=\"45943\" src=\"https:\/\/www.ejercito.mil.uy\/wp-content\/uploads\/2025\/06\/Artigas-Maya-GADA-6-1024x683.jpg\" alt=\"\" class=\"wp-image-45943\" srcset=\"https:\/\/www.ejercito.mil.uy\/wp-content\/uploads\/2025\/06\/Artigas-Maya-GADA-6-1024x683.jpg 1024w, https:\/\/www.ejercito.mil.uy\/wp-content\/uploads\/2025\/06\/Artigas-Maya-GADA-6-300x200.jpg 300w, https:\/\/www.ejercito.mil.uy\/wp-content\/uploads\/2025\/06\/Artigas-Maya-GADA-6.jpg 1200w\" sizes=\"(max-width: 1024px) 100vw, 1024px\" \/><\/figure>\n\n\n\n<figure class=\"wp-block-image size-large\"><img loading=\"lazy\" decoding=\"async\" width=\"1024\" height=\"683\" data-id=\"58147\" src=\"https:\/\/www.ejercito.mil.uy\/wp-content\/uploads\/2026\/04\/GADA_0182.JPG-1024x683.jpeg\" alt=\"\" class=\"wp-image-58147\" srcset=\"https:\/\/www.ejercito.mil.uy\/wp-content\/uploads\/2026\/04\/GADA_0182.JPG-1024x683.jpeg 1024w, https:\/\/www.ejercito.mil.uy\/wp-content\/uploads\/2026\/04\/GADA_0182.JPG-300x200.jpeg 300w, https:\/\/www.ejercito.mil.uy\/wp-content\/uploads\/2026\/04\/GADA_0182.JPG.jpeg 1200w\" sizes=\"(max-width: 1024px) 100vw, 1024px\" \/><\/figure>\n<\/figure>\n\n\n\n<div style=\"height:33px\" aria-hidden=\"true\" class=\"wp-block-spacer\"><\/div>\n\n\n\n<p class=\"has-black-color has-text-color has-link-color wp-elements-1267161167feb8b6f0349f3261faa129\" style=\"font-size:14px\">Participaron 46 efectivos de distintas Unidades y Reparticiones del Ej\u00e9rcito.<\/p>\n\n\n\n<div style=\"height:66px\" aria-hidden=\"true\" class=\"wp-block-spacer\"><\/div>\n\n\n\n<p class=\"is-style-default has-black-color has-text-color has-background has-link-color wp-elements-a83027d05e793f2cfe8b49b186cfa65f\" style=\"background-color:#ffcc00;font-size:14px\"><strong>Premiaci\u00f3n por equipos:<\/strong> <\/p>\n\n\n\n<div style=\"height:33px\" aria-hidden=\"true\" class=\"wp-block-spacer\"><\/div>\n\n\n\n<p class=\"has-black-color has-text-color has-link-color wp-elements-51531be3c4c95811d223c5540d8503d0\" style=\"font-size:14px\">1er puesto &#8211; <strong>Grupo de Artiller\u00eda de Defensa Antia\u00e9rea N\u00b0 1<\/strong>  &#8211;  496<\/p>\n\n\n\n<div style=\"height:11px\" aria-hidden=\"true\" class=\"wp-block-spacer\"><\/div>\n\n\n\n<p class=\"has-black-color has-text-color has-link-color wp-elements-398009c44c9b8023829fa820292b8109\" style=\"font-size:14px\">2do puesto &#8211;&nbsp;<strong>Grupo \u00abCruzada Libertadora de 1825\u00bb de Artiller\u00eda 105 mm N\u00b0 4<\/strong>  &#8211;  490<\/p>\n\n\n\n<div style=\"height:11px\" aria-hidden=\"true\" class=\"wp-block-spacer\"><\/div>\n\n\n\n<p class=\"has-black-color has-text-color has-link-color wp-elements-3152ce2325e3ac5c4da55944ddbb2139\" style=\"font-size:14px\">3er puesto &#8211; <strong>Batall\u00f3n de Infanter\u00eda Paracaidista N\u00b0 14<\/strong>  &#8211;  481<\/p>\n\n\n\n<div style=\"height:66px\" aria-hidden=\"true\" class=\"wp-block-spacer\"><\/div>\n\n\n\n<figure class=\"wp-block-image size-large\"><img loading=\"lazy\" decoding=\"async\" width=\"1024\" height=\"683\" src=\"https:\/\/www.ejercito.mil.uy\/wp-content\/uploads\/2026\/04\/GADA_0300.JPG-1024x683.jpeg\" alt=\"\" class=\"wp-image-58143\" srcset=\"https:\/\/www.ejercito.mil.uy\/wp-content\/uploads\/2026\/04\/GADA_0300.JPG-1024x683.jpeg 1024w, https:\/\/www.ejercito.mil.uy\/wp-content\/uploads\/2026\/04\/GADA_0300.JPG-300x200.jpeg 300w, https:\/\/www.ejercito.mil.uy\/wp-content\/uploads\/2026\/04\/GADA_0300.JPG.jpeg 1200w\" sizes=\"(max-width: 1024px) 100vw, 1024px\" \/><\/figure>\n\n\n\n<div style=\"height:66px\" aria-hidden=\"true\" class=\"wp-block-spacer\"><\/div>\n\n\n\n<p class=\"has-black-color has-text-color has-background has-link-color wp-elements-fdf97aaa5eb4ff40a507ea03e711d4f5\" style=\"background-color:#ffcc00;font-size:14px\"><strong>Premiaci\u00f3n individual:<\/strong><\/p>\n\n\n\n<div style=\"height:33px\" aria-hidden=\"true\" class=\"wp-block-spacer\"><\/div>\n\n\n\n<p class=\"has-black-color has-text-color has-link-color wp-elements-df877fd40fe0028fba81cf5f81dc6d56\" style=\"font-size:14px\">1er puesto &#8211; <strong>S.O.M. C\u00e9sar P\u00e9rez<\/strong> del Grupo de Artiller\u00eda de Defensa Antia\u00e9rea N\u00b0 1  &#8211;  180<\/p>\n\n\n\n<div style=\"height:11px\" aria-hidden=\"true\" class=\"wp-block-spacer\"><\/div>\n\n\n\n<p class=\"has-black-color has-text-color has-link-color wp-elements-7c6ee31864cad694b29c417d7a19eefc\" style=\"font-size:14px\">2do puesto &#8211; <strong>Sdo 1\u00b0 Rodrigo Lucas<\/strong> del Grupo \u00abCruzada Libertadora de 1825\u00bb de Artiller\u00eda 105 mm N\u00b0 4  &#8211;  174<\/p>\n\n\n\n<div style=\"height:11px\" aria-hidden=\"true\" class=\"wp-block-spacer\"><\/div>\n\n\n\n<p class=\"has-black-color has-text-color has-link-color wp-elements-b65b2b00532de58f63dc0fddf82f8623\" style=\"font-size:14px\">3er puesto &#8211; <strong>Sgto. Edgardo Semper<\/strong> del Grupo \u201cBrig. Gral. Manuel Oribe\u201d de Artiller\u00eda 105 mm N\u00b0 1  &#8211;  173<\/p>\n\n\n\n<div style=\"height:55px\" aria-hidden=\"true\" class=\"wp-block-spacer\"><\/div>\n\n\n\n<p class=\"has-black-color has-text-color has-background has-link-color wp-elements-211384c748f9c58696eccbfc0749a753\" style=\"background-color:#f6dc7b;font-size:14px\"><strong>En memoria del Sargento Artigas Maya<\/strong><br><br>Nacido el 10 de agosto de 1944 en la 4\u00aa Secci\u00f3n del Departamento de Rivera, el <strong>Sgto. Artigas Maya<\/strong> ingres\u00f3 al Ej\u00e9rcito Nacional en 1963, integr\u00e1ndose al Grupo de Artiller\u00eda N\u00ba 1, Unidad en la que forj\u00f3 su vocaci\u00f3n militar.<br><br>A trav\u00e9s de su esfuerzo y compromiso, ascendi\u00f3 a Cabo de Segunda en 1970, Cabo de Primera en 1972 y Sargento en 1973, consolid\u00e1ndose como un Suboficial ejemplar, depositario de la confianza de sus superiores y gu\u00eda de sus subordinados.<br><br>El 23 de abril de 1974, en cumplimiento del deber, fue mortalmente herido durante un operativo, entregando su vida en servicio de la Patria.<br><br>Su trayectoria, marcada por la austeridad, la responsabilidad y el valor, lo erige como s\u00edmbolo de abnegaci\u00f3n y fiel reflejo de los principios que sustentan la vida militar.<\/p>\n\n\n\n<div style=\"height:44px\" aria-hidden=\"true\" class=\"wp-block-spacer\"><\/div>\n\n\n\n<p class=\"is-style-default has-black-color has-text-color has-background has-link-color wp-elements-e9e9f2930ede7b83553759751894854a\" style=\"background-color:#e9dbc4;font-size:14px\"><strong><em>Ver nota completa a partir del minuto 01:37 en la edici\u00f3n #09 del informativo Ej\u00e9rcito del Uruguay \u2013&nbsp;<\/em><a href=\"https:\/\/www.youtube.com\/watch?v=jNx3HJbWb-0&amp;t=100s\" title=\"\">Competencia de Tiro de Arma Larga \u00abSargento Artigas Maya\u00bb<\/a><\/strong><\/p>\n\n\n\n<div style=\"height:100px\" aria-hidden=\"true\" class=\"wp-block-spacer\"><\/div>\n","protected":false},"excerpt":{"rendered":"<p>30.04.2026 &#8211; La competencia se realiz\u00f3 en el Grupo de Artiller\u00eda de Defensa Antia\u00e9rea N\u00b01 y est\u00e1 dirigida a Suboficiales, Clases y Soldados. <\/p>\n","protected":false},"author":17,"featured_media":58143,"comment_status":"open","ping_status":"open","sticky":false,"template":"","format":"standard","meta":{"_coblocks_attr":"","_coblocks_dimensions":"","_coblocks_responsive_height":"","_coblocks_accordion_ie_support":"","_monsterinsights_skip_tracking":false,"_monsterinsights_sitenote_active":false,"_monsterinsights_sitenote_note":"","_monsterinsights_sitenote_category":0,"_uf_show_specific_survey":0,"_uf_disable_surveys":false,"footnotes":""},"categories":[2,10,14,1],"tags":[1051,634,1943,162,916,1658,1330,1335,161],"class_list":["post-58127","post","type-post","status-publish","format-standard","has-post-thumbnail","hentry","category-blog","category-destacados","category-noticias","category-sin-categoria","tag-arma-larga","tag-armamento","tag-artigas-maya","tag-competencia","tag-competidores","tag-fusil","tag-poligono-2","tag-premiacion","tag-tiro"],"aioseo_notices":[],"_links":{"self":[{"href":"https:\/\/www.ejercito.mil.uy\/index.php\/wp-json\/wp\/v2\/posts\/58127","targetHints":{"allow":["GET"]}}],"collection":[{"href":"https:\/\/www.ejercito.mil.uy\/index.php\/wp-json\/wp\/v2\/posts"}],"about":[{"href":"https:\/\/www.ejercito.mil.uy\/index.php\/wp-json\/wp\/v2\/types\/post"}],"author":[{"embeddable":true,"href":"https:\/\/www.ejercito.mil.uy\/index.php\/wp-json\/wp\/v2\/users\/17"}],"replies":[{"embeddable":true,"href":"https:\/\/www.ejercito.mil.uy\/index.php\/wp-json\/wp\/v2\/comments?post=58127"}],"version-history":[{"count":8,"href":"https:\/\/www.ejercito.mil.uy\/index.php\/wp-json\/wp\/v2\/posts\/58127\/revisions"}],"predecessor-version":[{"id":58162,"href":"https:\/\/www.ejercito.mil.uy\/index.php\/wp-json\/wp\/v2\/posts\/58127\/revisions\/58162"}],"wp:featuredmedia":[{"embeddable":true,"href":"https:\/\/www.ejercito.mil.uy\/index.php\/wp-json\/wp\/v2\/media\/58143"}],"wp:attachment":[{"href":"https:\/\/www.ejercito.mil.uy\/index.php\/wp-json\/wp\/v2\/media?parent=58127"}],"wp:term":[{"taxonomy":"category","embeddable":true,"href":"https:\/\/www.ejercito.mil.uy\/index.php\/wp-json\/wp\/v2\/categories?post=58127"},{"taxonomy":"post_tag","embeddable":true,"href":"https:\/\/www.ejercito.mil.uy\/index.php\/wp-json\/wp\/v2\/tags?post=58127"}],"curies":[{"name":"wp","href":"https:\/\/api.w.org\/{rel}","templated":true}]}}