{"id":5952,"date":"2021-09-03T11:13:09","date_gmt":"2021-09-03T14:13:09","guid":{"rendered":"https:\/\/www.ejercito.mil.uy\/?p=5952"},"modified":"2021-09-10T19:40:46","modified_gmt":"2021-09-10T22:40:46","slug":"nuevos-inspectores-de-las-armas-de-caballeria-y-artilleria","status":"publish","type":"post","link":"https:\/\/www.ejercito.mil.uy\/index.php\/2021\/09\/03\/nuevos-inspectores-de-las-armas-de-caballeria-y-artilleria\/","title":{"rendered":"Nuevos Inspectores de las Armas de Caballer\u00eda y Artiller\u00eda"},"content":{"rendered":"\n<p style=\"font-size:14px\">03.09.2021 &#8211; Comando General del Ej\u00e9rcito, Montevideo<\/p>\n\n\n\n<div style=\"height:24px\" aria-hidden=\"true\" class=\"wp-block-spacer\"><\/div>\n\n\n\n<p>Esta ma\u00f1ana, el <strong>Sr. Comandante en Jefe del Ej\u00e9rcito<\/strong>, impuso en sus cargos a los nuevos <strong>Inspectores de las Armas de Caballer\u00eda y Artiller\u00eda<\/strong>.<\/p>\n\n\n\n<div style=\"height:35px\" aria-hidden=\"true\" class=\"wp-block-spacer\"><\/div>\n\n\n\n<p>Asumieron, el <strong>Coronel Jes\u00fas Fontes<\/strong> como <strong>Inspector del Arma de Caballer\u00eda<\/strong>, en sustituci\u00f3n del Coronel Ra\u00fal Picapedra y el <strong>Coronel Andr\u00e9s Torello<\/strong> como <strong>Inspector del Arma de Artiller\u00eda<\/strong>, en sustituci\u00f3n del Coronel Gabriel Troncoso, que se encuentra en situaci\u00f3n de retiro.<\/p>\n\n\n\n<div style=\"height:35px\" aria-hidden=\"true\" class=\"wp-block-spacer\"><\/div>\n\n\n\n<div class=\"wp-block-coblocks-gallery-carousel alignwide\"><div class=\"is-cropped coblocks-gallery has-caption-style-dark has-horizontal-gutter has-lightbox\"><div class=\"has-carousel has-carousel-lrg\" style=\"height:400px\" data-flickity=\"{&quot;autoPlay&quot;:4000,&quot;draggable&quot;:true,&quot;pageDots&quot;:false,&quot;prevNextButtons&quot;:true,&quot;wrapAround&quot;:true,&quot;cellAlign&quot;:&quot;center&quot;,&quot;pauseAutoPlayOnHover&quot;:false,&quot;freeScroll&quot;:true,&quot;arrowShape&quot;:{&quot;x0&quot;:10,&quot;x1&quot;:60,&quot;y1&quot;:50,&quot;x2&quot;:65,&quot;y2&quot;:45,&quot;x3&quot;:20},&quot;thumbnails&quot;:false,&quot;responsiveHeight&quot;:false}\"><div class=\"coblocks-gallery--item\"><figure class=\"coblocks-gallery--figure has-margin-left-10 has-margin-left-mobile-5 has-margin-right-10 has-margin-right-mobile-5\"><img fetchpriority=\"high\" decoding=\"async\" width=\"1024\" height=\"683\" src=\"https:\/\/www.ejercito.mil.uy\/wp-content\/uploads\/2021\/09\/relevo-2-1024x683.jpg\" alt=\"\" data-id=\"5954\" data-link=\"https:\/\/www.ejercito.mil.uy\/?attachment_id=5954\" class=\"wp-image-5954\" srcset=\"https:\/\/www.ejercito.mil.uy\/wp-content\/uploads\/2021\/09\/relevo-2-1024x683.jpg 1024w, https:\/\/www.ejercito.mil.uy\/wp-content\/uploads\/2021\/09\/relevo-2-300x200.jpg 300w, https:\/\/www.ejercito.mil.uy\/wp-content\/uploads\/2021\/09\/relevo-2.jpg 1200w\" sizes=\"(max-width: 1024px) 100vw, 1024px\" \/><\/figure><\/div><div class=\"coblocks-gallery--item\"><figure class=\"coblocks-gallery--figure has-margin-left-10 has-margin-left-mobile-5 has-margin-right-10 has-margin-right-mobile-5\"><img decoding=\"async\" width=\"1024\" height=\"683\" src=\"https:\/\/www.ejercito.mil.uy\/wp-content\/uploads\/2021\/09\/relevo-4-1024x683.jpg\" alt=\"\" data-id=\"5956\" data-link=\"https:\/\/www.ejercito.mil.uy\/?attachment_id=5956\" class=\"wp-image-5956\" srcset=\"https:\/\/www.ejercito.mil.uy\/wp-content\/uploads\/2021\/09\/relevo-4-1024x683.jpg 1024w, https:\/\/www.ejercito.mil.uy\/wp-content\/uploads\/2021\/09\/relevo-4-300x200.jpg 300w, https:\/\/www.ejercito.mil.uy\/wp-content\/uploads\/2021\/09\/relevo-4.jpg 1200w\" sizes=\"(max-width: 1024px) 100vw, 1024px\" \/><\/figure><\/div><div class=\"coblocks-gallery--item\"><figure class=\"coblocks-gallery--figure has-margin-left-10 has-margin-left-mobile-5 has-margin-right-10 has-margin-right-mobile-5\"><img decoding=\"async\" width=\"1024\" height=\"683\" src=\"https:\/\/www.ejercito.mil.uy\/wp-content\/uploads\/2021\/09\/relevo-3-1024x683.jpg\" alt=\"\" data-id=\"5955\" data-link=\"https:\/\/www.ejercito.mil.uy\/?attachment_id=5955\" class=\"wp-image-5955\" srcset=\"https:\/\/www.ejercito.mil.uy\/wp-content\/uploads\/2021\/09\/relevo-3-1024x683.jpg 1024w, https:\/\/www.ejercito.mil.uy\/wp-content\/uploads\/2021\/09\/relevo-3-300x200.jpg 300w, https:\/\/www.ejercito.mil.uy\/wp-content\/uploads\/2021\/09\/relevo-3.jpg 1200w\" sizes=\"(max-width: 1024px) 100vw, 1024px\" \/><\/figure><\/div><div class=\"coblocks-gallery--item\"><figure class=\"coblocks-gallery--figure has-margin-left-10 has-margin-left-mobile-5 has-margin-right-10 has-margin-right-mobile-5\"><img loading=\"lazy\" decoding=\"async\" width=\"1024\" height=\"683\" src=\"https:\/\/www.ejercito.mil.uy\/wp-content\/uploads\/2021\/09\/relevo-1-1024x683.jpg\" alt=\"\" data-id=\"5953\" data-link=\"https:\/\/www.ejercito.mil.uy\/?attachment_id=5953\" class=\"wp-image-5953\" srcset=\"https:\/\/www.ejercito.mil.uy\/wp-content\/uploads\/2021\/09\/relevo-1-1024x683.jpg 1024w, https:\/\/www.ejercito.mil.uy\/wp-content\/uploads\/2021\/09\/relevo-1-300x200.jpg 300w, https:\/\/www.ejercito.mil.uy\/wp-content\/uploads\/2021\/09\/relevo-1.jpg 1200w\" sizes=\"(max-width: 1024px) 100vw, 1024px\" \/><\/figure><\/div><\/div><\/div><\/div>\n\n\n\n<p><\/p>\n","protected":false},"excerpt":{"rendered":"<p>03.09.2021 &#8211; Esta ma\u00f1ana, el Sr. Comandante en Jefe del Ej\u00e9rcito, impuso en sus cargos a los nuevos Inspectores de las Armas de Caballer\u00eda y Artiller\u00eda.<\/p>\n","protected":false},"author":9,"featured_media":5957,"comment_status":"open","ping_status":"open","sticky":false,"template":"","format":"standard","meta":{"_coblocks_attr":"","_coblocks_dimensions":"","_coblocks_responsive_height":"","_coblocks_accordion_ie_support":"","_monsterinsights_skip_tracking":false,"_monsterinsights_sitenote_active":false,"_monsterinsights_sitenote_note":"","_monsterinsights_sitenote_category":0,"_uf_show_specific_survey":0,"_uf_disable_surveys":false,"footnotes":""},"categories":[2,14],"tags":[135,141,44],"class_list":["post-5952","post","type-post","status-publish","format-standard","has-post-thumbnail","hentry","category-blog","category-noticias","tag-artilleria","tag-caballeria","tag-ceremonia"],"aioseo_notices":[],"_links":{"self":[{"href":"https:\/\/www.ejercito.mil.uy\/index.php\/wp-json\/wp\/v2\/posts\/5952","targetHints":{"allow":["GET"]}}],"collection":[{"href":"https:\/\/www.ejercito.mil.uy\/index.php\/wp-json\/wp\/v2\/posts"}],"about":[{"href":"https:\/\/www.ejercito.mil.uy\/index.php\/wp-json\/wp\/v2\/types\/post"}],"author":[{"embeddable":true,"href":"https:\/\/www.ejercito.mil.uy\/index.php\/wp-json\/wp\/v2\/users\/9"}],"replies":[{"embeddable":true,"href":"https:\/\/www.ejercito.mil.uy\/index.php\/wp-json\/wp\/v2\/comments?post=5952"}],"version-history":[{"count":2,"href":"https:\/\/www.ejercito.mil.uy\/index.php\/wp-json\/wp\/v2\/posts\/5952\/revisions"}],"predecessor-version":[{"id":5960,"href":"https:\/\/www.ejercito.mil.uy\/index.php\/wp-json\/wp\/v2\/posts\/5952\/revisions\/5960"}],"wp:featuredmedia":[{"embeddable":true,"href":"https:\/\/www.ejercito.mil.uy\/index.php\/wp-json\/wp\/v2\/media\/5957"}],"wp:attachment":[{"href":"https:\/\/www.ejercito.mil.uy\/index.php\/wp-json\/wp\/v2\/media?parent=5952"}],"wp:term":[{"taxonomy":"category","embeddable":true,"href":"https:\/\/www.ejercito.mil.uy\/index.php\/wp-json\/wp\/v2\/categories?post=5952"},{"taxonomy":"post_tag","embeddable":true,"href":"https:\/\/www.ejercito.mil.uy\/index.php\/wp-json\/wp\/v2\/tags?post=5952"}],"curies":[{"name":"wp","href":"https:\/\/api.w.org\/{rel}","templated":true}]}}