{"id":5970,"date":"2021-09-05T08:00:00","date_gmt":"2021-09-05T11:00:00","guid":{"rendered":"https:\/\/www.ejercito.mil.uy\/?p=5970"},"modified":"2021-09-10T13:37:52","modified_gmt":"2021-09-10T16:37:52","slug":"dia-del-retirado-militar","status":"publish","type":"post","link":"https:\/\/www.ejercito.mil.uy\/index.php\/2021\/09\/05\/dia-del-retirado-militar\/","title":{"rendered":"D\u00eda del Retirado Militar"},"content":{"rendered":"\n<p style=\"font-size:14px\">05.09.2021<\/p>\n\n\n\n<div style=\"height:33px\" aria-hidden=\"true\" class=\"wp-block-spacer\"><\/div>\n\n\n\n<p>El 5 de septiembre de 1820 el Protector de los Pueblos Libres cruza el R\u00edo Paran\u00e1 para internarse en tierra paraguaya. Ten\u00eda entonces 56 a\u00f1os: Si bien el Gral. Artigas no volver\u00eda a empu\u00f1ar las armas para combatir por su gran proyecto pol\u00edtico, sus ideales y su conducta lo convirtieron en el Pr\u00f3cer de la naci\u00f3n oriental.<\/p>\n\n\n\n<div style=\"height:33px\" aria-hidden=\"true\" class=\"wp-block-spacer\"><\/div>\n\n\n\n<p>El simbolismo de ese acontecimiento hist\u00f3rico es tomado por nuestra Instituci\u00f3n para rendir hoy, en la Escuela Militar, el merecido homenaje a sus integrantes que han pasado recientemente a situaci\u00f3n de Retiro, luego de muchos a\u00f1os de dedicados servicios.<\/p>\n\n\n\n<div style=\"height:33px\" aria-hidden=\"true\" class=\"wp-block-spacer\"><\/div>\n\n\n\n<p><strong>El Ej\u00e9rcito Nacional saluda en esta conmemoraci\u00f3n a todos sus integrantes en situaci\u00f3n de Retiro, quienes permanentemente contribuyen al cumplimiento de la misi\u00f3n de <em>La Fuerza de todos<\/em>, constituyendo un soporte en su diario accionar.<\/strong><\/p>\n\n\n\n<div style=\"height:33px\" aria-hidden=\"true\" class=\"wp-block-spacer\"><\/div>\n","protected":false},"excerpt":{"rendered":"<p>05.09.2021 &#8211; El Ej\u00e9rcito Nacional saluda en esta conmemoraci\u00f3n a todos sus integrantes en situaci\u00f3n de Retiro, quienes permanentemente contribuyen al cumplimiento de la misi\u00f3n de La Fuerza de todos, constituyendo un soporte en su diario accionar.<\/p>\n","protected":false},"author":4,"featured_media":5971,"comment_status":"closed","ping_status":"open","sticky":false,"template":"","format":"standard","meta":{"_coblocks_attr":"","_coblocks_dimensions":"","_coblocks_responsive_height":"","_coblocks_accordion_ie_support":"","_monsterinsights_skip_tracking":false,"_monsterinsights_sitenote_active":false,"_monsterinsights_sitenote_note":"","_monsterinsights_sitenote_category":0,"_uf_show_specific_survey":0,"_uf_disable_surveys":false,"footnotes":""},"categories":[2,14],"tags":[41],"class_list":["post-5970","post","type-post","status-publish","format-standard","has-post-thumbnail","hentry","category-blog","category-noticias","tag-historia"],"aioseo_notices":[],"_links":{"self":[{"href":"https:\/\/www.ejercito.mil.uy\/index.php\/wp-json\/wp\/v2\/posts\/5970","targetHints":{"allow":["GET"]}}],"collection":[{"href":"https:\/\/www.ejercito.mil.uy\/index.php\/wp-json\/wp\/v2\/posts"}],"about":[{"href":"https:\/\/www.ejercito.mil.uy\/index.php\/wp-json\/wp\/v2\/types\/post"}],"author":[{"embeddable":true,"href":"https:\/\/www.ejercito.mil.uy\/index.php\/wp-json\/wp\/v2\/users\/4"}],"replies":[{"embeddable":true,"href":"https:\/\/www.ejercito.mil.uy\/index.php\/wp-json\/wp\/v2\/comments?post=5970"}],"version-history":[{"count":3,"href":"https:\/\/www.ejercito.mil.uy\/index.php\/wp-json\/wp\/v2\/posts\/5970\/revisions"}],"predecessor-version":[{"id":5974,"href":"https:\/\/www.ejercito.mil.uy\/index.php\/wp-json\/wp\/v2\/posts\/5970\/revisions\/5974"}],"wp:featuredmedia":[{"embeddable":true,"href":"https:\/\/www.ejercito.mil.uy\/index.php\/wp-json\/wp\/v2\/media\/5971"}],"wp:attachment":[{"href":"https:\/\/www.ejercito.mil.uy\/index.php\/wp-json\/wp\/v2\/media?parent=5970"}],"wp:term":[{"taxonomy":"category","embeddable":true,"href":"https:\/\/www.ejercito.mil.uy\/index.php\/wp-json\/wp\/v2\/categories?post=5970"},{"taxonomy":"post_tag","embeddable":true,"href":"https:\/\/www.ejercito.mil.uy\/index.php\/wp-json\/wp\/v2\/tags?post=5970"}],"curies":[{"name":"wp","href":"https:\/\/api.w.org\/{rel}","templated":true}]}}