{"id":6082,"date":"2021-09-08T12:00:18","date_gmt":"2021-09-08T15:00:18","guid":{"rendered":"https:\/\/www.ejercito.mil.uy\/?p=6082"},"modified":"2021-09-10T14:45:36","modified_gmt":"2021-09-10T17:45:36","slug":"conferencias-sobre-prevencion-de-actos-de-violencia-domestica-y-genero","status":"publish","type":"post","link":"https:\/\/www.ejercito.mil.uy\/index.php\/2021\/09\/08\/conferencias-sobre-prevencion-de-actos-de-violencia-domestica-y-genero\/","title":{"rendered":"Conferencias sobre \u201cPrevenci\u00f3n de actos de violencia dom\u00e9stica y g\u00e9nero\u201d"},"content":{"rendered":"\n<p class=\"wp-block-paragraph\" style=\"font-size:14px\">08.09.2021<\/p>\n\n\n\n<div style=\"height:33px\" aria-hidden=\"true\" class=\"wp-block-spacer\"><\/div>\n\n\n\n<p class=\"wp-block-paragraph\">En el <a rel=\"noreferrer noopener\" href=\"https:\/\/www.facebook.com\/Batall%C3%B3n-de-Infanter%C3%ADa-Blindado-N%C2%BA13-508257066003601\/?__cft__[0]=AZWwlE1soIMyu0k5GWqPryYUWhcdIQ8lGfqFlIIHRcxgVzZX2ezzzgg4PEZ0skdFSEZygEw0wlv-HzkvM2pqkAcapiA-BREdBVGv4RNAKLqA8EPLqV9cUvN2GchYZyN9Y9H_j0flqWYT6W6FYW3K6Sos&amp;__tn__=kK-R\" target=\"_blank\"><strong>Batall\u00f3n de Infanter\u00eda Blindado N\u00ba 13<\/strong><\/a> se desarroll\u00f3 una <strong>Conferencia sobre \u201cPrevenci\u00f3n de actos de violencia dom\u00e9stica y g\u00e9nero\u201d<\/strong>, por parte de la Psic\u00f3loga de la Unidad, dirigida a todo el personal presente, en la que se habl\u00f3 de los distintos tipos y prevenci\u00f3n.<\/p>\n\n\n\n<div style=\"height:33px\" aria-hidden=\"true\" class=\"wp-block-spacer\"><\/div>\n\n\n\n<figure class=\"wp-block-gallery columns-2 is-cropped wp-block-gallery-1 is-layout-flex wp-block-gallery-is-layout-flex\"><ul class=\"blocks-gallery-grid\"><li class=\"blocks-gallery-item\"><figure><img loading=\"lazy\" decoding=\"async\" width=\"1024\" height=\"683\" src=\"https:\/\/www.ejercito.mil.uy\/wp-content\/uploads\/2021\/09\/bienestar-1-1024x683.jpg\" alt=\"\" data-id=\"6085\" data-full-url=\"https:\/\/www.ejercito.mil.uy\/wp-content\/uploads\/2021\/09\/bienestar-1.jpg\" data-link=\"https:\/\/www.ejercito.mil.uy\/?attachment_id=6085\" class=\"wp-image-6085\" srcset=\"https:\/\/www.ejercito.mil.uy\/wp-content\/uploads\/2021\/09\/bienestar-1-1024x683.jpg 1024w, https:\/\/www.ejercito.mil.uy\/wp-content\/uploads\/2021\/09\/bienestar-1-300x200.jpg 300w, https:\/\/www.ejercito.mil.uy\/wp-content\/uploads\/2021\/09\/bienestar-1.jpg 1200w\" sizes=\"auto, (max-width: 1024px) 100vw, 1024px\" \/><\/figure><\/li><li class=\"blocks-gallery-item\"><figure><img loading=\"lazy\" decoding=\"async\" width=\"1024\" height=\"683\" src=\"https:\/\/www.ejercito.mil.uy\/wp-content\/uploads\/2021\/09\/bienestar-3-1024x683.jpg\" alt=\"\" data-id=\"6086\" data-full-url=\"https:\/\/www.ejercito.mil.uy\/wp-content\/uploads\/2021\/09\/bienestar-3.jpg\" data-link=\"https:\/\/www.ejercito.mil.uy\/?attachment_id=6086\" class=\"wp-image-6086\" srcset=\"https:\/\/www.ejercito.mil.uy\/wp-content\/uploads\/2021\/09\/bienestar-3-1024x683.jpg 1024w, https:\/\/www.ejercito.mil.uy\/wp-content\/uploads\/2021\/09\/bienestar-3-300x200.jpg 300w, https:\/\/www.ejercito.mil.uy\/wp-content\/uploads\/2021\/09\/bienestar-3.jpg 1200w\" sizes=\"auto, (max-width: 1024px) 100vw, 1024px\" \/><\/figure><\/li><\/ul><\/figure>\n\n\n\n<div style=\"height:66px\" aria-hidden=\"true\" class=\"wp-block-spacer\"><\/div>\n\n\n\n<p class=\"wp-block-paragraph\">Mientras que en el marco del <strong>Plan Nacional \u201cPor una vida libre de Violencia de G\u00e9nero\u201d<\/strong>, efectivos del <strong>Regimiento \u201cPatria\u201d de Caballer\u00eda Blindado N\u00ba 8<\/strong>, recibieron una charla informativa y talleres, por parte de la Referente de INMUJERES\/MIDES del dpto. de Cerro Largo, Licenciada Victoria Pereira, la Secretaria de G\u00e9nero de la Direcci\u00f3n de Gesti\u00f3n Social de la Intendencia Departamental (Gobierno de Cerro Largo), Licenciada Sonia G\u00f3mez y el representante de la Sociedad Civil para la Prevenci\u00f3n de la Violencia Dom\u00e9stica y G\u00e9nero, Comisario Mayor (R) Santos Torres.<\/p>\n\n\n\n<div style=\"height:33px\" aria-hidden=\"true\" class=\"wp-block-spacer\"><\/div>\n\n\n\n<figure class=\"wp-block-gallery columns-2 is-cropped wp-block-gallery-2 is-layout-flex wp-block-gallery-is-layout-flex\"><ul class=\"blocks-gallery-grid\"><li class=\"blocks-gallery-item\"><figure><img loading=\"lazy\" decoding=\"async\" width=\"1024\" height=\"683\" src=\"https:\/\/www.ejercito.mil.uy\/wp-content\/uploads\/2021\/09\/bienestar-2-1024x683.jpg\" alt=\"\" data-id=\"6087\" data-full-url=\"https:\/\/www.ejercito.mil.uy\/wp-content\/uploads\/2021\/09\/bienestar-2.jpg\" data-link=\"https:\/\/www.ejercito.mil.uy\/?attachment_id=6087\" class=\"wp-image-6087\" srcset=\"https:\/\/www.ejercito.mil.uy\/wp-content\/uploads\/2021\/09\/bienestar-2-1024x683.jpg 1024w, https:\/\/www.ejercito.mil.uy\/wp-content\/uploads\/2021\/09\/bienestar-2-300x200.jpg 300w, https:\/\/www.ejercito.mil.uy\/wp-content\/uploads\/2021\/09\/bienestar-2.jpg 1200w\" sizes=\"auto, (max-width: 1024px) 100vw, 1024px\" \/><\/figure><\/li><li class=\"blocks-gallery-item\"><figure><img loading=\"lazy\" decoding=\"async\" width=\"1024\" height=\"683\" src=\"https:\/\/www.ejercito.mil.uy\/wp-content\/uploads\/2021\/09\/bienestar-4-1024x683.jpg\" alt=\"\" data-id=\"6088\" data-full-url=\"https:\/\/www.ejercito.mil.uy\/wp-content\/uploads\/2021\/09\/bienestar-4.jpg\" data-link=\"https:\/\/www.ejercito.mil.uy\/?attachment_id=6088\" class=\"wp-image-6088\" srcset=\"https:\/\/www.ejercito.mil.uy\/wp-content\/uploads\/2021\/09\/bienestar-4-1024x683.jpg 1024w, https:\/\/www.ejercito.mil.uy\/wp-content\/uploads\/2021\/09\/bienestar-4-300x200.jpg 300w, https:\/\/www.ejercito.mil.uy\/wp-content\/uploads\/2021\/09\/bienestar-4.jpg 1200w\" sizes=\"auto, (max-width: 1024px) 100vw, 1024px\" \/><\/figure><\/li><\/ul><\/figure>\n\n\n\n<div style=\"height:66px\" aria-hidden=\"true\" class=\"wp-block-spacer\"><\/div>\n\n\n\n<p class=\"wp-block-paragraph\">Por otra parte, integrantes del <strong><a href=\"https:\/\/www.facebook.com\/Batall%C3%B3n-Gral-Leandro-G%C3%B3mez-de-Infanter%C3%ADa-Mec-N8-356122647931114\/?__cft__[0]=AZWwlE1soIMyu0k5GWqPryYUWhcdIQ8lGfqFlIIHRcxgVzZX2ezzzgg4PEZ0skdFSEZygEw0wlv-HzkvM2pqkAcapiA-BREdBVGv4RNAKLqA8EPLqV9cUvN2GchYZyN9Y9H_j0flqWYT6W6FYW3K6Sos&amp;__tn__=kK-R\" target=\"_blank\" rel=\"noreferrer noopener\">Batall\u00f3n \u00abGral. Leandro G\u00f3mez\u00bb de Infanter\u00eda Mec. N\u00ba 8<\/a><\/strong> recibieron una charla referente a <strong>Salud Mental<\/strong>, por parte de la Psic\u00f3loga y de la Asistente Social de la Unidad.<\/p>\n\n\n\n<div style=\"height:33px\" aria-hidden=\"true\" class=\"wp-block-spacer\"><\/div>\n\n\n\n<figure class=\"wp-block-gallery columns-1 is-cropped wp-block-gallery-3 is-layout-flex wp-block-gallery-is-layout-flex\"><ul class=\"blocks-gallery-grid\"><li class=\"blocks-gallery-item\"><figure><img loading=\"lazy\" decoding=\"async\" width=\"1024\" height=\"683\" src=\"https:\/\/www.ejercito.mil.uy\/wp-content\/uploads\/2021\/09\/bienestar-5-1024x683.jpg\" alt=\"\" data-id=\"6089\" data-full-url=\"https:\/\/www.ejercito.mil.uy\/wp-content\/uploads\/2021\/09\/bienestar-5.jpg\" data-link=\"https:\/\/www.ejercito.mil.uy\/?attachment_id=6089\" class=\"wp-image-6089\" srcset=\"https:\/\/www.ejercito.mil.uy\/wp-content\/uploads\/2021\/09\/bienestar-5-1024x683.jpg 1024w, https:\/\/www.ejercito.mil.uy\/wp-content\/uploads\/2021\/09\/bienestar-5-300x200.jpg 300w, https:\/\/www.ejercito.mil.uy\/wp-content\/uploads\/2021\/09\/bienestar-5.jpg 1200w\" sizes=\"auto, (max-width: 1024px) 100vw, 1024px\" \/><\/figure><\/li><\/ul><\/figure>\n\n\n\n<div style=\"height:66px\" aria-hidden=\"true\" class=\"wp-block-spacer\"><\/div>\n\n\n\n<hr class=\"wp-block-separator has-text-color has-background has-vivid-cyan-blue-background-color has-vivid-cyan-blue-color is-style-wide\"\/>\n\n\n\n<p class=\"wp-block-paragraph\"><\/p>\n\n\n\n<div style=\"height:33px\" aria-hidden=\"true\" class=\"wp-block-spacer\"><\/div>\n\n\n\n<p class=\"has-medium-font-size wp-block-paragraph\"><img loading=\"lazy\" decoding=\"async\" height=\"16\" width=\"16\" alt=\"\u2705\" src=\"https:\/\/static.xx.fbcdn.net\/images\/emoji.php\/v9\/t33\/1\/16\/2705.png\"> Te recordamos la l\u00ednea gratuita del Ej\u00e9rcito, atendida por psic\u00f3logos, que brinda contenci\u00f3n profesional de manera directa y confidencial.<\/p>\n\n\n\n<p class=\"has-large-font-size wp-block-paragraph\"><img loading=\"lazy\" decoding=\"async\" height=\"16\" width=\"16\" alt=\"\u26a0\ufe0f\" src=\"https:\/\/static.xx.fbcdn.net\/images\/emoji.php\/v9\/tdc\/1\/16\/26a0.png\"> <strong>L\u00ednea 0800 8353<\/strong> <img loading=\"lazy\" decoding=\"async\" height=\"16\" width=\"16\" alt=\"\ud83d\udcf2\" src=\"https:\/\/static.xx.fbcdn.net\/images\/emoji.php\/v9\/td8\/1\/16\/1f4f2.png\"><\/p>\n\n\n\n<p class=\"has-medium-font-size wp-block-paragraph\"><img loading=\"lazy\" decoding=\"async\" height=\"16\" width=\"16\" alt=\"\u260e\" src=\"https:\/\/static.xx.fbcdn.net\/images\/emoji.php\/v9\/t22\/1\/16\/260e.png\"> <strong>LLAM\u00c1:<\/strong> <img loading=\"lazy\" decoding=\"async\" height=\"16\" width=\"16\" alt=\"\ud83e\udd33\" src=\"https:\/\/static.xx.fbcdn.net\/images\/emoji.php\/v9\/tf1\/1\/16\/1f933.png\"><\/p>\n\n\n\n<p class=\"has-medium-font-size wp-block-paragraph\"><img loading=\"lazy\" decoding=\"async\" height=\"16\" width=\"16\" alt=\"\ud83d\udc49\ud83c\udffc\" src=\"https:\/\/static.xx.fbcdn.net\/images\/emoji.php\/v9\/t8d\/1\/16\/1f449_1f3fc.png\"> Si ten\u00e9s un familiar desplegado en MOP y necesitas apoyo psicol\u00f3gico o social <img loading=\"lazy\" decoding=\"async\" height=\"16\" width=\"16\" alt=\"\ud83d\udc69\u200d\ud83d\udc66\" src=\"https:\/\/static.xx.fbcdn.net\/images\/emoji.php\/v9\/t78\/1\/16\/1f469_200d_1f466.png\"><\/p>\n\n\n\n<p class=\"has-medium-font-size wp-block-paragraph\"><img loading=\"lazy\" decoding=\"async\" height=\"16\" width=\"16\" alt=\"\ud83d\udc49\ud83c\udffc\" src=\"https:\/\/static.xx.fbcdn.net\/images\/emoji.php\/v9\/t8d\/1\/16\/1f449_1f3fc.png\"> Si eres militar y te encuentras prestando servicios dentro del Uruguay y necesitas apoyo psicol\u00f3gico<\/p>\n\n\n\n<div style=\"height:44px\" aria-hidden=\"true\" class=\"wp-block-spacer\"><\/div>\n\n\n\n<div class=\"wp-block-image\"><figure class=\"aligncenter size-large\"><img loading=\"lazy\" decoding=\"async\" width=\"725\" height=\"1024\" src=\"https:\/\/www.ejercito.mil.uy\/wp-content\/uploads\/2021\/08\/0800_8353-725x1024.jpg\" alt=\"\" class=\"wp-image-5465\" srcset=\"https:\/\/www.ejercito.mil.uy\/wp-content\/uploads\/2021\/08\/0800_8353-725x1024.jpg 725w, https:\/\/www.ejercito.mil.uy\/wp-content\/uploads\/2021\/08\/0800_8353-213x300.jpg 213w, https:\/\/www.ejercito.mil.uy\/wp-content\/uploads\/2021\/08\/0800_8353.jpg 1122w\" sizes=\"auto, (max-width: 725px) 100vw, 725px\" \/><\/figure><\/div>\n\n\n\n<div style=\"height:66px\" aria-hidden=\"true\" class=\"wp-block-spacer\"><\/div>\n\n\n\n<p class=\"wp-block-paragraph\"><\/p>\n","protected":false},"excerpt":{"rendered":"<p>08.09.2021 &#8211; En varias Unidades del Ej\u00e9rcito, se desarrollaron conferencias sobre \u201cPrevenci\u00f3n de actos de violencia dom\u00e9stica y g\u00e9nero\u201d y \u00abSalud Mental\u00bb.<\/p>\n","protected":false},"author":4,"featured_media":6084,"comment_status":"closed","ping_status":"open","sticky":false,"template":"","format":"standard","meta":{"_coblocks_attr":"","_coblocks_dimensions":"","_coblocks_responsive_height":"","_coblocks_accordion_ie_support":"","_monsterinsights_skip_tracking":false,"_uf_show_specific_survey":0,"_uf_disable_surveys":false,"footnotes":""},"categories":[2,14],"tags":[27,32,29,30,28,37],"class_list":["post-6082","post","type-post","status-publish","format-standard","has-post-thumbnail","hentry","category-blog","category-noticias","tag-apoyo","tag-bienestar","tag-comunidad","tag-misiones-operativas-de-paz","tag-social","tag-sociedad"],"aioseo_notices":[],"aioseo_head":"\n\t\t<!-- All in One SEO 5.0.1.1 - aioseo.com -->\n\t<meta name=\"description\" content=\"08.09.2021 - En varias Unidades del Ej\u00e9rcito, se desarrollaron conferencias sobre \u201cPrevenci\u00f3n de actos de violencia dom\u00e9stica y g\u00e9nero\u201d y &quot;Salud Mental&quot;.\" \/>\n\t<meta name=\"robots\" content=\"max-image-preview:large\" \/>\n\t<meta name=\"author\" content=\"Alejandro Castro\"\/>\n\t<link rel=\"canonical\" href=\"https:\/\/www.ejercito.mil.uy\/index.php\/2021\/09\/08\/conferencias-sobre-prevencion-de-actos-de-violencia-domestica-y-genero\/\" \/>\n\t<meta name=\"generator\" content=\"All in One SEO (AIOSEO) 5.0.1.1\" \/>\n\t\t<meta property=\"og:locale\" content=\"es_ES\" \/>\n\t\t<meta property=\"og:site_name\" content=\"Ej\u00e9rcito Nacional - La Fuerza de todos\" \/>\n\t\t<meta property=\"og:type\" content=\"article\" \/>\n\t\t<meta property=\"og:title\" content=\"Conferencias sobre \u201cPrevenci\u00f3n de actos de violencia dom\u00e9stica y g\u00e9nero\u201d - Ej\u00e9rcito Nacional\" \/>\n\t\t<meta property=\"og:description\" content=\"08.09.2021 - En varias Unidades del Ej\u00e9rcito, se desarrollaron conferencias sobre \u201cPrevenci\u00f3n de actos de violencia dom\u00e9stica y g\u00e9nero\u201d y &quot;Salud Mental&quot;.\" \/>\n\t\t<meta property=\"og:url\" content=\"https:\/\/www.ejercito.mil.uy\/index.php\/2021\/09\/08\/conferencias-sobre-prevencion-de-actos-de-violencia-domestica-y-genero\/\" \/>\n\t\t<meta property=\"og:image\" content=\"https:\/\/www.ejercito.mil.uy\/wp-content\/uploads\/2022\/01\/Escudo_EN_URUGUAY.png\" \/>\n\t\t<meta property=\"og:image:secure_url\" content=\"https:\/\/www.ejercito.mil.uy\/wp-content\/uploads\/2022\/01\/Escudo_EN_URUGUAY.png\" \/>\n\t\t<meta property=\"og:image:width\" content=\"134\" \/>\n\t\t<meta property=\"og:image:height\" content=\"119\" \/>\n\t\t<meta property=\"article:published_time\" content=\"2021-09-08T15:00:18+00:00\" \/>\n\t\t<meta property=\"article:modified_time\" content=\"2021-09-10T17:45:36+00:00\" \/>\n\t\t<meta name=\"twitter:card\" content=\"summary_large_image\" \/>\n\t\t<meta name=\"twitter:title\" content=\"Conferencias sobre \u201cPrevenci\u00f3n de actos de violencia dom\u00e9stica y g\u00e9nero\u201d - Ej\u00e9rcito Nacional\" \/>\n\t\t<meta name=\"twitter:description\" content=\"08.09.2021 - En varias Unidades del Ej\u00e9rcito, se desarrollaron conferencias sobre \u201cPrevenci\u00f3n de actos de violencia dom\u00e9stica y g\u00e9nero\u201d y &quot;Salud Mental&quot;.\" \/>\n\t\t<meta name=\"twitter:image\" content=\"https:\/\/www.ejercito.mil.uy\/wp-content\/uploads\/2022\/01\/Escudo_EN_URUGUAY.png\" \/>\n\t\t<script type=\"application\/ld+json\" class=\"aioseo-schema\">\n\t\t\t{\"@context\":\"https:\\\/\\\/schema.org\",\"@graph\":[{\"@type\":\"BlogPosting\",\"@id\":\"https:\\\/\\\/www.ejercito.mil.uy\\\/index.php\\\/2021\\\/09\\\/08\\\/conferencias-sobre-prevencion-de-actos-de-violencia-domestica-y-genero\\\/#blogposting\",\"name\":\"Conferencias sobre \\u201cPrevenci\\u00f3n de actos de violencia dom\\u00e9stica y g\\u00e9nero\\u201d - Ej\\u00e9rcito Nacional\",\"headline\":\"Conferencias sobre \\u201cPrevenci\\u00f3n de actos de violencia dom\\u00e9stica y g\\u00e9nero\\u201d\",\"author\":{\"@id\":\"https:\\\/\\\/www.ejercito.mil.uy\\\/index.php\\\/author\\\/acastro\\\/#author\"},\"publisher\":{\"@id\":\"https:\\\/\\\/www.ejercito.mil.uy\\\/#organization\"},\"image\":{\"@type\":\"ImageObject\",\"url\":\"https:\\\/\\\/www.ejercito.mil.uy\\\/wp-content\\\/uploads\\\/2021\\\/09\\\/bienestar.jpg\",\"width\":1200,\"height\":800,\"caption\":\"Bienestar\"},\"datePublished\":\"2021-09-08T12:00:18-03:00\",\"dateModified\":\"2021-09-10T14:45:36-03:00\",\"inLanguage\":\"es-UY\",\"mainEntityOfPage\":{\"@id\":\"https:\\\/\\\/www.ejercito.mil.uy\\\/index.php\\\/2021\\\/09\\\/08\\\/conferencias-sobre-prevencion-de-actos-de-violencia-domestica-y-genero\\\/#webpage\"},\"isPartOf\":{\"@id\":\"https:\\\/\\\/www.ejercito.mil.uy\\\/index.php\\\/2021\\\/09\\\/08\\\/conferencias-sobre-prevencion-de-actos-de-violencia-domestica-y-genero\\\/#webpage\"},\"articleSection\":\"Blog, Noticias, apoyo, bienestar, comunidad, Misiones Operativas de Paz, social, sociedad\"},{\"@type\":\"BreadcrumbList\",\"@id\":\"https:\\\/\\\/www.ejercito.mil.uy\\\/index.php\\\/2021\\\/09\\\/08\\\/conferencias-sobre-prevencion-de-actos-de-violencia-domestica-y-genero\\\/#breadcrumblist\",\"itemListElement\":[{\"@type\":\"ListItem\",\"@id\":\"https:\\\/\\\/www.ejercito.mil.uy#listItem\",\"position\":1,\"name\":\"Home\",\"item\":\"https:\\\/\\\/www.ejercito.mil.uy\",\"nextItem\":{\"@type\":\"ListItem\",\"@id\":\"https:\\\/\\\/www.ejercito.mil.uy\\\/index.php\\\/category\\\/destacados\\\/#listItem\",\"name\":\"Destacados\"}},{\"@type\":\"ListItem\",\"@id\":\"https:\\\/\\\/www.ejercito.mil.uy\\\/index.php\\\/category\\\/destacados\\\/#listItem\",\"position\":2,\"name\":\"Destacados\",\"item\":\"https:\\\/\\\/www.ejercito.mil.uy\\\/index.php\\\/category\\\/destacados\\\/\",\"nextItem\":{\"@type\":\"ListItem\",\"@id\":\"https:\\\/\\\/www.ejercito.mil.uy\\\/index.php\\\/category\\\/destacados\\\/noticias\\\/#listItem\",\"name\":\"Noticias\"},\"previousItem\":{\"@type\":\"ListItem\",\"@id\":\"https:\\\/\\\/www.ejercito.mil.uy#listItem\",\"name\":\"Home\"}},{\"@type\":\"ListItem\",\"@id\":\"https:\\\/\\\/www.ejercito.mil.uy\\\/index.php\\\/category\\\/destacados\\\/noticias\\\/#listItem\",\"position\":3,\"name\":\"Noticias\",\"item\":\"https:\\\/\\\/www.ejercito.mil.uy\\\/index.php\\\/category\\\/destacados\\\/noticias\\\/\",\"nextItem\":{\"@type\":\"ListItem\",\"@id\":\"https:\\\/\\\/www.ejercito.mil.uy\\\/index.php\\\/2021\\\/09\\\/08\\\/conferencias-sobre-prevencion-de-actos-de-violencia-domestica-y-genero\\\/#listItem\",\"name\":\"Conferencias sobre \\u201cPrevenci\\u00f3n de actos de violencia dom\\u00e9stica y g\\u00e9nero\\u201d\"},\"previousItem\":{\"@type\":\"ListItem\",\"@id\":\"https:\\\/\\\/www.ejercito.mil.uy\\\/index.php\\\/category\\\/destacados\\\/#listItem\",\"name\":\"Destacados\"}},{\"@type\":\"ListItem\",\"@id\":\"https:\\\/\\\/www.ejercito.mil.uy\\\/index.php\\\/2021\\\/09\\\/08\\\/conferencias-sobre-prevencion-de-actos-de-violencia-domestica-y-genero\\\/#listItem\",\"position\":4,\"name\":\"Conferencias sobre \\u201cPrevenci\\u00f3n de actos de violencia dom\\u00e9stica y g\\u00e9nero\\u201d\",\"previousItem\":{\"@type\":\"ListItem\",\"@id\":\"https:\\\/\\\/www.ejercito.mil.uy\\\/index.php\\\/category\\\/destacados\\\/noticias\\\/#listItem\",\"name\":\"Noticias\"}}]},{\"@type\":\"Organization\",\"@id\":\"https:\\\/\\\/www.ejercito.mil.uy\\\/#organization\",\"name\":\"Ej\\u00e9rcito Nacional\",\"description\":\"La Fuerza de todos\",\"url\":\"https:\\\/\\\/www.ejercito.mil.uy\\\/\",\"logo\":{\"@type\":\"ImageObject\",\"url\":\"https:\\\/\\\/www.ejercito.mil.uy\\\/wp-content\\\/uploads\\\/2022\\\/01\\\/Escudo_EN_URUGUAY.png\",\"@id\":\"https:\\\/\\\/www.ejercito.mil.uy\\\/index.php\\\/2021\\\/09\\\/08\\\/conferencias-sobre-prevencion-de-actos-de-violencia-domestica-y-genero\\\/#organizationLogo\",\"width\":134,\"height\":119},\"image\":{\"@id\":\"https:\\\/\\\/www.ejercito.mil.uy\\\/index.php\\\/2021\\\/09\\\/08\\\/conferencias-sobre-prevencion-de-actos-de-violencia-domestica-y-genero\\\/#organizationLogo\"}},{\"@type\":\"Person\",\"@id\":\"https:\\\/\\\/www.ejercito.mil.uy\\\/index.php\\\/author\\\/acastro\\\/#author\",\"url\":\"https:\\\/\\\/www.ejercito.mil.uy\\\/index.php\\\/author\\\/acastro\\\/\",\"name\":\"Alejandro Castro\",\"image\":{\"@type\":\"ImageObject\",\"@id\":\"https:\\\/\\\/www.ejercito.mil.uy\\\/index.php\\\/2021\\\/09\\\/08\\\/conferencias-sobre-prevencion-de-actos-de-violencia-domestica-y-genero\\\/#authorImage\",\"url\":\"https:\\\/\\\/secure.gravatar.com\\\/avatar\\\/89bb77d4bf696501dd94ca89e6794e1787eaffba7c7197528d249e15bd099f68?s=96&d=mm&r=g\",\"width\":96,\"height\":96,\"caption\":\"Alejandro Castro\"}},{\"@type\":\"WebPage\",\"@id\":\"https:\\\/\\\/www.ejercito.mil.uy\\\/index.php\\\/2021\\\/09\\\/08\\\/conferencias-sobre-prevencion-de-actos-de-violencia-domestica-y-genero\\\/#webpage\",\"url\":\"https:\\\/\\\/www.ejercito.mil.uy\\\/index.php\\\/2021\\\/09\\\/08\\\/conferencias-sobre-prevencion-de-actos-de-violencia-domestica-y-genero\\\/\",\"name\":\"Conferencias sobre \\u201cPrevenci\\u00f3n de actos de violencia dom\\u00e9stica y g\\u00e9nero\\u201d - Ej\\u00e9rcito Nacional\",\"description\":\"08.09.2021 - En varias Unidades del Ej\\u00e9rcito, se desarrollaron conferencias sobre \\u201cPrevenci\\u00f3n de actos de violencia dom\\u00e9stica y g\\u00e9nero\\u201d y \\\"Salud Mental\\\".\",\"inLanguage\":\"es-UY\",\"isPartOf\":{\"@id\":\"https:\\\/\\\/www.ejercito.mil.uy\\\/#website\"},\"breadcrumb\":{\"@id\":\"https:\\\/\\\/www.ejercito.mil.uy\\\/index.php\\\/2021\\\/09\\\/08\\\/conferencias-sobre-prevencion-de-actos-de-violencia-domestica-y-genero\\\/#breadcrumblist\"},\"author\":{\"@id\":\"https:\\\/\\\/www.ejercito.mil.uy\\\/index.php\\\/author\\\/acastro\\\/#author\"},\"creator\":{\"@id\":\"https:\\\/\\\/www.ejercito.mil.uy\\\/index.php\\\/author\\\/acastro\\\/#author\"},\"image\":{\"@type\":\"ImageObject\",\"url\":\"https:\\\/\\\/www.ejercito.mil.uy\\\/wp-content\\\/uploads\\\/2021\\\/09\\\/bienestar.jpg\",\"@id\":\"https:\\\/\\\/www.ejercito.mil.uy\\\/index.php\\\/2021\\\/09\\\/08\\\/conferencias-sobre-prevencion-de-actos-de-violencia-domestica-y-genero\\\/#mainImage\",\"width\":1200,\"height\":800,\"caption\":\"Bienestar\"},\"primaryImageOfPage\":{\"@id\":\"https:\\\/\\\/www.ejercito.mil.uy\\\/index.php\\\/2021\\\/09\\\/08\\\/conferencias-sobre-prevencion-de-actos-de-violencia-domestica-y-genero\\\/#mainImage\"},\"datePublished\":\"2021-09-08T12:00:18-03:00\",\"dateModified\":\"2021-09-10T14:45:36-03:00\"},{\"@type\":\"WebSite\",\"@id\":\"https:\\\/\\\/www.ejercito.mil.uy\\\/#website\",\"url\":\"https:\\\/\\\/www.ejercito.mil.uy\\\/\",\"name\":\"Ej\\u00e9rcito Nacional\",\"description\":\"La Fuerza de todos\",\"inLanguage\":\"es-UY\",\"publisher\":{\"@id\":\"https:\\\/\\\/www.ejercito.mil.uy\\\/#organization\"}}]}\n\t\t<\/script>\n\t\t<!-- All in One SEO -->\n\n","aioseo_head_json":{"title":"Conferencias sobre \u201cPrevenci\u00f3n de actos de violencia dom\u00e9stica y g\u00e9nero\u201d - Ej\u00e9rcito Nacional","description":"08.09.2021 - En varias Unidades del Ej\u00e9rcito, se desarrollaron conferencias sobre \u201cPrevenci\u00f3n de actos de violencia dom\u00e9stica y g\u00e9nero\u201d y \"Salud Mental\".","canonical_url":"https:\/\/www.ejercito.mil.uy\/index.php\/2021\/09\/08\/conferencias-sobre-prevencion-de-actos-de-violencia-domestica-y-genero\/","robots":"max-image-preview:large","keywords":"","webmasterTools":{"miscellaneous":""},"schema":{"@context":"https:\/\/schema.org","@graph":[{"@type":"BlogPosting","@id":"https:\/\/www.ejercito.mil.uy\/index.php\/2021\/09\/08\/conferencias-sobre-prevencion-de-actos-de-violencia-domestica-y-genero\/#blogposting","name":"Conferencias sobre \u201cPrevenci\u00f3n de actos de violencia dom\u00e9stica y g\u00e9nero\u201d - Ej\u00e9rcito Nacional","headline":"Conferencias sobre \u201cPrevenci\u00f3n de actos de violencia dom\u00e9stica y g\u00e9nero\u201d","author":{"@id":"https:\/\/www.ejercito.mil.uy\/index.php\/author\/acastro\/#author"},"publisher":{"@id":"https:\/\/www.ejercito.mil.uy\/#organization"},"image":{"@type":"ImageObject","url":"https:\/\/www.ejercito.mil.uy\/wp-content\/uploads\/2021\/09\/bienestar.jpg","width":1200,"height":800,"caption":"Bienestar"},"datePublished":"2021-09-08T12:00:18-03:00","dateModified":"2021-09-10T14:45:36-03:00","inLanguage":"es-UY","mainEntityOfPage":{"@id":"https:\/\/www.ejercito.mil.uy\/index.php\/2021\/09\/08\/conferencias-sobre-prevencion-de-actos-de-violencia-domestica-y-genero\/#webpage"},"isPartOf":{"@id":"https:\/\/www.ejercito.mil.uy\/index.php\/2021\/09\/08\/conferencias-sobre-prevencion-de-actos-de-violencia-domestica-y-genero\/#webpage"},"articleSection":"Blog, Noticias, apoyo, bienestar, comunidad, Misiones Operativas de Paz, social, sociedad"},{"@type":"BreadcrumbList","@id":"https:\/\/www.ejercito.mil.uy\/index.php\/2021\/09\/08\/conferencias-sobre-prevencion-de-actos-de-violencia-domestica-y-genero\/#breadcrumblist","itemListElement":[{"@type":"ListItem","@id":"https:\/\/www.ejercito.mil.uy#listItem","position":1,"name":"Home","item":"https:\/\/www.ejercito.mil.uy","nextItem":{"@type":"ListItem","@id":"https:\/\/www.ejercito.mil.uy\/index.php\/category\/destacados\/#listItem","name":"Destacados"}},{"@type":"ListItem","@id":"https:\/\/www.ejercito.mil.uy\/index.php\/category\/destacados\/#listItem","position":2,"name":"Destacados","item":"https:\/\/www.ejercito.mil.uy\/index.php\/category\/destacados\/","nextItem":{"@type":"ListItem","@id":"https:\/\/www.ejercito.mil.uy\/index.php\/category\/destacados\/noticias\/#listItem","name":"Noticias"},"previousItem":{"@type":"ListItem","@id":"https:\/\/www.ejercito.mil.uy#listItem","name":"Home"}},{"@type":"ListItem","@id":"https:\/\/www.ejercito.mil.uy\/index.php\/category\/destacados\/noticias\/#listItem","position":3,"name":"Noticias","item":"https:\/\/www.ejercito.mil.uy\/index.php\/category\/destacados\/noticias\/","nextItem":{"@type":"ListItem","@id":"https:\/\/www.ejercito.mil.uy\/index.php\/2021\/09\/08\/conferencias-sobre-prevencion-de-actos-de-violencia-domestica-y-genero\/#listItem","name":"Conferencias sobre \u201cPrevenci\u00f3n de actos de violencia dom\u00e9stica y g\u00e9nero\u201d"},"previousItem":{"@type":"ListItem","@id":"https:\/\/www.ejercito.mil.uy\/index.php\/category\/destacados\/#listItem","name":"Destacados"}},{"@type":"ListItem","@id":"https:\/\/www.ejercito.mil.uy\/index.php\/2021\/09\/08\/conferencias-sobre-prevencion-de-actos-de-violencia-domestica-y-genero\/#listItem","position":4,"name":"Conferencias sobre \u201cPrevenci\u00f3n de actos de violencia dom\u00e9stica y g\u00e9nero\u201d","previousItem":{"@type":"ListItem","@id":"https:\/\/www.ejercito.mil.uy\/index.php\/category\/destacados\/noticias\/#listItem","name":"Noticias"}}]},{"@type":"Organization","@id":"https:\/\/www.ejercito.mil.uy\/#organization","name":"Ej\u00e9rcito Nacional","description":"La Fuerza de todos","url":"https:\/\/www.ejercito.mil.uy\/","logo":{"@type":"ImageObject","url":"https:\/\/www.ejercito.mil.uy\/wp-content\/uploads\/2022\/01\/Escudo_EN_URUGUAY.png","@id":"https:\/\/www.ejercito.mil.uy\/index.php\/2021\/09\/08\/conferencias-sobre-prevencion-de-actos-de-violencia-domestica-y-genero\/#organizationLogo","width":134,"height":119},"image":{"@id":"https:\/\/www.ejercito.mil.uy\/index.php\/2021\/09\/08\/conferencias-sobre-prevencion-de-actos-de-violencia-domestica-y-genero\/#organizationLogo"}},{"@type":"Person","@id":"https:\/\/www.ejercito.mil.uy\/index.php\/author\/acastro\/#author","url":"https:\/\/www.ejercito.mil.uy\/index.php\/author\/acastro\/","name":"Alejandro Castro","image":{"@type":"ImageObject","@id":"https:\/\/www.ejercito.mil.uy\/index.php\/2021\/09\/08\/conferencias-sobre-prevencion-de-actos-de-violencia-domestica-y-genero\/#authorImage","url":"https:\/\/secure.gravatar.com\/avatar\/89bb77d4bf696501dd94ca89e6794e1787eaffba7c7197528d249e15bd099f68?s=96&d=mm&r=g","width":96,"height":96,"caption":"Alejandro Castro"}},{"@type":"WebPage","@id":"https:\/\/www.ejercito.mil.uy\/index.php\/2021\/09\/08\/conferencias-sobre-prevencion-de-actos-de-violencia-domestica-y-genero\/#webpage","url":"https:\/\/www.ejercito.mil.uy\/index.php\/2021\/09\/08\/conferencias-sobre-prevencion-de-actos-de-violencia-domestica-y-genero\/","name":"Conferencias sobre \u201cPrevenci\u00f3n de actos de violencia dom\u00e9stica y g\u00e9nero\u201d - Ej\u00e9rcito Nacional","description":"08.09.2021 - En varias Unidades del Ej\u00e9rcito, se desarrollaron conferencias sobre \u201cPrevenci\u00f3n de actos de violencia dom\u00e9stica y g\u00e9nero\u201d y \"Salud Mental\".","inLanguage":"es-UY","isPartOf":{"@id":"https:\/\/www.ejercito.mil.uy\/#website"},"breadcrumb":{"@id":"https:\/\/www.ejercito.mil.uy\/index.php\/2021\/09\/08\/conferencias-sobre-prevencion-de-actos-de-violencia-domestica-y-genero\/#breadcrumblist"},"author":{"@id":"https:\/\/www.ejercito.mil.uy\/index.php\/author\/acastro\/#author"},"creator":{"@id":"https:\/\/www.ejercito.mil.uy\/index.php\/author\/acastro\/#author"},"image":{"@type":"ImageObject","url":"https:\/\/www.ejercito.mil.uy\/wp-content\/uploads\/2021\/09\/bienestar.jpg","@id":"https:\/\/www.ejercito.mil.uy\/index.php\/2021\/09\/08\/conferencias-sobre-prevencion-de-actos-de-violencia-domestica-y-genero\/#mainImage","width":1200,"height":800,"caption":"Bienestar"},"primaryImageOfPage":{"@id":"https:\/\/www.ejercito.mil.uy\/index.php\/2021\/09\/08\/conferencias-sobre-prevencion-de-actos-de-violencia-domestica-y-genero\/#mainImage"},"datePublished":"2021-09-08T12:00:18-03:00","dateModified":"2021-09-10T14:45:36-03:00"},{"@type":"WebSite","@id":"https:\/\/www.ejercito.mil.uy\/#website","url":"https:\/\/www.ejercito.mil.uy\/","name":"Ej\u00e9rcito Nacional","description":"La Fuerza de todos","inLanguage":"es-UY","publisher":{"@id":"https:\/\/www.ejercito.mil.uy\/#organization"}}]},"og:locale":"es_ES","og:site_name":"Ej\u00e9rcito Nacional - La Fuerza de todos","og:type":"article","og:title":"Conferencias sobre \u201cPrevenci\u00f3n de actos de violencia dom\u00e9stica y g\u00e9nero\u201d - Ej\u00e9rcito Nacional","og:description":"08.09.2021 - En varias Unidades del Ej\u00e9rcito, se desarrollaron conferencias sobre \u201cPrevenci\u00f3n de actos de violencia dom\u00e9stica y g\u00e9nero\u201d y &quot;Salud Mental&quot;.","og:url":"https:\/\/www.ejercito.mil.uy\/index.php\/2021\/09\/08\/conferencias-sobre-prevencion-de-actos-de-violencia-domestica-y-genero\/","og:image":"https:\/\/www.ejercito.mil.uy\/wp-content\/uploads\/2022\/01\/Escudo_EN_URUGUAY.png","og:image:secure_url":"https:\/\/www.ejercito.mil.uy\/wp-content\/uploads\/2022\/01\/Escudo_EN_URUGUAY.png","og:image:width":134,"og:image:height":119,"article:published_time":"2021-09-08T15:00:18+00:00","article:modified_time":"2021-09-10T17:45:36+00:00","twitter:card":"summary_large_image","twitter:title":"Conferencias sobre \u201cPrevenci\u00f3n de actos de violencia dom\u00e9stica y g\u00e9nero\u201d - Ej\u00e9rcito Nacional","twitter:description":"08.09.2021 - En varias Unidades del Ej\u00e9rcito, se desarrollaron conferencias sobre \u201cPrevenci\u00f3n de actos de violencia dom\u00e9stica y g\u00e9nero\u201d y &quot;Salud Mental&quot;.","twitter:image":"https:\/\/www.ejercito.mil.uy\/wp-content\/uploads\/2022\/01\/Escudo_EN_URUGUAY.png"},"aioseo_meta_data":{"post_id":"6082","title":null,"description":null,"keywords":null,"keyphrases":null,"primary_term":null,"canonical_url":null,"og_title":null,"og_description":null,"og_object_type":"default","og_image_type":"default","og_image_url":null,"og_image_width":null,"og_image_height":null,"og_image_custom_url":null,"og_image_custom_fields":null,"og_video":null,"og_custom_url":null,"og_article_section":null,"og_article_tags":null,"twitter_use_og":false,"twitter_card":"default","twitter_image_type":"default","twitter_image_url":null,"twitter_image_custom_url":null,"twitter_image_custom_fields":null,"twitter_title":null,"twitter_description":null,"schema":{"blockGraphs":[],"customGraphs":[],"default":{"data":{"Article":[],"Course":[],"Dataset":[],"FAQPage":[],"Movie":[],"Person":[],"Product":[],"ProductReview":[],"Car":[],"Recipe":[],"Service":[],"SoftwareApplication":[],"WebPage":[]},"graphName":"","isEnabled":true},"graphs":[]},"schema_type":"default","schema_type_options":null,"pillar_content":false,"robots_default":true,"robots_noindex":false,"robots_noarchive":false,"robots_nosnippet":false,"robots_nofollow":false,"robots_noimageindex":false,"robots_noodp":false,"robots_notranslate":false,"robots_max_snippet":null,"robots_max_videopreview":null,"robots_max_imagepreview":"large","priority":null,"frequency":null,"local_seo":null,"breadcrumb_settings":null,"limit_modified_date":false,"ai":null,"created":"2025-08-30 02:13:35","updated":"2025-08-30 02:13:35","seo_analyzer_scan_date":null,"focus_keyword":null,"additional_keywords":null,"truseo_locale":null},"aioseo_breadcrumb":"<div class=\"aioseo-breadcrumbs\"><span class=\"aioseo-breadcrumb\">\n\t\t\t<a href=\"https:\/\/www.ejercito.mil.uy\" title=\"Home\">Home<\/a>\n\t\t<\/span><span class=\"aioseo-breadcrumb-separator\">&raquo;<\/span><span class=\"aioseo-breadcrumb\">\n\t\t\t<a href=\"https:\/\/www.ejercito.mil.uy\/index.php\/category\/destacados\/\" title=\"Destacados\">Destacados<\/a>\n\t\t<\/span><span class=\"aioseo-breadcrumb-separator\">&raquo;<\/span><span class=\"aioseo-breadcrumb\">\n\t\t\t<a href=\"https:\/\/www.ejercito.mil.uy\/index.php\/category\/destacados\/noticias\/\" title=\"Noticias\">Noticias<\/a>\n\t\t<\/span><span class=\"aioseo-breadcrumb-separator\">&raquo;<\/span><span class=\"aioseo-breadcrumb\">\n\t\t\tConferencias sobre \u201cPrevenci\u00f3n de actos de violencia dom\u00e9stica y g\u00e9nero\u201d\n\t\t<\/span><\/div>","aioseo_breadcrumb_json":[{"label":"Home","link":"https:\/\/www.ejercito.mil.uy"},{"label":"Destacados","link":"https:\/\/www.ejercito.mil.uy\/index.php\/category\/destacados\/"},{"label":"Noticias","link":"https:\/\/www.ejercito.mil.uy\/index.php\/category\/destacados\/noticias\/"},{"label":"Conferencias sobre \u201cPrevenci\u00f3n de actos de violencia dom\u00e9stica y g\u00e9nero\u201d","link":"https:\/\/www.ejercito.mil.uy\/index.php\/2021\/09\/08\/conferencias-sobre-prevencion-de-actos-de-violencia-domestica-y-genero\/"}],"_links":{"self":[{"href":"https:\/\/www.ejercito.mil.uy\/index.php\/wp-json\/wp\/v2\/posts\/6082","targetHints":{"allow":["GET"]}}],"collection":[{"href":"https:\/\/www.ejercito.mil.uy\/index.php\/wp-json\/wp\/v2\/posts"}],"about":[{"href":"https:\/\/www.ejercito.mil.uy\/index.php\/wp-json\/wp\/v2\/types\/post"}],"author":[{"embeddable":true,"href":"https:\/\/www.ejercito.mil.uy\/index.php\/wp-json\/wp\/v2\/users\/4"}],"replies":[{"embeddable":true,"href":"https:\/\/www.ejercito.mil.uy\/index.php\/wp-json\/wp\/v2\/comments?post=6082"}],"version-history":[{"count":5,"href":"https:\/\/www.ejercito.mil.uy\/index.php\/wp-json\/wp\/v2\/posts\/6082\/revisions"}],"predecessor-version":[{"id":6093,"href":"https:\/\/www.ejercito.mil.uy\/index.php\/wp-json\/wp\/v2\/posts\/6082\/revisions\/6093"}],"wp:featuredmedia":[{"embeddable":true,"href":"https:\/\/www.ejercito.mil.uy\/index.php\/wp-json\/wp\/v2\/media\/6084"}],"wp:attachment":[{"href":"https:\/\/www.ejercito.mil.uy\/index.php\/wp-json\/wp\/v2\/media?parent=6082"}],"wp:term":[{"taxonomy":"category","embeddable":true,"href":"https:\/\/www.ejercito.mil.uy\/index.php\/wp-json\/wp\/v2\/categories?post=6082"},{"taxonomy":"post_tag","embeddable":true,"href":"https:\/\/www.ejercito.mil.uy\/index.php\/wp-json\/wp\/v2\/tags?post=6082"}],"curies":[{"name":"wp","href":"https:\/\/api.w.org\/{rel}","templated":true}]}}