{"id":6094,"date":"2021-09-07T19:00:49","date_gmt":"2021-09-07T22:00:49","guid":{"rendered":"https:\/\/www.ejercito.mil.uy\/?p=6094"},"modified":"2021-09-15T08:37:24","modified_gmt":"2021-09-15T11:37:24","slug":"instruccion-y-entrenamiento-de-la-compania-de-fusileros-mecanizada-bravo","status":"publish","type":"post","link":"https:\/\/www.ejercito.mil.uy\/index.php\/2021\/09\/07\/instruccion-y-entrenamiento-de-la-compania-de-fusileros-mecanizada-bravo\/","title":{"rendered":"Instrucci\u00f3n y entrenamiento de la Compa\u00f1\u00eda de Fusileros Motorizada \u00abBravo\u00bb"},"content":{"rendered":"\n<p style=\"font-size:14px\">07.09.2021 &#8211; Trinidad, Flores<\/p>\n\n\n\n<div style=\"height:33px\" aria-hidden=\"true\" class=\"wp-block-spacer\"><\/div>\n\n\n\n<p>Durante cinco semanas, se concentraron en la sede del <a rel=\"noreferrer noopener\" style=\"\" href=\"https:\/\/www.facebook.com\/GrupoArtilleria2\/?__cft__[0]=AZV9GDhIiXQbaglchZ7bhKpZciva2JiIKcw3vGWOEfVId5_Iq_9yH0jE9HdxJn3xpFTafN8IEBamAwv5dk-dvY-RNyq-rSh7Fqp79KygHvAaNwmkVyPY_kNAk_XKTto8PWScNp3wEUSZbMN12KLEqOq7&amp;__tn__=kK-R\" target=\"_blank\"><b>Grupo \u00ab<\/b><\/a><strong><a rel=\"noreferrer noopener\" href=\"https:\/\/www.facebook.com\/GrupoArtilleria2\/?__cft__[0]=AZV9GDhIiXQbaglchZ7bhKpZciva2JiIKcw3vGWOEfVId5_Iq_9yH0jE9HdxJn3xpFTafN8IEBamAwv5dk-dvY-RNyq-rSh7Fqp79KygHvAaNwmkVyPY_kNAk_XKTto8PWScNp3wEUSZbMN12KLEqOq7&amp;__tn__=kK-R\" target=\"_blank\">\u00c9xodo del Pueblo Oriental\u00bb de Artiller\u00eda AP 122mm N\u00ba 2<\/a><\/strong>, 110 efectivos pertenecientes a la Divisi\u00f3n de Ej\u00e9rcito II (DEII), que integran la Compa\u00f1\u00eda de Fusileros Motorizada \u00abBravo\u00bb, pr\u00f3xima a desplegarse en la Rep\u00fablica Democr\u00e1tica del Congo, bajo el mandato de la MONUSCO.<\/p>\n\n\n\n<div style=\"height:33px\" aria-hidden=\"true\" class=\"wp-block-spacer\"><\/div>\n\n\n\n<p>Realizaron distintas actividades de instrucci\u00f3n y entrenamiento, tales como: clase de protecci\u00f3n de ni\u00f1os en el \u00e1rea de Misi\u00f3n, embarque y desembarque de veh\u00edculos, se\u00f1ales de brazo y mano, construcci\u00f3n de posici\u00f3n individual de combate, t\u00e9cnicas de acci\u00f3n inmediata, primeros auxilios, arme y desarme de armamento, orientaci\u00f3n y lectura de cartas, manejo del GPS, c\u00f3mo ocupar una zona de reuni\u00f3n, organizar y conducir una patrulla, orden de operaciones por marcha administrativa y puestos de control de ruta, tiro con distintos armamentos, confecci\u00f3n de base de acantonamiento, escolta de convoyes, escolta VIP, entre otras.<\/p>\n\n\n\n<div style=\"height:44px\" aria-hidden=\"true\" class=\"wp-block-spacer\"><\/div>\n\n\n\n<div class=\"wp-block-coblocks-gallery-carousel\"><div class=\"is-cropped coblocks-gallery has-no-alignment has-caption-style-dark has-horizontal-gutter has-lightbox\"><div class=\"has-carousel has-carousel-lrg\" style=\"height:400px\" data-flickity=\"{&quot;autoPlay&quot;:5000,&quot;draggable&quot;:true,&quot;pageDots&quot;:false,&quot;prevNextButtons&quot;:true,&quot;wrapAround&quot;:true,&quot;cellAlign&quot;:&quot;center&quot;,&quot;pauseAutoPlayOnHover&quot;:true,&quot;freeScroll&quot;:true,&quot;arrowShape&quot;:{&quot;x0&quot;:10,&quot;x1&quot;:60,&quot;y1&quot;:50,&quot;x2&quot;:65,&quot;y2&quot;:45,&quot;x3&quot;:20},&quot;thumbnails&quot;:false,&quot;responsiveHeight&quot;:false}\"><div class=\"coblocks-gallery--item\"><figure class=\"coblocks-gallery--figure has-margin-left-10 has-margin-left-mobile-5 has-margin-right-10 has-margin-right-mobile-5\"><img fetchpriority=\"high\" decoding=\"async\" width=\"1024\" height=\"683\" src=\"https:\/\/www.ejercito.mil.uy\/wp-content\/uploads\/2021\/09\/entrenamiento-5-1024x683.jpg\" alt=\"\" data-id=\"6100\" data-link=\"https:\/\/www.ejercito.mil.uy\/?attachment_id=6100\" class=\"wp-image-6100\" srcset=\"https:\/\/www.ejercito.mil.uy\/wp-content\/uploads\/2021\/09\/entrenamiento-5-1024x683.jpg 1024w, https:\/\/www.ejercito.mil.uy\/wp-content\/uploads\/2021\/09\/entrenamiento-5-300x200.jpg 300w, https:\/\/www.ejercito.mil.uy\/wp-content\/uploads\/2021\/09\/entrenamiento-5.jpg 1200w\" sizes=\"(max-width: 1024px) 100vw, 1024px\" \/><\/figure><\/div><div class=\"coblocks-gallery--item\"><figure class=\"coblocks-gallery--figure has-margin-left-10 has-margin-left-mobile-5 has-margin-right-10 has-margin-right-mobile-5\"><img decoding=\"async\" width=\"1024\" height=\"683\" src=\"https:\/\/www.ejercito.mil.uy\/wp-content\/uploads\/2021\/09\/entrenamiento-3-1024x683.jpg\" alt=\"\" data-id=\"6098\" data-link=\"https:\/\/www.ejercito.mil.uy\/?attachment_id=6098\" class=\"wp-image-6098\" srcset=\"https:\/\/www.ejercito.mil.uy\/wp-content\/uploads\/2021\/09\/entrenamiento-3-1024x683.jpg 1024w, https:\/\/www.ejercito.mil.uy\/wp-content\/uploads\/2021\/09\/entrenamiento-3-300x200.jpg 300w, https:\/\/www.ejercito.mil.uy\/wp-content\/uploads\/2021\/09\/entrenamiento-3.jpg 1200w\" sizes=\"(max-width: 1024px) 100vw, 1024px\" \/><\/figure><\/div><div class=\"coblocks-gallery--item\"><figure class=\"coblocks-gallery--figure has-margin-left-10 has-margin-left-mobile-5 has-margin-right-10 has-margin-right-mobile-5\"><img decoding=\"async\" width=\"1024\" height=\"683\" src=\"https:\/\/www.ejercito.mil.uy\/wp-content\/uploads\/2021\/09\/entrenamiento-4-1024x683.jpg\" alt=\"\" data-id=\"6099\" data-link=\"https:\/\/www.ejercito.mil.uy\/?attachment_id=6099\" class=\"wp-image-6099\" srcset=\"https:\/\/www.ejercito.mil.uy\/wp-content\/uploads\/2021\/09\/entrenamiento-4-1024x683.jpg 1024w, https:\/\/www.ejercito.mil.uy\/wp-content\/uploads\/2021\/09\/entrenamiento-4-300x200.jpg 300w, https:\/\/www.ejercito.mil.uy\/wp-content\/uploads\/2021\/09\/entrenamiento-4.jpg 1200w\" sizes=\"(max-width: 1024px) 100vw, 1024px\" \/><\/figure><\/div><div class=\"coblocks-gallery--item\"><figure class=\"coblocks-gallery--figure has-margin-left-10 has-margin-left-mobile-5 has-margin-right-10 has-margin-right-mobile-5\"><img loading=\"lazy\" decoding=\"async\" width=\"1024\" height=\"683\" src=\"https:\/\/www.ejercito.mil.uy\/wp-content\/uploads\/2021\/09\/entrenamiento-2-1024x683.jpg\" alt=\"\" data-id=\"6097\" data-link=\"https:\/\/www.ejercito.mil.uy\/?attachment_id=6097\" class=\"wp-image-6097\" srcset=\"https:\/\/www.ejercito.mil.uy\/wp-content\/uploads\/2021\/09\/entrenamiento-2-1024x683.jpg 1024w, https:\/\/www.ejercito.mil.uy\/wp-content\/uploads\/2021\/09\/entrenamiento-2-300x200.jpg 300w, https:\/\/www.ejercito.mil.uy\/wp-content\/uploads\/2021\/09\/entrenamiento-2.jpg 1200w\" sizes=\"(max-width: 1024px) 100vw, 1024px\" \/><\/figure><\/div><div class=\"coblocks-gallery--item\"><figure class=\"coblocks-gallery--figure has-margin-left-10 has-margin-left-mobile-5 has-margin-right-10 has-margin-right-mobile-5\"><img loading=\"lazy\" decoding=\"async\" width=\"1024\" height=\"683\" src=\"https:\/\/www.ejercito.mil.uy\/wp-content\/uploads\/2021\/09\/entrenamiento-1-1024x683.jpg\" alt=\"\" data-id=\"6096\" data-link=\"https:\/\/www.ejercito.mil.uy\/?attachment_id=6096\" class=\"wp-image-6096\" srcset=\"https:\/\/www.ejercito.mil.uy\/wp-content\/uploads\/2021\/09\/entrenamiento-1-1024x683.jpg 1024w, https:\/\/www.ejercito.mil.uy\/wp-content\/uploads\/2021\/09\/entrenamiento-1-300x200.jpg 300w, https:\/\/www.ejercito.mil.uy\/wp-content\/uploads\/2021\/09\/entrenamiento-1.jpg 1200w\" sizes=\"(max-width: 1024px) 100vw, 1024px\" \/><\/figure><\/div><\/div><\/div><\/div>\n\n\n\n<div style=\"height:44px\" aria-hidden=\"true\" class=\"wp-block-spacer\"><\/div>\n\n\n\n<p>El ejercicio final cont\u00f3 con el apoyo de la <a href=\"https:\/\/www.facebook.com\/fau.mil.uy\/?__cft__[0]=AZV9GDhIiXQbaglchZ7bhKpZciva2JiIKcw3vGWOEfVId5_Iq_9yH0jE9HdxJn3xpFTafN8IEBamAwv5dk-dvY-RNyq-rSh7Fqp79KygHvAaNwmkVyPY_kNAk_XKTto8PWScNp3wEUSZbMN12KLEqOq7&amp;__tn__=kK-R\" target=\"_blank\" rel=\"noreferrer noopener\"><strong>Fuerza A\u00e9rea Uruguaya<\/strong><\/a>, en el cual se simul\u00f3 la llegada en helic\u00f3ptero de una persona VIP, el personal realiz\u00f3 la escolta convoy pasando por una base de acantonamiento, luego relevaron la seguridad del mismo, hasta llegar al Cuartel General. En el desarrollo de la actividad, se suscitaron disturbios civiles, por esta raz\u00f3n, se actu\u00f3 con una secci\u00f3n de protecci\u00f3n a la fuerza, logrando entregar el VIP en condiciones. Adem\u00e1s, los efectivos ensayaron el armado de un helipuerto improvisado en el \u00e1rea de misi\u00f3n.<\/p>\n\n\n\n<div style=\"height:33px\" aria-hidden=\"true\" class=\"wp-block-spacer\"><\/div>\n\n\n\n<p>Al finalizar la concentraci\u00f3n, el Teniente Ejecutivo de la Compa\u00f1\u00eda, <strong>Tte. 2\u00b0 Math\u00edas Menese<\/strong>, recibi\u00f3 por parte del Sr. Comandante de la DEII, <strong>Gral. Omar Carabajal<\/strong>, el gallardete que la identificar\u00e1 durante su despliegue en el \u00c1rea de Misi\u00f3n.<\/p>\n\n\n\n<div style=\"height:22px\" aria-hidden=\"true\" class=\"wp-block-spacer\"><\/div>\n\n\n\n<div class=\"wp-block-coblocks-gallery-carousel\"><div class=\"is-cropped coblocks-gallery has-no-alignment has-caption-style-dark has-horizontal-gutter has-lightbox\"><div class=\"has-carousel has-carousel-lrg\" style=\"height:400px\" data-flickity=\"{&quot;autoPlay&quot;:5000,&quot;draggable&quot;:true,&quot;pageDots&quot;:false,&quot;prevNextButtons&quot;:true,&quot;wrapAround&quot;:true,&quot;cellAlign&quot;:&quot;center&quot;,&quot;pauseAutoPlayOnHover&quot;:true,&quot;freeScroll&quot;:true,&quot;arrowShape&quot;:{&quot;x0&quot;:10,&quot;x1&quot;:60,&quot;y1&quot;:50,&quot;x2&quot;:65,&quot;y2&quot;:45,&quot;x3&quot;:20},&quot;thumbnails&quot;:false,&quot;responsiveHeight&quot;:false}\"><div class=\"coblocks-gallery--item\"><figure class=\"coblocks-gallery--figure has-margin-left-10 has-margin-left-mobile-5 has-margin-right-10 has-margin-right-mobile-5\"><img loading=\"lazy\" decoding=\"async\" width=\"1024\" height=\"683\" src=\"https:\/\/www.ejercito.mil.uy\/wp-content\/uploads\/2021\/09\/gallardete-4-1024x683.jpg\" alt=\"\" data-id=\"6104\" data-link=\"https:\/\/www.ejercito.mil.uy\/?attachment_id=6104\" class=\"wp-image-6104\" srcset=\"https:\/\/www.ejercito.mil.uy\/wp-content\/uploads\/2021\/09\/gallardete-4-1024x683.jpg 1024w, https:\/\/www.ejercito.mil.uy\/wp-content\/uploads\/2021\/09\/gallardete-4-300x200.jpg 300w, https:\/\/www.ejercito.mil.uy\/wp-content\/uploads\/2021\/09\/gallardete-4.jpg 1200w\" sizes=\"(max-width: 1024px) 100vw, 1024px\" \/><\/figure><\/div><div class=\"coblocks-gallery--item\"><figure class=\"coblocks-gallery--figure has-margin-left-10 has-margin-left-mobile-5 has-margin-right-10 has-margin-right-mobile-5\"><img loading=\"lazy\" decoding=\"async\" width=\"1024\" height=\"683\" src=\"https:\/\/www.ejercito.mil.uy\/wp-content\/uploads\/2021\/09\/gallardete-5-1024x683.jpg\" alt=\"\" data-id=\"6105\" data-link=\"https:\/\/www.ejercito.mil.uy\/?attachment_id=6105\" class=\"wp-image-6105\" srcset=\"https:\/\/www.ejercito.mil.uy\/wp-content\/uploads\/2021\/09\/gallardete-5-1024x683.jpg 1024w, https:\/\/www.ejercito.mil.uy\/wp-content\/uploads\/2021\/09\/gallardete-5-300x200.jpg 300w, https:\/\/www.ejercito.mil.uy\/wp-content\/uploads\/2021\/09\/gallardete-5.jpg 1200w\" sizes=\"(max-width: 1024px) 100vw, 1024px\" \/><\/figure><\/div><div class=\"coblocks-gallery--item\"><figure class=\"coblocks-gallery--figure has-margin-left-10 has-margin-left-mobile-5 has-margin-right-10 has-margin-right-mobile-5\"><img loading=\"lazy\" decoding=\"async\" width=\"1024\" height=\"683\" src=\"https:\/\/www.ejercito.mil.uy\/wp-content\/uploads\/2021\/09\/gallardete-3-1024x683.jpg\" alt=\"\" data-id=\"6103\" data-link=\"https:\/\/www.ejercito.mil.uy\/?attachment_id=6103\" class=\"wp-image-6103\" srcset=\"https:\/\/www.ejercito.mil.uy\/wp-content\/uploads\/2021\/09\/gallardete-3-1024x683.jpg 1024w, https:\/\/www.ejercito.mil.uy\/wp-content\/uploads\/2021\/09\/gallardete-3-300x200.jpg 300w, https:\/\/www.ejercito.mil.uy\/wp-content\/uploads\/2021\/09\/gallardete-3.jpg 1200w\" sizes=\"(max-width: 1024px) 100vw, 1024px\" \/><\/figure><\/div><div class=\"coblocks-gallery--item\"><figure class=\"coblocks-gallery--figure has-margin-left-10 has-margin-left-mobile-5 has-margin-right-10 has-margin-right-mobile-5\"><img loading=\"lazy\" decoding=\"async\" width=\"1024\" height=\"683\" src=\"https:\/\/www.ejercito.mil.uy\/wp-content\/uploads\/2021\/09\/gallardete-1-1024x683.jpg\" alt=\"\" data-id=\"6101\" data-link=\"https:\/\/www.ejercito.mil.uy\/?attachment_id=6101\" class=\"wp-image-6101\" srcset=\"https:\/\/www.ejercito.mil.uy\/wp-content\/uploads\/2021\/09\/gallardete-1-1024x683.jpg 1024w, https:\/\/www.ejercito.mil.uy\/wp-content\/uploads\/2021\/09\/gallardete-1-300x200.jpg 300w, https:\/\/www.ejercito.mil.uy\/wp-content\/uploads\/2021\/09\/gallardete-1.jpg 1200w\" sizes=\"(max-width: 1024px) 100vw, 1024px\" \/><\/figure><\/div><div class=\"coblocks-gallery--item\"><figure class=\"coblocks-gallery--figure has-margin-left-10 has-margin-left-mobile-5 has-margin-right-10 has-margin-right-mobile-5\"><img loading=\"lazy\" decoding=\"async\" width=\"1024\" height=\"683\" src=\"https:\/\/www.ejercito.mil.uy\/wp-content\/uploads\/2021\/09\/gallardete-2-1024x683.jpg\" alt=\"\" data-id=\"6102\" data-link=\"https:\/\/www.ejercito.mil.uy\/?attachment_id=6102\" class=\"wp-image-6102\" srcset=\"https:\/\/www.ejercito.mil.uy\/wp-content\/uploads\/2021\/09\/gallardete-2-1024x683.jpg 1024w, https:\/\/www.ejercito.mil.uy\/wp-content\/uploads\/2021\/09\/gallardete-2-300x200.jpg 300w, https:\/\/www.ejercito.mil.uy\/wp-content\/uploads\/2021\/09\/gallardete-2.jpg 1200w\" sizes=\"(max-width: 1024px) 100vw, 1024px\" \/><\/figure><\/div><\/div><\/div><\/div>\n\n\n\n<div style=\"height:66px\" aria-hidden=\"true\" class=\"wp-block-spacer\"><\/div>\n","protected":false},"excerpt":{"rendered":"<p>07.09.2021 &#8211; Durante cinco semanas, se concentraron 110 efectivos que integran la Compa\u00f1\u00eda de Fusileros Mecanizada \u00abBravo\u00bb, pr\u00f3xima a desplegarse en la Rep\u00fablica Democr\u00e1tica del Congo.<\/p>\n","protected":false},"author":4,"featured_media":6096,"comment_status":"open","ping_status":"open","sticky":false,"template":"","format":"standard","meta":{"_coblocks_attr":"","_coblocks_dimensions":"","_coblocks_responsive_height":"","_coblocks_accordion_ie_support":"","_monsterinsights_skip_tracking":false,"_monsterinsights_sitenote_active":false,"_monsterinsights_sitenote_note":"","_monsterinsights_sitenote_category":0,"_uf_show_specific_survey":0,"_uf_disable_surveys":false,"footnotes":""},"categories":[2,14],"tags":[195,35,13,19,67],"class_list":["post-6094","post","type-post","status-publish","format-standard","has-post-thumbnail","hentry","category-blog","category-noticias","tag-bravo","tag-entrenamiento","tag-instruccion","tag-mop","tag-peacekeeper"],"aioseo_notices":[],"_links":{"self":[{"href":"https:\/\/www.ejercito.mil.uy\/index.php\/wp-json\/wp\/v2\/posts\/6094","targetHints":{"allow":["GET"]}}],"collection":[{"href":"https:\/\/www.ejercito.mil.uy\/index.php\/wp-json\/wp\/v2\/posts"}],"about":[{"href":"https:\/\/www.ejercito.mil.uy\/index.php\/wp-json\/wp\/v2\/types\/post"}],"author":[{"embeddable":true,"href":"https:\/\/www.ejercito.mil.uy\/index.php\/wp-json\/wp\/v2\/users\/4"}],"replies":[{"embeddable":true,"href":"https:\/\/www.ejercito.mil.uy\/index.php\/wp-json\/wp\/v2\/comments?post=6094"}],"version-history":[{"count":3,"href":"https:\/\/www.ejercito.mil.uy\/index.php\/wp-json\/wp\/v2\/posts\/6094\/revisions"}],"predecessor-version":[{"id":6353,"href":"https:\/\/www.ejercito.mil.uy\/index.php\/wp-json\/wp\/v2\/posts\/6094\/revisions\/6353"}],"wp:featuredmedia":[{"embeddable":true,"href":"https:\/\/www.ejercito.mil.uy\/index.php\/wp-json\/wp\/v2\/media\/6096"}],"wp:attachment":[{"href":"https:\/\/www.ejercito.mil.uy\/index.php\/wp-json\/wp\/v2\/media?parent=6094"}],"wp:term":[{"taxonomy":"category","embeddable":true,"href":"https:\/\/www.ejercito.mil.uy\/index.php\/wp-json\/wp\/v2\/categories?post=6094"},{"taxonomy":"post_tag","embeddable":true,"href":"https:\/\/www.ejercito.mil.uy\/index.php\/wp-json\/wp\/v2\/tags?post=6094"}],"curies":[{"name":"wp","href":"https:\/\/api.w.org\/{rel}","templated":true}]}}