{"id":6175,"date":"2021-09-02T12:00:58","date_gmt":"2021-09-02T15:00:58","guid":{"rendered":"https:\/\/www.ejercito.mil.uy\/?p=6175"},"modified":"2021-09-10T18:37:09","modified_gmt":"2021-09-10T21:37:09","slug":"instruccion-y-entrenamiento-de-la-compania-de-apoyo-logistico","status":"publish","type":"post","link":"https:\/\/www.ejercito.mil.uy\/index.php\/2021\/09\/02\/instruccion-y-entrenamiento-de-la-compania-de-apoyo-logistico\/","title":{"rendered":"Instrucci\u00f3n y entrenamiento de la Compa\u00f1\u00eda de Apoyo Log\u00edstico"},"content":{"rendered":"\n<p style=\"font-size:14px\">02.09.2021 &#8211; Montevideo<\/p>\n\n\n\n<div style=\"height:33px\" aria-hidden=\"true\" class=\"wp-block-spacer\"><\/div>\n\n\n\n<p>Del 08 de julio al 20 de agosto, la <strong>Compa\u00f1\u00eda de Apoyo Log\u00edstico<\/strong>, perteneciente al <strong>Batall\u00f3n \u201cUruguay IV\u201d (URUBATT)<\/strong>, pr\u00f3xima a desplegarse en la Rep\u00fablica Democr\u00e1tica del Congo, realiz\u00f3 la etapa de concentraci\u00f3n, instrucci\u00f3n y entrenamiento en el <strong>Comando de Apoyo Log\u00edstico del Ej\u00e9rcito<\/strong> (CALE).<\/p>\n\n\n\n<div style=\"height:33px\" aria-hidden=\"true\" class=\"wp-block-spacer\"><\/div>\n\n\n\n<div class=\"wp-block-coblocks-gallery-carousel\"><div class=\"is-cropped coblocks-gallery has-no-alignment has-caption-style-dark has-horizontal-gutter has-lightbox\"><div class=\"has-carousel has-carousel-lrg\" style=\"height:400px\" data-flickity=\"{&quot;autoPlay&quot;:5000,&quot;draggable&quot;:true,&quot;pageDots&quot;:false,&quot;prevNextButtons&quot;:true,&quot;wrapAround&quot;:true,&quot;cellAlign&quot;:&quot;center&quot;,&quot;pauseAutoPlayOnHover&quot;:true,&quot;freeScroll&quot;:true,&quot;arrowShape&quot;:{&quot;x0&quot;:10,&quot;x1&quot;:60,&quot;y1&quot;:50,&quot;x2&quot;:65,&quot;y2&quot;:45,&quot;x3&quot;:20},&quot;thumbnails&quot;:false,&quot;responsiveHeight&quot;:false}\"><div class=\"coblocks-gallery--item\"><figure class=\"coblocks-gallery--figure has-margin-left-10 has-margin-left-mobile-5 has-margin-right-10 has-margin-right-mobile-5\"><img fetchpriority=\"high\" decoding=\"async\" width=\"1024\" height=\"683\" src=\"https:\/\/www.ejercito.mil.uy\/wp-content\/uploads\/2021\/09\/Logistica-1-1024x683.jpg\" alt=\"\" data-id=\"6185\" data-link=\"https:\/\/www.ejercito.mil.uy\/?attachment_id=6185\" class=\"wp-image-6185\" srcset=\"https:\/\/www.ejercito.mil.uy\/wp-content\/uploads\/2021\/09\/Logistica-1-1024x683.jpg 1024w, https:\/\/www.ejercito.mil.uy\/wp-content\/uploads\/2021\/09\/Logistica-1-300x200.jpg 300w, https:\/\/www.ejercito.mil.uy\/wp-content\/uploads\/2021\/09\/Logistica-1.jpg 1200w\" sizes=\"(max-width: 1024px) 100vw, 1024px\" \/><\/figure><\/div><div class=\"coblocks-gallery--item\"><figure class=\"coblocks-gallery--figure has-margin-left-10 has-margin-left-mobile-5 has-margin-right-10 has-margin-right-mobile-5\"><img decoding=\"async\" width=\"1024\" height=\"683\" src=\"https:\/\/www.ejercito.mil.uy\/wp-content\/uploads\/2021\/09\/Logistica-3-1024x683.jpg\" alt=\"\" data-id=\"6186\" data-link=\"https:\/\/www.ejercito.mil.uy\/?attachment_id=6186\" class=\"wp-image-6186\" srcset=\"https:\/\/www.ejercito.mil.uy\/wp-content\/uploads\/2021\/09\/Logistica-3-1024x683.jpg 1024w, https:\/\/www.ejercito.mil.uy\/wp-content\/uploads\/2021\/09\/Logistica-3-300x200.jpg 300w, https:\/\/www.ejercito.mil.uy\/wp-content\/uploads\/2021\/09\/Logistica-3.jpg 1200w\" sizes=\"(max-width: 1024px) 100vw, 1024px\" \/><\/figure><\/div><div class=\"coblocks-gallery--item\"><figure class=\"coblocks-gallery--figure has-margin-left-10 has-margin-left-mobile-5 has-margin-right-10 has-margin-right-mobile-5\"><img decoding=\"async\" width=\"1024\" height=\"683\" src=\"https:\/\/www.ejercito.mil.uy\/wp-content\/uploads\/2021\/09\/Logistica-5-1024x683.jpg\" alt=\"\" data-id=\"6187\" data-link=\"https:\/\/www.ejercito.mil.uy\/?attachment_id=6187\" class=\"wp-image-6187\" srcset=\"https:\/\/www.ejercito.mil.uy\/wp-content\/uploads\/2021\/09\/Logistica-5-1024x683.jpg 1024w, https:\/\/www.ejercito.mil.uy\/wp-content\/uploads\/2021\/09\/Logistica-5-300x200.jpg 300w, https:\/\/www.ejercito.mil.uy\/wp-content\/uploads\/2021\/09\/Logistica-5.jpg 1200w\" sizes=\"(max-width: 1024px) 100vw, 1024px\" \/><\/figure><\/div><div class=\"coblocks-gallery--item\"><figure class=\"coblocks-gallery--figure has-margin-left-10 has-margin-left-mobile-5 has-margin-right-10 has-margin-right-mobile-5\"><img loading=\"lazy\" decoding=\"async\" width=\"1024\" height=\"683\" src=\"https:\/\/www.ejercito.mil.uy\/wp-content\/uploads\/2021\/09\/Logistica-6-1024x683.jpg\" alt=\"\" data-id=\"6188\" data-link=\"https:\/\/www.ejercito.mil.uy\/?attachment_id=6188\" class=\"wp-image-6188\" srcset=\"https:\/\/www.ejercito.mil.uy\/wp-content\/uploads\/2021\/09\/Logistica-6-1024x683.jpg 1024w, https:\/\/www.ejercito.mil.uy\/wp-content\/uploads\/2021\/09\/Logistica-6-300x200.jpg 300w, https:\/\/www.ejercito.mil.uy\/wp-content\/uploads\/2021\/09\/Logistica-6.jpg 1200w\" sizes=\"(max-width: 1024px) 100vw, 1024px\" \/><\/figure><\/div><\/div><\/div><\/div>\n\n\n\n<div style=\"height:55px\" aria-hidden=\"true\" class=\"wp-block-spacer\"><\/div>\n\n\n\n<p>En este per\u00edodo, el personal integrante de la Compa\u00f1\u00eda, a cargo del <strong>Capit\u00e1n Pablo Molina<\/strong>, realiz\u00f3 los cursos de especializaci\u00f3n que la caracterizan (ranchero, panadero, conductor de veh\u00edculo pesado, entre otros), as\u00ed como la pr\u00e1ctica de tiro e instrucci\u00f3n espec\u00edfica de las distintas especialidades requeridas, con el af\u00e1n de alcanzar los niveles de eficiencia operativa necesarios para brindar el apoyo log\u00edstico a las operaciones que se desarrollar\u00e1n en el \u00c1rea de Misi\u00f3n.<\/p>\n\n\n\n<div style=\"height:33px\" aria-hidden=\"true\" class=\"wp-block-spacer\"><\/div>\n\n\n\n<div class=\"wp-block-coblocks-gallery-carousel\"><div class=\"is-cropped coblocks-gallery has-no-alignment has-caption-style-dark has-horizontal-gutter has-lightbox\"><div class=\"has-carousel has-carousel-lrg\" style=\"height:400px\" data-flickity=\"{&quot;autoPlay&quot;:5000,&quot;draggable&quot;:true,&quot;pageDots&quot;:false,&quot;prevNextButtons&quot;:true,&quot;wrapAround&quot;:true,&quot;cellAlign&quot;:&quot;center&quot;,&quot;pauseAutoPlayOnHover&quot;:true,&quot;freeScroll&quot;:true,&quot;arrowShape&quot;:{&quot;x0&quot;:10,&quot;x1&quot;:60,&quot;y1&quot;:50,&quot;x2&quot;:65,&quot;y2&quot;:45,&quot;x3&quot;:20},&quot;thumbnails&quot;:false,&quot;responsiveHeight&quot;:false}\"><div class=\"coblocks-gallery--item\"><figure class=\"coblocks-gallery--figure has-margin-left-10 has-margin-left-mobile-5 has-margin-right-10 has-margin-right-mobile-5\"><img loading=\"lazy\" decoding=\"async\" width=\"1024\" height=\"683\" src=\"https:\/\/www.ejercito.mil.uy\/wp-content\/uploads\/2021\/09\/Logistica-9-1024x683.jpg\" alt=\"\" data-id=\"6177\" data-link=\"https:\/\/www.ejercito.mil.uy\/?attachment_id=6177\" class=\"wp-image-6177\" srcset=\"https:\/\/www.ejercito.mil.uy\/wp-content\/uploads\/2021\/09\/Logistica-9-1024x683.jpg 1024w, https:\/\/www.ejercito.mil.uy\/wp-content\/uploads\/2021\/09\/Logistica-9-300x200.jpg 300w, https:\/\/www.ejercito.mil.uy\/wp-content\/uploads\/2021\/09\/Logistica-9.jpg 1200w\" sizes=\"(max-width: 1024px) 100vw, 1024px\" \/><\/figure><\/div><div class=\"coblocks-gallery--item\"><figure class=\"coblocks-gallery--figure has-margin-left-10 has-margin-left-mobile-5 has-margin-right-10 has-margin-right-mobile-5\"><img loading=\"lazy\" decoding=\"async\" width=\"1024\" height=\"683\" src=\"https:\/\/www.ejercito.mil.uy\/wp-content\/uploads\/2021\/09\/Logistica-10-1024x683.jpg\" alt=\"\" data-id=\"6178\" data-link=\"https:\/\/www.ejercito.mil.uy\/?attachment_id=6178\" class=\"wp-image-6178\" srcset=\"https:\/\/www.ejercito.mil.uy\/wp-content\/uploads\/2021\/09\/Logistica-10-1024x683.jpg 1024w, https:\/\/www.ejercito.mil.uy\/wp-content\/uploads\/2021\/09\/Logistica-10-300x200.jpg 300w, https:\/\/www.ejercito.mil.uy\/wp-content\/uploads\/2021\/09\/Logistica-10.jpg 1200w\" sizes=\"(max-width: 1024px) 100vw, 1024px\" \/><\/figure><\/div><div class=\"coblocks-gallery--item\"><figure class=\"coblocks-gallery--figure has-margin-left-10 has-margin-left-mobile-5 has-margin-right-10 has-margin-right-mobile-5\"><img loading=\"lazy\" decoding=\"async\" width=\"1024\" height=\"683\" src=\"https:\/\/www.ejercito.mil.uy\/wp-content\/uploads\/2021\/09\/Logistica-11-1024x683.jpg\" alt=\"\" data-id=\"6179\" data-link=\"https:\/\/www.ejercito.mil.uy\/?attachment_id=6179\" class=\"wp-image-6179\" srcset=\"https:\/\/www.ejercito.mil.uy\/wp-content\/uploads\/2021\/09\/Logistica-11-1024x683.jpg 1024w, https:\/\/www.ejercito.mil.uy\/wp-content\/uploads\/2021\/09\/Logistica-11-300x200.jpg 300w, https:\/\/www.ejercito.mil.uy\/wp-content\/uploads\/2021\/09\/Logistica-11.jpg 1200w\" sizes=\"(max-width: 1024px) 100vw, 1024px\" \/><\/figure><\/div><div class=\"coblocks-gallery--item\"><figure class=\"coblocks-gallery--figure has-margin-left-10 has-margin-left-mobile-5 has-margin-right-10 has-margin-right-mobile-5\"><img loading=\"lazy\" decoding=\"async\" width=\"1024\" height=\"683\" src=\"https:\/\/www.ejercito.mil.uy\/wp-content\/uploads\/2021\/09\/Logistica-12-1024x683.jpg\" alt=\"\" data-id=\"6180\" data-link=\"https:\/\/www.ejercito.mil.uy\/?attachment_id=6180\" class=\"wp-image-6180\" srcset=\"https:\/\/www.ejercito.mil.uy\/wp-content\/uploads\/2021\/09\/Logistica-12-1024x683.jpg 1024w, https:\/\/www.ejercito.mil.uy\/wp-content\/uploads\/2021\/09\/Logistica-12-300x200.jpg 300w, https:\/\/www.ejercito.mil.uy\/wp-content\/uploads\/2021\/09\/Logistica-12.jpg 1200w\" sizes=\"(max-width: 1024px) 100vw, 1024px\" \/><\/figure><\/div><\/div><\/div><\/div>\n\n\n\n<div style=\"height:55px\" aria-hidden=\"true\" class=\"wp-block-spacer\"><\/div>\n\n\n\n<p>Siendo un elemento fundamental para la contribuci\u00f3n de la operatividad del URUBATT, la Compa\u00f1\u00eda de Apoyo Log\u00edstico cumpli\u00f3 con un arduo programa de instrucci\u00f3n y entrenamiento diario, desarrollando adem\u00e1s, habilidades b\u00e1sicas para el combate, para esto, se cont\u00f3 con el apoyo de los diferentes Servicios dependientes del CALE.<\/p>\n\n\n\n<div style=\"height:33px\" aria-hidden=\"true\" class=\"wp-block-spacer\"><\/div>\n\n\n\n<p>Al finalizar la concentraci\u00f3n, el 20 de agosto se realiz\u00f3 una ceremonia, en la cual el <strong>Sr. Comandante del CALE, Gral. Marcelo Pose<\/strong> acompa\u00f1ado por el <strong>Sr. Inspector Gral. de los Servicios, Cnel. Hugo Pesce<\/strong>, hicieron entrega del gallardete al Cte. de la Compa\u00f1\u00eda, quien lo coloc\u00f3 en el armamento del Soldado de la derecha, este lo portar\u00e1 en formaci\u00f3n durante el periodo de despliegue en el pa\u00eds africano.<\/p>\n\n\n\n<div style=\"height:44px\" aria-hidden=\"true\" class=\"wp-block-spacer\"><\/div>\n\n\n\n<div class=\"wp-block-coblocks-gallery-carousel\"><div class=\"is-cropped coblocks-gallery has-no-alignment has-caption-style-dark has-horizontal-gutter has-lightbox\"><div class=\"has-carousel has-carousel-lrg\" style=\"height:400px\" data-flickity=\"{&quot;autoPlay&quot;:5000,&quot;draggable&quot;:true,&quot;pageDots&quot;:false,&quot;prevNextButtons&quot;:true,&quot;wrapAround&quot;:true,&quot;cellAlign&quot;:&quot;center&quot;,&quot;pauseAutoPlayOnHover&quot;:true,&quot;freeScroll&quot;:true,&quot;arrowShape&quot;:{&quot;x0&quot;:10,&quot;x1&quot;:60,&quot;y1&quot;:50,&quot;x2&quot;:65,&quot;y2&quot;:45,&quot;x3&quot;:20},&quot;thumbnails&quot;:false,&quot;responsiveHeight&quot;:false}\"><div class=\"coblocks-gallery--item\"><figure class=\"coblocks-gallery--figure has-margin-left-10 has-margin-left-mobile-5 has-margin-right-10 has-margin-right-mobile-5\"><img loading=\"lazy\" decoding=\"async\" width=\"593\" height=\"395\" src=\"https:\/\/www.ejercito.mil.uy\/wp-content\/uploads\/2021\/09\/Logistica-2.jpg\" alt=\"\" data-id=\"6181\" data-link=\"https:\/\/www.ejercito.mil.uy\/?attachment_id=6181\" class=\"wp-image-6181\" srcset=\"https:\/\/www.ejercito.mil.uy\/wp-content\/uploads\/2021\/09\/Logistica-2.jpg 593w, https:\/\/www.ejercito.mil.uy\/wp-content\/uploads\/2021\/09\/Logistica-2-300x200.jpg 300w\" sizes=\"(max-width: 593px) 100vw, 593px\" \/><\/figure><\/div><div class=\"coblocks-gallery--item\"><figure class=\"coblocks-gallery--figure has-margin-left-10 has-margin-left-mobile-5 has-margin-right-10 has-margin-right-mobile-5\"><img loading=\"lazy\" decoding=\"async\" width=\"1024\" height=\"683\" src=\"https:\/\/www.ejercito.mil.uy\/wp-content\/uploads\/2021\/09\/Logistica-4-1024x683.jpg\" alt=\"\" data-id=\"6182\" data-link=\"https:\/\/www.ejercito.mil.uy\/?attachment_id=6182\" class=\"wp-image-6182\" srcset=\"https:\/\/www.ejercito.mil.uy\/wp-content\/uploads\/2021\/09\/Logistica-4-1024x683.jpg 1024w, https:\/\/www.ejercito.mil.uy\/wp-content\/uploads\/2021\/09\/Logistica-4-300x200.jpg 300w, https:\/\/www.ejercito.mil.uy\/wp-content\/uploads\/2021\/09\/Logistica-4.jpg 1200w\" sizes=\"(max-width: 1024px) 100vw, 1024px\" \/><\/figure><\/div><div class=\"coblocks-gallery--item\"><figure class=\"coblocks-gallery--figure has-margin-left-10 has-margin-left-mobile-5 has-margin-right-10 has-margin-right-mobile-5\"><img loading=\"lazy\" decoding=\"async\" width=\"1024\" height=\"683\" src=\"https:\/\/www.ejercito.mil.uy\/wp-content\/uploads\/2021\/09\/Logistica-7-1024x683.jpg\" alt=\"\" data-id=\"6183\" data-link=\"https:\/\/www.ejercito.mil.uy\/?attachment_id=6183\" class=\"wp-image-6183\" srcset=\"https:\/\/www.ejercito.mil.uy\/wp-content\/uploads\/2021\/09\/Logistica-7-1024x683.jpg 1024w, https:\/\/www.ejercito.mil.uy\/wp-content\/uploads\/2021\/09\/Logistica-7-300x200.jpg 300w, https:\/\/www.ejercito.mil.uy\/wp-content\/uploads\/2021\/09\/Logistica-7.jpg 1200w\" sizes=\"(max-width: 1024px) 100vw, 1024px\" \/><\/figure><\/div><\/div><\/div><\/div>\n\n\n\n<div style=\"height:99px\" aria-hidden=\"true\" class=\"wp-block-spacer\"><\/div>\n\n\n\n<div style=\"height:66px\" aria-hidden=\"true\" class=\"wp-block-spacer\"><\/div>\n","protected":false},"excerpt":{"rendered":"<p>02.09.2021 &#8211; La Compa\u00f1\u00eda de Apoyo Log\u00edstico, perteneciente al Batall\u00f3n \u201cUruguay IV\u201d (URUBATT), pr\u00f3xima a desplegarse en la Rep\u00fablica Democr\u00e1tica del Congo, realiz\u00f3 la etapa de concentraci\u00f3n, instrucci\u00f3n y entrenamiento en el Comando de Apoyo Log\u00edstico del Ej\u00e9rcito.<\/p>\n","protected":false},"author":4,"featured_media":6184,"comment_status":"open","ping_status":"open","sticky":false,"template":"","format":"standard","meta":{"_coblocks_attr":"","_coblocks_dimensions":"","_coblocks_responsive_height":"","_coblocks_accordion_ie_support":"","_monsterinsights_skip_tracking":false,"_monsterinsights_sitenote_active":false,"_monsterinsights_sitenote_note":"","_monsterinsights_sitenote_category":0,"_uf_show_specific_survey":0,"_uf_disable_surveys":false,"footnotes":""},"categories":[2,14],"tags":[35,13,196,21,30,19,67],"class_list":["post-6175","post","type-post","status-publish","format-standard","has-post-thumbnail","hentry","category-blog","category-noticias","tag-entrenamiento","tag-instruccion","tag-logistica","tag-misiones-de-paz","tag-misiones-operativas-de-paz","tag-mop","tag-peacekeeper"],"aioseo_notices":[],"_links":{"self":[{"href":"https:\/\/www.ejercito.mil.uy\/index.php\/wp-json\/wp\/v2\/posts\/6175","targetHints":{"allow":["GET"]}}],"collection":[{"href":"https:\/\/www.ejercito.mil.uy\/index.php\/wp-json\/wp\/v2\/posts"}],"about":[{"href":"https:\/\/www.ejercito.mil.uy\/index.php\/wp-json\/wp\/v2\/types\/post"}],"author":[{"embeddable":true,"href":"https:\/\/www.ejercito.mil.uy\/index.php\/wp-json\/wp\/v2\/users\/4"}],"replies":[{"embeddable":true,"href":"https:\/\/www.ejercito.mil.uy\/index.php\/wp-json\/wp\/v2\/comments?post=6175"}],"version-history":[{"count":3,"href":"https:\/\/www.ejercito.mil.uy\/index.php\/wp-json\/wp\/v2\/posts\/6175\/revisions"}],"predecessor-version":[{"id":6216,"href":"https:\/\/www.ejercito.mil.uy\/index.php\/wp-json\/wp\/v2\/posts\/6175\/revisions\/6216"}],"wp:featuredmedia":[{"embeddable":true,"href":"https:\/\/www.ejercito.mil.uy\/index.php\/wp-json\/wp\/v2\/media\/6184"}],"wp:attachment":[{"href":"https:\/\/www.ejercito.mil.uy\/index.php\/wp-json\/wp\/v2\/media?parent=6175"}],"wp:term":[{"taxonomy":"category","embeddable":true,"href":"https:\/\/www.ejercito.mil.uy\/index.php\/wp-json\/wp\/v2\/categories?post=6175"},{"taxonomy":"post_tag","embeddable":true,"href":"https:\/\/www.ejercito.mil.uy\/index.php\/wp-json\/wp\/v2\/tags?post=6175"}],"curies":[{"name":"wp","href":"https:\/\/api.w.org\/{rel}","templated":true}]}}