{"id":63095,"date":"2026-08-31T12:17:55","date_gmt":"2026-08-31T15:17:55","guid":{"rendered":"https:\/\/www.ejercito.mil.uy\/?p=63095"},"modified":"2026-08-31T13:59:30","modified_gmt":"2026-08-31T16:59:30","slug":"todo-controlado-el-batallon-uruguay-iv-brindo-seguridad-al-aeropuerto-internacional-de-goma","status":"publish","type":"post","link":"https:\/\/www.ejercito.mil.uy\/index.php\/2026\/08\/31\/todo-controlado-el-batallon-uruguay-iv-brindo-seguridad-al-aeropuerto-internacional-de-goma\/","title":{"rendered":"Todo controlado: El Batall\u00f3n \u00abUruguay IV\u00bb brind\u00f3 seguridad al Aeropuerto Internacional de Goma"},"content":{"rendered":"\n<p class=\"has-black-color has-text-color has-link-color has-small-font-size wp-elements-1 wp-block-paragraph\">19.06.2026 &#8211; <strong>Rep\u00fablica Democr\u00e1tica del Congo<\/strong><\/p>\n\n\n\n<div style=\"height:22px\" aria-hidden=\"true\" class=\"wp-block-spacer\"><\/div>\n\n\n\n<p class=\"is-style-success has-black-color has-text-color has-background has-link-color wp-elements-2 wp-block-paragraph\" style=\"background-color:#7ab1e8;font-size:14px\">Al Batall\u00f3n \u201cUruguay IV\u201d, desplegado en la Rep\u00f9blica Democr\u00e1tica del Congo, le fue asignada la responsabilidad de proporcionar seguridad a las aeronaves que trasladan a los integrantes del equipo de observadores y mediadores encargados de supervisar el cumplimiento del compromiso de alto el fuego en Doha.<\/p>\n\n\n\n<div style=\"height:22px\" aria-hidden=\"true\" class=\"wp-block-spacer\"><\/div>\n\n\n\n<p class=\"has-black-color has-text-color has-link-color wp-elements-3 wp-block-paragraph\" style=\"font-size:14px\">Esta tarea adquiere especial relevancia debido a las condiciones de seguridad que presenta la ciudad de Goma, donde se encuentra desplegado el Contingente Nacional. En este contexto, el personal asumi\u00f3 la misi\u00f3n con profesionalismo y compromiso, contribuyendo a generar las condiciones necesarias para el desarrollo de las actividades previstas.<\/p>\n\n\n\n<div style=\"height:30px\" aria-hidden=\"true\" class=\"wp-block-spacer\"><\/div>\n\n\n\n<div class=\"wp-block-columns is-layout-flex wp-container-core-columns-is-layout-7387b849 wp-block-columns-is-layout-flex\">\n<div class=\"wp-block-column is-layout-flow wp-block-column-is-layout-flow\">\n<div class=\"wp-block-columns is-layout-flex wp-container-core-columns-is-layout-7387b849 wp-block-columns-is-layout-flex\">\n<div class=\"wp-block-column is-layout-flow wp-block-column-is-layout-flow\">\n<figure class=\"wp-block-image size-large\"><img loading=\"lazy\" decoding=\"async\" width=\"1024\" height=\"683\" src=\"https:\/\/www.ejercito.mil.uy\/wp-content\/uploads\/2026\/08\/2-7-1024x683.jpg\" alt=\"\" class=\"wp-image-63538\" srcset=\"https:\/\/www.ejercito.mil.uy\/wp-content\/uploads\/2026\/08\/2-7-1024x683.jpg 1024w, https:\/\/www.ejercito.mil.uy\/wp-content\/uploads\/2026\/08\/2-7-300x200.jpg 300w, https:\/\/www.ejercito.mil.uy\/wp-content\/uploads\/2026\/08\/2-7-768x512.jpg 768w, https:\/\/www.ejercito.mil.uy\/wp-content\/uploads\/2026\/08\/2-7.jpg 1200w\" sizes=\"auto, (max-width: 1024px) 100vw, 1024px\" \/><\/figure>\n<\/div>\n<\/div>\n<\/div>\n\n\n\n<div class=\"wp-block-column is-layout-flow wp-block-column-is-layout-flow\">\n<figure class=\"wp-block-image size-large\"><img loading=\"lazy\" decoding=\"async\" width=\"1024\" height=\"683\" src=\"https:\/\/www.ejercito.mil.uy\/wp-content\/uploads\/2026\/08\/3-9-1024x683.jpg\" alt=\"\" class=\"wp-image-63544\" srcset=\"https:\/\/www.ejercito.mil.uy\/wp-content\/uploads\/2026\/08\/3-9-1024x683.jpg 1024w, https:\/\/www.ejercito.mil.uy\/wp-content\/uploads\/2026\/08\/3-9-300x200.jpg 300w, https:\/\/www.ejercito.mil.uy\/wp-content\/uploads\/2026\/08\/3-9-768x512.jpg 768w, https:\/\/www.ejercito.mil.uy\/wp-content\/uploads\/2026\/08\/3-9.jpg 1200w\" sizes=\"auto, (max-width: 1024px) 100vw, 1024px\" \/><\/figure>\n<\/div>\n<\/div>\n\n\n\n<div style=\"height:30px\" aria-hidden=\"true\" class=\"wp-block-spacer\"><\/div>\n\n\n\n<figure class=\"wp-block-image size-large\"><img loading=\"lazy\" decoding=\"async\" width=\"1024\" height=\"683\" src=\"https:\/\/www.ejercito.mil.uy\/wp-content\/uploads\/2026\/08\/7-7-1024x683.jpg\" alt=\"\" class=\"wp-image-63540\" srcset=\"https:\/\/www.ejercito.mil.uy\/wp-content\/uploads\/2026\/08\/7-7-1024x683.jpg 1024w, https:\/\/www.ejercito.mil.uy\/wp-content\/uploads\/2026\/08\/7-7-300x200.jpg 300w, https:\/\/www.ejercito.mil.uy\/wp-content\/uploads\/2026\/08\/7-7-768x512.jpg 768w, https:\/\/www.ejercito.mil.uy\/wp-content\/uploads\/2026\/08\/7-7.jpg 1200w\" sizes=\"auto, (max-width: 1024px) 100vw, 1024px\" \/><\/figure>\n\n\n\n<div style=\"height:30px\" aria-hidden=\"true\" class=\"wp-block-spacer\"><\/div>\n\n\n\n<p class=\"has-black-color has-text-color has-link-color wp-elements-4 wp-block-paragraph\" style=\"font-size:14px\">Se ejecut\u00f3 la primera fase de la operaci\u00f3n, brindando seguridad durante el arribo de las dos primeras aeronaves al Aeropuerto Internacional de Goma, de un total de tres previstas.<\/p>\n\n\n\n<div style=\"height:22px\" aria-hidden=\"true\" class=\"wp-block-spacer\"><\/div>\n\n\n\n<div class=\"wp-block-columns is-layout-flex wp-container-core-columns-is-layout-7387b849 wp-block-columns-is-layout-flex\">\n<div class=\"wp-block-column is-layout-flow wp-block-column-is-layout-flow\">\n<figure class=\"wp-block-image size-large\"><img loading=\"lazy\" decoding=\"async\" width=\"1024\" height=\"683\" src=\"https:\/\/www.ejercito.mil.uy\/wp-content\/uploads\/2026\/08\/5-11-1024x683.jpg\" alt=\"\" class=\"wp-image-63541\" srcset=\"https:\/\/www.ejercito.mil.uy\/wp-content\/uploads\/2026\/08\/5-11-1024x683.jpg 1024w, https:\/\/www.ejercito.mil.uy\/wp-content\/uploads\/2026\/08\/5-11-300x200.jpg 300w, https:\/\/www.ejercito.mil.uy\/wp-content\/uploads\/2026\/08\/5-11-768x512.jpg 768w, https:\/\/www.ejercito.mil.uy\/wp-content\/uploads\/2026\/08\/5-11.jpg 1200w\" sizes=\"auto, (max-width: 1024px) 100vw, 1024px\" \/><\/figure>\n<\/div>\n\n\n\n<div class=\"wp-block-column is-layout-flow wp-block-column-is-layout-flow\">\n<figure class=\"wp-block-image size-large\"><img loading=\"lazy\" decoding=\"async\" width=\"1024\" height=\"683\" src=\"https:\/\/www.ejercito.mil.uy\/wp-content\/uploads\/2026\/08\/4-10-1024x683.jpg\" alt=\"\" class=\"wp-image-63545\" srcset=\"https:\/\/www.ejercito.mil.uy\/wp-content\/uploads\/2026\/08\/4-10-1024x683.jpg 1024w, https:\/\/www.ejercito.mil.uy\/wp-content\/uploads\/2026\/08\/4-10-300x200.jpg 300w, https:\/\/www.ejercito.mil.uy\/wp-content\/uploads\/2026\/08\/4-10-768x512.jpg 768w, https:\/\/www.ejercito.mil.uy\/wp-content\/uploads\/2026\/08\/4-10.jpg 1200w\" sizes=\"auto, (max-width: 1024px) 100vw, 1024px\" \/><\/figure>\n<\/div>\n<\/div>\n\n\n\n<div style=\"height:28px\" aria-hidden=\"true\" class=\"wp-block-spacer\"><\/div>\n\n\n\n<figure class=\"wp-block-image size-large\"><img loading=\"lazy\" decoding=\"async\" width=\"1024\" height=\"683\" src=\"https:\/\/www.ejercito.mil.uy\/wp-content\/uploads\/2026\/08\/6-9-1024x683.jpg\" alt=\"\" class=\"wp-image-63543\" srcset=\"https:\/\/www.ejercito.mil.uy\/wp-content\/uploads\/2026\/08\/6-9-1024x683.jpg 1024w, https:\/\/www.ejercito.mil.uy\/wp-content\/uploads\/2026\/08\/6-9-300x200.jpg 300w, https:\/\/www.ejercito.mil.uy\/wp-content\/uploads\/2026\/08\/6-9-768x512.jpg 768w, https:\/\/www.ejercito.mil.uy\/wp-content\/uploads\/2026\/08\/6-9.jpg 1200w\" sizes=\"auto, (max-width: 1024px) 100vw, 1024px\" \/><\/figure>\n\n\n\n<div style=\"height:30px\" aria-hidden=\"true\" class=\"wp-block-spacer\"><\/div>\n\n\n\n<p class=\"has-black-color has-text-color has-link-color wp-elements-5 wp-block-paragraph\" style=\"font-size:14px\">La asignaci\u00f3n de esta responsabilidad refleja la confianza depositada por el Alto Mando de la Misi\u00f3n en el profesionalismo y la preparaci\u00f3n del personal del Batall\u00f3n \u201cUruguay IV\u201d, cuya labor contribuye directamente a los esfuerzos internacionales orientados a promover la paz, la estabilidad y la seguridad en la regi\u00f3n.<br><br><br><\/p>\n\n\n\n<div style=\"height:22px\" aria-hidden=\"true\" class=\"wp-block-spacer\"><\/div>\n\n\n\n<figure class=\"wp-block-image size-large\"><img loading=\"lazy\" decoding=\"async\" width=\"1024\" height=\"683\" src=\"https:\/\/www.ejercito.mil.uy\/wp-content\/uploads\/2026\/08\/1-9-1024x683.jpg\" alt=\"\" class=\"wp-image-63546\" srcset=\"https:\/\/www.ejercito.mil.uy\/wp-content\/uploads\/2026\/08\/1-9-1024x683.jpg 1024w, https:\/\/www.ejercito.mil.uy\/wp-content\/uploads\/2026\/08\/1-9-300x200.jpg 300w, https:\/\/www.ejercito.mil.uy\/wp-content\/uploads\/2026\/08\/1-9-768x512.jpg 768w, https:\/\/www.ejercito.mil.uy\/wp-content\/uploads\/2026\/08\/1-9.jpg 1200w\" sizes=\"auto, (max-width: 1024px) 100vw, 1024px\" \/><\/figure>\n\n\n\n<div style=\"height:100px\" aria-hidden=\"true\" class=\"wp-block-spacer\"><\/div>\n","protected":false},"excerpt":{"rendered":"<p>31.08.2026 &#8211; El Batall\u00f3n \u00abUruguay IV\u00bb apoyo en la seguridad en el Aeropuero Internacional de Goma para el traslado aereo del equipo de Observadores y Mediadores de alto el fuego en Doha<\/p>\n","protected":false},"author":17,"featured_media":63536,"comment_status":"open","ping_status":"open","sticky":false,"template":"","format":"standard","meta":{"_coblocks_attr":"","_coblocks_dimensions":"","_coblocks_responsive_height":"","_coblocks_accordion_ie_support":"","_monsterinsights_skip_tracking":false,"_uf_show_specific_survey":0,"_uf_disable_surveys":false,"footnotes":""},"categories":[2,10,237,14],"tags":[222,27,207,688,2152,1317,19,139,418,62,67,491,33],"class_list":["post-63095","post","type-post","status-publish","format-standard","has-post-thumbnail","hentry","category-blog","category-destacados","category-misiones","category-noticias","tag-aeropuerto","tag-apoyo","tag-cascos-azules","tag-efectivos","tag-kenia","tag-mision-de-paz","tag-mop","tag-onu","tag-operaciones","tag-paz","tag-peacekeeper","tag-proteccion","tag-seguridad"],"aioseo_notices":[],"aioseo_head":"\n\t\t<!-- All in One SEO 5.0.1.1 - aioseo.com -->\n\t<meta name=\"description\" content=\"31.08.2026 - El Batall\u00f3n &quot;Uruguay IV&quot; apoyo en la seguridad en el Aeropuero Internacional de Goma para el traslado aereo del equipo de Observadores y Mediadores de alto el fuego en Doha\" \/>\n\t<meta name=\"robots\" content=\"max-image-preview:large\" \/>\n\t<meta name=\"author\" content=\"Matias Castaldo\"\/>\n\t<link rel=\"canonical\" href=\"https:\/\/www.ejercito.mil.uy\/index.php\/2026\/08\/31\/todo-controlado-el-batallon-uruguay-iv-brindo-seguridad-al-aeropuerto-internacional-de-goma\/\" \/>\n\t<meta name=\"generator\" content=\"All in One SEO (AIOSEO) 5.0.1.1\" \/>\n\t\t<meta property=\"og:locale\" content=\"es_ES\" \/>\n\t\t<meta property=\"og:site_name\" content=\"Ej\u00e9rcito Nacional - La Fuerza de todos\" \/>\n\t\t<meta property=\"og:type\" content=\"article\" \/>\n\t\t<meta property=\"og:title\" content=\"Todo controlado: El Batall\u00f3n \u00abUruguay IV\u00bb brind\u00f3 seguridad al Aeropuerto Internacional de Goma - Ej\u00e9rcito Nacional\" \/>\n\t\t<meta property=\"og:description\" content=\"31.08.2026 - El Batall\u00f3n &quot;Uruguay IV&quot; apoyo en la seguridad en el Aeropuero Internacional de Goma para el traslado aereo del equipo de Observadores y Mediadores de alto el fuego en Doha\" \/>\n\t\t<meta property=\"og:url\" content=\"https:\/\/www.ejercito.mil.uy\/index.php\/2026\/08\/31\/todo-controlado-el-batallon-uruguay-iv-brindo-seguridad-al-aeropuerto-internacional-de-goma\/\" \/>\n\t\t<meta property=\"og:image\" content=\"https:\/\/www.ejercito.mil.uy\/wp-content\/uploads\/2022\/01\/Escudo_EN_URUGUAY.png\" \/>\n\t\t<meta property=\"og:image:secure_url\" content=\"https:\/\/www.ejercito.mil.uy\/wp-content\/uploads\/2022\/01\/Escudo_EN_URUGUAY.png\" \/>\n\t\t<meta property=\"og:image:width\" content=\"134\" \/>\n\t\t<meta property=\"og:image:height\" content=\"119\" \/>\n\t\t<meta property=\"article:published_time\" content=\"2026-08-31T15:17:55+00:00\" \/>\n\t\t<meta property=\"article:modified_time\" content=\"2026-08-31T16:59:30+00:00\" \/>\n\t\t<meta name=\"twitter:card\" content=\"summary_large_image\" \/>\n\t\t<meta name=\"twitter:title\" content=\"Todo controlado: El Batall\u00f3n \u00abUruguay IV\u00bb brind\u00f3 seguridad al Aeropuerto Internacional de Goma - Ej\u00e9rcito Nacional\" \/>\n\t\t<meta name=\"twitter:description\" content=\"31.08.2026 - El Batall\u00f3n &quot;Uruguay IV&quot; apoyo en la seguridad en el Aeropuero Internacional de Goma para el traslado aereo del equipo de Observadores y Mediadores de alto el fuego en Doha\" \/>\n\t\t<meta name=\"twitter:image\" content=\"https:\/\/www.ejercito.mil.uy\/wp-content\/uploads\/2022\/01\/Escudo_EN_URUGUAY.png\" \/>\n\t\t<script type=\"application\/ld+json\" class=\"aioseo-schema\">\n\t\t\t{\"@context\":\"https:\\\/\\\/schema.org\",\"@graph\":[{\"@type\":\"BlogPosting\",\"@id\":\"https:\\\/\\\/www.ejercito.mil.uy\\\/index.php\\\/2026\\\/08\\\/31\\\/todo-controlado-el-batallon-uruguay-iv-brindo-seguridad-al-aeropuerto-internacional-de-goma\\\/#blogposting\",\"name\":\"Todo controlado: El Batall\\u00f3n \\u00abUruguay IV\\u00bb brind\\u00f3 seguridad al Aeropuerto Internacional de Goma - Ej\\u00e9rcito Nacional\",\"headline\":\"Todo controlado: El Batall\\u00f3n \\u00abUruguay IV\\u00bb brind\\u00f3 seguridad al Aeropuerto Internacional de Goma\",\"author\":{\"@id\":\"https:\\\/\\\/www.ejercito.mil.uy\\\/index.php\\\/author\\\/jmcastaldo\\\/#author\"},\"publisher\":{\"@id\":\"https:\\\/\\\/www.ejercito.mil.uy\\\/#organization\"},\"image\":{\"@type\":\"ImageObject\",\"url\":\"https:\\\/\\\/www.ejercito.mil.uy\\\/wp-content\\\/uploads\\\/2026\\\/08\\\/portada-1.jpg\",\"width\":1200,\"height\":800},\"datePublished\":\"2026-08-31T12:17:55-03:00\",\"dateModified\":\"2026-08-31T13:59:30-03:00\",\"inLanguage\":\"es-UY\",\"mainEntityOfPage\":{\"@id\":\"https:\\\/\\\/www.ejercito.mil.uy\\\/index.php\\\/2026\\\/08\\\/31\\\/todo-controlado-el-batallon-uruguay-iv-brindo-seguridad-al-aeropuerto-internacional-de-goma\\\/#webpage\"},\"isPartOf\":{\"@id\":\"https:\\\/\\\/www.ejercito.mil.uy\\\/index.php\\\/2026\\\/08\\\/31\\\/todo-controlado-el-batallon-uruguay-iv-brindo-seguridad-al-aeropuerto-internacional-de-goma\\\/#webpage\"},\"articleSection\":\"Blog, Destacados, MOP, Noticias, aeropuerto, apoyo, cascos azules, efectivos, Kenia, misi\\u00f3n de paz, MOP, ONU, Operaciones, paz, peacekeeper, protecci\\u00f3n, seguridad\"},{\"@type\":\"BreadcrumbList\",\"@id\":\"https:\\\/\\\/www.ejercito.mil.uy\\\/index.php\\\/2026\\\/08\\\/31\\\/todo-controlado-el-batallon-uruguay-iv-brindo-seguridad-al-aeropuerto-internacional-de-goma\\\/#breadcrumblist\",\"itemListElement\":[{\"@type\":\"ListItem\",\"@id\":\"https:\\\/\\\/www.ejercito.mil.uy#listItem\",\"position\":1,\"name\":\"Home\",\"item\":\"https:\\\/\\\/www.ejercito.mil.uy\",\"nextItem\":{\"@type\":\"ListItem\",\"@id\":\"https:\\\/\\\/www.ejercito.mil.uy\\\/index.php\\\/category\\\/destacados\\\/#listItem\",\"name\":\"Destacados\"}},{\"@type\":\"ListItem\",\"@id\":\"https:\\\/\\\/www.ejercito.mil.uy\\\/index.php\\\/category\\\/destacados\\\/#listItem\",\"position\":2,\"name\":\"Destacados\",\"item\":\"https:\\\/\\\/www.ejercito.mil.uy\\\/index.php\\\/category\\\/destacados\\\/\",\"nextItem\":{\"@type\":\"ListItem\",\"@id\":\"https:\\\/\\\/www.ejercito.mil.uy\\\/index.php\\\/category\\\/destacados\\\/noticias\\\/#listItem\",\"name\":\"Noticias\"},\"previousItem\":{\"@type\":\"ListItem\",\"@id\":\"https:\\\/\\\/www.ejercito.mil.uy#listItem\",\"name\":\"Home\"}},{\"@type\":\"ListItem\",\"@id\":\"https:\\\/\\\/www.ejercito.mil.uy\\\/index.php\\\/category\\\/destacados\\\/noticias\\\/#listItem\",\"position\":3,\"name\":\"Noticias\",\"item\":\"https:\\\/\\\/www.ejercito.mil.uy\\\/index.php\\\/category\\\/destacados\\\/noticias\\\/\",\"nextItem\":{\"@type\":\"ListItem\",\"@id\":\"https:\\\/\\\/www.ejercito.mil.uy\\\/index.php\\\/2026\\\/08\\\/31\\\/todo-controlado-el-batallon-uruguay-iv-brindo-seguridad-al-aeropuerto-internacional-de-goma\\\/#listItem\",\"name\":\"Todo controlado: El Batall\\u00f3n \\u00abUruguay IV\\u00bb brind\\u00f3 seguridad al Aeropuerto Internacional de Goma\"},\"previousItem\":{\"@type\":\"ListItem\",\"@id\":\"https:\\\/\\\/www.ejercito.mil.uy\\\/index.php\\\/category\\\/destacados\\\/#listItem\",\"name\":\"Destacados\"}},{\"@type\":\"ListItem\",\"@id\":\"https:\\\/\\\/www.ejercito.mil.uy\\\/index.php\\\/2026\\\/08\\\/31\\\/todo-controlado-el-batallon-uruguay-iv-brindo-seguridad-al-aeropuerto-internacional-de-goma\\\/#listItem\",\"position\":4,\"name\":\"Todo controlado: El Batall\\u00f3n \\u00abUruguay IV\\u00bb brind\\u00f3 seguridad al Aeropuerto Internacional de Goma\",\"previousItem\":{\"@type\":\"ListItem\",\"@id\":\"https:\\\/\\\/www.ejercito.mil.uy\\\/index.php\\\/category\\\/destacados\\\/noticias\\\/#listItem\",\"name\":\"Noticias\"}}]},{\"@type\":\"Organization\",\"@id\":\"https:\\\/\\\/www.ejercito.mil.uy\\\/#organization\",\"name\":\"Ej\\u00e9rcito Nacional\",\"description\":\"La Fuerza de todos\",\"url\":\"https:\\\/\\\/www.ejercito.mil.uy\\\/\",\"logo\":{\"@type\":\"ImageObject\",\"url\":\"https:\\\/\\\/www.ejercito.mil.uy\\\/wp-content\\\/uploads\\\/2022\\\/01\\\/Escudo_EN_URUGUAY.png\",\"@id\":\"https:\\\/\\\/www.ejercito.mil.uy\\\/index.php\\\/2026\\\/08\\\/31\\\/todo-controlado-el-batallon-uruguay-iv-brindo-seguridad-al-aeropuerto-internacional-de-goma\\\/#organizationLogo\",\"width\":134,\"height\":119},\"image\":{\"@id\":\"https:\\\/\\\/www.ejercito.mil.uy\\\/index.php\\\/2026\\\/08\\\/31\\\/todo-controlado-el-batallon-uruguay-iv-brindo-seguridad-al-aeropuerto-internacional-de-goma\\\/#organizationLogo\"}},{\"@type\":\"Person\",\"@id\":\"https:\\\/\\\/www.ejercito.mil.uy\\\/index.php\\\/author\\\/jmcastaldo\\\/#author\",\"url\":\"https:\\\/\\\/www.ejercito.mil.uy\\\/index.php\\\/author\\\/jmcastaldo\\\/\",\"name\":\"Matias Castaldo\",\"image\":{\"@type\":\"ImageObject\",\"@id\":\"https:\\\/\\\/www.ejercito.mil.uy\\\/index.php\\\/2026\\\/08\\\/31\\\/todo-controlado-el-batallon-uruguay-iv-brindo-seguridad-al-aeropuerto-internacional-de-goma\\\/#authorImage\",\"url\":\"https:\\\/\\\/secure.gravatar.com\\\/avatar\\\/6f34cc83bb03d14b013817eae3e3841062dd1cf36ef03d105f03b8a519019324?s=96&d=mm&r=g\",\"width\":96,\"height\":96,\"caption\":\"Matias Castaldo\"}},{\"@type\":\"WebPage\",\"@id\":\"https:\\\/\\\/www.ejercito.mil.uy\\\/index.php\\\/2026\\\/08\\\/31\\\/todo-controlado-el-batallon-uruguay-iv-brindo-seguridad-al-aeropuerto-internacional-de-goma\\\/#webpage\",\"url\":\"https:\\\/\\\/www.ejercito.mil.uy\\\/index.php\\\/2026\\\/08\\\/31\\\/todo-controlado-el-batallon-uruguay-iv-brindo-seguridad-al-aeropuerto-internacional-de-goma\\\/\",\"name\":\"Todo controlado: El Batall\\u00f3n \\u00abUruguay IV\\u00bb brind\\u00f3 seguridad al Aeropuerto Internacional de Goma - Ej\\u00e9rcito Nacional\",\"description\":\"31.08.2026 - El Batall\\u00f3n \\\"Uruguay IV\\\" apoyo en la seguridad en el Aeropuero Internacional de Goma para el traslado aereo del equipo de Observadores y Mediadores de alto el fuego en Doha\",\"inLanguage\":\"es-UY\",\"isPartOf\":{\"@id\":\"https:\\\/\\\/www.ejercito.mil.uy\\\/#website\"},\"breadcrumb\":{\"@id\":\"https:\\\/\\\/www.ejercito.mil.uy\\\/index.php\\\/2026\\\/08\\\/31\\\/todo-controlado-el-batallon-uruguay-iv-brindo-seguridad-al-aeropuerto-internacional-de-goma\\\/#breadcrumblist\"},\"author\":{\"@id\":\"https:\\\/\\\/www.ejercito.mil.uy\\\/index.php\\\/author\\\/jmcastaldo\\\/#author\"},\"creator\":{\"@id\":\"https:\\\/\\\/www.ejercito.mil.uy\\\/index.php\\\/author\\\/jmcastaldo\\\/#author\"},\"image\":{\"@type\":\"ImageObject\",\"url\":\"https:\\\/\\\/www.ejercito.mil.uy\\\/wp-content\\\/uploads\\\/2026\\\/08\\\/portada-1.jpg\",\"@id\":\"https:\\\/\\\/www.ejercito.mil.uy\\\/index.php\\\/2026\\\/08\\\/31\\\/todo-controlado-el-batallon-uruguay-iv-brindo-seguridad-al-aeropuerto-internacional-de-goma\\\/#mainImage\",\"width\":1200,\"height\":800},\"primaryImageOfPage\":{\"@id\":\"https:\\\/\\\/www.ejercito.mil.uy\\\/index.php\\\/2026\\\/08\\\/31\\\/todo-controlado-el-batallon-uruguay-iv-brindo-seguridad-al-aeropuerto-internacional-de-goma\\\/#mainImage\"},\"datePublished\":\"2026-08-31T12:17:55-03:00\",\"dateModified\":\"2026-08-31T13:59:30-03:00\"},{\"@type\":\"WebSite\",\"@id\":\"https:\\\/\\\/www.ejercito.mil.uy\\\/#website\",\"url\":\"https:\\\/\\\/www.ejercito.mil.uy\\\/\",\"name\":\"Ej\\u00e9rcito Nacional\",\"description\":\"La Fuerza de todos\",\"inLanguage\":\"es-UY\",\"publisher\":{\"@id\":\"https:\\\/\\\/www.ejercito.mil.uy\\\/#organization\"}}]}\n\t\t<\/script>\n\t\t<!-- All in One SEO -->\n\n","aioseo_head_json":{"title":"Todo controlado: El Batall\u00f3n \u00abUruguay IV\u00bb brind\u00f3 seguridad al Aeropuerto Internacional de Goma - Ej\u00e9rcito Nacional","description":"31.08.2026 - El Batall\u00f3n \"Uruguay IV\" apoyo en la seguridad en el Aeropuero Internacional de Goma para el traslado aereo del equipo de Observadores y Mediadores de alto el fuego en Doha","canonical_url":"https:\/\/www.ejercito.mil.uy\/index.php\/2026\/08\/31\/todo-controlado-el-batallon-uruguay-iv-brindo-seguridad-al-aeropuerto-internacional-de-goma\/","robots":"max-image-preview:large","keywords":"","webmasterTools":{"miscellaneous":""},"schema":{"@context":"https:\/\/schema.org","@graph":[{"@type":"BlogPosting","@id":"https:\/\/www.ejercito.mil.uy\/index.php\/2026\/08\/31\/todo-controlado-el-batallon-uruguay-iv-brindo-seguridad-al-aeropuerto-internacional-de-goma\/#blogposting","name":"Todo controlado: El Batall\u00f3n \u00abUruguay IV\u00bb brind\u00f3 seguridad al Aeropuerto Internacional de Goma - Ej\u00e9rcito Nacional","headline":"Todo controlado: El Batall\u00f3n \u00abUruguay IV\u00bb brind\u00f3 seguridad al Aeropuerto Internacional de Goma","author":{"@id":"https:\/\/www.ejercito.mil.uy\/index.php\/author\/jmcastaldo\/#author"},"publisher":{"@id":"https:\/\/www.ejercito.mil.uy\/#organization"},"image":{"@type":"ImageObject","url":"https:\/\/www.ejercito.mil.uy\/wp-content\/uploads\/2026\/08\/portada-1.jpg","width":1200,"height":800},"datePublished":"2026-08-31T12:17:55-03:00","dateModified":"2026-08-31T13:59:30-03:00","inLanguage":"es-UY","mainEntityOfPage":{"@id":"https:\/\/www.ejercito.mil.uy\/index.php\/2026\/08\/31\/todo-controlado-el-batallon-uruguay-iv-brindo-seguridad-al-aeropuerto-internacional-de-goma\/#webpage"},"isPartOf":{"@id":"https:\/\/www.ejercito.mil.uy\/index.php\/2026\/08\/31\/todo-controlado-el-batallon-uruguay-iv-brindo-seguridad-al-aeropuerto-internacional-de-goma\/#webpage"},"articleSection":"Blog, Destacados, MOP, Noticias, aeropuerto, apoyo, cascos azules, efectivos, Kenia, misi\u00f3n de paz, MOP, ONU, Operaciones, paz, peacekeeper, protecci\u00f3n, seguridad"},{"@type":"BreadcrumbList","@id":"https:\/\/www.ejercito.mil.uy\/index.php\/2026\/08\/31\/todo-controlado-el-batallon-uruguay-iv-brindo-seguridad-al-aeropuerto-internacional-de-goma\/#breadcrumblist","itemListElement":[{"@type":"ListItem","@id":"https:\/\/www.ejercito.mil.uy#listItem","position":1,"name":"Home","item":"https:\/\/www.ejercito.mil.uy","nextItem":{"@type":"ListItem","@id":"https:\/\/www.ejercito.mil.uy\/index.php\/category\/destacados\/#listItem","name":"Destacados"}},{"@type":"ListItem","@id":"https:\/\/www.ejercito.mil.uy\/index.php\/category\/destacados\/#listItem","position":2,"name":"Destacados","item":"https:\/\/www.ejercito.mil.uy\/index.php\/category\/destacados\/","nextItem":{"@type":"ListItem","@id":"https:\/\/www.ejercito.mil.uy\/index.php\/category\/destacados\/noticias\/#listItem","name":"Noticias"},"previousItem":{"@type":"ListItem","@id":"https:\/\/www.ejercito.mil.uy#listItem","name":"Home"}},{"@type":"ListItem","@id":"https:\/\/www.ejercito.mil.uy\/index.php\/category\/destacados\/noticias\/#listItem","position":3,"name":"Noticias","item":"https:\/\/www.ejercito.mil.uy\/index.php\/category\/destacados\/noticias\/","nextItem":{"@type":"ListItem","@id":"https:\/\/www.ejercito.mil.uy\/index.php\/2026\/08\/31\/todo-controlado-el-batallon-uruguay-iv-brindo-seguridad-al-aeropuerto-internacional-de-goma\/#listItem","name":"Todo controlado: El Batall\u00f3n \u00abUruguay IV\u00bb brind\u00f3 seguridad al Aeropuerto Internacional de Goma"},"previousItem":{"@type":"ListItem","@id":"https:\/\/www.ejercito.mil.uy\/index.php\/category\/destacados\/#listItem","name":"Destacados"}},{"@type":"ListItem","@id":"https:\/\/www.ejercito.mil.uy\/index.php\/2026\/08\/31\/todo-controlado-el-batallon-uruguay-iv-brindo-seguridad-al-aeropuerto-internacional-de-goma\/#listItem","position":4,"name":"Todo controlado: El Batall\u00f3n \u00abUruguay IV\u00bb brind\u00f3 seguridad al Aeropuerto Internacional de Goma","previousItem":{"@type":"ListItem","@id":"https:\/\/www.ejercito.mil.uy\/index.php\/category\/destacados\/noticias\/#listItem","name":"Noticias"}}]},{"@type":"Organization","@id":"https:\/\/www.ejercito.mil.uy\/#organization","name":"Ej\u00e9rcito Nacional","description":"La Fuerza de todos","url":"https:\/\/www.ejercito.mil.uy\/","logo":{"@type":"ImageObject","url":"https:\/\/www.ejercito.mil.uy\/wp-content\/uploads\/2022\/01\/Escudo_EN_URUGUAY.png","@id":"https:\/\/www.ejercito.mil.uy\/index.php\/2026\/08\/31\/todo-controlado-el-batallon-uruguay-iv-brindo-seguridad-al-aeropuerto-internacional-de-goma\/#organizationLogo","width":134,"height":119},"image":{"@id":"https:\/\/www.ejercito.mil.uy\/index.php\/2026\/08\/31\/todo-controlado-el-batallon-uruguay-iv-brindo-seguridad-al-aeropuerto-internacional-de-goma\/#organizationLogo"}},{"@type":"Person","@id":"https:\/\/www.ejercito.mil.uy\/index.php\/author\/jmcastaldo\/#author","url":"https:\/\/www.ejercito.mil.uy\/index.php\/author\/jmcastaldo\/","name":"Matias Castaldo","image":{"@type":"ImageObject","@id":"https:\/\/www.ejercito.mil.uy\/index.php\/2026\/08\/31\/todo-controlado-el-batallon-uruguay-iv-brindo-seguridad-al-aeropuerto-internacional-de-goma\/#authorImage","url":"https:\/\/secure.gravatar.com\/avatar\/6f34cc83bb03d14b013817eae3e3841062dd1cf36ef03d105f03b8a519019324?s=96&d=mm&r=g","width":96,"height":96,"caption":"Matias Castaldo"}},{"@type":"WebPage","@id":"https:\/\/www.ejercito.mil.uy\/index.php\/2026\/08\/31\/todo-controlado-el-batallon-uruguay-iv-brindo-seguridad-al-aeropuerto-internacional-de-goma\/#webpage","url":"https:\/\/www.ejercito.mil.uy\/index.php\/2026\/08\/31\/todo-controlado-el-batallon-uruguay-iv-brindo-seguridad-al-aeropuerto-internacional-de-goma\/","name":"Todo controlado: El Batall\u00f3n \u00abUruguay IV\u00bb brind\u00f3 seguridad al Aeropuerto Internacional de Goma - Ej\u00e9rcito Nacional","description":"31.08.2026 - El Batall\u00f3n \"Uruguay IV\" apoyo en la seguridad en el Aeropuero Internacional de Goma para el traslado aereo del equipo de Observadores y Mediadores de alto el fuego en Doha","inLanguage":"es-UY","isPartOf":{"@id":"https:\/\/www.ejercito.mil.uy\/#website"},"breadcrumb":{"@id":"https:\/\/www.ejercito.mil.uy\/index.php\/2026\/08\/31\/todo-controlado-el-batallon-uruguay-iv-brindo-seguridad-al-aeropuerto-internacional-de-goma\/#breadcrumblist"},"author":{"@id":"https:\/\/www.ejercito.mil.uy\/index.php\/author\/jmcastaldo\/#author"},"creator":{"@id":"https:\/\/www.ejercito.mil.uy\/index.php\/author\/jmcastaldo\/#author"},"image":{"@type":"ImageObject","url":"https:\/\/www.ejercito.mil.uy\/wp-content\/uploads\/2026\/08\/portada-1.jpg","@id":"https:\/\/www.ejercito.mil.uy\/index.php\/2026\/08\/31\/todo-controlado-el-batallon-uruguay-iv-brindo-seguridad-al-aeropuerto-internacional-de-goma\/#mainImage","width":1200,"height":800},"primaryImageOfPage":{"@id":"https:\/\/www.ejercito.mil.uy\/index.php\/2026\/08\/31\/todo-controlado-el-batallon-uruguay-iv-brindo-seguridad-al-aeropuerto-internacional-de-goma\/#mainImage"},"datePublished":"2026-08-31T12:17:55-03:00","dateModified":"2026-08-31T13:59:30-03:00"},{"@type":"WebSite","@id":"https:\/\/www.ejercito.mil.uy\/#website","url":"https:\/\/www.ejercito.mil.uy\/","name":"Ej\u00e9rcito Nacional","description":"La Fuerza de todos","inLanguage":"es-UY","publisher":{"@id":"https:\/\/www.ejercito.mil.uy\/#organization"}}]},"og:locale":"es_ES","og:site_name":"Ej\u00e9rcito Nacional - La Fuerza de todos","og:type":"article","og:title":"Todo controlado: El Batall\u00f3n \u00abUruguay IV\u00bb brind\u00f3 seguridad al Aeropuerto Internacional de Goma - Ej\u00e9rcito Nacional","og:description":"31.08.2026 - El Batall\u00f3n &quot;Uruguay IV&quot; apoyo en la seguridad en el Aeropuero Internacional de Goma para el traslado aereo del equipo de Observadores y Mediadores de alto el fuego en Doha","og:url":"https:\/\/www.ejercito.mil.uy\/index.php\/2026\/08\/31\/todo-controlado-el-batallon-uruguay-iv-brindo-seguridad-al-aeropuerto-internacional-de-goma\/","og:image":"https:\/\/www.ejercito.mil.uy\/wp-content\/uploads\/2022\/01\/Escudo_EN_URUGUAY.png","og:image:secure_url":"https:\/\/www.ejercito.mil.uy\/wp-content\/uploads\/2022\/01\/Escudo_EN_URUGUAY.png","og:image:width":134,"og:image:height":119,"article:published_time":"2026-08-31T15:17:55+00:00","article:modified_time":"2026-08-31T16:59:30+00:00","twitter:card":"summary_large_image","twitter:title":"Todo controlado: El Batall\u00f3n \u00abUruguay IV\u00bb brind\u00f3 seguridad al Aeropuerto Internacional de Goma - Ej\u00e9rcito Nacional","twitter:description":"31.08.2026 - El Batall\u00f3n &quot;Uruguay IV&quot; apoyo en la seguridad en el Aeropuero Internacional de Goma para el traslado aereo del equipo de Observadores y Mediadores de alto el fuego en Doha","twitter:image":"https:\/\/www.ejercito.mil.uy\/wp-content\/uploads\/2022\/01\/Escudo_EN_URUGUAY.png"},"aioseo_meta_data":{"post_id":"63095","title":null,"description":null,"keywords":null,"keyphrases":{"focus":{"keyphrase":"","score":0,"analysis":{"keyphraseInTitle":{"score":0,"maxScore":9,"error":1}}},"additional":[]},"primary_term":null,"canonical_url":null,"og_title":null,"og_description":null,"og_object_type":"default","og_image_type":"default","og_image_url":null,"og_image_width":null,"og_image_height":null,"og_image_custom_url":null,"og_image_custom_fields":null,"og_video":"","og_custom_url":null,"og_article_section":null,"og_article_tags":null,"twitter_use_og":false,"twitter_card":"default","twitter_image_type":"default","twitter_image_url":null,"twitter_image_custom_url":null,"twitter_image_custom_fields":null,"twitter_title":null,"twitter_description":null,"schema":{"blockGraphs":[],"customGraphs":[],"default":{"data":{"Article":[],"Course":[],"Dataset":[],"FAQPage":[],"Movie":[],"Person":[],"Product":[],"ProductReview":[],"Car":[],"Recipe":[],"Service":[],"SoftwareApplication":[],"WebPage":[]},"graphName":"BlogPosting","isEnabled":true},"graphs":[]},"schema_type":"default","schema_type_options":null,"pillar_content":false,"robots_default":true,"robots_noindex":false,"robots_noarchive":false,"robots_nosnippet":false,"robots_nofollow":false,"robots_noimageindex":false,"robots_noodp":false,"robots_notranslate":false,"robots_max_snippet":"-1","robots_max_videopreview":"-1","robots_max_imagepreview":"large","priority":null,"frequency":"default","local_seo":null,"breadcrumb_settings":null,"limit_modified_date":false,"ai":{"faqs":[],"keyPoints":[],"schemas":[],"titles":[],"descriptions":[],"socialPosts":{"email":{"subject":"","preview":"","content":""},"linkedin":[],"twitter":[],"facebook":[],"instagram":[]}},"created":"2026-08-19 15:25:12","updated":"2026-08-31 17:58:02","seo_analyzer_scan_date":null,"focus_keyword":null,"additional_keywords":null,"truseo_locale":null},"aioseo_breadcrumb":"<div class=\"aioseo-breadcrumbs\"><span class=\"aioseo-breadcrumb\">\n\t\t\t<a href=\"https:\/\/www.ejercito.mil.uy\" title=\"Home\">Home<\/a>\n\t\t<\/span><span class=\"aioseo-breadcrumb-separator\">&raquo;<\/span><span class=\"aioseo-breadcrumb\">\n\t\t\t<a href=\"https:\/\/www.ejercito.mil.uy\/index.php\/category\/destacados\/\" title=\"Destacados\">Destacados<\/a>\n\t\t<\/span><span class=\"aioseo-breadcrumb-separator\">&raquo;<\/span><span class=\"aioseo-breadcrumb\">\n\t\t\t<a href=\"https:\/\/www.ejercito.mil.uy\/index.php\/category\/destacados\/noticias\/\" title=\"Noticias\">Noticias<\/a>\n\t\t<\/span><span class=\"aioseo-breadcrumb-separator\">&raquo;<\/span><span class=\"aioseo-breadcrumb\">\n\t\t\tTodo controlado: El Batall\u00f3n \u00abUruguay IV\u00bb brind\u00f3 seguridad al Aeropuerto Internacional de Goma\n\t\t<\/span><\/div>","aioseo_breadcrumb_json":[{"label":"Home","link":"https:\/\/www.ejercito.mil.uy"},{"label":"Destacados","link":"https:\/\/www.ejercito.mil.uy\/index.php\/category\/destacados\/"},{"label":"Noticias","link":"https:\/\/www.ejercito.mil.uy\/index.php\/category\/destacados\/noticias\/"},{"label":"Todo controlado: El Batall\u00f3n \u00abUruguay IV\u00bb brind\u00f3 seguridad al Aeropuerto Internacional de Goma","link":"https:\/\/www.ejercito.mil.uy\/index.php\/2026\/08\/31\/todo-controlado-el-batallon-uruguay-iv-brindo-seguridad-al-aeropuerto-internacional-de-goma\/"}],"_links":{"self":[{"href":"https:\/\/www.ejercito.mil.uy\/index.php\/wp-json\/wp\/v2\/posts\/63095","targetHints":{"allow":["GET"]}}],"collection":[{"href":"https:\/\/www.ejercito.mil.uy\/index.php\/wp-json\/wp\/v2\/posts"}],"about":[{"href":"https:\/\/www.ejercito.mil.uy\/index.php\/wp-json\/wp\/v2\/types\/post"}],"author":[{"embeddable":true,"href":"https:\/\/www.ejercito.mil.uy\/index.php\/wp-json\/wp\/v2\/users\/17"}],"replies":[{"embeddable":true,"href":"https:\/\/www.ejercito.mil.uy\/index.php\/wp-json\/wp\/v2\/comments?post=63095"}],"version-history":[{"count":7,"href":"https:\/\/www.ejercito.mil.uy\/index.php\/wp-json\/wp\/v2\/posts\/63095\/revisions"}],"predecessor-version":[{"id":63848,"href":"https:\/\/www.ejercito.mil.uy\/index.php\/wp-json\/wp\/v2\/posts\/63095\/revisions\/63848"}],"wp:featuredmedia":[{"embeddable":true,"href":"https:\/\/www.ejercito.mil.uy\/index.php\/wp-json\/wp\/v2\/media\/63536"}],"wp:attachment":[{"href":"https:\/\/www.ejercito.mil.uy\/index.php\/wp-json\/wp\/v2\/media?parent=63095"}],"wp:term":[{"taxonomy":"category","embeddable":true,"href":"https:\/\/www.ejercito.mil.uy\/index.php\/wp-json\/wp\/v2\/categories?post=63095"},{"taxonomy":"post_tag","embeddable":true,"href":"https:\/\/www.ejercito.mil.uy\/index.php\/wp-json\/wp\/v2\/tags?post=63095"}],"curies":[{"name":"wp","href":"https:\/\/api.w.org\/{rel}","templated":true}]}}