{"id":63861,"date":"2026-09-01T12:31:39","date_gmt":"2026-09-01T15:31:39","guid":{"rendered":"https:\/\/www.ejercito.mil.uy\/?p=63861"},"modified":"2026-09-01T20:57:04","modified_gmt":"2026-09-01T23:57:04","slug":"relevo-del-comando-del-batallon-uruguay-iv-en-la-republica-democratica-del-congo","status":"publish","type":"post","link":"https:\/\/www.ejercito.mil.uy\/index.php\/2026\/09\/01\/relevo-del-comando-del-batallon-uruguay-iv-en-la-republica-democratica-del-congo\/","title":{"rendered":"Relevo del Comando del Batall\u00f3n \u00abUruguay IV\u00bb en la Rep\u00fablica Democr\u00e1tica del Congo"},"content":{"rendered":"\n<p class=\"has-black-color has-text-color has-link-color has-small-font-size wp-elements-1 wp-block-paragraph\">01.09.2026 \u2013&nbsp;<strong>Goma, Rep\u00fablica Democr\u00e1tica del Congo<\/strong><\/p>\n\n\n\n<div style=\"height:22px\" aria-hidden=\"true\" class=\"wp-block-spacer\"><\/div>\n\n\n\n<p class=\"is-style-success has-black-color has-text-color has-background has-link-color wp-elements-2 wp-block-paragraph\" style=\"background-color:#7ab1e8;font-size:14px\">El martes 01 de setiembre, se realiz\u00f3 el <strong>relevo del Comando del Batall\u00f3n <\/strong>\u00ab<strong>Uruguay IV<\/strong>\u00bb, desplegado en la Rep\u00fablica Democr\u00e1tica del Congo. La ceremonia fue presidida por el Representante Especial Adjunto Interino del Secretario General, Sr. Gani Are, acompa\u00f1ado por autoridades del Sector Central de la Misi\u00f3n MONUSCO.<\/p>\n\n\n\n<div style=\"height:22px\" aria-hidden=\"true\" class=\"wp-block-spacer\"><\/div>\n\n\n\n<figure class=\"wp-block-image size-large\"><img loading=\"lazy\" decoding=\"async\" width=\"1024\" height=\"683\" src=\"https:\/\/www.ejercito.mil.uy\/wp-content\/uploads\/2026\/09\/RDC-Relevo-Comando-1024x683.jpg\" alt=\"\" class=\"wp-image-63900\" srcset=\"https:\/\/www.ejercito.mil.uy\/wp-content\/uploads\/2026\/09\/RDC-Relevo-Comando-1024x683.jpg 1024w, https:\/\/www.ejercito.mil.uy\/wp-content\/uploads\/2026\/09\/RDC-Relevo-Comando-300x200.jpg 300w, https:\/\/www.ejercito.mil.uy\/wp-content\/uploads\/2026\/09\/RDC-Relevo-Comando-768x512.jpg 768w, https:\/\/www.ejercito.mil.uy\/wp-content\/uploads\/2026\/09\/RDC-Relevo-Comando.jpg 1200w\" sizes=\"auto, (max-width: 1024px) 100vw, 1024px\" \/><\/figure>\n\n\n\n<div style=\"height:22px\" aria-hidden=\"true\" class=\"wp-block-spacer\"><\/div>\n\n\n\n<p class=\"has-black-color has-text-color has-link-color wp-elements-3 wp-block-paragraph\" style=\"font-size:14px\">El <strong>Cnel. Math\u00edas Cap\u00f3<\/strong> asumi\u00f3 como Comandante del Contingente Nacional y Jefe del Batall\u00f3n \u00abUruguay IV\u00bb y el <strong>Cnel. Rodolfo Ram\u00edrez<\/strong> como 2\u00ba Jefe del Batall\u00f3n.<\/p>\n\n\n\n<div style=\"height:22px\" aria-hidden=\"true\" class=\"wp-block-spacer\"><\/div>\n\n\n\n<figure class=\"wp-block-gallery has-nested-images columns-default is-cropped wp-block-gallery-1 is-layout-flex wp-block-gallery-is-layout-flex\">\n<figure class=\"wp-block-image size-large\"><img loading=\"lazy\" decoding=\"async\" width=\"1024\" height=\"683\" data-id=\"63892\" src=\"https:\/\/www.ejercito.mil.uy\/wp-content\/uploads\/2026\/09\/RDC-Relevo-Comando-8-1024x683.jpg\" alt=\"\" class=\"wp-image-63892\" srcset=\"https:\/\/www.ejercito.mil.uy\/wp-content\/uploads\/2026\/09\/RDC-Relevo-Comando-8-1024x683.jpg 1024w, https:\/\/www.ejercito.mil.uy\/wp-content\/uploads\/2026\/09\/RDC-Relevo-Comando-8-300x200.jpg 300w, https:\/\/www.ejercito.mil.uy\/wp-content\/uploads\/2026\/09\/RDC-Relevo-Comando-8.jpg 1200w\" sizes=\"auto, (max-width: 1024px) 100vw, 1024px\" \/><\/figure>\n\n\n\n<figure class=\"wp-block-image size-large\"><img loading=\"lazy\" decoding=\"async\" width=\"1024\" height=\"683\" data-id=\"63903\" src=\"https:\/\/www.ejercito.mil.uy\/wp-content\/uploads\/2026\/09\/RDC-Relevo-Comando-5-1024x683.jpg\" alt=\"\" class=\"wp-image-63903\" srcset=\"https:\/\/www.ejercito.mil.uy\/wp-content\/uploads\/2026\/09\/RDC-Relevo-Comando-5-1024x683.jpg 1024w, https:\/\/www.ejercito.mil.uy\/wp-content\/uploads\/2026\/09\/RDC-Relevo-Comando-5-300x200.jpg 300w, https:\/\/www.ejercito.mil.uy\/wp-content\/uploads\/2026\/09\/RDC-Relevo-Comando-5-768x512.jpg 768w, https:\/\/www.ejercito.mil.uy\/wp-content\/uploads\/2026\/09\/RDC-Relevo-Comando-5.jpg 1200w\" sizes=\"auto, (max-width: 1024px) 100vw, 1024px\" \/><\/figure>\n<\/figure>\n\n\n\n<div style=\"height:22px\" aria-hidden=\"true\" class=\"wp-block-spacer\"><\/div>\n\n\n\n<p class=\"has-black-color has-text-color has-link-color wp-elements-4 wp-block-paragraph\" style=\"font-size:14px\">Este acontecimiento constituye un nuevo hito en la historia del Uruguay en el continente africano, donde mantiene, desde hace 25 a\u00f1os, una presencia comprometida con las operaciones de mantenimiento de la paz. A lo largo de este per\u00edodo, los diferentes Comandos de Unidad han asumido la responsabilidad de aportar sus capacidades y profesionalismo, contribuyendo al esfuerzo internacional por la paz y la seguridad en estas tierras.<\/p>\n\n\n\n<div style=\"height:22px\" aria-hidden=\"true\" class=\"wp-block-spacer\"><\/div>\n\n\n\n<figure class=\"wp-block-gallery has-nested-images columns-default is-cropped wp-block-gallery-2 is-layout-flex wp-block-gallery-is-layout-flex\">\n<figure class=\"wp-block-image size-large\"><img loading=\"lazy\" decoding=\"async\" width=\"1024\" height=\"683\" data-id=\"63910\" src=\"https:\/\/www.ejercito.mil.uy\/wp-content\/uploads\/2026\/09\/RDC-Relevo-Comando-4-1024x683.jpg\" alt=\"\" class=\"wp-image-63910\" srcset=\"https:\/\/www.ejercito.mil.uy\/wp-content\/uploads\/2026\/09\/RDC-Relevo-Comando-4-1024x683.jpg 1024w, https:\/\/www.ejercito.mil.uy\/wp-content\/uploads\/2026\/09\/RDC-Relevo-Comando-4-300x200.jpg 300w, https:\/\/www.ejercito.mil.uy\/wp-content\/uploads\/2026\/09\/RDC-Relevo-Comando-4-768x512.jpg 768w, https:\/\/www.ejercito.mil.uy\/wp-content\/uploads\/2026\/09\/RDC-Relevo-Comando-4.jpg 1200w\" sizes=\"auto, (max-width: 1024px) 100vw, 1024px\" \/><\/figure>\n\n\n\n<figure class=\"wp-block-image size-large\"><img loading=\"lazy\" decoding=\"async\" width=\"1024\" height=\"683\" data-id=\"63908\" src=\"https:\/\/www.ejercito.mil.uy\/wp-content\/uploads\/2026\/09\/RDC-Relevo-Comando-2-1024x683.jpg\" alt=\"\" class=\"wp-image-63908\" srcset=\"https:\/\/www.ejercito.mil.uy\/wp-content\/uploads\/2026\/09\/RDC-Relevo-Comando-2-1024x683.jpg 1024w, https:\/\/www.ejercito.mil.uy\/wp-content\/uploads\/2026\/09\/RDC-Relevo-Comando-2-300x200.jpg 300w, https:\/\/www.ejercito.mil.uy\/wp-content\/uploads\/2026\/09\/RDC-Relevo-Comando-2-768x512.jpg 768w, https:\/\/www.ejercito.mil.uy\/wp-content\/uploads\/2026\/09\/RDC-Relevo-Comando-2.jpg 1200w\" sizes=\"auto, (max-width: 1024px) 100vw, 1024px\" \/><\/figure>\n<\/figure>\n\n\n\n<div style=\"height:22px\" aria-hidden=\"true\" class=\"wp-block-spacer\"><\/div>\n\n\n\n<p class=\"has-black-color has-text-color has-link-color wp-elements-5 wp-block-paragraph\" style=\"font-size:14px\">Durante el acto, se procedi\u00f3 a realizar el relevo de los Pabellones de Guerra del URUBATT. Posteriormente, el Jefe entrante hizo uso de la palabra, reafirmando el compromiso del pa\u00eds y del Ej\u00e9rcito Nacional con la paz mundial.<\/p>\n\n\n\n<div style=\"height:22px\" aria-hidden=\"true\" class=\"wp-block-spacer\"><\/div>\n\n\n\n<div class=\"wp-block-columns is-layout-flex wp-container-core-columns-is-layout-7387b849 wp-block-columns-is-layout-flex\">\n<div class=\"wp-block-column is-layout-flow wp-block-column-is-layout-flow\">\n<figure class=\"wp-block-gallery has-nested-images columns-default is-cropped wp-block-gallery-3 is-layout-flex wp-block-gallery-is-layout-flex\">\n<figure class=\"wp-block-image size-large\"><img loading=\"lazy\" decoding=\"async\" width=\"1024\" height=\"683\" data-id=\"63913\" src=\"https:\/\/www.ejercito.mil.uy\/wp-content\/uploads\/2026\/09\/RDC-Relevo-Comando-12-1024x683.jpg\" alt=\"\" class=\"wp-image-63913\" srcset=\"https:\/\/www.ejercito.mil.uy\/wp-content\/uploads\/2026\/09\/RDC-Relevo-Comando-12-1024x683.jpg 1024w, https:\/\/www.ejercito.mil.uy\/wp-content\/uploads\/2026\/09\/RDC-Relevo-Comando-12-300x200.jpg 300w, https:\/\/www.ejercito.mil.uy\/wp-content\/uploads\/2026\/09\/RDC-Relevo-Comando-12-768x512.jpg 768w, https:\/\/www.ejercito.mil.uy\/wp-content\/uploads\/2026\/09\/RDC-Relevo-Comando-12.jpg 1200w\" sizes=\"auto, (max-width: 1024px) 100vw, 1024px\" \/><\/figure>\n\n\n\n<figure class=\"wp-block-image size-large\"><img loading=\"lazy\" decoding=\"async\" width=\"1024\" height=\"683\" data-id=\"63893\" src=\"https:\/\/www.ejercito.mil.uy\/wp-content\/uploads\/2026\/09\/RDC-Relevo-Comando-3-1024x683.jpg\" alt=\"\" class=\"wp-image-63893\" srcset=\"https:\/\/www.ejercito.mil.uy\/wp-content\/uploads\/2026\/09\/RDC-Relevo-Comando-3-1024x683.jpg 1024w, https:\/\/www.ejercito.mil.uy\/wp-content\/uploads\/2026\/09\/RDC-Relevo-Comando-3-300x200.jpg 300w, https:\/\/www.ejercito.mil.uy\/wp-content\/uploads\/2026\/09\/RDC-Relevo-Comando-3-768x512.jpg 768w, https:\/\/www.ejercito.mil.uy\/wp-content\/uploads\/2026\/09\/RDC-Relevo-Comando-3.jpg 1200w\" sizes=\"auto, (max-width: 1024px) 100vw, 1024px\" \/><\/figure>\n\n\n\n<figure class=\"wp-block-image size-large\"><img loading=\"lazy\" decoding=\"async\" width=\"1024\" height=\"683\" data-id=\"63894\" src=\"https:\/\/www.ejercito.mil.uy\/wp-content\/uploads\/2026\/09\/RDC-Relevo-Comando-7-1024x683.jpg\" alt=\"\" class=\"wp-image-63894\" srcset=\"https:\/\/www.ejercito.mil.uy\/wp-content\/uploads\/2026\/09\/RDC-Relevo-Comando-7-1024x683.jpg 1024w, https:\/\/www.ejercito.mil.uy\/wp-content\/uploads\/2026\/09\/RDC-Relevo-Comando-7-300x200.jpg 300w, https:\/\/www.ejercito.mil.uy\/wp-content\/uploads\/2026\/09\/RDC-Relevo-Comando-7-768x512.jpg 768w, https:\/\/www.ejercito.mil.uy\/wp-content\/uploads\/2026\/09\/RDC-Relevo-Comando-7.jpg 1200w\" sizes=\"auto, (max-width: 1024px) 100vw, 1024px\" \/><\/figure>\n<\/figure>\n<\/div>\n<\/div>\n\n\n\n<div style=\"height:22px\" aria-hidden=\"true\" class=\"wp-block-spacer\"><\/div>\n\n\n\n<p class=\"has-black-color has-text-color has-link-color wp-elements-6 wp-block-paragraph\" style=\"font-size:14px\">Asimismo, se agradeci\u00f3 al Comando saliente, en la figura del Cnel. Julio Gim\u00e9nez y de su 2\u00ba Jefe, Cnel. Roberto Wenzel, por la excelente gesti\u00f3n realizada. <\/p>\n\n\n\n<div style=\"height:22px\" aria-hidden=\"true\" class=\"wp-block-spacer\"><\/div>\n\n\n\n<p class=\"has-black-color has-text-color has-link-color wp-elements-7 wp-block-paragraph\" style=\"font-size:14px\">Para finalizar, la Fuerza de Parada desfil\u00f3 rindiendo honores a las autoridades presentes, entonando la Marcha del Ej\u00e9rcito.<\/p>\n\n\n\n<div style=\"height:22px\" aria-hidden=\"true\" class=\"wp-block-spacer\"><\/div>\n\n\n\n<div class=\"wp-block-columns is-layout-flex wp-container-core-columns-is-layout-7387b849 wp-block-columns-is-layout-flex\">\n<div class=\"wp-block-column is-layout-flow wp-block-column-is-layout-flow\">\n<figure class=\"wp-block-image size-large\"><img loading=\"lazy\" decoding=\"async\" width=\"1024\" height=\"683\" src=\"https:\/\/www.ejercito.mil.uy\/wp-content\/uploads\/2026\/09\/RDC-Relevo-Comando-11-1024x683.jpg\" alt=\"\" class=\"wp-image-63898\" srcset=\"https:\/\/www.ejercito.mil.uy\/wp-content\/uploads\/2026\/09\/RDC-Relevo-Comando-11-1024x683.jpg 1024w, https:\/\/www.ejercito.mil.uy\/wp-content\/uploads\/2026\/09\/RDC-Relevo-Comando-11-300x200.jpg 300w, https:\/\/www.ejercito.mil.uy\/wp-content\/uploads\/2026\/09\/RDC-Relevo-Comando-11-768x512.jpg 768w, https:\/\/www.ejercito.mil.uy\/wp-content\/uploads\/2026\/09\/RDC-Relevo-Comando-11.jpg 1200w\" sizes=\"auto, (max-width: 1024px) 100vw, 1024px\" \/><\/figure>\n<\/div>\n\n\n\n<div class=\"wp-block-column is-layout-flow wp-block-column-is-layout-flow\">\n<figure class=\"wp-block-image size-large\"><img loading=\"lazy\" decoding=\"async\" width=\"1024\" height=\"683\" src=\"https:\/\/www.ejercito.mil.uy\/wp-content\/uploads\/2026\/09\/RDC-Relevo-Comando-9-1024x683.jpg\" alt=\"\" class=\"wp-image-63896\" srcset=\"https:\/\/www.ejercito.mil.uy\/wp-content\/uploads\/2026\/09\/RDC-Relevo-Comando-9-1024x683.jpg 1024w, https:\/\/www.ejercito.mil.uy\/wp-content\/uploads\/2026\/09\/RDC-Relevo-Comando-9-300x200.jpg 300w, https:\/\/www.ejercito.mil.uy\/wp-content\/uploads\/2026\/09\/RDC-Relevo-Comando-9-768x512.jpg 768w, https:\/\/www.ejercito.mil.uy\/wp-content\/uploads\/2026\/09\/RDC-Relevo-Comando-9.jpg 1200w\" sizes=\"auto, (max-width: 1024px) 100vw, 1024px\" \/><\/figure>\n<\/div>\n\n\n\n<div class=\"wp-block-column is-layout-flow wp-block-column-is-layout-flow\">\n<figure class=\"wp-block-image size-large\"><img loading=\"lazy\" decoding=\"async\" width=\"1024\" height=\"683\" src=\"https:\/\/www.ejercito.mil.uy\/wp-content\/uploads\/2026\/09\/RDC-Relevo-Comando-10-1024x683.jpg\" alt=\"\" class=\"wp-image-63897\" srcset=\"https:\/\/www.ejercito.mil.uy\/wp-content\/uploads\/2026\/09\/RDC-Relevo-Comando-10-1024x683.jpg 1024w, https:\/\/www.ejercito.mil.uy\/wp-content\/uploads\/2026\/09\/RDC-Relevo-Comando-10-300x200.jpg 300w, https:\/\/www.ejercito.mil.uy\/wp-content\/uploads\/2026\/09\/RDC-Relevo-Comando-10-768x512.jpg 768w, https:\/\/www.ejercito.mil.uy\/wp-content\/uploads\/2026\/09\/RDC-Relevo-Comando-10.jpg 1200w\" sizes=\"auto, (max-width: 1024px) 100vw, 1024px\" \/><\/figure>\n<\/div>\n<\/div>\n","protected":false},"excerpt":{"rendered":"<p>01.09.2026 &#8211; El Cnel. Math\u00edas Cap\u00f3 asumi\u00f3 como nuevo Cte. del Contingente Nacional y Jefe del Batall\u00f3n \u00abUruguay IV\u00bb, mientras que el Cnel. Rodolfo Ram\u00edrez como 2\u00ba Jefe del URUBATT. <\/p>\n","protected":false},"author":14,"featured_media":63902,"comment_status":"open","ping_status":"open","sticky":false,"template":"","format":"standard","meta":{"_coblocks_attr":"","_coblocks_dimensions":"","_coblocks_responsive_height":"","_coblocks_accordion_ie_support":"","_monsterinsights_skip_tracking":false,"_uf_show_specific_survey":0,"_uf_disable_surveys":false,"footnotes":""},"categories":[2,10,237,14,1],"tags":[2466,258,44,1030,825,132,818,63,19,62,67,31,652,726],"class_list":["post-63861","post","type-post","status-publish","format-standard","has-post-thumbnail","hentry","category-blog","category-destacados","category-misiones","category-noticias","category-sin-categoria","tag-2-jefe","tag-batallon","tag-ceremonia","tag-comando","tag-contingente","tag-goma","tag-jefe","tag-mision","tag-mop","tag-paz","tag-peacekeeper","tag-rdcongo","tag-relevo","tag-urubatt"],"aioseo_notices":[],"aioseo_head":"\n\t\t<!-- All in One SEO 5.0.1.1 - aioseo.com -->\n\t<meta name=\"description\" content=\"01.09.2026 - El Cnel. Math\u00edas Cap\u00f3 asumi\u00f3 como nuevo Cte. del Contingente Nacional y Jefe del Batall\u00f3n &quot;Uruguay IV&quot;, mientras que el Cnel. Rodolfo Ram\u00edrez como 2\u00ba Jefe del URUBATT.\" \/>\n\t<meta name=\"robots\" content=\"max-image-preview:large\" \/>\n\t<meta name=\"author\" content=\"Johann Novak\"\/>\n\t<link rel=\"canonical\" href=\"https:\/\/www.ejercito.mil.uy\/index.php\/2026\/09\/01\/relevo-del-comando-del-batallon-uruguay-iv-en-la-republica-democratica-del-congo\/\" \/>\n\t<meta name=\"generator\" content=\"All in One SEO (AIOSEO) 5.0.1.1\" \/>\n\t\t<meta property=\"og:locale\" content=\"es_ES\" \/>\n\t\t<meta property=\"og:site_name\" content=\"Ej\u00e9rcito Nacional - La Fuerza de todos\" \/>\n\t\t<meta property=\"og:type\" content=\"article\" \/>\n\t\t<meta property=\"og:title\" content=\"Relevo del Comando del Batall\u00f3n \u00abUruguay IV\u00bb en la Rep\u00fablica Democr\u00e1tica del Congo - Ej\u00e9rcito Nacional\" \/>\n\t\t<meta property=\"og:description\" content=\"01.09.2026 - El Cnel. Math\u00edas Cap\u00f3 asumi\u00f3 como nuevo Cte. del Contingente Nacional y Jefe del Batall\u00f3n &quot;Uruguay IV&quot;, mientras que el Cnel. Rodolfo Ram\u00edrez como 2\u00ba Jefe del URUBATT.\" \/>\n\t\t<meta property=\"og:url\" content=\"https:\/\/www.ejercito.mil.uy\/index.php\/2026\/09\/01\/relevo-del-comando-del-batallon-uruguay-iv-en-la-republica-democratica-del-congo\/\" \/>\n\t\t<meta property=\"og:image\" content=\"https:\/\/www.ejercito.mil.uy\/wp-content\/uploads\/2022\/01\/Escudo_EN_URUGUAY.png\" \/>\n\t\t<meta property=\"og:image:secure_url\" content=\"https:\/\/www.ejercito.mil.uy\/wp-content\/uploads\/2022\/01\/Escudo_EN_URUGUAY.png\" \/>\n\t\t<meta property=\"og:image:width\" content=\"134\" \/>\n\t\t<meta property=\"og:image:height\" content=\"119\" \/>\n\t\t<meta property=\"article:published_time\" content=\"2026-09-01T15:31:39+00:00\" \/>\n\t\t<meta property=\"article:modified_time\" content=\"2026-09-01T23:57:04+00:00\" \/>\n\t\t<meta name=\"twitter:card\" content=\"summary_large_image\" \/>\n\t\t<meta name=\"twitter:title\" content=\"Relevo del Comando del Batall\u00f3n \u00abUruguay IV\u00bb en la Rep\u00fablica Democr\u00e1tica del Congo - Ej\u00e9rcito Nacional\" \/>\n\t\t<meta name=\"twitter:description\" content=\"01.09.2026 - El Cnel. Math\u00edas Cap\u00f3 asumi\u00f3 como nuevo Cte. del Contingente Nacional y Jefe del Batall\u00f3n &quot;Uruguay IV&quot;, mientras que el Cnel. Rodolfo Ram\u00edrez como 2\u00ba Jefe del URUBATT.\" \/>\n\t\t<meta name=\"twitter:image\" content=\"https:\/\/www.ejercito.mil.uy\/wp-content\/uploads\/2022\/01\/Escudo_EN_URUGUAY.png\" \/>\n\t\t<script type=\"application\/ld+json\" class=\"aioseo-schema\">\n\t\t\t{\"@context\":\"https:\\\/\\\/schema.org\",\"@graph\":[{\"@type\":\"BlogPosting\",\"@id\":\"https:\\\/\\\/www.ejercito.mil.uy\\\/index.php\\\/2026\\\/09\\\/01\\\/relevo-del-comando-del-batallon-uruguay-iv-en-la-republica-democratica-del-congo\\\/#blogposting\",\"name\":\"Relevo del Comando del Batall\\u00f3n \\u00abUruguay IV\\u00bb en la Rep\\u00fablica Democr\\u00e1tica del Congo - Ej\\u00e9rcito Nacional\",\"headline\":\"Relevo del Comando del Batall\\u00f3n \\u00abUruguay IV\\u00bb en la Rep\\u00fablica Democr\\u00e1tica del Congo\",\"author\":{\"@id\":\"https:\\\/\\\/www.ejercito.mil.uy\\\/index.php\\\/author\\\/jnovak\\\/#author\"},\"publisher\":{\"@id\":\"https:\\\/\\\/www.ejercito.mil.uy\\\/#organization\"},\"image\":{\"@type\":\"ImageObject\",\"url\":\"https:\\\/\\\/www.ejercito.mil.uy\\\/wp-content\\\/uploads\\\/2026\\\/09\\\/RDC-Relevo-Comando-6.jpg\",\"width\":1200,\"height\":800},\"datePublished\":\"2026-09-01T12:31:39-03:00\",\"dateModified\":\"2026-09-01T20:57:04-03:00\",\"inLanguage\":\"es-UY\",\"mainEntityOfPage\":{\"@id\":\"https:\\\/\\\/www.ejercito.mil.uy\\\/index.php\\\/2026\\\/09\\\/01\\\/relevo-del-comando-del-batallon-uruguay-iv-en-la-republica-democratica-del-congo\\\/#webpage\"},\"isPartOf\":{\"@id\":\"https:\\\/\\\/www.ejercito.mil.uy\\\/index.php\\\/2026\\\/09\\\/01\\\/relevo-del-comando-del-batallon-uruguay-iv-en-la-republica-democratica-del-congo\\\/#webpage\"},\"articleSection\":\"Blog, Destacados, MOP, Noticias, Sin categor\\u00eda, 2\\u00b0 Jefe, Batall\\u00f3n, Ceremonia, comando, contingente, Goma, jefe, misi\\u00f3n, MOP, paz, peacekeeper, RDCongo, relevo, urubatt\"},{\"@type\":\"BreadcrumbList\",\"@id\":\"https:\\\/\\\/www.ejercito.mil.uy\\\/index.php\\\/2026\\\/09\\\/01\\\/relevo-del-comando-del-batallon-uruguay-iv-en-la-republica-democratica-del-congo\\\/#breadcrumblist\",\"itemListElement\":[{\"@type\":\"ListItem\",\"@id\":\"https:\\\/\\\/www.ejercito.mil.uy#listItem\",\"position\":1,\"name\":\"Home\",\"item\":\"https:\\\/\\\/www.ejercito.mil.uy\",\"nextItem\":{\"@type\":\"ListItem\",\"@id\":\"https:\\\/\\\/www.ejercito.mil.uy\\\/index.php\\\/category\\\/destacados\\\/#listItem\",\"name\":\"Destacados\"}},{\"@type\":\"ListItem\",\"@id\":\"https:\\\/\\\/www.ejercito.mil.uy\\\/index.php\\\/category\\\/destacados\\\/#listItem\",\"position\":2,\"name\":\"Destacados\",\"item\":\"https:\\\/\\\/www.ejercito.mil.uy\\\/index.php\\\/category\\\/destacados\\\/\",\"nextItem\":{\"@type\":\"ListItem\",\"@id\":\"https:\\\/\\\/www.ejercito.mil.uy\\\/index.php\\\/category\\\/destacados\\\/noticias\\\/#listItem\",\"name\":\"Noticias\"},\"previousItem\":{\"@type\":\"ListItem\",\"@id\":\"https:\\\/\\\/www.ejercito.mil.uy#listItem\",\"name\":\"Home\"}},{\"@type\":\"ListItem\",\"@id\":\"https:\\\/\\\/www.ejercito.mil.uy\\\/index.php\\\/category\\\/destacados\\\/noticias\\\/#listItem\",\"position\":3,\"name\":\"Noticias\",\"item\":\"https:\\\/\\\/www.ejercito.mil.uy\\\/index.php\\\/category\\\/destacados\\\/noticias\\\/\",\"nextItem\":{\"@type\":\"ListItem\",\"@id\":\"https:\\\/\\\/www.ejercito.mil.uy\\\/index.php\\\/2026\\\/09\\\/01\\\/relevo-del-comando-del-batallon-uruguay-iv-en-la-republica-democratica-del-congo\\\/#listItem\",\"name\":\"Relevo del Comando del Batall\\u00f3n \\u00abUruguay IV\\u00bb en la Rep\\u00fablica Democr\\u00e1tica del Congo\"},\"previousItem\":{\"@type\":\"ListItem\",\"@id\":\"https:\\\/\\\/www.ejercito.mil.uy\\\/index.php\\\/category\\\/destacados\\\/#listItem\",\"name\":\"Destacados\"}},{\"@type\":\"ListItem\",\"@id\":\"https:\\\/\\\/www.ejercito.mil.uy\\\/index.php\\\/2026\\\/09\\\/01\\\/relevo-del-comando-del-batallon-uruguay-iv-en-la-republica-democratica-del-congo\\\/#listItem\",\"position\":4,\"name\":\"Relevo del Comando del Batall\\u00f3n \\u00abUruguay IV\\u00bb en la Rep\\u00fablica Democr\\u00e1tica del Congo\",\"previousItem\":{\"@type\":\"ListItem\",\"@id\":\"https:\\\/\\\/www.ejercito.mil.uy\\\/index.php\\\/category\\\/destacados\\\/noticias\\\/#listItem\",\"name\":\"Noticias\"}}]},{\"@type\":\"Organization\",\"@id\":\"https:\\\/\\\/www.ejercito.mil.uy\\\/#organization\",\"name\":\"Ej\\u00e9rcito Nacional\",\"description\":\"La Fuerza de todos\",\"url\":\"https:\\\/\\\/www.ejercito.mil.uy\\\/\",\"logo\":{\"@type\":\"ImageObject\",\"url\":\"https:\\\/\\\/www.ejercito.mil.uy\\\/wp-content\\\/uploads\\\/2022\\\/01\\\/Escudo_EN_URUGUAY.png\",\"@id\":\"https:\\\/\\\/www.ejercito.mil.uy\\\/index.php\\\/2026\\\/09\\\/01\\\/relevo-del-comando-del-batallon-uruguay-iv-en-la-republica-democratica-del-congo\\\/#organizationLogo\",\"width\":134,\"height\":119},\"image\":{\"@id\":\"https:\\\/\\\/www.ejercito.mil.uy\\\/index.php\\\/2026\\\/09\\\/01\\\/relevo-del-comando-del-batallon-uruguay-iv-en-la-republica-democratica-del-congo\\\/#organizationLogo\"}},{\"@type\":\"Person\",\"@id\":\"https:\\\/\\\/www.ejercito.mil.uy\\\/index.php\\\/author\\\/jnovak\\\/#author\",\"url\":\"https:\\\/\\\/www.ejercito.mil.uy\\\/index.php\\\/author\\\/jnovak\\\/\",\"name\":\"Johann Novak\",\"image\":{\"@type\":\"ImageObject\",\"@id\":\"https:\\\/\\\/www.ejercito.mil.uy\\\/index.php\\\/2026\\\/09\\\/01\\\/relevo-del-comando-del-batallon-uruguay-iv-en-la-republica-democratica-del-congo\\\/#authorImage\",\"url\":\"https:\\\/\\\/secure.gravatar.com\\\/avatar\\\/a2179469edb0255a31906ba75adbde3c8cec60a111c3516b4d339099af28227c?s=96&d=mm&r=g\",\"width\":96,\"height\":96,\"caption\":\"Johann Novak\"}},{\"@type\":\"WebPage\",\"@id\":\"https:\\\/\\\/www.ejercito.mil.uy\\\/index.php\\\/2026\\\/09\\\/01\\\/relevo-del-comando-del-batallon-uruguay-iv-en-la-republica-democratica-del-congo\\\/#webpage\",\"url\":\"https:\\\/\\\/www.ejercito.mil.uy\\\/index.php\\\/2026\\\/09\\\/01\\\/relevo-del-comando-del-batallon-uruguay-iv-en-la-republica-democratica-del-congo\\\/\",\"name\":\"Relevo del Comando del Batall\\u00f3n \\u00abUruguay IV\\u00bb en la Rep\\u00fablica Democr\\u00e1tica del Congo - Ej\\u00e9rcito Nacional\",\"description\":\"01.09.2026 - El Cnel. Math\\u00edas Cap\\u00f3 asumi\\u00f3 como nuevo Cte. del Contingente Nacional y Jefe del Batall\\u00f3n \\\"Uruguay IV\\\", mientras que el Cnel. Rodolfo Ram\\u00edrez como 2\\u00ba Jefe del URUBATT.\",\"inLanguage\":\"es-UY\",\"isPartOf\":{\"@id\":\"https:\\\/\\\/www.ejercito.mil.uy\\\/#website\"},\"breadcrumb\":{\"@id\":\"https:\\\/\\\/www.ejercito.mil.uy\\\/index.php\\\/2026\\\/09\\\/01\\\/relevo-del-comando-del-batallon-uruguay-iv-en-la-republica-democratica-del-congo\\\/#breadcrumblist\"},\"author\":{\"@id\":\"https:\\\/\\\/www.ejercito.mil.uy\\\/index.php\\\/author\\\/jnovak\\\/#author\"},\"creator\":{\"@id\":\"https:\\\/\\\/www.ejercito.mil.uy\\\/index.php\\\/author\\\/jnovak\\\/#author\"},\"image\":{\"@type\":\"ImageObject\",\"url\":\"https:\\\/\\\/www.ejercito.mil.uy\\\/wp-content\\\/uploads\\\/2026\\\/09\\\/RDC-Relevo-Comando-6.jpg\",\"@id\":\"https:\\\/\\\/www.ejercito.mil.uy\\\/index.php\\\/2026\\\/09\\\/01\\\/relevo-del-comando-del-batallon-uruguay-iv-en-la-republica-democratica-del-congo\\\/#mainImage\",\"width\":1200,\"height\":800},\"primaryImageOfPage\":{\"@id\":\"https:\\\/\\\/www.ejercito.mil.uy\\\/index.php\\\/2026\\\/09\\\/01\\\/relevo-del-comando-del-batallon-uruguay-iv-en-la-republica-democratica-del-congo\\\/#mainImage\"},\"datePublished\":\"2026-09-01T12:31:39-03:00\",\"dateModified\":\"2026-09-01T20:57:04-03:00\"},{\"@type\":\"WebSite\",\"@id\":\"https:\\\/\\\/www.ejercito.mil.uy\\\/#website\",\"url\":\"https:\\\/\\\/www.ejercito.mil.uy\\\/\",\"name\":\"Ej\\u00e9rcito Nacional\",\"description\":\"La Fuerza de todos\",\"inLanguage\":\"es-UY\",\"publisher\":{\"@id\":\"https:\\\/\\\/www.ejercito.mil.uy\\\/#organization\"}}]}\n\t\t<\/script>\n\t\t<!-- All in One SEO -->\n\n","aioseo_head_json":{"title":"Relevo del Comando del Batall\u00f3n \u00abUruguay IV\u00bb en la Rep\u00fablica Democr\u00e1tica del Congo - Ej\u00e9rcito Nacional","description":"01.09.2026 - El Cnel. Math\u00edas Cap\u00f3 asumi\u00f3 como nuevo Cte. del Contingente Nacional y Jefe del Batall\u00f3n \"Uruguay IV\", mientras que el Cnel. Rodolfo Ram\u00edrez como 2\u00ba Jefe del URUBATT.","canonical_url":"https:\/\/www.ejercito.mil.uy\/index.php\/2026\/09\/01\/relevo-del-comando-del-batallon-uruguay-iv-en-la-republica-democratica-del-congo\/","robots":"max-image-preview:large","keywords":"","webmasterTools":{"miscellaneous":""},"schema":{"@context":"https:\/\/schema.org","@graph":[{"@type":"BlogPosting","@id":"https:\/\/www.ejercito.mil.uy\/index.php\/2026\/09\/01\/relevo-del-comando-del-batallon-uruguay-iv-en-la-republica-democratica-del-congo\/#blogposting","name":"Relevo del Comando del Batall\u00f3n \u00abUruguay IV\u00bb en la Rep\u00fablica Democr\u00e1tica del Congo - Ej\u00e9rcito Nacional","headline":"Relevo del Comando del Batall\u00f3n \u00abUruguay IV\u00bb en la Rep\u00fablica Democr\u00e1tica del Congo","author":{"@id":"https:\/\/www.ejercito.mil.uy\/index.php\/author\/jnovak\/#author"},"publisher":{"@id":"https:\/\/www.ejercito.mil.uy\/#organization"},"image":{"@type":"ImageObject","url":"https:\/\/www.ejercito.mil.uy\/wp-content\/uploads\/2026\/09\/RDC-Relevo-Comando-6.jpg","width":1200,"height":800},"datePublished":"2026-09-01T12:31:39-03:00","dateModified":"2026-09-01T20:57:04-03:00","inLanguage":"es-UY","mainEntityOfPage":{"@id":"https:\/\/www.ejercito.mil.uy\/index.php\/2026\/09\/01\/relevo-del-comando-del-batallon-uruguay-iv-en-la-republica-democratica-del-congo\/#webpage"},"isPartOf":{"@id":"https:\/\/www.ejercito.mil.uy\/index.php\/2026\/09\/01\/relevo-del-comando-del-batallon-uruguay-iv-en-la-republica-democratica-del-congo\/#webpage"},"articleSection":"Blog, Destacados, MOP, Noticias, Sin categor\u00eda, 2\u00b0 Jefe, Batall\u00f3n, Ceremonia, comando, contingente, Goma, jefe, misi\u00f3n, MOP, paz, peacekeeper, RDCongo, relevo, urubatt"},{"@type":"BreadcrumbList","@id":"https:\/\/www.ejercito.mil.uy\/index.php\/2026\/09\/01\/relevo-del-comando-del-batallon-uruguay-iv-en-la-republica-democratica-del-congo\/#breadcrumblist","itemListElement":[{"@type":"ListItem","@id":"https:\/\/www.ejercito.mil.uy#listItem","position":1,"name":"Home","item":"https:\/\/www.ejercito.mil.uy","nextItem":{"@type":"ListItem","@id":"https:\/\/www.ejercito.mil.uy\/index.php\/category\/destacados\/#listItem","name":"Destacados"}},{"@type":"ListItem","@id":"https:\/\/www.ejercito.mil.uy\/index.php\/category\/destacados\/#listItem","position":2,"name":"Destacados","item":"https:\/\/www.ejercito.mil.uy\/index.php\/category\/destacados\/","nextItem":{"@type":"ListItem","@id":"https:\/\/www.ejercito.mil.uy\/index.php\/category\/destacados\/noticias\/#listItem","name":"Noticias"},"previousItem":{"@type":"ListItem","@id":"https:\/\/www.ejercito.mil.uy#listItem","name":"Home"}},{"@type":"ListItem","@id":"https:\/\/www.ejercito.mil.uy\/index.php\/category\/destacados\/noticias\/#listItem","position":3,"name":"Noticias","item":"https:\/\/www.ejercito.mil.uy\/index.php\/category\/destacados\/noticias\/","nextItem":{"@type":"ListItem","@id":"https:\/\/www.ejercito.mil.uy\/index.php\/2026\/09\/01\/relevo-del-comando-del-batallon-uruguay-iv-en-la-republica-democratica-del-congo\/#listItem","name":"Relevo del Comando del Batall\u00f3n \u00abUruguay IV\u00bb en la Rep\u00fablica Democr\u00e1tica del Congo"},"previousItem":{"@type":"ListItem","@id":"https:\/\/www.ejercito.mil.uy\/index.php\/category\/destacados\/#listItem","name":"Destacados"}},{"@type":"ListItem","@id":"https:\/\/www.ejercito.mil.uy\/index.php\/2026\/09\/01\/relevo-del-comando-del-batallon-uruguay-iv-en-la-republica-democratica-del-congo\/#listItem","position":4,"name":"Relevo del Comando del Batall\u00f3n \u00abUruguay IV\u00bb en la Rep\u00fablica Democr\u00e1tica del Congo","previousItem":{"@type":"ListItem","@id":"https:\/\/www.ejercito.mil.uy\/index.php\/category\/destacados\/noticias\/#listItem","name":"Noticias"}}]},{"@type":"Organization","@id":"https:\/\/www.ejercito.mil.uy\/#organization","name":"Ej\u00e9rcito Nacional","description":"La Fuerza de todos","url":"https:\/\/www.ejercito.mil.uy\/","logo":{"@type":"ImageObject","url":"https:\/\/www.ejercito.mil.uy\/wp-content\/uploads\/2022\/01\/Escudo_EN_URUGUAY.png","@id":"https:\/\/www.ejercito.mil.uy\/index.php\/2026\/09\/01\/relevo-del-comando-del-batallon-uruguay-iv-en-la-republica-democratica-del-congo\/#organizationLogo","width":134,"height":119},"image":{"@id":"https:\/\/www.ejercito.mil.uy\/index.php\/2026\/09\/01\/relevo-del-comando-del-batallon-uruguay-iv-en-la-republica-democratica-del-congo\/#organizationLogo"}},{"@type":"Person","@id":"https:\/\/www.ejercito.mil.uy\/index.php\/author\/jnovak\/#author","url":"https:\/\/www.ejercito.mil.uy\/index.php\/author\/jnovak\/","name":"Johann Novak","image":{"@type":"ImageObject","@id":"https:\/\/www.ejercito.mil.uy\/index.php\/2026\/09\/01\/relevo-del-comando-del-batallon-uruguay-iv-en-la-republica-democratica-del-congo\/#authorImage","url":"https:\/\/secure.gravatar.com\/avatar\/a2179469edb0255a31906ba75adbde3c8cec60a111c3516b4d339099af28227c?s=96&d=mm&r=g","width":96,"height":96,"caption":"Johann Novak"}},{"@type":"WebPage","@id":"https:\/\/www.ejercito.mil.uy\/index.php\/2026\/09\/01\/relevo-del-comando-del-batallon-uruguay-iv-en-la-republica-democratica-del-congo\/#webpage","url":"https:\/\/www.ejercito.mil.uy\/index.php\/2026\/09\/01\/relevo-del-comando-del-batallon-uruguay-iv-en-la-republica-democratica-del-congo\/","name":"Relevo del Comando del Batall\u00f3n \u00abUruguay IV\u00bb en la Rep\u00fablica Democr\u00e1tica del Congo - Ej\u00e9rcito Nacional","description":"01.09.2026 - El Cnel. Math\u00edas Cap\u00f3 asumi\u00f3 como nuevo Cte. del Contingente Nacional y Jefe del Batall\u00f3n \"Uruguay IV\", mientras que el Cnel. Rodolfo Ram\u00edrez como 2\u00ba Jefe del URUBATT.","inLanguage":"es-UY","isPartOf":{"@id":"https:\/\/www.ejercito.mil.uy\/#website"},"breadcrumb":{"@id":"https:\/\/www.ejercito.mil.uy\/index.php\/2026\/09\/01\/relevo-del-comando-del-batallon-uruguay-iv-en-la-republica-democratica-del-congo\/#breadcrumblist"},"author":{"@id":"https:\/\/www.ejercito.mil.uy\/index.php\/author\/jnovak\/#author"},"creator":{"@id":"https:\/\/www.ejercito.mil.uy\/index.php\/author\/jnovak\/#author"},"image":{"@type":"ImageObject","url":"https:\/\/www.ejercito.mil.uy\/wp-content\/uploads\/2026\/09\/RDC-Relevo-Comando-6.jpg","@id":"https:\/\/www.ejercito.mil.uy\/index.php\/2026\/09\/01\/relevo-del-comando-del-batallon-uruguay-iv-en-la-republica-democratica-del-congo\/#mainImage","width":1200,"height":800},"primaryImageOfPage":{"@id":"https:\/\/www.ejercito.mil.uy\/index.php\/2026\/09\/01\/relevo-del-comando-del-batallon-uruguay-iv-en-la-republica-democratica-del-congo\/#mainImage"},"datePublished":"2026-09-01T12:31:39-03:00","dateModified":"2026-09-01T20:57:04-03:00"},{"@type":"WebSite","@id":"https:\/\/www.ejercito.mil.uy\/#website","url":"https:\/\/www.ejercito.mil.uy\/","name":"Ej\u00e9rcito Nacional","description":"La Fuerza de todos","inLanguage":"es-UY","publisher":{"@id":"https:\/\/www.ejercito.mil.uy\/#organization"}}]},"og:locale":"es_ES","og:site_name":"Ej\u00e9rcito Nacional - La Fuerza de todos","og:type":"article","og:title":"Relevo del Comando del Batall\u00f3n \u00abUruguay IV\u00bb en la Rep\u00fablica Democr\u00e1tica del Congo - Ej\u00e9rcito Nacional","og:description":"01.09.2026 - El Cnel. Math\u00edas Cap\u00f3 asumi\u00f3 como nuevo Cte. del Contingente Nacional y Jefe del Batall\u00f3n &quot;Uruguay IV&quot;, mientras que el Cnel. Rodolfo Ram\u00edrez como 2\u00ba Jefe del URUBATT.","og:url":"https:\/\/www.ejercito.mil.uy\/index.php\/2026\/09\/01\/relevo-del-comando-del-batallon-uruguay-iv-en-la-republica-democratica-del-congo\/","og:image":"https:\/\/www.ejercito.mil.uy\/wp-content\/uploads\/2022\/01\/Escudo_EN_URUGUAY.png","og:image:secure_url":"https:\/\/www.ejercito.mil.uy\/wp-content\/uploads\/2022\/01\/Escudo_EN_URUGUAY.png","og:image:width":134,"og:image:height":119,"article:published_time":"2026-09-01T15:31:39+00:00","article:modified_time":"2026-09-01T23:57:04+00:00","twitter:card":"summary_large_image","twitter:title":"Relevo del Comando del Batall\u00f3n \u00abUruguay IV\u00bb en la Rep\u00fablica Democr\u00e1tica del Congo - Ej\u00e9rcito Nacional","twitter:description":"01.09.2026 - El Cnel. Math\u00edas Cap\u00f3 asumi\u00f3 como nuevo Cte. del Contingente Nacional y Jefe del Batall\u00f3n &quot;Uruguay IV&quot;, mientras que el Cnel. Rodolfo Ram\u00edrez como 2\u00ba Jefe del URUBATT.","twitter:image":"https:\/\/www.ejercito.mil.uy\/wp-content\/uploads\/2022\/01\/Escudo_EN_URUGUAY.png"},"aioseo_meta_data":{"post_id":"63861","title":null,"description":null,"keywords":null,"keyphrases":{"focus":{"keyphrase":"","score":0,"analysis":{"keyphraseInTitle":{"score":0,"maxScore":9,"error":1}}},"additional":[]},"primary_term":null,"canonical_url":null,"og_title":null,"og_description":null,"og_object_type":"default","og_image_type":"default","og_image_url":null,"og_image_width":null,"og_image_height":null,"og_image_custom_url":null,"og_image_custom_fields":null,"og_video":"","og_custom_url":null,"og_article_section":null,"og_article_tags":null,"twitter_use_og":false,"twitter_card":"default","twitter_image_type":"default","twitter_image_url":null,"twitter_image_custom_url":null,"twitter_image_custom_fields":null,"twitter_title":null,"twitter_description":null,"schema":{"blockGraphs":[],"customGraphs":[],"default":{"data":{"Article":[],"Course":[],"Dataset":[],"FAQPage":[],"Movie":[],"Person":[],"Product":[],"ProductReview":[],"Car":[],"Recipe":[],"Service":[],"SoftwareApplication":[],"WebPage":[]},"graphName":"BlogPosting","isEnabled":true},"graphs":[]},"schema_type":"default","schema_type_options":null,"pillar_content":false,"robots_default":true,"robots_noindex":false,"robots_noarchive":false,"robots_nosnippet":false,"robots_nofollow":false,"robots_noimageindex":false,"robots_noodp":false,"robots_notranslate":false,"robots_max_snippet":"-1","robots_max_videopreview":"-1","robots_max_imagepreview":"large","priority":null,"frequency":"default","local_seo":null,"breadcrumb_settings":null,"limit_modified_date":false,"ai":{"faqs":[],"keyPoints":[],"schemas":[],"titles":[],"descriptions":[],"socialPosts":{"email":{"subject":"","preview":"","content":""},"linkedin":[],"twitter":[],"facebook":[],"instagram":[]}},"created":"2026-09-01 14:18:15","updated":"2026-09-01 23:58:07","seo_analyzer_scan_date":null,"focus_keyword":null,"additional_keywords":null,"truseo_locale":null},"aioseo_breadcrumb":"<div class=\"aioseo-breadcrumbs\"><span class=\"aioseo-breadcrumb\">\n\t\t\t<a href=\"https:\/\/www.ejercito.mil.uy\" title=\"Home\">Home<\/a>\n\t\t<\/span><span class=\"aioseo-breadcrumb-separator\">&raquo;<\/span><span class=\"aioseo-breadcrumb\">\n\t\t\t<a href=\"https:\/\/www.ejercito.mil.uy\/index.php\/category\/destacados\/\" title=\"Destacados\">Destacados<\/a>\n\t\t<\/span><span class=\"aioseo-breadcrumb-separator\">&raquo;<\/span><span class=\"aioseo-breadcrumb\">\n\t\t\t<a href=\"https:\/\/www.ejercito.mil.uy\/index.php\/category\/destacados\/noticias\/\" title=\"Noticias\">Noticias<\/a>\n\t\t<\/span><span class=\"aioseo-breadcrumb-separator\">&raquo;<\/span><span class=\"aioseo-breadcrumb\">\n\t\t\tRelevo del Comando del Batall\u00f3n \u00abUruguay IV\u00bb en la Rep\u00fablica Democr\u00e1tica del Congo\n\t\t<\/span><\/div>","aioseo_breadcrumb_json":[{"label":"Home","link":"https:\/\/www.ejercito.mil.uy"},{"label":"Destacados","link":"https:\/\/www.ejercito.mil.uy\/index.php\/category\/destacados\/"},{"label":"Noticias","link":"https:\/\/www.ejercito.mil.uy\/index.php\/category\/destacados\/noticias\/"},{"label":"Relevo del Comando del Batall\u00f3n \u00abUruguay IV\u00bb en la Rep\u00fablica Democr\u00e1tica del Congo","link":"https:\/\/www.ejercito.mil.uy\/index.php\/2026\/09\/01\/relevo-del-comando-del-batallon-uruguay-iv-en-la-republica-democratica-del-congo\/"}],"_links":{"self":[{"href":"https:\/\/www.ejercito.mil.uy\/index.php\/wp-json\/wp\/v2\/posts\/63861","targetHints":{"allow":["GET"]}}],"collection":[{"href":"https:\/\/www.ejercito.mil.uy\/index.php\/wp-json\/wp\/v2\/posts"}],"about":[{"href":"https:\/\/www.ejercito.mil.uy\/index.php\/wp-json\/wp\/v2\/types\/post"}],"author":[{"embeddable":true,"href":"https:\/\/www.ejercito.mil.uy\/index.php\/wp-json\/wp\/v2\/users\/14"}],"replies":[{"embeddable":true,"href":"https:\/\/www.ejercito.mil.uy\/index.php\/wp-json\/wp\/v2\/comments?post=63861"}],"version-history":[{"count":44,"href":"https:\/\/www.ejercito.mil.uy\/index.php\/wp-json\/wp\/v2\/posts\/63861\/revisions"}],"predecessor-version":[{"id":63931,"href":"https:\/\/www.ejercito.mil.uy\/index.php\/wp-json\/wp\/v2\/posts\/63861\/revisions\/63931"}],"wp:featuredmedia":[{"embeddable":true,"href":"https:\/\/www.ejercito.mil.uy\/index.php\/wp-json\/wp\/v2\/media\/63902"}],"wp:attachment":[{"href":"https:\/\/www.ejercito.mil.uy\/index.php\/wp-json\/wp\/v2\/media?parent=63861"}],"wp:term":[{"taxonomy":"category","embeddable":true,"href":"https:\/\/www.ejercito.mil.uy\/index.php\/wp-json\/wp\/v2\/categories?post=63861"},{"taxonomy":"post_tag","embeddable":true,"href":"https:\/\/www.ejercito.mil.uy\/index.php\/wp-json\/wp\/v2\/tags?post=63861"}],"curies":[{"name":"wp","href":"https:\/\/api.w.org\/{rel}","templated":true}]}}