{"id":63935,"date":"2026-08-31T10:33:09","date_gmt":"2026-08-31T13:33:09","guid":{"rendered":"https:\/\/www.ejercito.mil.uy\/?p=63935"},"modified":"2026-09-02T14:45:02","modified_gmt":"2026-09-02T17:45:02","slug":"inundaciones-en-melo-cuando-las-circunstancias-aislan-el-compromiso-acerca","status":"publish","type":"post","link":"https:\/\/www.ejercito.mil.uy\/index.php\/2026\/08\/31\/inundaciones-en-melo-cuando-las-circunstancias-aislan-el-compromiso-acerca\/","title":{"rendered":"Inundaciones en Melo: cuando las circunstancias a\u00edslan, el compromiso acerca"},"content":{"rendered":"\n<p class=\"wp-block-paragraph\"><\/p>\n\n\n\n<div style=\"height:22px\" aria-hidden=\"true\" class=\"wp-block-spacer\"><\/div>\n\n\n\n<p class=\"has-white-color has-text-color has-background wp-block-paragraph\" style=\"background-color:#1f6728;font-size:14px\">El s\u00e1bado 29 de agosto, el Ej\u00e9rcito Nacional volvi\u00f3 a estar presente donde m\u00e1s se necesita. A solicitud del Centro Coordinador de Emergencias Departamentales de Cerro Largo, efectivos de la Brigada de Caballer\u00eda N\u00b02 trasladaron v\u00edveres a un compatriota que se encontraba aislado a causa de la creciente del arroyo Conventos.<\/p>\n\n\n\n<div style=\"height:30px\" aria-hidden=\"true\" class=\"wp-block-spacer\"><\/div>\n\n\n\n<p class=\"has-black-color has-white-background-color has-text-color has-background has-link-color wp-elements-1 wp-block-paragraph\" style=\"font-size:14px\">Enfrentando las dif\u00edciles condiciones provocadas por las inundaciones, los efectivos cruzaron el curso de agua utilizando una embarcaci\u00f3n para alcanzar al ciudadano que se encontraba trabajando en la estancia \u00abEl Rosario\u00bb, ubicada a 2 kil\u00f3metros de la ciudad de Melo sobre el arroyo.<\/p>\n\n\n\n<div style=\"height:30px\" aria-hidden=\"true\" class=\"wp-block-spacer\"><\/div>\n\n\n\n<div class=\"wp-block-columns is-layout-flex wp-container-core-columns-is-layout-7387b849 wp-block-columns-is-layout-flex\">\n<div class=\"wp-block-column is-layout-flow wp-block-column-is-layout-flow\">\n<figure class=\"wp-block-image size-large\"><img loading=\"lazy\" decoding=\"async\" width=\"1024\" height=\"683\" src=\"https:\/\/www.ejercito.mil.uy\/wp-content\/uploads\/2026\/09\/1-1024x683.jpg\" alt=\"\" class=\"wp-image-63938\" srcset=\"https:\/\/www.ejercito.mil.uy\/wp-content\/uploads\/2026\/09\/1-1024x683.jpg 1024w, https:\/\/www.ejercito.mil.uy\/wp-content\/uploads\/2026\/09\/1-300x200.jpg 300w, https:\/\/www.ejercito.mil.uy\/wp-content\/uploads\/2026\/09\/1-768x512.jpg 768w, https:\/\/www.ejercito.mil.uy\/wp-content\/uploads\/2026\/09\/1.jpg 1200w\" sizes=\"auto, (max-width: 1024px) 100vw, 1024px\" \/><\/figure>\n<\/div>\n\n\n\n<div class=\"wp-block-column is-layout-flow wp-block-column-is-layout-flow\">\n<figure class=\"wp-block-image size-large\"><img loading=\"lazy\" decoding=\"async\" width=\"1024\" height=\"683\" src=\"https:\/\/www.ejercito.mil.uy\/wp-content\/uploads\/2026\/09\/3-1-1024x683.jpg\" alt=\"\" class=\"wp-image-63939\" srcset=\"https:\/\/www.ejercito.mil.uy\/wp-content\/uploads\/2026\/09\/3-1-1024x683.jpg 1024w, https:\/\/www.ejercito.mil.uy\/wp-content\/uploads\/2026\/09\/3-1-300x200.jpg 300w, https:\/\/www.ejercito.mil.uy\/wp-content\/uploads\/2026\/09\/3-1-768x512.jpg 768w, https:\/\/www.ejercito.mil.uy\/wp-content\/uploads\/2026\/09\/3-1.jpg 1200w\" sizes=\"auto, (max-width: 1024px) 100vw, 1024px\" \/><\/figure>\n<\/div>\n<\/div>\n\n\n\n<div style=\"height:30px\" aria-hidden=\"true\" class=\"wp-block-spacer\"><\/div>\n\n\n\n<p class=\"has-black-color has-text-color has-link-color wp-elements-2 wp-block-paragraph\" style=\"font-size:14px\"><br><\/p>\n\n\n\n<p class=\"has-black-color has-text-color has-link-color wp-elements-3 wp-block-paragraph\" style=\"font-size:14px\">Nuestra misi\u00f3n termina cuando todos est\u00e1n a salvo.<\/p>\n\n\n\n<div style=\"height:100px\" aria-hidden=\"true\" class=\"wp-block-spacer\"><\/div>\n\n\n\n<p class=\"wp-block-paragraph\"><\/p>\n","protected":false},"excerpt":{"rendered":"<p>29.08.2026 &#8211; La Brigada de Caballer\u00eda N\u00b02 brind\u00f3 apoyo para trasladar v\u00edveres a un compatriota que se encontraba aislado.<\/p>\n","protected":false},"author":17,"featured_media":63936,"comment_status":"open","ping_status":"open","sticky":false,"template":"","format":"standard","meta":{"_coblocks_attr":"","_coblocks_dimensions":"","_coblocks_responsive_height":"","_coblocks_accordion_ie_support":"","_monsterinsights_skip_tracking":false,"_uf_show_specific_survey":0,"_uf_disable_surveys":false,"footnotes":""},"categories":[10,14],"tags":[27,1306,624,696,49,1445,37],"class_list":["post-63935","post","type-post","status-publish","format-standard","has-post-thumbnail","hentry","category-destacados","category-noticias","tag-apoyo","tag-asistencia","tag-caballeria-2","tag-emergencia","tag-inundaciones","tag-seccion","tag-sociedad"],"aioseo_notices":[],"aioseo_head":"\n\t\t<!-- All in One SEO 5.0.1.1 - aioseo.com -->\n\t<meta name=\"description\" content=\"29.08.2026 - La Brigada de Caballer\u00eda N\u00b02 brind\u00f3 apoyo para trasladar v\u00edveres a un compatriota que se encontraba aislado.\" \/>\n\t<meta name=\"robots\" content=\"max-image-preview:large\" \/>\n\t<meta name=\"author\" content=\"Matias Castaldo\"\/>\n\t<link rel=\"canonical\" href=\"https:\/\/www.ejercito.mil.uy\/index.php\/2026\/08\/31\/inundaciones-en-melo-cuando-las-circunstancias-aislan-el-compromiso-acerca\/\" \/>\n\t<meta name=\"generator\" content=\"All in One SEO (AIOSEO) 5.0.1.1\" \/>\n\t\t<meta property=\"og:locale\" content=\"es_ES\" \/>\n\t\t<meta property=\"og:site_name\" content=\"Ej\u00e9rcito Nacional - La Fuerza de todos\" \/>\n\t\t<meta property=\"og:type\" content=\"article\" \/>\n\t\t<meta property=\"og:title\" content=\"Inundaciones en Melo: cuando las circunstancias a\u00edslan, el compromiso acerca - Ej\u00e9rcito Nacional\" \/>\n\t\t<meta property=\"og:description\" content=\"29.08.2026 - La Brigada de Caballer\u00eda N\u00b02 brind\u00f3 apoyo para trasladar v\u00edveres a un compatriota que se encontraba aislado.\" \/>\n\t\t<meta property=\"og:url\" content=\"https:\/\/www.ejercito.mil.uy\/index.php\/2026\/08\/31\/inundaciones-en-melo-cuando-las-circunstancias-aislan-el-compromiso-acerca\/\" \/>\n\t\t<meta property=\"og:image\" content=\"https:\/\/www.ejercito.mil.uy\/wp-content\/uploads\/2022\/01\/Escudo_EN_URUGUAY.png\" \/>\n\t\t<meta property=\"og:image:secure_url\" content=\"https:\/\/www.ejercito.mil.uy\/wp-content\/uploads\/2022\/01\/Escudo_EN_URUGUAY.png\" \/>\n\t\t<meta property=\"og:image:width\" content=\"134\" \/>\n\t\t<meta property=\"og:image:height\" content=\"119\" \/>\n\t\t<meta property=\"article:published_time\" content=\"2026-08-31T13:33:09+00:00\" \/>\n\t\t<meta property=\"article:modified_time\" content=\"2026-09-02T17:45:02+00:00\" \/>\n\t\t<meta name=\"twitter:card\" content=\"summary_large_image\" \/>\n\t\t<meta name=\"twitter:title\" content=\"Inundaciones en Melo: cuando las circunstancias a\u00edslan, el compromiso acerca - Ej\u00e9rcito Nacional\" \/>\n\t\t<meta name=\"twitter:description\" content=\"29.08.2026 - La Brigada de Caballer\u00eda N\u00b02 brind\u00f3 apoyo para trasladar v\u00edveres a un compatriota que se encontraba aislado.\" \/>\n\t\t<meta name=\"twitter:image\" content=\"https:\/\/www.ejercito.mil.uy\/wp-content\/uploads\/2022\/01\/Escudo_EN_URUGUAY.png\" \/>\n\t\t<script type=\"application\/ld+json\" class=\"aioseo-schema\">\n\t\t\t{\"@context\":\"https:\\\/\\\/schema.org\",\"@graph\":[{\"@type\":\"BlogPosting\",\"@id\":\"https:\\\/\\\/www.ejercito.mil.uy\\\/index.php\\\/2026\\\/08\\\/31\\\/inundaciones-en-melo-cuando-las-circunstancias-aislan-el-compromiso-acerca\\\/#blogposting\",\"name\":\"Inundaciones en Melo: cuando las circunstancias a\\u00edslan, el compromiso acerca - Ej\\u00e9rcito Nacional\",\"headline\":\"Inundaciones en Melo: cuando las circunstancias a\\u00edslan, el compromiso acerca\",\"author\":{\"@id\":\"https:\\\/\\\/www.ejercito.mil.uy\\\/index.php\\\/author\\\/jmcastaldo\\\/#author\"},\"publisher\":{\"@id\":\"https:\\\/\\\/www.ejercito.mil.uy\\\/#organization\"},\"image\":{\"@type\":\"ImageObject\",\"url\":\"https:\\\/\\\/www.ejercito.mil.uy\\\/wp-content\\\/uploads\\\/2026\\\/09\\\/2.jpg\",\"width\":1200,\"height\":800},\"datePublished\":\"2026-08-31T10:33:09-03:00\",\"dateModified\":\"2026-09-02T14:45:02-03:00\",\"inLanguage\":\"es-UY\",\"mainEntityOfPage\":{\"@id\":\"https:\\\/\\\/www.ejercito.mil.uy\\\/index.php\\\/2026\\\/08\\\/31\\\/inundaciones-en-melo-cuando-las-circunstancias-aislan-el-compromiso-acerca\\\/#webpage\"},\"isPartOf\":{\"@id\":\"https:\\\/\\\/www.ejercito.mil.uy\\\/index.php\\\/2026\\\/08\\\/31\\\/inundaciones-en-melo-cuando-las-circunstancias-aislan-el-compromiso-acerca\\\/#webpage\"},\"articleSection\":\"Destacados, Noticias, apoyo, asistencia, caballeria, emergencia, inundaciones, seccion, sociedad\"},{\"@type\":\"BreadcrumbList\",\"@id\":\"https:\\\/\\\/www.ejercito.mil.uy\\\/index.php\\\/2026\\\/08\\\/31\\\/inundaciones-en-melo-cuando-las-circunstancias-aislan-el-compromiso-acerca\\\/#breadcrumblist\",\"itemListElement\":[{\"@type\":\"ListItem\",\"@id\":\"https:\\\/\\\/www.ejercito.mil.uy#listItem\",\"position\":1,\"name\":\"Home\",\"item\":\"https:\\\/\\\/www.ejercito.mil.uy\",\"nextItem\":{\"@type\":\"ListItem\",\"@id\":\"https:\\\/\\\/www.ejercito.mil.uy\\\/index.php\\\/category\\\/destacados\\\/#listItem\",\"name\":\"Destacados\"}},{\"@type\":\"ListItem\",\"@id\":\"https:\\\/\\\/www.ejercito.mil.uy\\\/index.php\\\/category\\\/destacados\\\/#listItem\",\"position\":2,\"name\":\"Destacados\",\"item\":\"https:\\\/\\\/www.ejercito.mil.uy\\\/index.php\\\/category\\\/destacados\\\/\",\"nextItem\":{\"@type\":\"ListItem\",\"@id\":\"https:\\\/\\\/www.ejercito.mil.uy\\\/index.php\\\/category\\\/destacados\\\/noticias\\\/#listItem\",\"name\":\"Noticias\"},\"previousItem\":{\"@type\":\"ListItem\",\"@id\":\"https:\\\/\\\/www.ejercito.mil.uy#listItem\",\"name\":\"Home\"}},{\"@type\":\"ListItem\",\"@id\":\"https:\\\/\\\/www.ejercito.mil.uy\\\/index.php\\\/category\\\/destacados\\\/noticias\\\/#listItem\",\"position\":3,\"name\":\"Noticias\",\"item\":\"https:\\\/\\\/www.ejercito.mil.uy\\\/index.php\\\/category\\\/destacados\\\/noticias\\\/\",\"nextItem\":{\"@type\":\"ListItem\",\"@id\":\"https:\\\/\\\/www.ejercito.mil.uy\\\/index.php\\\/2026\\\/08\\\/31\\\/inundaciones-en-melo-cuando-las-circunstancias-aislan-el-compromiso-acerca\\\/#listItem\",\"name\":\"Inundaciones en Melo: cuando las circunstancias a\\u00edslan, el compromiso acerca\"},\"previousItem\":{\"@type\":\"ListItem\",\"@id\":\"https:\\\/\\\/www.ejercito.mil.uy\\\/index.php\\\/category\\\/destacados\\\/#listItem\",\"name\":\"Destacados\"}},{\"@type\":\"ListItem\",\"@id\":\"https:\\\/\\\/www.ejercito.mil.uy\\\/index.php\\\/2026\\\/08\\\/31\\\/inundaciones-en-melo-cuando-las-circunstancias-aislan-el-compromiso-acerca\\\/#listItem\",\"position\":4,\"name\":\"Inundaciones en Melo: cuando las circunstancias a\\u00edslan, el compromiso acerca\",\"previousItem\":{\"@type\":\"ListItem\",\"@id\":\"https:\\\/\\\/www.ejercito.mil.uy\\\/index.php\\\/category\\\/destacados\\\/noticias\\\/#listItem\",\"name\":\"Noticias\"}}]},{\"@type\":\"Organization\",\"@id\":\"https:\\\/\\\/www.ejercito.mil.uy\\\/#organization\",\"name\":\"Ej\\u00e9rcito Nacional\",\"description\":\"La Fuerza de todos\",\"url\":\"https:\\\/\\\/www.ejercito.mil.uy\\\/\",\"logo\":{\"@type\":\"ImageObject\",\"url\":\"https:\\\/\\\/www.ejercito.mil.uy\\\/wp-content\\\/uploads\\\/2022\\\/01\\\/Escudo_EN_URUGUAY.png\",\"@id\":\"https:\\\/\\\/www.ejercito.mil.uy\\\/index.php\\\/2026\\\/08\\\/31\\\/inundaciones-en-melo-cuando-las-circunstancias-aislan-el-compromiso-acerca\\\/#organizationLogo\",\"width\":134,\"height\":119},\"image\":{\"@id\":\"https:\\\/\\\/www.ejercito.mil.uy\\\/index.php\\\/2026\\\/08\\\/31\\\/inundaciones-en-melo-cuando-las-circunstancias-aislan-el-compromiso-acerca\\\/#organizationLogo\"}},{\"@type\":\"Person\",\"@id\":\"https:\\\/\\\/www.ejercito.mil.uy\\\/index.php\\\/author\\\/jmcastaldo\\\/#author\",\"url\":\"https:\\\/\\\/www.ejercito.mil.uy\\\/index.php\\\/author\\\/jmcastaldo\\\/\",\"name\":\"Matias Castaldo\",\"image\":{\"@type\":\"ImageObject\",\"@id\":\"https:\\\/\\\/www.ejercito.mil.uy\\\/index.php\\\/2026\\\/08\\\/31\\\/inundaciones-en-melo-cuando-las-circunstancias-aislan-el-compromiso-acerca\\\/#authorImage\",\"url\":\"https:\\\/\\\/secure.gravatar.com\\\/avatar\\\/6f34cc83bb03d14b013817eae3e3841062dd1cf36ef03d105f03b8a519019324?s=96&d=mm&r=g\",\"width\":96,\"height\":96,\"caption\":\"Matias Castaldo\"}},{\"@type\":\"WebPage\",\"@id\":\"https:\\\/\\\/www.ejercito.mil.uy\\\/index.php\\\/2026\\\/08\\\/31\\\/inundaciones-en-melo-cuando-las-circunstancias-aislan-el-compromiso-acerca\\\/#webpage\",\"url\":\"https:\\\/\\\/www.ejercito.mil.uy\\\/index.php\\\/2026\\\/08\\\/31\\\/inundaciones-en-melo-cuando-las-circunstancias-aislan-el-compromiso-acerca\\\/\",\"name\":\"Inundaciones en Melo: cuando las circunstancias a\\u00edslan, el compromiso acerca - Ej\\u00e9rcito Nacional\",\"description\":\"29.08.2026 - La Brigada de Caballer\\u00eda N\\u00b02 brind\\u00f3 apoyo para trasladar v\\u00edveres a un compatriota que se encontraba aislado.\",\"inLanguage\":\"es-UY\",\"isPartOf\":{\"@id\":\"https:\\\/\\\/www.ejercito.mil.uy\\\/#website\"},\"breadcrumb\":{\"@id\":\"https:\\\/\\\/www.ejercito.mil.uy\\\/index.php\\\/2026\\\/08\\\/31\\\/inundaciones-en-melo-cuando-las-circunstancias-aislan-el-compromiso-acerca\\\/#breadcrumblist\"},\"author\":{\"@id\":\"https:\\\/\\\/www.ejercito.mil.uy\\\/index.php\\\/author\\\/jmcastaldo\\\/#author\"},\"creator\":{\"@id\":\"https:\\\/\\\/www.ejercito.mil.uy\\\/index.php\\\/author\\\/jmcastaldo\\\/#author\"},\"image\":{\"@type\":\"ImageObject\",\"url\":\"https:\\\/\\\/www.ejercito.mil.uy\\\/wp-content\\\/uploads\\\/2026\\\/09\\\/2.jpg\",\"@id\":\"https:\\\/\\\/www.ejercito.mil.uy\\\/index.php\\\/2026\\\/08\\\/31\\\/inundaciones-en-melo-cuando-las-circunstancias-aislan-el-compromiso-acerca\\\/#mainImage\",\"width\":1200,\"height\":800},\"primaryImageOfPage\":{\"@id\":\"https:\\\/\\\/www.ejercito.mil.uy\\\/index.php\\\/2026\\\/08\\\/31\\\/inundaciones-en-melo-cuando-las-circunstancias-aislan-el-compromiso-acerca\\\/#mainImage\"},\"datePublished\":\"2026-08-31T10:33:09-03:00\",\"dateModified\":\"2026-09-02T14:45:02-03:00\"},{\"@type\":\"WebSite\",\"@id\":\"https:\\\/\\\/www.ejercito.mil.uy\\\/#website\",\"url\":\"https:\\\/\\\/www.ejercito.mil.uy\\\/\",\"name\":\"Ej\\u00e9rcito Nacional\",\"description\":\"La Fuerza de todos\",\"inLanguage\":\"es-UY\",\"publisher\":{\"@id\":\"https:\\\/\\\/www.ejercito.mil.uy\\\/#organization\"}}]}\n\t\t<\/script>\n\t\t<!-- All in One SEO -->\n\n","aioseo_head_json":{"title":"Inundaciones en Melo: cuando las circunstancias a\u00edslan, el compromiso acerca - Ej\u00e9rcito Nacional","description":"29.08.2026 - La Brigada de Caballer\u00eda N\u00b02 brind\u00f3 apoyo para trasladar v\u00edveres a un compatriota que se encontraba aislado.","canonical_url":"https:\/\/www.ejercito.mil.uy\/index.php\/2026\/08\/31\/inundaciones-en-melo-cuando-las-circunstancias-aislan-el-compromiso-acerca\/","robots":"max-image-preview:large","keywords":"","webmasterTools":{"miscellaneous":""},"schema":{"@context":"https:\/\/schema.org","@graph":[{"@type":"BlogPosting","@id":"https:\/\/www.ejercito.mil.uy\/index.php\/2026\/08\/31\/inundaciones-en-melo-cuando-las-circunstancias-aislan-el-compromiso-acerca\/#blogposting","name":"Inundaciones en Melo: cuando las circunstancias a\u00edslan, el compromiso acerca - Ej\u00e9rcito Nacional","headline":"Inundaciones en Melo: cuando las circunstancias a\u00edslan, el compromiso acerca","author":{"@id":"https:\/\/www.ejercito.mil.uy\/index.php\/author\/jmcastaldo\/#author"},"publisher":{"@id":"https:\/\/www.ejercito.mil.uy\/#organization"},"image":{"@type":"ImageObject","url":"https:\/\/www.ejercito.mil.uy\/wp-content\/uploads\/2026\/09\/2.jpg","width":1200,"height":800},"datePublished":"2026-08-31T10:33:09-03:00","dateModified":"2026-09-02T14:45:02-03:00","inLanguage":"es-UY","mainEntityOfPage":{"@id":"https:\/\/www.ejercito.mil.uy\/index.php\/2026\/08\/31\/inundaciones-en-melo-cuando-las-circunstancias-aislan-el-compromiso-acerca\/#webpage"},"isPartOf":{"@id":"https:\/\/www.ejercito.mil.uy\/index.php\/2026\/08\/31\/inundaciones-en-melo-cuando-las-circunstancias-aislan-el-compromiso-acerca\/#webpage"},"articleSection":"Destacados, Noticias, apoyo, asistencia, caballeria, emergencia, inundaciones, seccion, sociedad"},{"@type":"BreadcrumbList","@id":"https:\/\/www.ejercito.mil.uy\/index.php\/2026\/08\/31\/inundaciones-en-melo-cuando-las-circunstancias-aislan-el-compromiso-acerca\/#breadcrumblist","itemListElement":[{"@type":"ListItem","@id":"https:\/\/www.ejercito.mil.uy#listItem","position":1,"name":"Home","item":"https:\/\/www.ejercito.mil.uy","nextItem":{"@type":"ListItem","@id":"https:\/\/www.ejercito.mil.uy\/index.php\/category\/destacados\/#listItem","name":"Destacados"}},{"@type":"ListItem","@id":"https:\/\/www.ejercito.mil.uy\/index.php\/category\/destacados\/#listItem","position":2,"name":"Destacados","item":"https:\/\/www.ejercito.mil.uy\/index.php\/category\/destacados\/","nextItem":{"@type":"ListItem","@id":"https:\/\/www.ejercito.mil.uy\/index.php\/category\/destacados\/noticias\/#listItem","name":"Noticias"},"previousItem":{"@type":"ListItem","@id":"https:\/\/www.ejercito.mil.uy#listItem","name":"Home"}},{"@type":"ListItem","@id":"https:\/\/www.ejercito.mil.uy\/index.php\/category\/destacados\/noticias\/#listItem","position":3,"name":"Noticias","item":"https:\/\/www.ejercito.mil.uy\/index.php\/category\/destacados\/noticias\/","nextItem":{"@type":"ListItem","@id":"https:\/\/www.ejercito.mil.uy\/index.php\/2026\/08\/31\/inundaciones-en-melo-cuando-las-circunstancias-aislan-el-compromiso-acerca\/#listItem","name":"Inundaciones en Melo: cuando las circunstancias a\u00edslan, el compromiso acerca"},"previousItem":{"@type":"ListItem","@id":"https:\/\/www.ejercito.mil.uy\/index.php\/category\/destacados\/#listItem","name":"Destacados"}},{"@type":"ListItem","@id":"https:\/\/www.ejercito.mil.uy\/index.php\/2026\/08\/31\/inundaciones-en-melo-cuando-las-circunstancias-aislan-el-compromiso-acerca\/#listItem","position":4,"name":"Inundaciones en Melo: cuando las circunstancias a\u00edslan, el compromiso acerca","previousItem":{"@type":"ListItem","@id":"https:\/\/www.ejercito.mil.uy\/index.php\/category\/destacados\/noticias\/#listItem","name":"Noticias"}}]},{"@type":"Organization","@id":"https:\/\/www.ejercito.mil.uy\/#organization","name":"Ej\u00e9rcito Nacional","description":"La Fuerza de todos","url":"https:\/\/www.ejercito.mil.uy\/","logo":{"@type":"ImageObject","url":"https:\/\/www.ejercito.mil.uy\/wp-content\/uploads\/2022\/01\/Escudo_EN_URUGUAY.png","@id":"https:\/\/www.ejercito.mil.uy\/index.php\/2026\/08\/31\/inundaciones-en-melo-cuando-las-circunstancias-aislan-el-compromiso-acerca\/#organizationLogo","width":134,"height":119},"image":{"@id":"https:\/\/www.ejercito.mil.uy\/index.php\/2026\/08\/31\/inundaciones-en-melo-cuando-las-circunstancias-aislan-el-compromiso-acerca\/#organizationLogo"}},{"@type":"Person","@id":"https:\/\/www.ejercito.mil.uy\/index.php\/author\/jmcastaldo\/#author","url":"https:\/\/www.ejercito.mil.uy\/index.php\/author\/jmcastaldo\/","name":"Matias Castaldo","image":{"@type":"ImageObject","@id":"https:\/\/www.ejercito.mil.uy\/index.php\/2026\/08\/31\/inundaciones-en-melo-cuando-las-circunstancias-aislan-el-compromiso-acerca\/#authorImage","url":"https:\/\/secure.gravatar.com\/avatar\/6f34cc83bb03d14b013817eae3e3841062dd1cf36ef03d105f03b8a519019324?s=96&d=mm&r=g","width":96,"height":96,"caption":"Matias Castaldo"}},{"@type":"WebPage","@id":"https:\/\/www.ejercito.mil.uy\/index.php\/2026\/08\/31\/inundaciones-en-melo-cuando-las-circunstancias-aislan-el-compromiso-acerca\/#webpage","url":"https:\/\/www.ejercito.mil.uy\/index.php\/2026\/08\/31\/inundaciones-en-melo-cuando-las-circunstancias-aislan-el-compromiso-acerca\/","name":"Inundaciones en Melo: cuando las circunstancias a\u00edslan, el compromiso acerca - Ej\u00e9rcito Nacional","description":"29.08.2026 - La Brigada de Caballer\u00eda N\u00b02 brind\u00f3 apoyo para trasladar v\u00edveres a un compatriota que se encontraba aislado.","inLanguage":"es-UY","isPartOf":{"@id":"https:\/\/www.ejercito.mil.uy\/#website"},"breadcrumb":{"@id":"https:\/\/www.ejercito.mil.uy\/index.php\/2026\/08\/31\/inundaciones-en-melo-cuando-las-circunstancias-aislan-el-compromiso-acerca\/#breadcrumblist"},"author":{"@id":"https:\/\/www.ejercito.mil.uy\/index.php\/author\/jmcastaldo\/#author"},"creator":{"@id":"https:\/\/www.ejercito.mil.uy\/index.php\/author\/jmcastaldo\/#author"},"image":{"@type":"ImageObject","url":"https:\/\/www.ejercito.mil.uy\/wp-content\/uploads\/2026\/09\/2.jpg","@id":"https:\/\/www.ejercito.mil.uy\/index.php\/2026\/08\/31\/inundaciones-en-melo-cuando-las-circunstancias-aislan-el-compromiso-acerca\/#mainImage","width":1200,"height":800},"primaryImageOfPage":{"@id":"https:\/\/www.ejercito.mil.uy\/index.php\/2026\/08\/31\/inundaciones-en-melo-cuando-las-circunstancias-aislan-el-compromiso-acerca\/#mainImage"},"datePublished":"2026-08-31T10:33:09-03:00","dateModified":"2026-09-02T14:45:02-03:00"},{"@type":"WebSite","@id":"https:\/\/www.ejercito.mil.uy\/#website","url":"https:\/\/www.ejercito.mil.uy\/","name":"Ej\u00e9rcito Nacional","description":"La Fuerza de todos","inLanguage":"es-UY","publisher":{"@id":"https:\/\/www.ejercito.mil.uy\/#organization"}}]},"og:locale":"es_ES","og:site_name":"Ej\u00e9rcito Nacional - La Fuerza de todos","og:type":"article","og:title":"Inundaciones en Melo: cuando las circunstancias a\u00edslan, el compromiso acerca - Ej\u00e9rcito Nacional","og:description":"29.08.2026 - La Brigada de Caballer\u00eda N\u00b02 brind\u00f3 apoyo para trasladar v\u00edveres a un compatriota que se encontraba aislado.","og:url":"https:\/\/www.ejercito.mil.uy\/index.php\/2026\/08\/31\/inundaciones-en-melo-cuando-las-circunstancias-aislan-el-compromiso-acerca\/","og:image":"https:\/\/www.ejercito.mil.uy\/wp-content\/uploads\/2022\/01\/Escudo_EN_URUGUAY.png","og:image:secure_url":"https:\/\/www.ejercito.mil.uy\/wp-content\/uploads\/2022\/01\/Escudo_EN_URUGUAY.png","og:image:width":134,"og:image:height":119,"article:published_time":"2026-08-31T13:33:09+00:00","article:modified_time":"2026-09-02T17:45:02+00:00","twitter:card":"summary_large_image","twitter:title":"Inundaciones en Melo: cuando las circunstancias a\u00edslan, el compromiso acerca - Ej\u00e9rcito Nacional","twitter:description":"29.08.2026 - La Brigada de Caballer\u00eda N\u00b02 brind\u00f3 apoyo para trasladar v\u00edveres a un compatriota que se encontraba aislado.","twitter:image":"https:\/\/www.ejercito.mil.uy\/wp-content\/uploads\/2022\/01\/Escudo_EN_URUGUAY.png"},"aioseo_meta_data":{"post_id":"63935","title":null,"description":null,"keywords":null,"keyphrases":{"focus":{"keyphrase":"","score":0,"analysis":{"keyphraseInTitle":{"score":0,"maxScore":9,"error":1}}},"additional":[]},"primary_term":null,"canonical_url":null,"og_title":null,"og_description":null,"og_object_type":"default","og_image_type":"default","og_image_url":null,"og_image_width":null,"og_image_height":null,"og_image_custom_url":null,"og_image_custom_fields":null,"og_video":"","og_custom_url":null,"og_article_section":null,"og_article_tags":null,"twitter_use_og":false,"twitter_card":"default","twitter_image_type":"default","twitter_image_url":null,"twitter_image_custom_url":null,"twitter_image_custom_fields":null,"twitter_title":null,"twitter_description":null,"schema":{"blockGraphs":[],"customGraphs":[],"default":{"data":{"Article":[],"Course":[],"Dataset":[],"FAQPage":[],"Movie":[],"Person":[],"Product":[],"ProductReview":[],"Car":[],"Recipe":[],"Service":[],"SoftwareApplication":[],"WebPage":[]},"graphName":"BlogPosting","isEnabled":true},"graphs":[]},"schema_type":"default","schema_type_options":null,"pillar_content":false,"robots_default":true,"robots_noindex":false,"robots_noarchive":false,"robots_nosnippet":false,"robots_nofollow":false,"robots_noimageindex":false,"robots_noodp":false,"robots_notranslate":false,"robots_max_snippet":"-1","robots_max_videopreview":"-1","robots_max_imagepreview":"large","priority":null,"frequency":"default","local_seo":null,"breadcrumb_settings":null,"limit_modified_date":false,"ai":{"faqs":[],"keyPoints":[],"schemas":[],"titles":[],"descriptions":[],"socialPosts":{"email":{"subject":"","preview":"","content":""},"linkedin":[],"twitter":[],"facebook":[],"instagram":[]}},"created":"2026-09-02 13:33:14","updated":"2026-09-02 18:05:28","seo_analyzer_scan_date":null,"focus_keyword":null,"additional_keywords":null,"truseo_locale":null},"aioseo_breadcrumb":"<div class=\"aioseo-breadcrumbs\"><span class=\"aioseo-breadcrumb\">\n\t\t\t<a href=\"https:\/\/www.ejercito.mil.uy\" title=\"Home\">Home<\/a>\n\t\t<\/span><span class=\"aioseo-breadcrumb-separator\">&raquo;<\/span><span class=\"aioseo-breadcrumb\">\n\t\t\t<a href=\"https:\/\/www.ejercito.mil.uy\/index.php\/category\/destacados\/\" title=\"Destacados\">Destacados<\/a>\n\t\t<\/span><span class=\"aioseo-breadcrumb-separator\">&raquo;<\/span><span class=\"aioseo-breadcrumb\">\n\t\t\t<a href=\"https:\/\/www.ejercito.mil.uy\/index.php\/category\/destacados\/noticias\/\" title=\"Noticias\">Noticias<\/a>\n\t\t<\/span><span class=\"aioseo-breadcrumb-separator\">&raquo;<\/span><span class=\"aioseo-breadcrumb\">\n\t\t\tInundaciones en Melo: cuando las circunstancias a\u00edslan, el compromiso acerca\n\t\t<\/span><\/div>","aioseo_breadcrumb_json":[{"label":"Home","link":"https:\/\/www.ejercito.mil.uy"},{"label":"Destacados","link":"https:\/\/www.ejercito.mil.uy\/index.php\/category\/destacados\/"},{"label":"Noticias","link":"https:\/\/www.ejercito.mil.uy\/index.php\/category\/destacados\/noticias\/"},{"label":"Inundaciones en Melo: cuando las circunstancias a\u00edslan, el compromiso acerca","link":"https:\/\/www.ejercito.mil.uy\/index.php\/2026\/08\/31\/inundaciones-en-melo-cuando-las-circunstancias-aislan-el-compromiso-acerca\/"}],"_links":{"self":[{"href":"https:\/\/www.ejercito.mil.uy\/index.php\/wp-json\/wp\/v2\/posts\/63935","targetHints":{"allow":["GET"]}}],"collection":[{"href":"https:\/\/www.ejercito.mil.uy\/index.php\/wp-json\/wp\/v2\/posts"}],"about":[{"href":"https:\/\/www.ejercito.mil.uy\/index.php\/wp-json\/wp\/v2\/types\/post"}],"author":[{"embeddable":true,"href":"https:\/\/www.ejercito.mil.uy\/index.php\/wp-json\/wp\/v2\/users\/17"}],"replies":[{"embeddable":true,"href":"https:\/\/www.ejercito.mil.uy\/index.php\/wp-json\/wp\/v2\/comments?post=63935"}],"version-history":[{"count":12,"href":"https:\/\/www.ejercito.mil.uy\/index.php\/wp-json\/wp\/v2\/posts\/63935\/revisions"}],"predecessor-version":[{"id":64008,"href":"https:\/\/www.ejercito.mil.uy\/index.php\/wp-json\/wp\/v2\/posts\/63935\/revisions\/64008"}],"wp:featuredmedia":[{"embeddable":true,"href":"https:\/\/www.ejercito.mil.uy\/index.php\/wp-json\/wp\/v2\/media\/63936"}],"wp:attachment":[{"href":"https:\/\/www.ejercito.mil.uy\/index.php\/wp-json\/wp\/v2\/media?parent=63935"}],"wp:term":[{"taxonomy":"category","embeddable":true,"href":"https:\/\/www.ejercito.mil.uy\/index.php\/wp-json\/wp\/v2\/categories?post=63935"},{"taxonomy":"post_tag","embeddable":true,"href":"https:\/\/www.ejercito.mil.uy\/index.php\/wp-json\/wp\/v2\/tags?post=63935"}],"curies":[{"name":"wp","href":"https:\/\/api.w.org\/{rel}","templated":true}]}}