{"id":63946,"date":"2026-09-01T16:21:56","date_gmt":"2026-09-01T19:21:56","guid":{"rendered":"https:\/\/www.ejercito.mil.uy\/?p=63946"},"modified":"2026-09-02T16:38:02","modified_gmt":"2026-09-02T19:38:02","slug":"finalizo-el-curso-de-instalaciones-electricas-donde-participaron-jovenes-del-inisa","status":"publish","type":"post","link":"https:\/\/www.ejercito.mil.uy\/index.php\/2026\/09\/01\/finalizo-el-curso-de-instalaciones-electricas-donde-participaron-jovenes-del-inisa\/","title":{"rendered":"Finaliz\u00f3 el Curso de\u00a0Instalaciones El\u00e9ctricas donde participaron j\u00f3venes del INISA"},"content":{"rendered":"\n<p class=\"has-black-color has-text-color has-link-color wp-elements-1 wp-block-paragraph\" style=\"font-size:14px\">02.09.2026 &#8211; <strong>Canelones<\/strong><\/p>\n\n\n\n<div style=\"height:22px\" aria-hidden=\"true\" class=\"wp-block-spacer\"><\/div>\n\n\n\n<p class=\"is-style-success has-black-color has-luminous-vivid-amber-background-color has-text-color has-background has-link-color wp-elements-2 wp-block-paragraph\" style=\"font-size:14px\">Entre el 03 de agosto y el 02 de setiembre, se desarroll\u00f3 el <strong>Curso de Instalaciones El\u00e9ctricas<\/strong> en la Escuela de Ingenieros del Ej\u00e9rcito, con la participaci\u00f3n de efectivos militares y j\u00f3venes del Instituto Nacional de Inclusi\u00f3n Social Adolescente (INISA). Esta formaci\u00f3n, les brinda capacidades t\u00e9cnicas aplicables a la realizaci\u00f3n y mantenimiento de instalaciones el\u00e9ctricas.<\/p>\n\n\n\n<div style=\"height:22px\" aria-hidden=\"true\" class=\"wp-block-spacer\"><\/div>\n\n\n\n<figure class=\"wp-block-gallery has-nested-images columns-default is-cropped wp-block-gallery-1 is-layout-flex wp-block-gallery-is-layout-flex\">\n<figure class=\"wp-block-image size-large\"><img loading=\"lazy\" decoding=\"async\" width=\"1024\" height=\"683\" data-id=\"64035\" src=\"https:\/\/www.ejercito.mil.uy\/wp-content\/uploads\/2026\/09\/Curso-de-Instalaciones-Electricas-1-1024x683.jpg\" alt=\"\" class=\"wp-image-64035\" srcset=\"https:\/\/www.ejercito.mil.uy\/wp-content\/uploads\/2026\/09\/Curso-de-Instalaciones-Electricas-1-1024x683.jpg 1024w, https:\/\/www.ejercito.mil.uy\/wp-content\/uploads\/2026\/09\/Curso-de-Instalaciones-Electricas-1-300x200.jpg 300w, https:\/\/www.ejercito.mil.uy\/wp-content\/uploads\/2026\/09\/Curso-de-Instalaciones-Electricas-1-768x512.jpg 768w, https:\/\/www.ejercito.mil.uy\/wp-content\/uploads\/2026\/09\/Curso-de-Instalaciones-Electricas-1.jpg 1200w\" sizes=\"auto, (max-width: 1024px) 100vw, 1024px\" \/><\/figure>\n\n\n\n<figure class=\"wp-block-image size-large\"><img loading=\"lazy\" decoding=\"async\" width=\"1024\" height=\"683\" data-id=\"64040\" src=\"https:\/\/www.ejercito.mil.uy\/wp-content\/uploads\/2026\/09\/Curso-de-Instalaciones-Electricas-7-1024x683.jpg\" alt=\"\" class=\"wp-image-64040\" srcset=\"https:\/\/www.ejercito.mil.uy\/wp-content\/uploads\/2026\/09\/Curso-de-Instalaciones-Electricas-7-1024x683.jpg 1024w, https:\/\/www.ejercito.mil.uy\/wp-content\/uploads\/2026\/09\/Curso-de-Instalaciones-Electricas-7-300x200.jpg 300w, https:\/\/www.ejercito.mil.uy\/wp-content\/uploads\/2026\/09\/Curso-de-Instalaciones-Electricas-7-768x512.jpg 768w, https:\/\/www.ejercito.mil.uy\/wp-content\/uploads\/2026\/09\/Curso-de-Instalaciones-Electricas-7.jpg 1200w\" sizes=\"auto, (max-width: 1024px) 100vw, 1024px\" \/><\/figure>\n\n\n\n<figure class=\"wp-block-image size-large\"><img loading=\"lazy\" decoding=\"async\" width=\"1024\" height=\"683\" data-id=\"64036\" src=\"https:\/\/www.ejercito.mil.uy\/wp-content\/uploads\/2026\/09\/Curso-de-Instalaciones-Electricas-2-1024x683.jpg\" alt=\"\" class=\"wp-image-64036\" srcset=\"https:\/\/www.ejercito.mil.uy\/wp-content\/uploads\/2026\/09\/Curso-de-Instalaciones-Electricas-2-1024x683.jpg 1024w, https:\/\/www.ejercito.mil.uy\/wp-content\/uploads\/2026\/09\/Curso-de-Instalaciones-Electricas-2-300x200.jpg 300w, https:\/\/www.ejercito.mil.uy\/wp-content\/uploads\/2026\/09\/Curso-de-Instalaciones-Electricas-2-768x512.jpg 768w, https:\/\/www.ejercito.mil.uy\/wp-content\/uploads\/2026\/09\/Curso-de-Instalaciones-Electricas-2.jpg 1200w\" sizes=\"auto, (max-width: 1024px) 100vw, 1024px\" \/><\/figure>\n\n\n\n<figure class=\"wp-block-image size-large\"><img loading=\"lazy\" decoding=\"async\" width=\"1024\" height=\"683\" data-id=\"64037\" src=\"https:\/\/www.ejercito.mil.uy\/wp-content\/uploads\/2026\/09\/Curso-de-Instalaciones-Electricas-8-1024x683.jpg\" alt=\"\" class=\"wp-image-64037\" srcset=\"https:\/\/www.ejercito.mil.uy\/wp-content\/uploads\/2026\/09\/Curso-de-Instalaciones-Electricas-8-1024x683.jpg 1024w, https:\/\/www.ejercito.mil.uy\/wp-content\/uploads\/2026\/09\/Curso-de-Instalaciones-Electricas-8-300x200.jpg 300w, https:\/\/www.ejercito.mil.uy\/wp-content\/uploads\/2026\/09\/Curso-de-Instalaciones-Electricas-8-768x512.jpg 768w, https:\/\/www.ejercito.mil.uy\/wp-content\/uploads\/2026\/09\/Curso-de-Instalaciones-Electricas-8.jpg 1200w\" sizes=\"auto, (max-width: 1024px) 100vw, 1024px\" \/><\/figure>\n\n\n\n<figure class=\"wp-block-image size-large\"><img loading=\"lazy\" decoding=\"async\" width=\"1024\" height=\"683\" data-id=\"64059\" src=\"https:\/\/www.ejercito.mil.uy\/wp-content\/uploads\/2026\/09\/Curso-de-Instalaciones-Electricas-3-1-1024x683.jpg\" alt=\"\" class=\"wp-image-64059\" srcset=\"https:\/\/www.ejercito.mil.uy\/wp-content\/uploads\/2026\/09\/Curso-de-Instalaciones-Electricas-3-1-1024x683.jpg 1024w, https:\/\/www.ejercito.mil.uy\/wp-content\/uploads\/2026\/09\/Curso-de-Instalaciones-Electricas-3-1-300x200.jpg 300w, https:\/\/www.ejercito.mil.uy\/wp-content\/uploads\/2026\/09\/Curso-de-Instalaciones-Electricas-3-1.jpg 1200w\" sizes=\"auto, (max-width: 1024px) 100vw, 1024px\" \/><\/figure>\n\n\n\n<figure class=\"wp-block-image size-large\"><img loading=\"lazy\" decoding=\"async\" width=\"1024\" height=\"683\" data-id=\"64039\" src=\"https:\/\/www.ejercito.mil.uy\/wp-content\/uploads\/2026\/09\/Curso-de-Instalaciones-Electricas-4-1024x683.jpg\" alt=\"\" class=\"wp-image-64039\" srcset=\"https:\/\/www.ejercito.mil.uy\/wp-content\/uploads\/2026\/09\/Curso-de-Instalaciones-Electricas-4-1024x683.jpg 1024w, https:\/\/www.ejercito.mil.uy\/wp-content\/uploads\/2026\/09\/Curso-de-Instalaciones-Electricas-4-300x200.jpg 300w, https:\/\/www.ejercito.mil.uy\/wp-content\/uploads\/2026\/09\/Curso-de-Instalaciones-Electricas-4-768x512.jpg 768w, https:\/\/www.ejercito.mil.uy\/wp-content\/uploads\/2026\/09\/Curso-de-Instalaciones-Electricas-4.jpg 1200w\" sizes=\"auto, (max-width: 1024px) 100vw, 1024px\" \/><\/figure>\n<\/figure>\n\n\n\n<div style=\"height:22px\" aria-hidden=\"true\" class=\"wp-block-spacer\"><\/div>\n\n\n\n<p class=\"has-black-color has-text-color has-link-color wp-elements-3 wp-block-paragraph\" style=\"font-size:14px\">Se cont\u00f3 con un total de 33 alumnos: 24 pertenecientes al Ej\u00e9rcito Nacional, 2 de la Armada Nacioanl, 4 de la Fuerza A\u00e9rea Uruguaya y 3 de INISA. La capacitaci\u00f3n se desarroll\u00f3 bajo la direcci\u00f3n de la Escuela de Ingenieros, con instructores del Departamento T\u00e9cnico de Ingenieros de la Brigada de Ingenieros N\u00ba1.<\/p>\n\n\n\n<div style=\"height:22px\" aria-hidden=\"true\" class=\"wp-block-spacer\"><\/div>\n\n\n\n<figure class=\"wp-block-gallery has-nested-images columns-default is-cropped wp-block-gallery-2 is-layout-flex wp-block-gallery-is-layout-flex\">\n<figure class=\"wp-block-image size-large\"><img loading=\"lazy\" decoding=\"async\" width=\"1024\" height=\"683\" data-id=\"64042\" src=\"https:\/\/www.ejercito.mil.uy\/wp-content\/uploads\/2026\/09\/Curso-de-Instalaciones-Electricas-5-1024x683.jpg\" alt=\"\" class=\"wp-image-64042\" srcset=\"https:\/\/www.ejercito.mil.uy\/wp-content\/uploads\/2026\/09\/Curso-de-Instalaciones-Electricas-5-1024x683.jpg 1024w, https:\/\/www.ejercito.mil.uy\/wp-content\/uploads\/2026\/09\/Curso-de-Instalaciones-Electricas-5-300x200.jpg 300w, https:\/\/www.ejercito.mil.uy\/wp-content\/uploads\/2026\/09\/Curso-de-Instalaciones-Electricas-5-768x512.jpg 768w, https:\/\/www.ejercito.mil.uy\/wp-content\/uploads\/2026\/09\/Curso-de-Instalaciones-Electricas-5.jpg 1200w\" sizes=\"auto, (max-width: 1024px) 100vw, 1024px\" \/><\/figure>\n\n\n\n<figure class=\"wp-block-image size-large\"><img loading=\"lazy\" decoding=\"async\" width=\"1024\" height=\"683\" data-id=\"64043\" src=\"https:\/\/www.ejercito.mil.uy\/wp-content\/uploads\/2026\/09\/Curso-de-Instalaciones-Electricas-6-1024x683.jpg\" alt=\"\" class=\"wp-image-64043\" srcset=\"https:\/\/www.ejercito.mil.uy\/wp-content\/uploads\/2026\/09\/Curso-de-Instalaciones-Electricas-6-1024x683.jpg 1024w, https:\/\/www.ejercito.mil.uy\/wp-content\/uploads\/2026\/09\/Curso-de-Instalaciones-Electricas-6-300x200.jpg 300w, https:\/\/www.ejercito.mil.uy\/wp-content\/uploads\/2026\/09\/Curso-de-Instalaciones-Electricas-6-768x512.jpg 768w, https:\/\/www.ejercito.mil.uy\/wp-content\/uploads\/2026\/09\/Curso-de-Instalaciones-Electricas-6.jpg 1200w\" sizes=\"auto, (max-width: 1024px) 100vw, 1024px\" \/><\/figure>\n<\/figure>\n\n\n\n<div style=\"height:22px\" aria-hidden=\"true\" class=\"wp-block-spacer\"><\/div>\n\n\n\n<p class=\"is-style-success has-black-color has-text-color has-link-color wp-elements-4 wp-block-paragraph\" style=\"font-size:14px\">Este curso se enmarca en el convenio de cooperaci\u00f3n firmado entre el Ministerio de Defensa Nacional e INISA, destinado a la capacitaci\u00f3n y formaci\u00f3n de j\u00f3venes en distintas dependencias de la Fuerza. A trav\u00e9s de estas instancias de formaci\u00f3n especializada, adquieren nuevos conocimientos y herramientas t\u00e9cnicas, que fortalecen sus competencias para el \u00e1mbito laboral.<\/p>\n\n\n\n<div style=\"height:22px\" aria-hidden=\"true\" class=\"wp-block-spacer\"><\/div>\n\n\n\n<p class=\"has-black-color has-text-color has-link-color wp-elements-5 wp-block-paragraph\" style=\"font-size:14px\">A lo largo de las jornadas, los alumnos recibieron formaci\u00f3n te\u00f3rica y pr\u00e1ctica relacionada con las instalaciones el\u00e9ctricas, abordando los procedimientos necesarios para su ejecuci\u00f3n de forma segura y responsable. El programa permiti\u00f3 integrar los aspectos t\u00e9cnicos propios de la especialidad, junto con las medidas de prevenci\u00f3n y seguridad correspondientes al empleo de herramientas, materiales y equipamiento el\u00e9ctrico.<\/p>\n\n\n\n<div style=\"height:22px\" aria-hidden=\"true\" class=\"wp-block-spacer\"><\/div>\n\n\n\n<figure class=\"wp-block-gallery has-nested-images columns-default is-cropped wp-block-gallery-3 is-layout-flex wp-block-gallery-is-layout-flex\">\n<figure class=\"wp-block-image size-large\"><img loading=\"lazy\" decoding=\"async\" width=\"1024\" height=\"683\" data-id=\"64046\" src=\"https:\/\/www.ejercito.mil.uy\/wp-content\/uploads\/2026\/09\/Curso-de-Instalaciones-Electricas-11-1024x683.jpg\" alt=\"\" class=\"wp-image-64046\" srcset=\"https:\/\/www.ejercito.mil.uy\/wp-content\/uploads\/2026\/09\/Curso-de-Instalaciones-Electricas-11-1024x683.jpg 1024w, https:\/\/www.ejercito.mil.uy\/wp-content\/uploads\/2026\/09\/Curso-de-Instalaciones-Electricas-11-300x200.jpg 300w, https:\/\/www.ejercito.mil.uy\/wp-content\/uploads\/2026\/09\/Curso-de-Instalaciones-Electricas-11-768x512.jpg 768w, https:\/\/www.ejercito.mil.uy\/wp-content\/uploads\/2026\/09\/Curso-de-Instalaciones-Electricas-11.jpg 1200w\" sizes=\"auto, (max-width: 1024px) 100vw, 1024px\" \/><\/figure>\n\n\n\n<figure class=\"wp-block-image size-large\"><img loading=\"lazy\" decoding=\"async\" width=\"1024\" height=\"683\" data-id=\"64045\" src=\"https:\/\/www.ejercito.mil.uy\/wp-content\/uploads\/2026\/09\/Curso-de-Instalaciones-Electricas-10-1024x683.jpg\" alt=\"\" class=\"wp-image-64045\" srcset=\"https:\/\/www.ejercito.mil.uy\/wp-content\/uploads\/2026\/09\/Curso-de-Instalaciones-Electricas-10-1024x683.jpg 1024w, https:\/\/www.ejercito.mil.uy\/wp-content\/uploads\/2026\/09\/Curso-de-Instalaciones-Electricas-10-300x200.jpg 300w, https:\/\/www.ejercito.mil.uy\/wp-content\/uploads\/2026\/09\/Curso-de-Instalaciones-Electricas-10-768x512.jpg 768w, https:\/\/www.ejercito.mil.uy\/wp-content\/uploads\/2026\/09\/Curso-de-Instalaciones-Electricas-10.jpg 1200w\" sizes=\"auto, (max-width: 1024px) 100vw, 1024px\" \/><\/figure>\n<\/figure>\n\n\n\n<div style=\"height:22px\" aria-hidden=\"true\" class=\"wp-block-spacer\"><\/div>\n\n\n\n<p class=\"has-black-color has-text-color has-link-color wp-elements-6 wp-block-paragraph\" style=\"font-size:14px\">La participaci\u00f3n conjunta de personal militar y alumnos provenientes de INISA, constituye una experiencia de integraci\u00f3n y aprendizaje compartido, que promueve el intercambio de conocimientos y experiencias.<\/p>\n\n\n\n<div style=\"height:22px\" aria-hidden=\"true\" class=\"wp-block-spacer\"><\/div>\n\n\n\n<figure class=\"wp-block-gallery has-nested-images columns-default is-cropped wp-block-gallery-4 is-layout-flex wp-block-gallery-is-layout-flex\">\n<figure class=\"wp-block-image size-large\"><img loading=\"lazy\" decoding=\"async\" width=\"1024\" height=\"683\" data-id=\"64052\" src=\"https:\/\/www.ejercito.mil.uy\/wp-content\/uploads\/2026\/09\/Curso-de-Instalaciones-Electricas-16-1024x683.jpg\" alt=\"\" class=\"wp-image-64052\" srcset=\"https:\/\/www.ejercito.mil.uy\/wp-content\/uploads\/2026\/09\/Curso-de-Instalaciones-Electricas-16-1024x683.jpg 1024w, https:\/\/www.ejercito.mil.uy\/wp-content\/uploads\/2026\/09\/Curso-de-Instalaciones-Electricas-16-300x200.jpg 300w, https:\/\/www.ejercito.mil.uy\/wp-content\/uploads\/2026\/09\/Curso-de-Instalaciones-Electricas-16-768x512.jpg 768w, https:\/\/www.ejercito.mil.uy\/wp-content\/uploads\/2026\/09\/Curso-de-Instalaciones-Electricas-16.jpg 1200w\" sizes=\"auto, (max-width: 1024px) 100vw, 1024px\" \/><\/figure>\n\n\n\n<figure class=\"wp-block-image size-large\"><img loading=\"lazy\" decoding=\"async\" width=\"1024\" height=\"683\" data-id=\"64056\" src=\"https:\/\/www.ejercito.mil.uy\/wp-content\/uploads\/2026\/09\/Curso-de-Instalaciones-Electricas-17-1024x683.jpg\" alt=\"\" class=\"wp-image-64056\" srcset=\"https:\/\/www.ejercito.mil.uy\/wp-content\/uploads\/2026\/09\/Curso-de-Instalaciones-Electricas-17-1024x683.jpg 1024w, https:\/\/www.ejercito.mil.uy\/wp-content\/uploads\/2026\/09\/Curso-de-Instalaciones-Electricas-17-300x200.jpg 300w, https:\/\/www.ejercito.mil.uy\/wp-content\/uploads\/2026\/09\/Curso-de-Instalaciones-Electricas-17-768x512.jpg 768w, https:\/\/www.ejercito.mil.uy\/wp-content\/uploads\/2026\/09\/Curso-de-Instalaciones-Electricas-17.jpg 1200w\" sizes=\"auto, (max-width: 1024px) 100vw, 1024px\" \/><\/figure>\n\n\n\n<figure class=\"wp-block-image size-large\"><img loading=\"lazy\" decoding=\"async\" width=\"1024\" height=\"683\" data-id=\"64050\" src=\"https:\/\/www.ejercito.mil.uy\/wp-content\/uploads\/2026\/09\/Curso-de-Instalaciones-Electricas-13-1024x683.jpg\" alt=\"\" class=\"wp-image-64050\" srcset=\"https:\/\/www.ejercito.mil.uy\/wp-content\/uploads\/2026\/09\/Curso-de-Instalaciones-Electricas-13-1024x683.jpg 1024w, https:\/\/www.ejercito.mil.uy\/wp-content\/uploads\/2026\/09\/Curso-de-Instalaciones-Electricas-13-300x200.jpg 300w, https:\/\/www.ejercito.mil.uy\/wp-content\/uploads\/2026\/09\/Curso-de-Instalaciones-Electricas-13-768x512.jpg 768w, https:\/\/www.ejercito.mil.uy\/wp-content\/uploads\/2026\/09\/Curso-de-Instalaciones-Electricas-13.jpg 1200w\" sizes=\"auto, (max-width: 1024px) 100vw, 1024px\" \/><\/figure>\n\n\n\n<figure class=\"wp-block-image size-large\"><img loading=\"lazy\" decoding=\"async\" width=\"1024\" height=\"683\" data-id=\"64053\" src=\"https:\/\/www.ejercito.mil.uy\/wp-content\/uploads\/2026\/09\/Curso-de-Instalaciones-Electricas-15-1024x683.jpg\" alt=\"\" class=\"wp-image-64053\" srcset=\"https:\/\/www.ejercito.mil.uy\/wp-content\/uploads\/2026\/09\/Curso-de-Instalaciones-Electricas-15-1024x683.jpg 1024w, https:\/\/www.ejercito.mil.uy\/wp-content\/uploads\/2026\/09\/Curso-de-Instalaciones-Electricas-15-300x200.jpg 300w, https:\/\/www.ejercito.mil.uy\/wp-content\/uploads\/2026\/09\/Curso-de-Instalaciones-Electricas-15-768x512.jpg 768w, https:\/\/www.ejercito.mil.uy\/wp-content\/uploads\/2026\/09\/Curso-de-Instalaciones-Electricas-15.jpg 1200w\" sizes=\"auto, (max-width: 1024px) 100vw, 1024px\" \/><\/figure>\n<\/figure>\n\n\n\n<div style=\"height:22px\" aria-hidden=\"true\" class=\"wp-block-spacer\"><\/div>\n\n\n\n<p class=\"has-black-color has-text-color has-link-color wp-elements-7 wp-block-paragraph\" style=\"font-size:14px\">Mediante estas iniciativas, la Fuerza reafirma su compromiso con el&nbsp;perfeccionamiento y fortalecimiento de habilidades&nbsp;para el desarrollo personal, profesional y laboral.<\/p>\n\n\n\n<div style=\"height:22px\" aria-hidden=\"true\" class=\"wp-block-spacer\"><\/div>\n\n\n\n<figure class=\"wp-block-image size-large\"><img loading=\"lazy\" decoding=\"async\" width=\"1024\" height=\"683\" src=\"https:\/\/www.ejercito.mil.uy\/wp-content\/uploads\/2026\/09\/Curso-de-Instalaciones-Electricas-12-1024x683.jpg\" alt=\"\" class=\"wp-image-64049\" srcset=\"https:\/\/www.ejercito.mil.uy\/wp-content\/uploads\/2026\/09\/Curso-de-Instalaciones-Electricas-12-1024x683.jpg 1024w, https:\/\/www.ejercito.mil.uy\/wp-content\/uploads\/2026\/09\/Curso-de-Instalaciones-Electricas-12-300x200.jpg 300w, https:\/\/www.ejercito.mil.uy\/wp-content\/uploads\/2026\/09\/Curso-de-Instalaciones-Electricas-12-768x512.jpg 768w, https:\/\/www.ejercito.mil.uy\/wp-content\/uploads\/2026\/09\/Curso-de-Instalaciones-Electricas-12.jpg 1200w\" sizes=\"auto, (max-width: 1024px) 100vw, 1024px\" \/><\/figure>\n","protected":false},"excerpt":{"rendered":"<p>02.09.2026 &#8211; La Escuela de Ingenieros del Ej\u00e9rcito fue sede del curso, que brind\u00f3 conocimientos te\u00f3ricos y pr\u00e1cticos sobre instalaciones el\u00e9ctricas, a militares de las tres Fuerzas y j\u00f3venes de INISA.<\/p>\n","protected":false},"author":14,"featured_media":64038,"comment_status":"open","ping_status":"open","sticky":false,"template":"","format":"standard","meta":{"_coblocks_attr":"","_coblocks_dimensions":"","_coblocks_responsive_height":"","_coblocks_accordion_ie_support":"","_monsterinsights_skip_tracking":false,"_uf_show_specific_survey":0,"_uf_disable_surveys":false,"footnotes":""},"categories":[2,10,14],"tags":[314,199,188,688,2467,1303,2419,1037,2472,263,2421,33],"class_list":["post-63946","post","type-post","status-publish","format-standard","has-post-thumbnail","hentry","category-blog","category-destacados","category-noticias","tag-capacitacion","tag-convenio","tag-cursos","tag-efectivos","tag-electricista","tag-herramientas","tag-inisa","tag-instalaciones","tag-instalaciones-electricas","tag-jovenes-2","tag-oficio","tag-seguridad"],"aioseo_notices":[],"aioseo_head":"\n\t\t<!-- All in One SEO 5.0.1.1 - aioseo.com -->\n\t<meta name=\"description\" content=\"02.09.2026 - La Escuela de Ingenieros del Ej\u00e9rcito fue sede del curso, que brind\u00f3 conocimientos te\u00f3ricos y pr\u00e1cticos sobre instalaciones el\u00e9ctricas, a militares de las tres Fuerzas y j\u00f3venes de INISA.\" \/>\n\t<meta name=\"robots\" content=\"max-image-preview:large\" \/>\n\t<meta name=\"author\" content=\"Johann Novak\"\/>\n\t<link rel=\"canonical\" href=\"https:\/\/www.ejercito.mil.uy\/index.php\/2026\/09\/01\/finalizo-el-curso-de-instalaciones-electricas-donde-participaron-jovenes-del-inisa\/\" \/>\n\t<meta name=\"generator\" content=\"All in One SEO (AIOSEO) 5.0.1.1\" \/>\n\t\t<meta property=\"og:locale\" content=\"es_ES\" \/>\n\t\t<meta property=\"og:site_name\" content=\"Ej\u00e9rcito Nacional - La Fuerza de todos\" \/>\n\t\t<meta property=\"og:type\" content=\"article\" \/>\n\t\t<meta property=\"og:title\" content=\"Finaliz\u00f3 el Curso de Instalaciones El\u00e9ctricas donde participaron j\u00f3venes del INISA - Ej\u00e9rcito Nacional\" \/>\n\t\t<meta property=\"og:description\" content=\"02.09.2026 - La Escuela de Ingenieros del Ej\u00e9rcito fue sede del curso, que brind\u00f3 conocimientos te\u00f3ricos y pr\u00e1cticos sobre instalaciones el\u00e9ctricas, a militares de las tres Fuerzas y j\u00f3venes de INISA.\" \/>\n\t\t<meta property=\"og:url\" content=\"https:\/\/www.ejercito.mil.uy\/index.php\/2026\/09\/01\/finalizo-el-curso-de-instalaciones-electricas-donde-participaron-jovenes-del-inisa\/\" \/>\n\t\t<meta property=\"og:image\" content=\"https:\/\/www.ejercito.mil.uy\/wp-content\/uploads\/2022\/01\/Escudo_EN_URUGUAY.png\" \/>\n\t\t<meta property=\"og:image:secure_url\" content=\"https:\/\/www.ejercito.mil.uy\/wp-content\/uploads\/2022\/01\/Escudo_EN_URUGUAY.png\" \/>\n\t\t<meta property=\"og:image:width\" content=\"134\" \/>\n\t\t<meta property=\"og:image:height\" content=\"119\" \/>\n\t\t<meta property=\"article:published_time\" content=\"2026-09-01T19:21:56+00:00\" \/>\n\t\t<meta property=\"article:modified_time\" content=\"2026-09-02T19:38:02+00:00\" \/>\n\t\t<meta name=\"twitter:card\" content=\"summary_large_image\" \/>\n\t\t<meta name=\"twitter:title\" content=\"Finaliz\u00f3 el Curso de Instalaciones El\u00e9ctricas donde participaron j\u00f3venes del INISA - Ej\u00e9rcito Nacional\" \/>\n\t\t<meta name=\"twitter:description\" content=\"02.09.2026 - La Escuela de Ingenieros del Ej\u00e9rcito fue sede del curso, que brind\u00f3 conocimientos te\u00f3ricos y pr\u00e1cticos sobre instalaciones el\u00e9ctricas, a militares de las tres Fuerzas y j\u00f3venes de INISA.\" \/>\n\t\t<meta name=\"twitter:image\" content=\"https:\/\/www.ejercito.mil.uy\/wp-content\/uploads\/2022\/01\/Escudo_EN_URUGUAY.png\" \/>\n\t\t<script type=\"application\/ld+json\" class=\"aioseo-schema\">\n\t\t\t{\"@context\":\"https:\\\/\\\/schema.org\",\"@graph\":[{\"@type\":\"BlogPosting\",\"@id\":\"https:\\\/\\\/www.ejercito.mil.uy\\\/index.php\\\/2026\\\/09\\\/01\\\/finalizo-el-curso-de-instalaciones-electricas-donde-participaron-jovenes-del-inisa\\\/#blogposting\",\"name\":\"Finaliz\\u00f3 el Curso de Instalaciones El\\u00e9ctricas donde participaron j\\u00f3venes del INISA - Ej\\u00e9rcito Nacional\",\"headline\":\"Finaliz\\u00f3 el Curso de\\u00a0Instalaciones El\\u00e9ctricas donde participaron j\\u00f3venes del INISA\",\"author\":{\"@id\":\"https:\\\/\\\/www.ejercito.mil.uy\\\/index.php\\\/author\\\/jnovak\\\/#author\"},\"publisher\":{\"@id\":\"https:\\\/\\\/www.ejercito.mil.uy\\\/#organization\"},\"image\":{\"@type\":\"ImageObject\",\"url\":\"https:\\\/\\\/www.ejercito.mil.uy\\\/wp-content\\\/uploads\\\/2026\\\/09\\\/Curso-de-Instalaciones-Electricas-9.jpg\",\"width\":1200,\"height\":800},\"datePublished\":\"2026-09-01T16:21:56-03:00\",\"dateModified\":\"2026-09-02T16:38:02-03:00\",\"inLanguage\":\"es-UY\",\"mainEntityOfPage\":{\"@id\":\"https:\\\/\\\/www.ejercito.mil.uy\\\/index.php\\\/2026\\\/09\\\/01\\\/finalizo-el-curso-de-instalaciones-electricas-donde-participaron-jovenes-del-inisa\\\/#webpage\"},\"isPartOf\":{\"@id\":\"https:\\\/\\\/www.ejercito.mil.uy\\\/index.php\\\/2026\\\/09\\\/01\\\/finalizo-el-curso-de-instalaciones-electricas-donde-participaron-jovenes-del-inisa\\\/#webpage\"},\"articleSection\":\"Blog, Destacados, Noticias, capacitaci\\u00f3n, convenio, cursos, efectivos, electricista, herramientas, INISA, instalaciones, Instalaciones El\\u00e9ctricas, jovenes, oficio, seguridad\"},{\"@type\":\"BreadcrumbList\",\"@id\":\"https:\\\/\\\/www.ejercito.mil.uy\\\/index.php\\\/2026\\\/09\\\/01\\\/finalizo-el-curso-de-instalaciones-electricas-donde-participaron-jovenes-del-inisa\\\/#breadcrumblist\",\"itemListElement\":[{\"@type\":\"ListItem\",\"@id\":\"https:\\\/\\\/www.ejercito.mil.uy#listItem\",\"position\":1,\"name\":\"Home\",\"item\":\"https:\\\/\\\/www.ejercito.mil.uy\",\"nextItem\":{\"@type\":\"ListItem\",\"@id\":\"https:\\\/\\\/www.ejercito.mil.uy\\\/index.php\\\/category\\\/destacados\\\/#listItem\",\"name\":\"Destacados\"}},{\"@type\":\"ListItem\",\"@id\":\"https:\\\/\\\/www.ejercito.mil.uy\\\/index.php\\\/category\\\/destacados\\\/#listItem\",\"position\":2,\"name\":\"Destacados\",\"item\":\"https:\\\/\\\/www.ejercito.mil.uy\\\/index.php\\\/category\\\/destacados\\\/\",\"nextItem\":{\"@type\":\"ListItem\",\"@id\":\"https:\\\/\\\/www.ejercito.mil.uy\\\/index.php\\\/category\\\/destacados\\\/noticias\\\/#listItem\",\"name\":\"Noticias\"},\"previousItem\":{\"@type\":\"ListItem\",\"@id\":\"https:\\\/\\\/www.ejercito.mil.uy#listItem\",\"name\":\"Home\"}},{\"@type\":\"ListItem\",\"@id\":\"https:\\\/\\\/www.ejercito.mil.uy\\\/index.php\\\/category\\\/destacados\\\/noticias\\\/#listItem\",\"position\":3,\"name\":\"Noticias\",\"item\":\"https:\\\/\\\/www.ejercito.mil.uy\\\/index.php\\\/category\\\/destacados\\\/noticias\\\/\",\"nextItem\":{\"@type\":\"ListItem\",\"@id\":\"https:\\\/\\\/www.ejercito.mil.uy\\\/index.php\\\/2026\\\/09\\\/01\\\/finalizo-el-curso-de-instalaciones-electricas-donde-participaron-jovenes-del-inisa\\\/#listItem\",\"name\":\"Finaliz\\u00f3 el Curso de\\u00a0Instalaciones El\\u00e9ctricas donde participaron j\\u00f3venes del INISA\"},\"previousItem\":{\"@type\":\"ListItem\",\"@id\":\"https:\\\/\\\/www.ejercito.mil.uy\\\/index.php\\\/category\\\/destacados\\\/#listItem\",\"name\":\"Destacados\"}},{\"@type\":\"ListItem\",\"@id\":\"https:\\\/\\\/www.ejercito.mil.uy\\\/index.php\\\/2026\\\/09\\\/01\\\/finalizo-el-curso-de-instalaciones-electricas-donde-participaron-jovenes-del-inisa\\\/#listItem\",\"position\":4,\"name\":\"Finaliz\\u00f3 el Curso de\\u00a0Instalaciones El\\u00e9ctricas donde participaron j\\u00f3venes del INISA\",\"previousItem\":{\"@type\":\"ListItem\",\"@id\":\"https:\\\/\\\/www.ejercito.mil.uy\\\/index.php\\\/category\\\/destacados\\\/noticias\\\/#listItem\",\"name\":\"Noticias\"}}]},{\"@type\":\"Organization\",\"@id\":\"https:\\\/\\\/www.ejercito.mil.uy\\\/#organization\",\"name\":\"Ej\\u00e9rcito Nacional\",\"description\":\"La Fuerza de todos\",\"url\":\"https:\\\/\\\/www.ejercito.mil.uy\\\/\",\"logo\":{\"@type\":\"ImageObject\",\"url\":\"https:\\\/\\\/www.ejercito.mil.uy\\\/wp-content\\\/uploads\\\/2022\\\/01\\\/Escudo_EN_URUGUAY.png\",\"@id\":\"https:\\\/\\\/www.ejercito.mil.uy\\\/index.php\\\/2026\\\/09\\\/01\\\/finalizo-el-curso-de-instalaciones-electricas-donde-participaron-jovenes-del-inisa\\\/#organizationLogo\",\"width\":134,\"height\":119},\"image\":{\"@id\":\"https:\\\/\\\/www.ejercito.mil.uy\\\/index.php\\\/2026\\\/09\\\/01\\\/finalizo-el-curso-de-instalaciones-electricas-donde-participaron-jovenes-del-inisa\\\/#organizationLogo\"}},{\"@type\":\"Person\",\"@id\":\"https:\\\/\\\/www.ejercito.mil.uy\\\/index.php\\\/author\\\/jnovak\\\/#author\",\"url\":\"https:\\\/\\\/www.ejercito.mil.uy\\\/index.php\\\/author\\\/jnovak\\\/\",\"name\":\"Johann Novak\",\"image\":{\"@type\":\"ImageObject\",\"@id\":\"https:\\\/\\\/www.ejercito.mil.uy\\\/index.php\\\/2026\\\/09\\\/01\\\/finalizo-el-curso-de-instalaciones-electricas-donde-participaron-jovenes-del-inisa\\\/#authorImage\",\"url\":\"https:\\\/\\\/secure.gravatar.com\\\/avatar\\\/a2179469edb0255a31906ba75adbde3c8cec60a111c3516b4d339099af28227c?s=96&d=mm&r=g\",\"width\":96,\"height\":96,\"caption\":\"Johann Novak\"}},{\"@type\":\"WebPage\",\"@id\":\"https:\\\/\\\/www.ejercito.mil.uy\\\/index.php\\\/2026\\\/09\\\/01\\\/finalizo-el-curso-de-instalaciones-electricas-donde-participaron-jovenes-del-inisa\\\/#webpage\",\"url\":\"https:\\\/\\\/www.ejercito.mil.uy\\\/index.php\\\/2026\\\/09\\\/01\\\/finalizo-el-curso-de-instalaciones-electricas-donde-participaron-jovenes-del-inisa\\\/\",\"name\":\"Finaliz\\u00f3 el Curso de Instalaciones El\\u00e9ctricas donde participaron j\\u00f3venes del INISA - Ej\\u00e9rcito Nacional\",\"description\":\"02.09.2026 - La Escuela de Ingenieros del Ej\\u00e9rcito fue sede del curso, que brind\\u00f3 conocimientos te\\u00f3ricos y pr\\u00e1cticos sobre instalaciones el\\u00e9ctricas, a militares de las tres Fuerzas y j\\u00f3venes de INISA.\",\"inLanguage\":\"es-UY\",\"isPartOf\":{\"@id\":\"https:\\\/\\\/www.ejercito.mil.uy\\\/#website\"},\"breadcrumb\":{\"@id\":\"https:\\\/\\\/www.ejercito.mil.uy\\\/index.php\\\/2026\\\/09\\\/01\\\/finalizo-el-curso-de-instalaciones-electricas-donde-participaron-jovenes-del-inisa\\\/#breadcrumblist\"},\"author\":{\"@id\":\"https:\\\/\\\/www.ejercito.mil.uy\\\/index.php\\\/author\\\/jnovak\\\/#author\"},\"creator\":{\"@id\":\"https:\\\/\\\/www.ejercito.mil.uy\\\/index.php\\\/author\\\/jnovak\\\/#author\"},\"image\":{\"@type\":\"ImageObject\",\"url\":\"https:\\\/\\\/www.ejercito.mil.uy\\\/wp-content\\\/uploads\\\/2026\\\/09\\\/Curso-de-Instalaciones-Electricas-9.jpg\",\"@id\":\"https:\\\/\\\/www.ejercito.mil.uy\\\/index.php\\\/2026\\\/09\\\/01\\\/finalizo-el-curso-de-instalaciones-electricas-donde-participaron-jovenes-del-inisa\\\/#mainImage\",\"width\":1200,\"height\":800},\"primaryImageOfPage\":{\"@id\":\"https:\\\/\\\/www.ejercito.mil.uy\\\/index.php\\\/2026\\\/09\\\/01\\\/finalizo-el-curso-de-instalaciones-electricas-donde-participaron-jovenes-del-inisa\\\/#mainImage\"},\"datePublished\":\"2026-09-01T16:21:56-03:00\",\"dateModified\":\"2026-09-02T16:38:02-03:00\"},{\"@type\":\"WebSite\",\"@id\":\"https:\\\/\\\/www.ejercito.mil.uy\\\/#website\",\"url\":\"https:\\\/\\\/www.ejercito.mil.uy\\\/\",\"name\":\"Ej\\u00e9rcito Nacional\",\"description\":\"La Fuerza de todos\",\"inLanguage\":\"es-UY\",\"publisher\":{\"@id\":\"https:\\\/\\\/www.ejercito.mil.uy\\\/#organization\"}}]}\n\t\t<\/script>\n\t\t<!-- All in One SEO -->\n\n","aioseo_head_json":{"title":"Finaliz\u00f3 el Curso de Instalaciones El\u00e9ctricas donde participaron j\u00f3venes del INISA - Ej\u00e9rcito Nacional","description":"02.09.2026 - La Escuela de Ingenieros del Ej\u00e9rcito fue sede del curso, que brind\u00f3 conocimientos te\u00f3ricos y pr\u00e1cticos sobre instalaciones el\u00e9ctricas, a militares de las tres Fuerzas y j\u00f3venes de INISA.","canonical_url":"https:\/\/www.ejercito.mil.uy\/index.php\/2026\/09\/01\/finalizo-el-curso-de-instalaciones-electricas-donde-participaron-jovenes-del-inisa\/","robots":"max-image-preview:large","keywords":"","webmasterTools":{"miscellaneous":""},"schema":{"@context":"https:\/\/schema.org","@graph":[{"@type":"BlogPosting","@id":"https:\/\/www.ejercito.mil.uy\/index.php\/2026\/09\/01\/finalizo-el-curso-de-instalaciones-electricas-donde-participaron-jovenes-del-inisa\/#blogposting","name":"Finaliz\u00f3 el Curso de Instalaciones El\u00e9ctricas donde participaron j\u00f3venes del INISA - Ej\u00e9rcito Nacional","headline":"Finaliz\u00f3 el Curso de\u00a0Instalaciones El\u00e9ctricas donde participaron j\u00f3venes del INISA","author":{"@id":"https:\/\/www.ejercito.mil.uy\/index.php\/author\/jnovak\/#author"},"publisher":{"@id":"https:\/\/www.ejercito.mil.uy\/#organization"},"image":{"@type":"ImageObject","url":"https:\/\/www.ejercito.mil.uy\/wp-content\/uploads\/2026\/09\/Curso-de-Instalaciones-Electricas-9.jpg","width":1200,"height":800},"datePublished":"2026-09-01T16:21:56-03:00","dateModified":"2026-09-02T16:38:02-03:00","inLanguage":"es-UY","mainEntityOfPage":{"@id":"https:\/\/www.ejercito.mil.uy\/index.php\/2026\/09\/01\/finalizo-el-curso-de-instalaciones-electricas-donde-participaron-jovenes-del-inisa\/#webpage"},"isPartOf":{"@id":"https:\/\/www.ejercito.mil.uy\/index.php\/2026\/09\/01\/finalizo-el-curso-de-instalaciones-electricas-donde-participaron-jovenes-del-inisa\/#webpage"},"articleSection":"Blog, Destacados, Noticias, capacitaci\u00f3n, convenio, cursos, efectivos, electricista, herramientas, INISA, instalaciones, Instalaciones El\u00e9ctricas, jovenes, oficio, seguridad"},{"@type":"BreadcrumbList","@id":"https:\/\/www.ejercito.mil.uy\/index.php\/2026\/09\/01\/finalizo-el-curso-de-instalaciones-electricas-donde-participaron-jovenes-del-inisa\/#breadcrumblist","itemListElement":[{"@type":"ListItem","@id":"https:\/\/www.ejercito.mil.uy#listItem","position":1,"name":"Home","item":"https:\/\/www.ejercito.mil.uy","nextItem":{"@type":"ListItem","@id":"https:\/\/www.ejercito.mil.uy\/index.php\/category\/destacados\/#listItem","name":"Destacados"}},{"@type":"ListItem","@id":"https:\/\/www.ejercito.mil.uy\/index.php\/category\/destacados\/#listItem","position":2,"name":"Destacados","item":"https:\/\/www.ejercito.mil.uy\/index.php\/category\/destacados\/","nextItem":{"@type":"ListItem","@id":"https:\/\/www.ejercito.mil.uy\/index.php\/category\/destacados\/noticias\/#listItem","name":"Noticias"},"previousItem":{"@type":"ListItem","@id":"https:\/\/www.ejercito.mil.uy#listItem","name":"Home"}},{"@type":"ListItem","@id":"https:\/\/www.ejercito.mil.uy\/index.php\/category\/destacados\/noticias\/#listItem","position":3,"name":"Noticias","item":"https:\/\/www.ejercito.mil.uy\/index.php\/category\/destacados\/noticias\/","nextItem":{"@type":"ListItem","@id":"https:\/\/www.ejercito.mil.uy\/index.php\/2026\/09\/01\/finalizo-el-curso-de-instalaciones-electricas-donde-participaron-jovenes-del-inisa\/#listItem","name":"Finaliz\u00f3 el Curso de\u00a0Instalaciones El\u00e9ctricas donde participaron j\u00f3venes del INISA"},"previousItem":{"@type":"ListItem","@id":"https:\/\/www.ejercito.mil.uy\/index.php\/category\/destacados\/#listItem","name":"Destacados"}},{"@type":"ListItem","@id":"https:\/\/www.ejercito.mil.uy\/index.php\/2026\/09\/01\/finalizo-el-curso-de-instalaciones-electricas-donde-participaron-jovenes-del-inisa\/#listItem","position":4,"name":"Finaliz\u00f3 el Curso de\u00a0Instalaciones El\u00e9ctricas donde participaron j\u00f3venes del INISA","previousItem":{"@type":"ListItem","@id":"https:\/\/www.ejercito.mil.uy\/index.php\/category\/destacados\/noticias\/#listItem","name":"Noticias"}}]},{"@type":"Organization","@id":"https:\/\/www.ejercito.mil.uy\/#organization","name":"Ej\u00e9rcito Nacional","description":"La Fuerza de todos","url":"https:\/\/www.ejercito.mil.uy\/","logo":{"@type":"ImageObject","url":"https:\/\/www.ejercito.mil.uy\/wp-content\/uploads\/2022\/01\/Escudo_EN_URUGUAY.png","@id":"https:\/\/www.ejercito.mil.uy\/index.php\/2026\/09\/01\/finalizo-el-curso-de-instalaciones-electricas-donde-participaron-jovenes-del-inisa\/#organizationLogo","width":134,"height":119},"image":{"@id":"https:\/\/www.ejercito.mil.uy\/index.php\/2026\/09\/01\/finalizo-el-curso-de-instalaciones-electricas-donde-participaron-jovenes-del-inisa\/#organizationLogo"}},{"@type":"Person","@id":"https:\/\/www.ejercito.mil.uy\/index.php\/author\/jnovak\/#author","url":"https:\/\/www.ejercito.mil.uy\/index.php\/author\/jnovak\/","name":"Johann Novak","image":{"@type":"ImageObject","@id":"https:\/\/www.ejercito.mil.uy\/index.php\/2026\/09\/01\/finalizo-el-curso-de-instalaciones-electricas-donde-participaron-jovenes-del-inisa\/#authorImage","url":"https:\/\/secure.gravatar.com\/avatar\/a2179469edb0255a31906ba75adbde3c8cec60a111c3516b4d339099af28227c?s=96&d=mm&r=g","width":96,"height":96,"caption":"Johann Novak"}},{"@type":"WebPage","@id":"https:\/\/www.ejercito.mil.uy\/index.php\/2026\/09\/01\/finalizo-el-curso-de-instalaciones-electricas-donde-participaron-jovenes-del-inisa\/#webpage","url":"https:\/\/www.ejercito.mil.uy\/index.php\/2026\/09\/01\/finalizo-el-curso-de-instalaciones-electricas-donde-participaron-jovenes-del-inisa\/","name":"Finaliz\u00f3 el Curso de Instalaciones El\u00e9ctricas donde participaron j\u00f3venes del INISA - Ej\u00e9rcito Nacional","description":"02.09.2026 - La Escuela de Ingenieros del Ej\u00e9rcito fue sede del curso, que brind\u00f3 conocimientos te\u00f3ricos y pr\u00e1cticos sobre instalaciones el\u00e9ctricas, a militares de las tres Fuerzas y j\u00f3venes de INISA.","inLanguage":"es-UY","isPartOf":{"@id":"https:\/\/www.ejercito.mil.uy\/#website"},"breadcrumb":{"@id":"https:\/\/www.ejercito.mil.uy\/index.php\/2026\/09\/01\/finalizo-el-curso-de-instalaciones-electricas-donde-participaron-jovenes-del-inisa\/#breadcrumblist"},"author":{"@id":"https:\/\/www.ejercito.mil.uy\/index.php\/author\/jnovak\/#author"},"creator":{"@id":"https:\/\/www.ejercito.mil.uy\/index.php\/author\/jnovak\/#author"},"image":{"@type":"ImageObject","url":"https:\/\/www.ejercito.mil.uy\/wp-content\/uploads\/2026\/09\/Curso-de-Instalaciones-Electricas-9.jpg","@id":"https:\/\/www.ejercito.mil.uy\/index.php\/2026\/09\/01\/finalizo-el-curso-de-instalaciones-electricas-donde-participaron-jovenes-del-inisa\/#mainImage","width":1200,"height":800},"primaryImageOfPage":{"@id":"https:\/\/www.ejercito.mil.uy\/index.php\/2026\/09\/01\/finalizo-el-curso-de-instalaciones-electricas-donde-participaron-jovenes-del-inisa\/#mainImage"},"datePublished":"2026-09-01T16:21:56-03:00","dateModified":"2026-09-02T16:38:02-03:00"},{"@type":"WebSite","@id":"https:\/\/www.ejercito.mil.uy\/#website","url":"https:\/\/www.ejercito.mil.uy\/","name":"Ej\u00e9rcito Nacional","description":"La Fuerza de todos","inLanguage":"es-UY","publisher":{"@id":"https:\/\/www.ejercito.mil.uy\/#organization"}}]},"og:locale":"es_ES","og:site_name":"Ej\u00e9rcito Nacional - La Fuerza de todos","og:type":"article","og:title":"Finaliz\u00f3 el Curso de Instalaciones El\u00e9ctricas donde participaron j\u00f3venes del INISA - Ej\u00e9rcito Nacional","og:description":"02.09.2026 - La Escuela de Ingenieros del Ej\u00e9rcito fue sede del curso, que brind\u00f3 conocimientos te\u00f3ricos y pr\u00e1cticos sobre instalaciones el\u00e9ctricas, a militares de las tres Fuerzas y j\u00f3venes de INISA.","og:url":"https:\/\/www.ejercito.mil.uy\/index.php\/2026\/09\/01\/finalizo-el-curso-de-instalaciones-electricas-donde-participaron-jovenes-del-inisa\/","og:image":"https:\/\/www.ejercito.mil.uy\/wp-content\/uploads\/2022\/01\/Escudo_EN_URUGUAY.png","og:image:secure_url":"https:\/\/www.ejercito.mil.uy\/wp-content\/uploads\/2022\/01\/Escudo_EN_URUGUAY.png","og:image:width":134,"og:image:height":119,"article:published_time":"2026-09-01T19:21:56+00:00","article:modified_time":"2026-09-02T19:38:02+00:00","twitter:card":"summary_large_image","twitter:title":"Finaliz\u00f3 el Curso de Instalaciones El\u00e9ctricas donde participaron j\u00f3venes del INISA - Ej\u00e9rcito Nacional","twitter:description":"02.09.2026 - La Escuela de Ingenieros del Ej\u00e9rcito fue sede del curso, que brind\u00f3 conocimientos te\u00f3ricos y pr\u00e1cticos sobre instalaciones el\u00e9ctricas, a militares de las tres Fuerzas y j\u00f3venes de INISA.","twitter:image":"https:\/\/www.ejercito.mil.uy\/wp-content\/uploads\/2022\/01\/Escudo_EN_URUGUAY.png"},"aioseo_meta_data":{"post_id":"63946","title":null,"description":null,"keywords":null,"keyphrases":{"focus":{"keyphrase":"","score":0,"analysis":{"keyphraseInTitle":{"score":0,"maxScore":9,"error":1}}},"additional":[]},"primary_term":null,"canonical_url":null,"og_title":null,"og_description":null,"og_object_type":"default","og_image_type":"default","og_image_url":null,"og_image_width":null,"og_image_height":null,"og_image_custom_url":null,"og_image_custom_fields":null,"og_video":"","og_custom_url":null,"og_article_section":null,"og_article_tags":null,"twitter_use_og":false,"twitter_card":"default","twitter_image_type":"default","twitter_image_url":null,"twitter_image_custom_url":null,"twitter_image_custom_fields":null,"twitter_title":null,"twitter_description":null,"schema":{"blockGraphs":[],"customGraphs":[],"default":{"data":{"Article":[],"Course":[],"Dataset":[],"FAQPage":[],"Movie":[],"Person":[],"Product":[],"ProductReview":[],"Car":[],"Recipe":[],"Service":[],"SoftwareApplication":[],"WebPage":[]},"graphName":"BlogPosting","isEnabled":true},"graphs":[]},"schema_type":"default","schema_type_options":null,"pillar_content":false,"robots_default":true,"robots_noindex":false,"robots_noarchive":false,"robots_nosnippet":false,"robots_nofollow":false,"robots_noimageindex":false,"robots_noodp":false,"robots_notranslate":false,"robots_max_snippet":"-1","robots_max_videopreview":"-1","robots_max_imagepreview":"large","priority":null,"frequency":"default","local_seo":null,"breadcrumb_settings":null,"limit_modified_date":false,"ai":{"faqs":[],"keyPoints":[],"schemas":[],"titles":[],"descriptions":[],"socialPosts":{"email":{"subject":"","preview":"","content":""},"linkedin":[],"twitter":[],"facebook":[],"instagram":[]}},"created":"2026-09-02 14:55:07","updated":"2026-09-02 20:25:08","seo_analyzer_scan_date":null,"focus_keyword":null,"additional_keywords":null,"truseo_locale":null},"aioseo_breadcrumb":"<div class=\"aioseo-breadcrumbs\"><span class=\"aioseo-breadcrumb\">\n\t\t\t<a href=\"https:\/\/www.ejercito.mil.uy\" title=\"Home\">Home<\/a>\n\t\t<\/span><span class=\"aioseo-breadcrumb-separator\">&raquo;<\/span><span class=\"aioseo-breadcrumb\">\n\t\t\t<a href=\"https:\/\/www.ejercito.mil.uy\/index.php\/category\/destacados\/\" title=\"Destacados\">Destacados<\/a>\n\t\t<\/span><span class=\"aioseo-breadcrumb-separator\">&raquo;<\/span><span class=\"aioseo-breadcrumb\">\n\t\t\t<a href=\"https:\/\/www.ejercito.mil.uy\/index.php\/category\/destacados\/noticias\/\" title=\"Noticias\">Noticias<\/a>\n\t\t<\/span><span class=\"aioseo-breadcrumb-separator\">&raquo;<\/span><span class=\"aioseo-breadcrumb\">\n\t\t\tFinaliz\u00f3 el Curso de Instalaciones El\u00e9ctricas donde participaron j\u00f3venes del INISA\n\t\t<\/span><\/div>","aioseo_breadcrumb_json":[{"label":"Home","link":"https:\/\/www.ejercito.mil.uy"},{"label":"Destacados","link":"https:\/\/www.ejercito.mil.uy\/index.php\/category\/destacados\/"},{"label":"Noticias","link":"https:\/\/www.ejercito.mil.uy\/index.php\/category\/destacados\/noticias\/"},{"label":"Finaliz\u00f3 el Curso de\u00a0Instalaciones El\u00e9ctricas donde participaron j\u00f3venes del INISA","link":"https:\/\/www.ejercito.mil.uy\/index.php\/2026\/09\/01\/finalizo-el-curso-de-instalaciones-electricas-donde-participaron-jovenes-del-inisa\/"}],"_links":{"self":[{"href":"https:\/\/www.ejercito.mil.uy\/index.php\/wp-json\/wp\/v2\/posts\/63946","targetHints":{"allow":["GET"]}}],"collection":[{"href":"https:\/\/www.ejercito.mil.uy\/index.php\/wp-json\/wp\/v2\/posts"}],"about":[{"href":"https:\/\/www.ejercito.mil.uy\/index.php\/wp-json\/wp\/v2\/types\/post"}],"author":[{"embeddable":true,"href":"https:\/\/www.ejercito.mil.uy\/index.php\/wp-json\/wp\/v2\/users\/14"}],"replies":[{"embeddable":true,"href":"https:\/\/www.ejercito.mil.uy\/index.php\/wp-json\/wp\/v2\/comments?post=63946"}],"version-history":[{"count":50,"href":"https:\/\/www.ejercito.mil.uy\/index.php\/wp-json\/wp\/v2\/posts\/63946\/revisions"}],"predecessor-version":[{"id":64067,"href":"https:\/\/www.ejercito.mil.uy\/index.php\/wp-json\/wp\/v2\/posts\/63946\/revisions\/64067"}],"wp:featuredmedia":[{"embeddable":true,"href":"https:\/\/www.ejercito.mil.uy\/index.php\/wp-json\/wp\/v2\/media\/64038"}],"wp:attachment":[{"href":"https:\/\/www.ejercito.mil.uy\/index.php\/wp-json\/wp\/v2\/media?parent=63946"}],"wp:term":[{"taxonomy":"category","embeddable":true,"href":"https:\/\/www.ejercito.mil.uy\/index.php\/wp-json\/wp\/v2\/categories?post=63946"},{"taxonomy":"post_tag","embeddable":true,"href":"https:\/\/www.ejercito.mil.uy\/index.php\/wp-json\/wp\/v2\/tags?post=63946"}],"curies":[{"name":"wp","href":"https:\/\/api.w.org\/{rel}","templated":true}]}}