{"id":64188,"date":"2026-09-05T15:06:27","date_gmt":"2026-09-05T18:06:27","guid":{"rendered":"https:\/\/www.ejercito.mil.uy\/?p=64188"},"modified":"2026-09-05T15:06:28","modified_gmt":"2026-09-05T18:06:28","slug":"ceremonia-por-el-dia-del-retirado-militar-4","status":"publish","type":"post","link":"https:\/\/www.ejercito.mil.uy\/index.php\/2026\/09\/05\/ceremonia-por-el-dia-del-retirado-militar-4\/","title":{"rendered":"Ceremonia por el D\u00eda del Retirado Militar"},"content":{"rendered":"\n<p class=\"has-black-color has-text-color has-link-color has-small-font-size wp-elements-1 wp-block-paragraph\">05.09.2026 &#8211; Toledo, Canelones<\/p>\n\n\n\n<div style=\"height:30px\" aria-hidden=\"true\" class=\"wp-block-spacer\"><\/div>\n\n\n\n<p class=\"has-black-color has-text-color has-background wp-block-paragraph\" style=\"background-color:#ffcc00;font-size:14px\"><strong>En la ma\u00f1ana del viernes 5 de setiembre, con la presencia del Comandante en Jefe del Ej\u00e9rcito, Gral. de Ej\u00e9rcito Mario Stevenazzi, se realiz\u00f3 la ceremonia de homenaje al Personal Superior por pase a situaci\u00f3n de retiro, en la Plaza de Armas de la Escuela Militar (EM).<\/strong><\/p>\n\n\n\n<div style=\"height:44px\" aria-hidden=\"true\" class=\"wp-block-spacer\"><\/div>\n\n\n\n<figure class=\"wp-block-image size-large\"><img loading=\"lazy\" decoding=\"async\" width=\"1024\" height=\"683\" src=\"https:\/\/www.ejercito.mil.uy\/wp-content\/uploads\/2026\/09\/15-1024x683.jpg\" alt=\"\" class=\"wp-image-64267\" srcset=\"https:\/\/www.ejercito.mil.uy\/wp-content\/uploads\/2026\/09\/15-1024x683.jpg 1024w, https:\/\/www.ejercito.mil.uy\/wp-content\/uploads\/2026\/09\/15-768x512.jpg 768w, https:\/\/www.ejercito.mil.uy\/wp-content\/uploads\/2026\/09\/15-300x200.jpg 300w, https:\/\/www.ejercito.mil.uy\/wp-content\/uploads\/2026\/09\/15.jpg 1200w\" sizes=\"auto, (max-width: 1024px) 100vw, 1024px\" \/><\/figure>\n\n\n\n<div style=\"height:44px\" aria-hidden=\"true\" class=\"wp-block-spacer\"><\/div>\n\n\n\n<p class=\"has-black-color has-text-color has-link-color wp-elements-2 wp-block-paragraph\" style=\"font-size:14px\">En primera instancia, el Cte. en Jefe del Ej\u00e9rcito junto al Director de la Escuela, Coronel Marcelo Couture, pasaron revista a los efectivos formados.<\/p>\n\n\n\n<div style=\"height:44px\" aria-hidden=\"true\" class=\"wp-block-spacer\"><\/div>\n\n\n\n<div class=\"wp-block-columns is-layout-flex wp-container-core-columns-is-layout-7387b849 wp-block-columns-is-layout-flex\">\n<div class=\"wp-block-column is-layout-flow wp-block-column-is-layout-flow\">\n<figure class=\"wp-block-image size-large\"><img loading=\"lazy\" decoding=\"async\" width=\"1024\" height=\"683\" src=\"https:\/\/www.ejercito.mil.uy\/wp-content\/uploads\/2026\/09\/23-1024x683.jpg\" alt=\"\" class=\"wp-image-64272\" srcset=\"https:\/\/www.ejercito.mil.uy\/wp-content\/uploads\/2026\/09\/23-1024x683.jpg 1024w, https:\/\/www.ejercito.mil.uy\/wp-content\/uploads\/2026\/09\/23-768x512.jpg 768w, https:\/\/www.ejercito.mil.uy\/wp-content\/uploads\/2026\/09\/23-300x200.jpg 300w, https:\/\/www.ejercito.mil.uy\/wp-content\/uploads\/2026\/09\/23.jpg 1200w\" sizes=\"auto, (max-width: 1024px) 100vw, 1024px\" \/><\/figure>\n<\/div>\n\n\n\n<div class=\"wp-block-column is-layout-flow wp-block-column-is-layout-flow\">\n<figure class=\"wp-block-image size-large\"><img loading=\"lazy\" decoding=\"async\" width=\"1024\" height=\"683\" src=\"https:\/\/www.ejercito.mil.uy\/wp-content\/uploads\/2026\/09\/13-1024x683.jpg\" alt=\"\" class=\"wp-image-64266\" srcset=\"https:\/\/www.ejercito.mil.uy\/wp-content\/uploads\/2026\/09\/13-1024x683.jpg 1024w, https:\/\/www.ejercito.mil.uy\/wp-content\/uploads\/2026\/09\/13-300x200.jpg 300w, https:\/\/www.ejercito.mil.uy\/wp-content\/uploads\/2026\/09\/13-768x512.jpg 768w, https:\/\/www.ejercito.mil.uy\/wp-content\/uploads\/2026\/09\/13.jpg 1200w\" sizes=\"auto, (max-width: 1024px) 100vw, 1024px\" \/><\/figure>\n<\/div>\n<\/div>\n\n\n\n<div style=\"height:44px\" aria-hidden=\"true\" class=\"wp-block-spacer\"><\/div>\n\n\n\n<p class=\"has-black-color has-text-color has-link-color wp-elements-3 wp-block-paragraph\" style=\"font-size:14px\">La Banda de M\u00fasicos de la EM, ejecut\u00f3 el Himno Nacional y se invit\u00f3 a los presentes a entonar sus estrofas.<\/p>\n\n\n\n<div style=\"height:30px\" aria-hidden=\"true\" class=\"wp-block-spacer\"><\/div>\n\n\n\n<p class=\"is-style-success has-black-color has-text-color has-background has-link-color wp-elements-4 wp-block-paragraph\" style=\"background-color:#eae0c8;font-size:14px\">El 5 de setiembre de 1820, el Protector de los Pueblos Libres, General Jos\u00e9 Gervasio Artigas, cruz\u00f3 el R\u00edo Paran\u00e1 y se adentr\u00f3 en tierras paraguayas. Por esta raz\u00f3n, el Ej\u00e9rcito Nacional lo considera el primer <strong>\u00abretirado militar\u00bb<\/strong>.<\/p>\n\n\n\n<div style=\"height:44px\" aria-hidden=\"true\" class=\"wp-block-spacer\"><\/div>\n\n\n\n<figure class=\"wp-block-image size-large\"><img loading=\"lazy\" decoding=\"async\" width=\"1024\" height=\"683\" src=\"https:\/\/www.ejercito.mil.uy\/wp-content\/uploads\/2026\/09\/18-1-1024x683.jpg\" alt=\"\" class=\"wp-image-64286\" srcset=\"https:\/\/www.ejercito.mil.uy\/wp-content\/uploads\/2026\/09\/18-1-1024x683.jpg 1024w, https:\/\/www.ejercito.mil.uy\/wp-content\/uploads\/2026\/09\/18-1-300x200.jpg 300w, https:\/\/www.ejercito.mil.uy\/wp-content\/uploads\/2026\/09\/18-1-768x512.jpg 768w, https:\/\/www.ejercito.mil.uy\/wp-content\/uploads\/2026\/09\/18-1.jpg 1200w\" sizes=\"auto, (max-width: 1024px) 100vw, 1024px\" \/><\/figure>\n\n\n\n<div style=\"height:44px\" aria-hidden=\"true\" class=\"wp-block-spacer\"><\/div>\n\n\n\n<p class=\"has-black-color has-text-color has-link-color wp-elements-5 wp-block-paragraph\" style=\"font-size:13px\">Al referirse al significado de la profesi\u00f3n militar y los valores que la sustentan, el Comandante en Jefe del Ej\u00e9rcito destac\u00f3 que ser Soldado es estar <em><strong>\u00abdispuesto a sacrificar su propio bienestar para ayudar a otros o incluso su propia vida para defender a la Naci\u00f3n, pero adem\u00e1s un Soldado significa Patria, Soberan\u00eda y Libertad.\u201d<\/strong><\/em><\/p>\n\n\n\n<div style=\"height:44px\" aria-hidden=\"true\" class=\"wp-block-spacer\"><\/div>\n\n\n\n<figure class=\"wp-block-image size-large\"><img loading=\"lazy\" decoding=\"async\" width=\"1024\" height=\"683\" src=\"https:\/\/www.ejercito.mil.uy\/wp-content\/uploads\/2026\/09\/11-1024x683.jpg\" alt=\"\" class=\"wp-image-64269\" srcset=\"https:\/\/www.ejercito.mil.uy\/wp-content\/uploads\/2026\/09\/11-1024x683.jpg 1024w, https:\/\/www.ejercito.mil.uy\/wp-content\/uploads\/2026\/09\/11-300x200.jpg 300w, https:\/\/www.ejercito.mil.uy\/wp-content\/uploads\/2026\/09\/11-768x512.jpg 768w, https:\/\/www.ejercito.mil.uy\/wp-content\/uploads\/2026\/09\/11.jpg 1200w\" sizes=\"auto, (max-width: 1024px) 100vw, 1024px\" \/><\/figure>\n\n\n\n<div style=\"height:44px\" aria-hidden=\"true\" class=\"wp-block-spacer\"><\/div>\n\n\n\n<p class=\"has-black-color has-text-color has-link-color wp-elements-6 wp-block-paragraph\" style=\"font-size:14px\">Por otra parte, reconoci\u00f3 el esfuerzo y el acompa\u00f1amiento de las familias a lo largo de la carrera militar, se\u00f1alando que comienza \u00ab<strong><em>la etapa de devolver a sus seres queridos algo de ese tiempo que les han pedido prestado. Pero tambi\u00e9n sabemos que si la Patria los necesita nuevamente, ah\u00ed estar\u00e1n, porque un Soldado muere siendo Soldado.\u201d<\/em><\/strong><\/p>\n\n\n\n<div style=\"height:33px\" aria-hidden=\"true\" class=\"wp-block-spacer\"><\/div>\n\n\n\n<figure class=\"wp-block-image size-large\"><img loading=\"lazy\" decoding=\"async\" width=\"1024\" height=\"683\" src=\"https:\/\/www.ejercito.mil.uy\/wp-content\/uploads\/2026\/09\/12-1024x683.jpg\" alt=\"\" class=\"wp-image-64270\" srcset=\"https:\/\/www.ejercito.mil.uy\/wp-content\/uploads\/2026\/09\/12-1024x683.jpg 1024w, https:\/\/www.ejercito.mil.uy\/wp-content\/uploads\/2026\/09\/12-300x200.jpg 300w, https:\/\/www.ejercito.mil.uy\/wp-content\/uploads\/2026\/09\/12-768x512.jpg 768w, https:\/\/www.ejercito.mil.uy\/wp-content\/uploads\/2026\/09\/12.jpg 1200w\" sizes=\"auto, (max-width: 1024px) 100vw, 1024px\" \/><\/figure>\n\n\n\n<div style=\"height:33px\" aria-hidden=\"true\" class=\"wp-block-spacer\"><\/div>\n\n\n\n<p class=\"has-black-color has-text-color has-link-color wp-elements-7 wp-block-paragraph\" style=\"font-size:14px\">Finalmente, al despedir a los Oficiales que pasan a la situaci\u00f3n de retiro, expres\u00f3 sus deseos para esta nueva etapa de sus vidas y les transmiti\u00f3 un sentido <strong><em>\u201cHasta siempre\u201d<\/em><\/strong>,<\/p>\n\n\n\n<div style=\"height:33px\" aria-hidden=\"true\" class=\"wp-block-spacer\"><\/div>\n\n\n\n<figure class=\"wp-block-gallery has-nested-images columns-2 is-cropped wp-block-gallery-1 is-layout-flex wp-block-gallery-is-layout-flex\">\n<figure class=\"wp-block-image size-large\"><img loading=\"lazy\" decoding=\"async\" width=\"1024\" height=\"683\" data-id=\"64276\" src=\"https:\/\/www.ejercito.mil.uy\/wp-content\/uploads\/2026\/09\/22-1024x683.jpg\" alt=\"\" class=\"wp-image-64276\" srcset=\"https:\/\/www.ejercito.mil.uy\/wp-content\/uploads\/2026\/09\/22-1024x683.jpg 1024w, https:\/\/www.ejercito.mil.uy\/wp-content\/uploads\/2026\/09\/22-300x200.jpg 300w, https:\/\/www.ejercito.mil.uy\/wp-content\/uploads\/2026\/09\/22-768x512.jpg 768w, https:\/\/www.ejercito.mil.uy\/wp-content\/uploads\/2026\/09\/22.jpg 1200w\" sizes=\"auto, (max-width: 1024px) 100vw, 1024px\" \/><\/figure>\n\n\n\n<figure class=\"wp-block-image size-large\"><img loading=\"lazy\" decoding=\"async\" width=\"1024\" height=\"683\" data-id=\"64274\" src=\"https:\/\/www.ejercito.mil.uy\/wp-content\/uploads\/2026\/09\/9-1024x683.jpg\" alt=\"\" class=\"wp-image-64274\" srcset=\"https:\/\/www.ejercito.mil.uy\/wp-content\/uploads\/2026\/09\/9-1024x683.jpg 1024w, https:\/\/www.ejercito.mil.uy\/wp-content\/uploads\/2026\/09\/9-300x200.jpg 300w, https:\/\/www.ejercito.mil.uy\/wp-content\/uploads\/2026\/09\/9-768x512.jpg 768w, https:\/\/www.ejercito.mil.uy\/wp-content\/uploads\/2026\/09\/9.jpg 1200w\" sizes=\"auto, (max-width: 1024px) 100vw, 1024px\" \/><\/figure>\n\n\n\n<figure class=\"wp-block-image size-large\"><img loading=\"lazy\" decoding=\"async\" width=\"1024\" height=\"683\" data-id=\"64279\" src=\"https:\/\/www.ejercito.mil.uy\/wp-content\/uploads\/2026\/09\/28-1024x683.jpg\" alt=\"\" class=\"wp-image-64279\" srcset=\"https:\/\/www.ejercito.mil.uy\/wp-content\/uploads\/2026\/09\/28-1024x683.jpg 1024w, https:\/\/www.ejercito.mil.uy\/wp-content\/uploads\/2026\/09\/28-768x512.jpg 768w, https:\/\/www.ejercito.mil.uy\/wp-content\/uploads\/2026\/09\/28-300x200.jpg 300w, https:\/\/www.ejercito.mil.uy\/wp-content\/uploads\/2026\/09\/28.jpg 1200w\" sizes=\"auto, (max-width: 1024px) 100vw, 1024px\" \/><\/figure>\n\n\n\n<figure class=\"wp-block-image size-large\"><img loading=\"lazy\" decoding=\"async\" width=\"1024\" height=\"683\" data-id=\"64280\" src=\"https:\/\/www.ejercito.mil.uy\/wp-content\/uploads\/2026\/09\/27-1024x683.jpg\" alt=\"\" class=\"wp-image-64280\" srcset=\"https:\/\/www.ejercito.mil.uy\/wp-content\/uploads\/2026\/09\/27-1024x683.jpg 1024w, https:\/\/www.ejercito.mil.uy\/wp-content\/uploads\/2026\/09\/27-768x512.jpg 768w, https:\/\/www.ejercito.mil.uy\/wp-content\/uploads\/2026\/09\/27-300x200.jpg 300w, https:\/\/www.ejercito.mil.uy\/wp-content\/uploads\/2026\/09\/27.jpg 1200w\" sizes=\"auto, (max-width: 1024px) 100vw, 1024px\" \/><\/figure>\n<\/figure>\n\n\n\n<div style=\"height:22px\" aria-hidden=\"true\" class=\"wp-block-spacer\"><\/div>\n\n\n\n<figure class=\"wp-block-gallery has-nested-images columns-default is-cropped wp-block-gallery-2 is-layout-flex wp-block-gallery-is-layout-flex\">\n<figure class=\"wp-block-image size-large\"><img loading=\"lazy\" decoding=\"async\" width=\"1024\" height=\"683\" data-id=\"64278\" src=\"https:\/\/www.ejercito.mil.uy\/wp-content\/uploads\/2026\/09\/26-1024x683.jpg\" alt=\"\" class=\"wp-image-64278\" srcset=\"https:\/\/www.ejercito.mil.uy\/wp-content\/uploads\/2026\/09\/26-1024x683.jpg 1024w, https:\/\/www.ejercito.mil.uy\/wp-content\/uploads\/2026\/09\/26-300x200.jpg 300w, https:\/\/www.ejercito.mil.uy\/wp-content\/uploads\/2026\/09\/26-768x512.jpg 768w, https:\/\/www.ejercito.mil.uy\/wp-content\/uploads\/2026\/09\/26.jpg 1200w\" sizes=\"auto, (max-width: 1024px) 100vw, 1024px\" \/><\/figure>\n\n\n\n<figure class=\"wp-block-image size-large\"><img loading=\"lazy\" decoding=\"async\" width=\"1024\" height=\"683\" data-id=\"64275\" src=\"https:\/\/www.ejercito.mil.uy\/wp-content\/uploads\/2026\/09\/7-1024x683.jpg\" alt=\"\" class=\"wp-image-64275\" srcset=\"https:\/\/www.ejercito.mil.uy\/wp-content\/uploads\/2026\/09\/7-1024x683.jpg 1024w, https:\/\/www.ejercito.mil.uy\/wp-content\/uploads\/2026\/09\/7-300x200.jpg 300w, https:\/\/www.ejercito.mil.uy\/wp-content\/uploads\/2026\/09\/7-768x512.jpg 768w, https:\/\/www.ejercito.mil.uy\/wp-content\/uploads\/2026\/09\/7.jpg 1200w\" sizes=\"auto, (max-width: 1024px) 100vw, 1024px\" \/><\/figure>\n<\/figure>\n\n\n\n<div style=\"height:33px\" aria-hidden=\"true\" class=\"wp-block-spacer\"><\/div>\n\n\n\n<p class=\"has-black-color has-text-color has-link-color wp-elements-8 wp-block-paragraph\" style=\"font-size:14px\">Los homenajeados recibieron una medalla alusiva por parte de las damas y caballeros Cadetes de la Escuela. Este gesto refleja la consideraci\u00f3n y el agradecimiento institucional hacia sus dignos servidores.<\/p>\n\n\n\n<div style=\"height:33px\" aria-hidden=\"true\" class=\"wp-block-spacer\"><\/div>\n\n\n\n<p class=\"has-black-color has-text-color has-link-color wp-elements-9 wp-block-paragraph\" style=\"font-size:14px\">Cabe destacar que a lo largo de su carrera militar, los 28 Oficiales computaron entre 28 y 42 a\u00f1os de servicios bien calificados.<\/p>\n\n\n\n<div style=\"height:33px\" aria-hidden=\"true\" class=\"wp-block-spacer\"><\/div>\n\n\n\n<p class=\"has-black-color has-text-color has-link-color wp-elements-10 wp-block-paragraph\" style=\"font-size:14px\">Para finalizar, la Fuerza de Parada desfil\u00f3 rindiendo honores a las autoridades.<\/p>\n\n\n\n<div style=\"height:30px\" aria-hidden=\"true\" class=\"wp-block-spacer\"><\/div>\n\n\n\n<figure class=\"wp-block-gallery has-nested-images columns-default is-cropped wp-block-gallery-3 is-layout-flex wp-block-gallery-is-layout-flex\">\n<figure class=\"wp-block-image size-large\"><img loading=\"lazy\" decoding=\"async\" width=\"1024\" height=\"683\" data-id=\"64284\" src=\"https:\/\/www.ejercito.mil.uy\/wp-content\/uploads\/2026\/09\/6-1024x683.jpg\" alt=\"\" class=\"wp-image-64284\" srcset=\"https:\/\/www.ejercito.mil.uy\/wp-content\/uploads\/2026\/09\/6-1024x683.jpg 1024w, https:\/\/www.ejercito.mil.uy\/wp-content\/uploads\/2026\/09\/6-768x512.jpg 768w, https:\/\/www.ejercito.mil.uy\/wp-content\/uploads\/2026\/09\/6-300x200.jpg 300w, https:\/\/www.ejercito.mil.uy\/wp-content\/uploads\/2026\/09\/6.jpg 1200w\" sizes=\"auto, (max-width: 1024px) 100vw, 1024px\" \/><\/figure>\n\n\n\n<figure class=\"wp-block-image size-large\"><img loading=\"lazy\" decoding=\"async\" width=\"1024\" height=\"683\" data-id=\"64283\" src=\"https:\/\/www.ejercito.mil.uy\/wp-content\/uploads\/2026\/09\/3-2-1024x683.jpg\" alt=\"\" class=\"wp-image-64283\" srcset=\"https:\/\/www.ejercito.mil.uy\/wp-content\/uploads\/2026\/09\/3-2-1024x683.jpg 1024w, https:\/\/www.ejercito.mil.uy\/wp-content\/uploads\/2026\/09\/3-2-300x200.jpg 300w, https:\/\/www.ejercito.mil.uy\/wp-content\/uploads\/2026\/09\/3-2-768x512.jpg 768w, https:\/\/www.ejercito.mil.uy\/wp-content\/uploads\/2026\/09\/3-2.jpg 1200w\" sizes=\"auto, (max-width: 1024px) 100vw, 1024px\" \/><\/figure>\n\n\n\n<figure class=\"wp-block-image size-large\"><img loading=\"lazy\" decoding=\"async\" width=\"1024\" height=\"683\" data-id=\"64282\" src=\"https:\/\/www.ejercito.mil.uy\/wp-content\/uploads\/2026\/09\/5-1024x683.jpg\" alt=\"\" class=\"wp-image-64282\" srcset=\"https:\/\/www.ejercito.mil.uy\/wp-content\/uploads\/2026\/09\/5-1024x683.jpg 1024w, https:\/\/www.ejercito.mil.uy\/wp-content\/uploads\/2026\/09\/5-300x200.jpg 300w, https:\/\/www.ejercito.mil.uy\/wp-content\/uploads\/2026\/09\/5-768x512.jpg 768w, https:\/\/www.ejercito.mil.uy\/wp-content\/uploads\/2026\/09\/5.jpg 1200w\" sizes=\"auto, (max-width: 1024px) 100vw, 1024px\" \/><\/figure>\n\n\n\n<figure class=\"wp-block-image size-large\"><img loading=\"lazy\" decoding=\"async\" width=\"1024\" height=\"683\" data-id=\"64281\" src=\"https:\/\/www.ejercito.mil.uy\/wp-content\/uploads\/2026\/09\/2-1-1024x683.jpg\" alt=\"\" class=\"wp-image-64281\" srcset=\"https:\/\/www.ejercito.mil.uy\/wp-content\/uploads\/2026\/09\/2-1-1024x683.jpg 1024w, https:\/\/www.ejercito.mil.uy\/wp-content\/uploads\/2026\/09\/2-1-300x200.jpg 300w, https:\/\/www.ejercito.mil.uy\/wp-content\/uploads\/2026\/09\/2-1-768x512.jpg 768w, https:\/\/www.ejercito.mil.uy\/wp-content\/uploads\/2026\/09\/2-1.jpg 1200w\" sizes=\"auto, (max-width: 1024px) 100vw, 1024px\" \/><\/figure>\n\n\n\n<figure class=\"wp-block-image size-large\"><img loading=\"lazy\" decoding=\"async\" width=\"1024\" height=\"683\" data-id=\"64288\" src=\"https:\/\/www.ejercito.mil.uy\/wp-content\/uploads\/2026\/09\/1-1-1024x683.jpg\" alt=\"\" class=\"wp-image-64288\" srcset=\"https:\/\/www.ejercito.mil.uy\/wp-content\/uploads\/2026\/09\/1-1-1024x683.jpg 1024w, https:\/\/www.ejercito.mil.uy\/wp-content\/uploads\/2026\/09\/1-1-300x200.jpg 300w, https:\/\/www.ejercito.mil.uy\/wp-content\/uploads\/2026\/09\/1-1-768x512.jpg 768w, https:\/\/www.ejercito.mil.uy\/wp-content\/uploads\/2026\/09\/1-1.jpg 1200w\" sizes=\"auto, (max-width: 1024px) 100vw, 1024px\" \/><\/figure>\n<\/figure>\n\n\n\n<div style=\"height:30px\" aria-hidden=\"true\" class=\"wp-block-spacer\"><\/div>\n\n\n\n<p class=\"has-black-color has-text-color has-link-color wp-elements-11 wp-block-paragraph\" style=\"font-size:14px\">Adem\u00e1s, asistieron al acto Unidades de Tradici\u00f3n Hist\u00f3rica, Oficiales Generales, Superiores, Jefes, Oficiales Subalternos, Suboficiales, Clases, Soldados, alumnos del Liceo Militar \u00abGeneral Artigas\u00bb, familiares, entre otros invitados.<\/p>\n\n\n\n<div style=\"height:30px\" aria-hidden=\"true\" class=\"wp-block-spacer\"><\/div>\n\n\n\n<figure class=\"wp-block-image size-large\"><img loading=\"lazy\" decoding=\"async\" width=\"1024\" height=\"683\" src=\"https:\/\/www.ejercito.mil.uy\/wp-content\/uploads\/2026\/09\/25-1024x683.jpg\" alt=\"\" class=\"wp-image-64289\" srcset=\"https:\/\/www.ejercito.mil.uy\/wp-content\/uploads\/2026\/09\/25-1024x683.jpg 1024w, https:\/\/www.ejercito.mil.uy\/wp-content\/uploads\/2026\/09\/25-300x200.jpg 300w, https:\/\/www.ejercito.mil.uy\/wp-content\/uploads\/2026\/09\/25-768x512.jpg 768w, https:\/\/www.ejercito.mil.uy\/wp-content\/uploads\/2026\/09\/25.jpg 1200w\" sizes=\"auto, (max-width: 1024px) 100vw, 1024px\" \/><\/figure>\n\n\n\n<div style=\"height:30px\" aria-hidden=\"true\" class=\"wp-block-spacer\"><\/div>\n\n\n\n<p class=\"has-black-color has-text-color has-link-color wp-elements-12 wp-block-paragraph\" style=\"font-size:14px\"><em><strong>\u00a1Gracias por sus servicios prestados camaradas!<\/strong><\/em><\/p>\n\n\n\n<div style=\"height:100px\" aria-hidden=\"true\" class=\"wp-block-spacer\"><\/div>\n","protected":false},"excerpt":{"rendered":"<p>05.09.2026 &#8211; El Ej\u00e9rcito Nacional rindi\u00f3 homenaje a sus integrantes que han pasado a Situaci\u00f3n de Retiro, luego de varios a\u00f1os de dedicaci\u00f3n a la patria. <\/p>\n","protected":false},"author":14,"featured_media":64287,"comment_status":"open","ping_status":"open","sticky":false,"template":"","format":"standard","meta":{"_coblocks_attr":"","_coblocks_dimensions":"","_coblocks_responsive_height":"","_coblocks_accordion_ie_support":"","_monsterinsights_skip_tracking":false,"_uf_show_specific_survey":0,"_uf_disable_surveys":false,"footnotes":""},"categories":[2,10,14,1],"tags":[519,44,1201,1202,157,740,648,542,497],"class_list":["post-64188","post","type-post","status-publish","format-standard","has-post-thumbnail","hentry","category-blog","category-destacados","category-noticias","category-sin-categoria","tag-acto","tag-ceremonia","tag-dia-del-retirado-militar","tag-homenajeados","tag-medalla","tag-militar","tag-retirados","tag-retiro","tag-servicio"],"aioseo_notices":[],"aioseo_head":"\n\t\t<!-- All in One SEO 5.0.1.1 - aioseo.com -->\n\t<meta name=\"description\" content=\"05.09.2026 - El Ej\u00e9rcito Nacional rindi\u00f3 homenaje a sus integrantes que han pasado a Situaci\u00f3n de Retiro, luego de varios a\u00f1os de dedicaci\u00f3n a la patria.\" \/>\n\t<meta name=\"robots\" content=\"max-image-preview:large\" \/>\n\t<meta name=\"author\" content=\"Johann Novak\"\/>\n\t<link rel=\"canonical\" href=\"https:\/\/www.ejercito.mil.uy\/index.php\/2026\/09\/05\/ceremonia-por-el-dia-del-retirado-militar-4\/\" \/>\n\t<meta name=\"generator\" content=\"All in One SEO (AIOSEO) 5.0.1.1\" \/>\n\t\t<meta property=\"og:locale\" content=\"es_ES\" \/>\n\t\t<meta property=\"og:site_name\" content=\"Ej\u00e9rcito Nacional - La Fuerza de todos\" \/>\n\t\t<meta property=\"og:type\" content=\"article\" \/>\n\t\t<meta property=\"og:title\" content=\"Ceremonia por el D\u00eda del Retirado Militar - Ej\u00e9rcito Nacional\" \/>\n\t\t<meta property=\"og:description\" content=\"05.09.2026 - El Ej\u00e9rcito Nacional rindi\u00f3 homenaje a sus integrantes que han pasado a Situaci\u00f3n de Retiro, luego de varios a\u00f1os de dedicaci\u00f3n a la patria.\" \/>\n\t\t<meta property=\"og:url\" content=\"https:\/\/www.ejercito.mil.uy\/index.php\/2026\/09\/05\/ceremonia-por-el-dia-del-retirado-militar-4\/\" \/>\n\t\t<meta property=\"og:image\" content=\"https:\/\/www.ejercito.mil.uy\/wp-content\/uploads\/2022\/01\/Escudo_EN_URUGUAY.png\" \/>\n\t\t<meta property=\"og:image:secure_url\" content=\"https:\/\/www.ejercito.mil.uy\/wp-content\/uploads\/2022\/01\/Escudo_EN_URUGUAY.png\" \/>\n\t\t<meta property=\"og:image:width\" content=\"134\" \/>\n\t\t<meta property=\"og:image:height\" content=\"119\" \/>\n\t\t<meta property=\"article:published_time\" content=\"2026-09-05T18:06:27+00:00\" \/>\n\t\t<meta property=\"article:modified_time\" content=\"2026-09-05T18:06:28+00:00\" \/>\n\t\t<meta name=\"twitter:card\" content=\"summary_large_image\" \/>\n\t\t<meta name=\"twitter:title\" content=\"Ceremonia por el D\u00eda del Retirado Militar - Ej\u00e9rcito Nacional\" \/>\n\t\t<meta name=\"twitter:description\" content=\"05.09.2026 - El Ej\u00e9rcito Nacional rindi\u00f3 homenaje a sus integrantes que han pasado a Situaci\u00f3n de Retiro, luego de varios a\u00f1os de dedicaci\u00f3n a la patria.\" \/>\n\t\t<meta name=\"twitter:image\" content=\"https:\/\/www.ejercito.mil.uy\/wp-content\/uploads\/2022\/01\/Escudo_EN_URUGUAY.png\" \/>\n\t\t<script type=\"application\/ld+json\" class=\"aioseo-schema\">\n\t\t\t{\"@context\":\"https:\\\/\\\/schema.org\",\"@graph\":[{\"@type\":\"BlogPosting\",\"@id\":\"https:\\\/\\\/www.ejercito.mil.uy\\\/index.php\\\/2026\\\/09\\\/05\\\/ceremonia-por-el-dia-del-retirado-militar-4\\\/#blogposting\",\"name\":\"Ceremonia por el D\\u00eda del Retirado Militar - Ej\\u00e9rcito Nacional\",\"headline\":\"Ceremonia por el D\\u00eda del Retirado Militar\",\"author\":{\"@id\":\"https:\\\/\\\/www.ejercito.mil.uy\\\/index.php\\\/author\\\/jnovak\\\/#author\"},\"publisher\":{\"@id\":\"https:\\\/\\\/www.ejercito.mil.uy\\\/#organization\"},\"image\":{\"@type\":\"ImageObject\",\"url\":\"https:\\\/\\\/www.ejercito.mil.uy\\\/wp-content\\\/uploads\\\/2026\\\/09\\\/24.jpg\",\"width\":1200,\"height\":800},\"datePublished\":\"2026-09-05T15:06:27-03:00\",\"dateModified\":\"2026-09-05T15:06:28-03:00\",\"inLanguage\":\"es-UY\",\"mainEntityOfPage\":{\"@id\":\"https:\\\/\\\/www.ejercito.mil.uy\\\/index.php\\\/2026\\\/09\\\/05\\\/ceremonia-por-el-dia-del-retirado-militar-4\\\/#webpage\"},\"isPartOf\":{\"@id\":\"https:\\\/\\\/www.ejercito.mil.uy\\\/index.php\\\/2026\\\/09\\\/05\\\/ceremonia-por-el-dia-del-retirado-militar-4\\\/#webpage\"},\"articleSection\":\"Blog, Destacados, Noticias, Sin categor\\u00eda, acto, Ceremonia, D\\u00eda del retirado militar, homenajeados, medalla, militar, retirados, retiro, servicio\"},{\"@type\":\"BreadcrumbList\",\"@id\":\"https:\\\/\\\/www.ejercito.mil.uy\\\/index.php\\\/2026\\\/09\\\/05\\\/ceremonia-por-el-dia-del-retirado-militar-4\\\/#breadcrumblist\",\"itemListElement\":[{\"@type\":\"ListItem\",\"@id\":\"https:\\\/\\\/www.ejercito.mil.uy#listItem\",\"position\":1,\"name\":\"Home\",\"item\":\"https:\\\/\\\/www.ejercito.mil.uy\",\"nextItem\":{\"@type\":\"ListItem\",\"@id\":\"https:\\\/\\\/www.ejercito.mil.uy\\\/index.php\\\/category\\\/destacados\\\/#listItem\",\"name\":\"Destacados\"}},{\"@type\":\"ListItem\",\"@id\":\"https:\\\/\\\/www.ejercito.mil.uy\\\/index.php\\\/category\\\/destacados\\\/#listItem\",\"position\":2,\"name\":\"Destacados\",\"item\":\"https:\\\/\\\/www.ejercito.mil.uy\\\/index.php\\\/category\\\/destacados\\\/\",\"nextItem\":{\"@type\":\"ListItem\",\"@id\":\"https:\\\/\\\/www.ejercito.mil.uy\\\/index.php\\\/category\\\/destacados\\\/noticias\\\/#listItem\",\"name\":\"Noticias\"},\"previousItem\":{\"@type\":\"ListItem\",\"@id\":\"https:\\\/\\\/www.ejercito.mil.uy#listItem\",\"name\":\"Home\"}},{\"@type\":\"ListItem\",\"@id\":\"https:\\\/\\\/www.ejercito.mil.uy\\\/index.php\\\/category\\\/destacados\\\/noticias\\\/#listItem\",\"position\":3,\"name\":\"Noticias\",\"item\":\"https:\\\/\\\/www.ejercito.mil.uy\\\/index.php\\\/category\\\/destacados\\\/noticias\\\/\",\"nextItem\":{\"@type\":\"ListItem\",\"@id\":\"https:\\\/\\\/www.ejercito.mil.uy\\\/index.php\\\/2026\\\/09\\\/05\\\/ceremonia-por-el-dia-del-retirado-militar-4\\\/#listItem\",\"name\":\"Ceremonia por el D\\u00eda del Retirado Militar\"},\"previousItem\":{\"@type\":\"ListItem\",\"@id\":\"https:\\\/\\\/www.ejercito.mil.uy\\\/index.php\\\/category\\\/destacados\\\/#listItem\",\"name\":\"Destacados\"}},{\"@type\":\"ListItem\",\"@id\":\"https:\\\/\\\/www.ejercito.mil.uy\\\/index.php\\\/2026\\\/09\\\/05\\\/ceremonia-por-el-dia-del-retirado-militar-4\\\/#listItem\",\"position\":4,\"name\":\"Ceremonia por el D\\u00eda del Retirado Militar\",\"previousItem\":{\"@type\":\"ListItem\",\"@id\":\"https:\\\/\\\/www.ejercito.mil.uy\\\/index.php\\\/category\\\/destacados\\\/noticias\\\/#listItem\",\"name\":\"Noticias\"}}]},{\"@type\":\"Organization\",\"@id\":\"https:\\\/\\\/www.ejercito.mil.uy\\\/#organization\",\"name\":\"Ej\\u00e9rcito Nacional\",\"description\":\"La Fuerza de todos\",\"url\":\"https:\\\/\\\/www.ejercito.mil.uy\\\/\",\"logo\":{\"@type\":\"ImageObject\",\"url\":\"https:\\\/\\\/www.ejercito.mil.uy\\\/wp-content\\\/uploads\\\/2022\\\/01\\\/Escudo_EN_URUGUAY.png\",\"@id\":\"https:\\\/\\\/www.ejercito.mil.uy\\\/index.php\\\/2026\\\/09\\\/05\\\/ceremonia-por-el-dia-del-retirado-militar-4\\\/#organizationLogo\",\"width\":134,\"height\":119},\"image\":{\"@id\":\"https:\\\/\\\/www.ejercito.mil.uy\\\/index.php\\\/2026\\\/09\\\/05\\\/ceremonia-por-el-dia-del-retirado-militar-4\\\/#organizationLogo\"}},{\"@type\":\"Person\",\"@id\":\"https:\\\/\\\/www.ejercito.mil.uy\\\/index.php\\\/author\\\/jnovak\\\/#author\",\"url\":\"https:\\\/\\\/www.ejercito.mil.uy\\\/index.php\\\/author\\\/jnovak\\\/\",\"name\":\"Johann Novak\",\"image\":{\"@type\":\"ImageObject\",\"@id\":\"https:\\\/\\\/www.ejercito.mil.uy\\\/index.php\\\/2026\\\/09\\\/05\\\/ceremonia-por-el-dia-del-retirado-militar-4\\\/#authorImage\",\"url\":\"https:\\\/\\\/secure.gravatar.com\\\/avatar\\\/a2179469edb0255a31906ba75adbde3c8cec60a111c3516b4d339099af28227c?s=96&d=mm&r=g\",\"width\":96,\"height\":96,\"caption\":\"Johann Novak\"}},{\"@type\":\"WebPage\",\"@id\":\"https:\\\/\\\/www.ejercito.mil.uy\\\/index.php\\\/2026\\\/09\\\/05\\\/ceremonia-por-el-dia-del-retirado-militar-4\\\/#webpage\",\"url\":\"https:\\\/\\\/www.ejercito.mil.uy\\\/index.php\\\/2026\\\/09\\\/05\\\/ceremonia-por-el-dia-del-retirado-militar-4\\\/\",\"name\":\"Ceremonia por el D\\u00eda del Retirado Militar - Ej\\u00e9rcito Nacional\",\"description\":\"05.09.2026 - El Ej\\u00e9rcito Nacional rindi\\u00f3 homenaje a sus integrantes que han pasado a Situaci\\u00f3n de Retiro, luego de varios a\\u00f1os de dedicaci\\u00f3n a la patria.\",\"inLanguage\":\"es-UY\",\"isPartOf\":{\"@id\":\"https:\\\/\\\/www.ejercito.mil.uy\\\/#website\"},\"breadcrumb\":{\"@id\":\"https:\\\/\\\/www.ejercito.mil.uy\\\/index.php\\\/2026\\\/09\\\/05\\\/ceremonia-por-el-dia-del-retirado-militar-4\\\/#breadcrumblist\"},\"author\":{\"@id\":\"https:\\\/\\\/www.ejercito.mil.uy\\\/index.php\\\/author\\\/jnovak\\\/#author\"},\"creator\":{\"@id\":\"https:\\\/\\\/www.ejercito.mil.uy\\\/index.php\\\/author\\\/jnovak\\\/#author\"},\"image\":{\"@type\":\"ImageObject\",\"url\":\"https:\\\/\\\/www.ejercito.mil.uy\\\/wp-content\\\/uploads\\\/2026\\\/09\\\/24.jpg\",\"@id\":\"https:\\\/\\\/www.ejercito.mil.uy\\\/index.php\\\/2026\\\/09\\\/05\\\/ceremonia-por-el-dia-del-retirado-militar-4\\\/#mainImage\",\"width\":1200,\"height\":800},\"primaryImageOfPage\":{\"@id\":\"https:\\\/\\\/www.ejercito.mil.uy\\\/index.php\\\/2026\\\/09\\\/05\\\/ceremonia-por-el-dia-del-retirado-militar-4\\\/#mainImage\"},\"datePublished\":\"2026-09-05T15:06:27-03:00\",\"dateModified\":\"2026-09-05T15:06:28-03:00\"},{\"@type\":\"WebSite\",\"@id\":\"https:\\\/\\\/www.ejercito.mil.uy\\\/#website\",\"url\":\"https:\\\/\\\/www.ejercito.mil.uy\\\/\",\"name\":\"Ej\\u00e9rcito Nacional\",\"description\":\"La Fuerza de todos\",\"inLanguage\":\"es-UY\",\"publisher\":{\"@id\":\"https:\\\/\\\/www.ejercito.mil.uy\\\/#organization\"}}]}\n\t\t<\/script>\n\t\t<!-- All in One SEO -->\n\n","aioseo_head_json":{"title":"Ceremonia por el D\u00eda del Retirado Militar - Ej\u00e9rcito Nacional","description":"05.09.2026 - El Ej\u00e9rcito Nacional rindi\u00f3 homenaje a sus integrantes que han pasado a Situaci\u00f3n de Retiro, luego de varios a\u00f1os de dedicaci\u00f3n a la patria.","canonical_url":"https:\/\/www.ejercito.mil.uy\/index.php\/2026\/09\/05\/ceremonia-por-el-dia-del-retirado-militar-4\/","robots":"max-image-preview:large","keywords":"","webmasterTools":{"miscellaneous":""},"schema":{"@context":"https:\/\/schema.org","@graph":[{"@type":"BlogPosting","@id":"https:\/\/www.ejercito.mil.uy\/index.php\/2026\/09\/05\/ceremonia-por-el-dia-del-retirado-militar-4\/#blogposting","name":"Ceremonia por el D\u00eda del Retirado Militar - Ej\u00e9rcito Nacional","headline":"Ceremonia por el D\u00eda del Retirado Militar","author":{"@id":"https:\/\/www.ejercito.mil.uy\/index.php\/author\/jnovak\/#author"},"publisher":{"@id":"https:\/\/www.ejercito.mil.uy\/#organization"},"image":{"@type":"ImageObject","url":"https:\/\/www.ejercito.mil.uy\/wp-content\/uploads\/2026\/09\/24.jpg","width":1200,"height":800},"datePublished":"2026-09-05T15:06:27-03:00","dateModified":"2026-09-05T15:06:28-03:00","inLanguage":"es-UY","mainEntityOfPage":{"@id":"https:\/\/www.ejercito.mil.uy\/index.php\/2026\/09\/05\/ceremonia-por-el-dia-del-retirado-militar-4\/#webpage"},"isPartOf":{"@id":"https:\/\/www.ejercito.mil.uy\/index.php\/2026\/09\/05\/ceremonia-por-el-dia-del-retirado-militar-4\/#webpage"},"articleSection":"Blog, Destacados, Noticias, Sin categor\u00eda, acto, Ceremonia, D\u00eda del retirado militar, homenajeados, medalla, militar, retirados, retiro, servicio"},{"@type":"BreadcrumbList","@id":"https:\/\/www.ejercito.mil.uy\/index.php\/2026\/09\/05\/ceremonia-por-el-dia-del-retirado-militar-4\/#breadcrumblist","itemListElement":[{"@type":"ListItem","@id":"https:\/\/www.ejercito.mil.uy#listItem","position":1,"name":"Home","item":"https:\/\/www.ejercito.mil.uy","nextItem":{"@type":"ListItem","@id":"https:\/\/www.ejercito.mil.uy\/index.php\/category\/destacados\/#listItem","name":"Destacados"}},{"@type":"ListItem","@id":"https:\/\/www.ejercito.mil.uy\/index.php\/category\/destacados\/#listItem","position":2,"name":"Destacados","item":"https:\/\/www.ejercito.mil.uy\/index.php\/category\/destacados\/","nextItem":{"@type":"ListItem","@id":"https:\/\/www.ejercito.mil.uy\/index.php\/category\/destacados\/noticias\/#listItem","name":"Noticias"},"previousItem":{"@type":"ListItem","@id":"https:\/\/www.ejercito.mil.uy#listItem","name":"Home"}},{"@type":"ListItem","@id":"https:\/\/www.ejercito.mil.uy\/index.php\/category\/destacados\/noticias\/#listItem","position":3,"name":"Noticias","item":"https:\/\/www.ejercito.mil.uy\/index.php\/category\/destacados\/noticias\/","nextItem":{"@type":"ListItem","@id":"https:\/\/www.ejercito.mil.uy\/index.php\/2026\/09\/05\/ceremonia-por-el-dia-del-retirado-militar-4\/#listItem","name":"Ceremonia por el D\u00eda del Retirado Militar"},"previousItem":{"@type":"ListItem","@id":"https:\/\/www.ejercito.mil.uy\/index.php\/category\/destacados\/#listItem","name":"Destacados"}},{"@type":"ListItem","@id":"https:\/\/www.ejercito.mil.uy\/index.php\/2026\/09\/05\/ceremonia-por-el-dia-del-retirado-militar-4\/#listItem","position":4,"name":"Ceremonia por el D\u00eda del Retirado Militar","previousItem":{"@type":"ListItem","@id":"https:\/\/www.ejercito.mil.uy\/index.php\/category\/destacados\/noticias\/#listItem","name":"Noticias"}}]},{"@type":"Organization","@id":"https:\/\/www.ejercito.mil.uy\/#organization","name":"Ej\u00e9rcito Nacional","description":"La Fuerza de todos","url":"https:\/\/www.ejercito.mil.uy\/","logo":{"@type":"ImageObject","url":"https:\/\/www.ejercito.mil.uy\/wp-content\/uploads\/2022\/01\/Escudo_EN_URUGUAY.png","@id":"https:\/\/www.ejercito.mil.uy\/index.php\/2026\/09\/05\/ceremonia-por-el-dia-del-retirado-militar-4\/#organizationLogo","width":134,"height":119},"image":{"@id":"https:\/\/www.ejercito.mil.uy\/index.php\/2026\/09\/05\/ceremonia-por-el-dia-del-retirado-militar-4\/#organizationLogo"}},{"@type":"Person","@id":"https:\/\/www.ejercito.mil.uy\/index.php\/author\/jnovak\/#author","url":"https:\/\/www.ejercito.mil.uy\/index.php\/author\/jnovak\/","name":"Johann Novak","image":{"@type":"ImageObject","@id":"https:\/\/www.ejercito.mil.uy\/index.php\/2026\/09\/05\/ceremonia-por-el-dia-del-retirado-militar-4\/#authorImage","url":"https:\/\/secure.gravatar.com\/avatar\/a2179469edb0255a31906ba75adbde3c8cec60a111c3516b4d339099af28227c?s=96&d=mm&r=g","width":96,"height":96,"caption":"Johann Novak"}},{"@type":"WebPage","@id":"https:\/\/www.ejercito.mil.uy\/index.php\/2026\/09\/05\/ceremonia-por-el-dia-del-retirado-militar-4\/#webpage","url":"https:\/\/www.ejercito.mil.uy\/index.php\/2026\/09\/05\/ceremonia-por-el-dia-del-retirado-militar-4\/","name":"Ceremonia por el D\u00eda del Retirado Militar - Ej\u00e9rcito Nacional","description":"05.09.2026 - El Ej\u00e9rcito Nacional rindi\u00f3 homenaje a sus integrantes que han pasado a Situaci\u00f3n de Retiro, luego de varios a\u00f1os de dedicaci\u00f3n a la patria.","inLanguage":"es-UY","isPartOf":{"@id":"https:\/\/www.ejercito.mil.uy\/#website"},"breadcrumb":{"@id":"https:\/\/www.ejercito.mil.uy\/index.php\/2026\/09\/05\/ceremonia-por-el-dia-del-retirado-militar-4\/#breadcrumblist"},"author":{"@id":"https:\/\/www.ejercito.mil.uy\/index.php\/author\/jnovak\/#author"},"creator":{"@id":"https:\/\/www.ejercito.mil.uy\/index.php\/author\/jnovak\/#author"},"image":{"@type":"ImageObject","url":"https:\/\/www.ejercito.mil.uy\/wp-content\/uploads\/2026\/09\/24.jpg","@id":"https:\/\/www.ejercito.mil.uy\/index.php\/2026\/09\/05\/ceremonia-por-el-dia-del-retirado-militar-4\/#mainImage","width":1200,"height":800},"primaryImageOfPage":{"@id":"https:\/\/www.ejercito.mil.uy\/index.php\/2026\/09\/05\/ceremonia-por-el-dia-del-retirado-militar-4\/#mainImage"},"datePublished":"2026-09-05T15:06:27-03:00","dateModified":"2026-09-05T15:06:28-03:00"},{"@type":"WebSite","@id":"https:\/\/www.ejercito.mil.uy\/#website","url":"https:\/\/www.ejercito.mil.uy\/","name":"Ej\u00e9rcito Nacional","description":"La Fuerza de todos","inLanguage":"es-UY","publisher":{"@id":"https:\/\/www.ejercito.mil.uy\/#organization"}}]},"og:locale":"es_ES","og:site_name":"Ej\u00e9rcito Nacional - La Fuerza de todos","og:type":"article","og:title":"Ceremonia por el D\u00eda del Retirado Militar - Ej\u00e9rcito Nacional","og:description":"05.09.2026 - El Ej\u00e9rcito Nacional rindi\u00f3 homenaje a sus integrantes que han pasado a Situaci\u00f3n de Retiro, luego de varios a\u00f1os de dedicaci\u00f3n a la patria.","og:url":"https:\/\/www.ejercito.mil.uy\/index.php\/2026\/09\/05\/ceremonia-por-el-dia-del-retirado-militar-4\/","og:image":"https:\/\/www.ejercito.mil.uy\/wp-content\/uploads\/2022\/01\/Escudo_EN_URUGUAY.png","og:image:secure_url":"https:\/\/www.ejercito.mil.uy\/wp-content\/uploads\/2022\/01\/Escudo_EN_URUGUAY.png","og:image:width":134,"og:image:height":119,"article:published_time":"2026-09-05T18:06:27+00:00","article:modified_time":"2026-09-05T18:06:28+00:00","twitter:card":"summary_large_image","twitter:title":"Ceremonia por el D\u00eda del Retirado Militar - Ej\u00e9rcito Nacional","twitter:description":"05.09.2026 - El Ej\u00e9rcito Nacional rindi\u00f3 homenaje a sus integrantes que han pasado a Situaci\u00f3n de Retiro, luego de varios a\u00f1os de dedicaci\u00f3n a la patria.","twitter:image":"https:\/\/www.ejercito.mil.uy\/wp-content\/uploads\/2022\/01\/Escudo_EN_URUGUAY.png"},"aioseo_meta_data":{"post_id":"64188","title":null,"description":null,"keywords":null,"keyphrases":{"focus":{"keyphrase":"","score":0,"analysis":{"keyphraseInTitle":{"score":0,"maxScore":9,"error":1}}},"additional":[]},"primary_term":null,"canonical_url":null,"og_title":null,"og_description":null,"og_object_type":"default","og_image_type":"default","og_image_url":null,"og_image_width":null,"og_image_height":null,"og_image_custom_url":null,"og_image_custom_fields":null,"og_video":"","og_custom_url":null,"og_article_section":null,"og_article_tags":null,"twitter_use_og":false,"twitter_card":"default","twitter_image_type":"default","twitter_image_url":null,"twitter_image_custom_url":null,"twitter_image_custom_fields":null,"twitter_title":null,"twitter_description":null,"schema":{"blockGraphs":[],"customGraphs":[],"default":{"data":{"Article":[],"Course":[],"Dataset":[],"FAQPage":[],"Movie":[],"Person":[],"Product":[],"ProductReview":[],"Car":[],"Recipe":[],"Service":[],"SoftwareApplication":[],"WebPage":[]},"graphName":"BlogPosting","isEnabled":true},"graphs":[]},"schema_type":"default","schema_type_options":null,"pillar_content":false,"robots_default":true,"robots_noindex":false,"robots_noarchive":false,"robots_nosnippet":false,"robots_nofollow":false,"robots_noimageindex":false,"robots_noodp":false,"robots_notranslate":false,"robots_max_snippet":"-1","robots_max_videopreview":"-1","robots_max_imagepreview":"large","priority":null,"frequency":"default","local_seo":null,"breadcrumb_settings":null,"limit_modified_date":false,"ai":{"faqs":[],"keyPoints":[],"schemas":[],"titles":[],"descriptions":[],"socialPosts":{"email":{"subject":"","preview":"","content":""},"linkedin":[],"twitter":[],"facebook":[],"instagram":[]}},"created":"2026-09-03 17:03:23","updated":"2026-09-05 19:55:15","seo_analyzer_scan_date":null,"focus_keyword":null,"additional_keywords":null,"truseo_locale":null},"aioseo_breadcrumb":"<div class=\"aioseo-breadcrumbs\"><span class=\"aioseo-breadcrumb\">\n\t\t\t<a href=\"https:\/\/www.ejercito.mil.uy\" title=\"Home\">Home<\/a>\n\t\t<\/span><span class=\"aioseo-breadcrumb-separator\">&raquo;<\/span><span class=\"aioseo-breadcrumb\">\n\t\t\t<a href=\"https:\/\/www.ejercito.mil.uy\/index.php\/category\/destacados\/\" title=\"Destacados\">Destacados<\/a>\n\t\t<\/span><span class=\"aioseo-breadcrumb-separator\">&raquo;<\/span><span class=\"aioseo-breadcrumb\">\n\t\t\t<a href=\"https:\/\/www.ejercito.mil.uy\/index.php\/category\/destacados\/noticias\/\" title=\"Noticias\">Noticias<\/a>\n\t\t<\/span><span class=\"aioseo-breadcrumb-separator\">&raquo;<\/span><span class=\"aioseo-breadcrumb\">\n\t\t\tCeremonia por el D\u00eda del Retirado Militar\n\t\t<\/span><\/div>","aioseo_breadcrumb_json":[{"label":"Home","link":"https:\/\/www.ejercito.mil.uy"},{"label":"Destacados","link":"https:\/\/www.ejercito.mil.uy\/index.php\/category\/destacados\/"},{"label":"Noticias","link":"https:\/\/www.ejercito.mil.uy\/index.php\/category\/destacados\/noticias\/"},{"label":"Ceremonia por el D\u00eda del Retirado Militar","link":"https:\/\/www.ejercito.mil.uy\/index.php\/2026\/09\/05\/ceremonia-por-el-dia-del-retirado-militar-4\/"}],"_links":{"self":[{"href":"https:\/\/www.ejercito.mil.uy\/index.php\/wp-json\/wp\/v2\/posts\/64188","targetHints":{"allow":["GET"]}}],"collection":[{"href":"https:\/\/www.ejercito.mil.uy\/index.php\/wp-json\/wp\/v2\/posts"}],"about":[{"href":"https:\/\/www.ejercito.mil.uy\/index.php\/wp-json\/wp\/v2\/types\/post"}],"author":[{"embeddable":true,"href":"https:\/\/www.ejercito.mil.uy\/index.php\/wp-json\/wp\/v2\/users\/14"}],"replies":[{"embeddable":true,"href":"https:\/\/www.ejercito.mil.uy\/index.php\/wp-json\/wp\/v2\/comments?post=64188"}],"version-history":[{"count":5,"href":"https:\/\/www.ejercito.mil.uy\/index.php\/wp-json\/wp\/v2\/posts\/64188\/revisions"}],"predecessor-version":[{"id":64290,"href":"https:\/\/www.ejercito.mil.uy\/index.php\/wp-json\/wp\/v2\/posts\/64188\/revisions\/64290"}],"wp:featuredmedia":[{"embeddable":true,"href":"https:\/\/www.ejercito.mil.uy\/index.php\/wp-json\/wp\/v2\/media\/64287"}],"wp:attachment":[{"href":"https:\/\/www.ejercito.mil.uy\/index.php\/wp-json\/wp\/v2\/media?parent=64188"}],"wp:term":[{"taxonomy":"category","embeddable":true,"href":"https:\/\/www.ejercito.mil.uy\/index.php\/wp-json\/wp\/v2\/categories?post=64188"},{"taxonomy":"post_tag","embeddable":true,"href":"https:\/\/www.ejercito.mil.uy\/index.php\/wp-json\/wp\/v2\/tags?post=64188"}],"curies":[{"name":"wp","href":"https:\/\/api.w.org\/{rel}","templated":true}]}}