{"id":6490,"date":"2021-09-21T09:11:43","date_gmt":"2021-09-21T12:11:43","guid":{"rendered":"https:\/\/www.ejercito.mil.uy\/?p=6490"},"modified":"2021-09-22T19:26:17","modified_gmt":"2021-09-22T22:26:17","slug":"seminario-heraldica-militar-naval-y-gentilicia","status":"publish","type":"post","link":"https:\/\/www.ejercito.mil.uy\/index.php\/2021\/09\/21\/seminario-heraldica-militar-naval-y-gentilicia\/","title":{"rendered":"Seminario \u00abHer\u00e1ldica Militar, Naval y Gentilicia\u00bb"},"content":{"rendered":"\n<p style=\"font-size:14px\">21.09.2021<\/p>\n\n\n\n<div style=\"height:33px\" aria-hidden=\"true\" class=\"wp-block-spacer\"><\/div>\n\n\n\n<p class=\"has-white-color has-vivid-red-background-color has-text-color has-background has-medium-font-size\"><strong>Se encuentran abiertas las inscripciones al seminario \u00abHer\u00e1ldica Militar, Naval y Gentilicia\u00bb, organizado por el Departamento de Estudios Hist\u00f3ricos del Ej\u00e9rcito y el Instituto de Estudios Geneal\u00f3gicos del Uruguay, dirigido a civiles y militares.<\/strong><\/p>\n\n\n\n<div style=\"height:33px\" aria-hidden=\"true\" class=\"wp-block-spacer\"><\/div>\n\n\n\n<p>Se realizar\u00e1 los d\u00edas martes y jueves de 18 a 20 h, entre el 19 de octubre y 11 de noviembre de 2021, con una carga horaria total de 16 h.<\/p>\n\n\n\n<p><\/p>\n\n\n\n<div style=\"height:33px\" aria-hidden=\"true\" class=\"wp-block-spacer\"><\/div>\n\n\n\n<p><strong>Inscripciones abiertas hasta el 11 de octubre<\/strong>. a trav\u00e9s del sitio web <a href=\"http:\/\/www.museos.ejercito.mil.uy\"><strong>www.museos.ejercito.mil.uy<\/strong><\/a>, completando el formulario de anotaci\u00f3n.<\/p>\n\n\n\n<div style=\"height:33px\" aria-hidden=\"true\" class=\"wp-block-spacer\"><\/div>\n\n\n\n<p class=\"has-black-color has-text-color has-medium-font-size\"><strong>M\u00e1s informaci\u00f3n a <a href=\"mailto:eehh@ejercito.mil.uy\">eehh@ejercito.mil.uy<\/a> o al tel.: 2900 1983.<\/strong><\/p>\n","protected":false},"excerpt":{"rendered":"<p>21.09.2021 &#8211; Inscripciones abiertas hasta el 11 de octubre para el seminario \u00abHer\u00e1ldica Militar, Naval y Gentilicia\u00bb<\/p>\n","protected":false},"author":15,"featured_media":6501,"comment_status":"closed","ping_status":"open","sticky":false,"template":"","format":"standard","meta":{"_coblocks_attr":"","_coblocks_dimensions":"","_coblocks_responsive_height":"","_coblocks_accordion_ie_support":"","_monsterinsights_skip_tracking":false,"_monsterinsights_sitenote_active":false,"_monsterinsights_sitenote_note":"","_monsterinsights_sitenote_category":0,"_uf_show_specific_survey":0,"_uf_disable_surveys":false,"footnotes":""},"categories":[2,10,14],"tags":[78,69,41],"class_list":["post-6490","post","type-post","status-publish","format-standard","has-post-thumbnail","hentry","category-blog","category-destacados","category-noticias","tag-educacion","tag-ensenanza","tag-historia"],"aioseo_notices":[],"_links":{"self":[{"href":"https:\/\/www.ejercito.mil.uy\/index.php\/wp-json\/wp\/v2\/posts\/6490","targetHints":{"allow":["GET"]}}],"collection":[{"href":"https:\/\/www.ejercito.mil.uy\/index.php\/wp-json\/wp\/v2\/posts"}],"about":[{"href":"https:\/\/www.ejercito.mil.uy\/index.php\/wp-json\/wp\/v2\/types\/post"}],"author":[{"embeddable":true,"href":"https:\/\/www.ejercito.mil.uy\/index.php\/wp-json\/wp\/v2\/users\/15"}],"replies":[{"embeddable":true,"href":"https:\/\/www.ejercito.mil.uy\/index.php\/wp-json\/wp\/v2\/comments?post=6490"}],"version-history":[{"count":10,"href":"https:\/\/www.ejercito.mil.uy\/index.php\/wp-json\/wp\/v2\/posts\/6490\/revisions"}],"predecessor-version":[{"id":6520,"href":"https:\/\/www.ejercito.mil.uy\/index.php\/wp-json\/wp\/v2\/posts\/6490\/revisions\/6520"}],"wp:featuredmedia":[{"embeddable":true,"href":"https:\/\/www.ejercito.mil.uy\/index.php\/wp-json\/wp\/v2\/media\/6501"}],"wp:attachment":[{"href":"https:\/\/www.ejercito.mil.uy\/index.php\/wp-json\/wp\/v2\/media?parent=6490"}],"wp:term":[{"taxonomy":"category","embeddable":true,"href":"https:\/\/www.ejercito.mil.uy\/index.php\/wp-json\/wp\/v2\/categories?post=6490"},{"taxonomy":"post_tag","embeddable":true,"href":"https:\/\/www.ejercito.mil.uy\/index.php\/wp-json\/wp\/v2\/tags?post=6490"}],"curies":[{"name":"wp","href":"https:\/\/api.w.org\/{rel}","templated":true}]}}