{"id":6611,"date":"2021-09-29T19:25:27","date_gmt":"2021-09-29T22:25:27","guid":{"rendered":"https:\/\/www.ejercito.mil.uy\/?p=6611"},"modified":"2021-09-29T20:05:14","modified_gmt":"2021-09-29T23:05:14","slug":"marcha-hacia-la-meseta-de-artigas-brigada-de-infanteria-n-3","status":"publish","type":"post","link":"https:\/\/www.ejercito.mil.uy\/index.php\/2021\/09\/29\/marcha-hacia-la-meseta-de-artigas-brigada-de-infanteria-n-3\/","title":{"rendered":"Marcha hacia la Meseta de Artigas &#8211; Brigada de Infanter\u00eda N\u00b0 3"},"content":{"rendered":"\n<p style=\"font-size:14px\">29.09.2021 &#8211; Departamento de Paysand\u00fa<\/p>\n\n\n\n<div style=\"height:50px\" aria-hidden=\"true\" class=\"wp-block-spacer\"><\/div>\n\n\n\n<figure class=\"wp-block-embed is-type-video is-provider-youtube wp-block-embed-youtube wp-embed-aspect-16-9 wp-has-aspect-ratio\"><div class=\"wp-block-embed__wrapper\">\n<iframe title=\"Marcha hacia la Meseta de Artigas - Brigada de Infanter\u00eda N\u00b0 3\" width=\"1778\" height=\"1000\" src=\"https:\/\/www.youtube.com\/embed\/1YVYFc14VlE?feature=oembed\" frameborder=\"0\" allow=\"accelerometer; autoplay; clipboard-write; encrypted-media; gyroscope; picture-in-picture\" allowfullscreen><\/iframe>\n<\/div><\/figure>\n\n\n\n<div style=\"height:20px\" aria-hidden=\"true\" class=\"wp-block-spacer\"><\/div>\n\n\n\n<p>Ayer, con la presencia del <strong>Sr. Comandante en Jefe del Ej\u00e9rcito<\/strong> y del <strong>Sr. Comandante de la Divisi\u00f3n de Ej\u00e9rcito III<\/strong>, se realiz\u00f3 la <strong>tradicional marcha a pie, desde la localidad de Chapicuy hasta la Meseta de Artigas<\/strong> (dpto. de Paysand\u00fa), en conmemoraci\u00f3n de un nuevo aniversario del fallecimiento del Gral. Jos\u00e9 Gervasio Artigas. <\/p>\n\n\n\n<div style=\"height:15px\" aria-hidden=\"true\" class=\"wp-block-spacer\"><\/div>\n\n\n\n<p>Participaron m\u00e1s de<strong> 210 efectivos<\/strong> pertenecientes a las unidades dependientes de la Brigada \u201cProtector de los Pueblos Libres\u201d de Infanter\u00eda N\u00b0 3 (<a href=\"https:\/\/www.facebook.com\/batallon7\">Batall\u00f3n \u00abItuzaing\u00f3\u00bb de Infanter\u00eda N\u00b0 7<\/a> de Salto, <a href=\"https:\/\/www.facebook.com\/Batall%C3%B3n-Gral-Leandro-G%C3%B3mez-de-Infanter%C3%ADa-Mec-N8-356122647931114\">Batall\u00f3n \u00abGral. Leandro G\u00f3mez\u00bb de Infanter\u00eda Mecanizado N\u00b0 8<\/a> de Paysand\u00fa y el Batall\u00f3n \u201cRinc\u00f3n\u201d de Infanter\u00eda Mecanizado N\u00b0 9 de R\u00edo Negro). <\/p>\n\n\n\n<div style=\"height:15px\" aria-hidden=\"true\" class=\"wp-block-spacer\"><\/div>\n\n\n\n<p><strong>Recorrieron 12 km a pie en homenaje a nuestro Pr\u00f3cer<\/strong>, al llegar a la Meseta formaron rindiendo honores, acompa\u00f1ados por la Banda de M\u00fasicos de la Brigada. <\/p>\n\n\n\n<div style=\"height:15px\" aria-hidden=\"true\" class=\"wp-block-spacer\"><\/div>\n\n\n\n<p>Durante la marcha, los m\u00fasicos deleitaron con sus acordes a los alumnos de la Escuela Rural N\u00b0 86 \u00abMeseta de Artigas\u00bb y vecinos aleda\u00f1os. <\/p>\n\n\n\n<div style=\"height:15px\" aria-hidden=\"true\" class=\"wp-block-spacer\"><\/div>\n\n\n\n<p>Tambi\u00e9n estuvieron presentes el Sr. Jefe del Estado Mayor del Ej\u00e9rcito, el Sr. Comandante de la Brigada de Infanter\u00eda N\u00b0 3, los Jefes de los Batallones, entre otras autoridades militares.<\/p>\n\n\n\n<div style=\"height:50px\" aria-hidden=\"true\" class=\"wp-block-spacer\"><\/div>\n\n\n\n<div class=\"wp-block-coblocks-gallery-carousel\"><div class=\"is-cropped coblocks-gallery has-no-alignment has-caption-style-dark has-horizontal-gutter\"><div class=\"has-carousel has-carousel-lrg\" style=\"height:400px\" data-flickity=\"{&quot;autoPlay&quot;:false,&quot;draggable&quot;:true,&quot;pageDots&quot;:false,&quot;prevNextButtons&quot;:true,&quot;wrapAround&quot;:true,&quot;cellAlign&quot;:&quot;center&quot;,&quot;pauseAutoPlayOnHover&quot;:false,&quot;freeScroll&quot;:false,&quot;arrowShape&quot;:{&quot;x0&quot;:10,&quot;x1&quot;:60,&quot;y1&quot;:50,&quot;x2&quot;:65,&quot;y2&quot;:45,&quot;x3&quot;:20},&quot;thumbnails&quot;:false,&quot;responsiveHeight&quot;:false}\"><div class=\"coblocks-gallery--item\"><figure class=\"coblocks-gallery--figure has-margin-left-5 has-margin-left-mobile-5 has-margin-right-5 has-margin-right-mobile-5\"><img fetchpriority=\"high\" decoding=\"async\" width=\"1024\" height=\"683\" src=\"https:\/\/www.ejercito.mil.uy\/wp-content\/uploads\/2021\/09\/2021-09-29-Marcha-hacia-la-meseta-de-artigas-12-1024x683.jpg\" alt=\"\" data-id=\"6623\" data-link=\"https:\/\/www.ejercito.mil.uy\/?attachment_id=6623\" class=\"wp-image-6623\" srcset=\"https:\/\/www.ejercito.mil.uy\/wp-content\/uploads\/2021\/09\/2021-09-29-Marcha-hacia-la-meseta-de-artigas-12-1024x683.jpg 1024w, https:\/\/www.ejercito.mil.uy\/wp-content\/uploads\/2021\/09\/2021-09-29-Marcha-hacia-la-meseta-de-artigas-12-300x200.jpg 300w, https:\/\/www.ejercito.mil.uy\/wp-content\/uploads\/2021\/09\/2021-09-29-Marcha-hacia-la-meseta-de-artigas-12.jpg 1200w\" sizes=\"(max-width: 1024px) 100vw, 1024px\" \/><\/figure><\/div><div class=\"coblocks-gallery--item\"><figure class=\"coblocks-gallery--figure has-margin-left-5 has-margin-left-mobile-5 has-margin-right-5 has-margin-right-mobile-5\"><img decoding=\"async\" width=\"1024\" height=\"683\" src=\"https:\/\/www.ejercito.mil.uy\/wp-content\/uploads\/2021\/09\/2021-09-29-Marcha-hacia-la-meseta-de-artigas-13-1024x683.jpg\" alt=\"\" data-id=\"6624\" data-link=\"https:\/\/www.ejercito.mil.uy\/?attachment_id=6624\" class=\"wp-image-6624\" srcset=\"https:\/\/www.ejercito.mil.uy\/wp-content\/uploads\/2021\/09\/2021-09-29-Marcha-hacia-la-meseta-de-artigas-13-1024x683.jpg 1024w, https:\/\/www.ejercito.mil.uy\/wp-content\/uploads\/2021\/09\/2021-09-29-Marcha-hacia-la-meseta-de-artigas-13-300x200.jpg 300w, https:\/\/www.ejercito.mil.uy\/wp-content\/uploads\/2021\/09\/2021-09-29-Marcha-hacia-la-meseta-de-artigas-13.jpg 1200w\" sizes=\"(max-width: 1024px) 100vw, 1024px\" \/><\/figure><\/div><div class=\"coblocks-gallery--item\"><figure class=\"coblocks-gallery--figure has-margin-left-5 has-margin-left-mobile-5 has-margin-right-5 has-margin-right-mobile-5\"><img decoding=\"async\" width=\"1024\" height=\"683\" src=\"https:\/\/www.ejercito.mil.uy\/wp-content\/uploads\/2021\/09\/2021-09-29-Marcha-hacia-la-meseta-de-artigas-11-1024x683.jpg\" alt=\"\" data-id=\"6622\" data-link=\"https:\/\/www.ejercito.mil.uy\/?attachment_id=6622\" class=\"wp-image-6622\" srcset=\"https:\/\/www.ejercito.mil.uy\/wp-content\/uploads\/2021\/09\/2021-09-29-Marcha-hacia-la-meseta-de-artigas-11-1024x683.jpg 1024w, https:\/\/www.ejercito.mil.uy\/wp-content\/uploads\/2021\/09\/2021-09-29-Marcha-hacia-la-meseta-de-artigas-11-300x200.jpg 300w, https:\/\/www.ejercito.mil.uy\/wp-content\/uploads\/2021\/09\/2021-09-29-Marcha-hacia-la-meseta-de-artigas-11.jpg 1200w\" sizes=\"(max-width: 1024px) 100vw, 1024px\" \/><\/figure><\/div><div class=\"coblocks-gallery--item\"><figure class=\"coblocks-gallery--figure has-margin-left-5 has-margin-left-mobile-5 has-margin-right-5 has-margin-right-mobile-5\"><img loading=\"lazy\" decoding=\"async\" width=\"1024\" height=\"683\" src=\"https:\/\/www.ejercito.mil.uy\/wp-content\/uploads\/2021\/09\/2021-09-29-Marcha-hacia-la-meseta-de-artigas-6-1024x683.jpg\" alt=\"\" data-id=\"6617\" data-link=\"https:\/\/www.ejercito.mil.uy\/?attachment_id=6617\" class=\"wp-image-6617\" srcset=\"https:\/\/www.ejercito.mil.uy\/wp-content\/uploads\/2021\/09\/2021-09-29-Marcha-hacia-la-meseta-de-artigas-6-1024x683.jpg 1024w, https:\/\/www.ejercito.mil.uy\/wp-content\/uploads\/2021\/09\/2021-09-29-Marcha-hacia-la-meseta-de-artigas-6-300x200.jpg 300w, https:\/\/www.ejercito.mil.uy\/wp-content\/uploads\/2021\/09\/2021-09-29-Marcha-hacia-la-meseta-de-artigas-6.jpg 1200w\" sizes=\"(max-width: 1024px) 100vw, 1024px\" \/><\/figure><\/div><div class=\"coblocks-gallery--item\"><figure class=\"coblocks-gallery--figure has-margin-left-5 has-margin-left-mobile-5 has-margin-right-5 has-margin-right-mobile-5\"><img loading=\"lazy\" decoding=\"async\" width=\"1024\" height=\"683\" src=\"https:\/\/www.ejercito.mil.uy\/wp-content\/uploads\/2021\/09\/2021-09-29-Marcha-hacia-la-meseta-de-artigas-7-1024x683.jpg\" alt=\"\" data-id=\"6618\" data-link=\"https:\/\/www.ejercito.mil.uy\/?attachment_id=6618\" class=\"wp-image-6618\" srcset=\"https:\/\/www.ejercito.mil.uy\/wp-content\/uploads\/2021\/09\/2021-09-29-Marcha-hacia-la-meseta-de-artigas-7-1024x683.jpg 1024w, https:\/\/www.ejercito.mil.uy\/wp-content\/uploads\/2021\/09\/2021-09-29-Marcha-hacia-la-meseta-de-artigas-7-300x200.jpg 300w, https:\/\/www.ejercito.mil.uy\/wp-content\/uploads\/2021\/09\/2021-09-29-Marcha-hacia-la-meseta-de-artigas-7.jpg 1200w\" sizes=\"(max-width: 1024px) 100vw, 1024px\" \/><\/figure><\/div><div class=\"coblocks-gallery--item\"><figure class=\"coblocks-gallery--figure has-margin-left-5 has-margin-left-mobile-5 has-margin-right-5 has-margin-right-mobile-5\"><img loading=\"lazy\" decoding=\"async\" width=\"1024\" height=\"683\" src=\"https:\/\/www.ejercito.mil.uy\/wp-content\/uploads\/2021\/09\/2021-09-29-Marcha-hacia-la-meseta-de-artigas-10-1024x683.jpg\" alt=\"\" data-id=\"6621\" data-link=\"https:\/\/www.ejercito.mil.uy\/?attachment_id=6621\" class=\"wp-image-6621\" srcset=\"https:\/\/www.ejercito.mil.uy\/wp-content\/uploads\/2021\/09\/2021-09-29-Marcha-hacia-la-meseta-de-artigas-10-1024x683.jpg 1024w, https:\/\/www.ejercito.mil.uy\/wp-content\/uploads\/2021\/09\/2021-09-29-Marcha-hacia-la-meseta-de-artigas-10-300x200.jpg 300w, https:\/\/www.ejercito.mil.uy\/wp-content\/uploads\/2021\/09\/2021-09-29-Marcha-hacia-la-meseta-de-artigas-10.jpg 1200w\" sizes=\"(max-width: 1024px) 100vw, 1024px\" \/><\/figure><\/div><div class=\"coblocks-gallery--item\"><figure class=\"coblocks-gallery--figure has-margin-left-5 has-margin-left-mobile-5 has-margin-right-5 has-margin-right-mobile-5\"><img loading=\"lazy\" decoding=\"async\" width=\"1024\" height=\"683\" src=\"https:\/\/www.ejercito.mil.uy\/wp-content\/uploads\/2021\/09\/2021-09-29-Marcha-hacia-la-meseta-de-artigas-9-1024x683.jpg\" alt=\"\" data-id=\"6620\" data-link=\"https:\/\/www.ejercito.mil.uy\/?attachment_id=6620\" class=\"wp-image-6620\" srcset=\"https:\/\/www.ejercito.mil.uy\/wp-content\/uploads\/2021\/09\/2021-09-29-Marcha-hacia-la-meseta-de-artigas-9-1024x683.jpg 1024w, https:\/\/www.ejercito.mil.uy\/wp-content\/uploads\/2021\/09\/2021-09-29-Marcha-hacia-la-meseta-de-artigas-9-300x200.jpg 300w, https:\/\/www.ejercito.mil.uy\/wp-content\/uploads\/2021\/09\/2021-09-29-Marcha-hacia-la-meseta-de-artigas-9.jpg 1200w\" sizes=\"(max-width: 1024px) 100vw, 1024px\" \/><\/figure><\/div><div class=\"coblocks-gallery--item\"><figure class=\"coblocks-gallery--figure has-margin-left-5 has-margin-left-mobile-5 has-margin-right-5 has-margin-right-mobile-5\"><img loading=\"lazy\" decoding=\"async\" width=\"1024\" height=\"683\" src=\"https:\/\/www.ejercito.mil.uy\/wp-content\/uploads\/2021\/09\/2021-09-29-Marcha-hacia-la-meseta-de-artigas-1-1024x683.jpg\" alt=\"\" data-id=\"6613\" data-link=\"https:\/\/www.ejercito.mil.uy\/?attachment_id=6613\" class=\"wp-image-6613\" srcset=\"https:\/\/www.ejercito.mil.uy\/wp-content\/uploads\/2021\/09\/2021-09-29-Marcha-hacia-la-meseta-de-artigas-1-1024x683.jpg 1024w, https:\/\/www.ejercito.mil.uy\/wp-content\/uploads\/2021\/09\/2021-09-29-Marcha-hacia-la-meseta-de-artigas-1-300x200.jpg 300w, https:\/\/www.ejercito.mil.uy\/wp-content\/uploads\/2021\/09\/2021-09-29-Marcha-hacia-la-meseta-de-artigas-1.jpg 1200w\" sizes=\"(max-width: 1024px) 100vw, 1024px\" \/><\/figure><\/div><div class=\"coblocks-gallery--item\"><figure class=\"coblocks-gallery--figure has-margin-left-5 has-margin-left-mobile-5 has-margin-right-5 has-margin-right-mobile-5\"><img loading=\"lazy\" decoding=\"async\" width=\"1024\" height=\"683\" src=\"https:\/\/www.ejercito.mil.uy\/wp-content\/uploads\/2021\/09\/2021-09-29-Marcha-hacia-la-meseta-de-artigas-14-1024x683.jpg\" alt=\"\" data-id=\"6625\" data-link=\"https:\/\/www.ejercito.mil.uy\/?attachment_id=6625\" class=\"wp-image-6625\" srcset=\"https:\/\/www.ejercito.mil.uy\/wp-content\/uploads\/2021\/09\/2021-09-29-Marcha-hacia-la-meseta-de-artigas-14-1024x683.jpg 1024w, https:\/\/www.ejercito.mil.uy\/wp-content\/uploads\/2021\/09\/2021-09-29-Marcha-hacia-la-meseta-de-artigas-14-300x200.jpg 300w, https:\/\/www.ejercito.mil.uy\/wp-content\/uploads\/2021\/09\/2021-09-29-Marcha-hacia-la-meseta-de-artigas-14.jpg 1200w\" sizes=\"(max-width: 1024px) 100vw, 1024px\" \/><\/figure><\/div><div class=\"coblocks-gallery--item\"><figure class=\"coblocks-gallery--figure has-margin-left-5 has-margin-left-mobile-5 has-margin-right-5 has-margin-right-mobile-5\"><img loading=\"lazy\" decoding=\"async\" width=\"1024\" height=\"683\" src=\"https:\/\/www.ejercito.mil.uy\/wp-content\/uploads\/2021\/09\/2021-09-29-Marcha-hacia-la-meseta-de-artigas-8-1024x683.jpg\" alt=\"\" data-id=\"6619\" data-link=\"https:\/\/www.ejercito.mil.uy\/?attachment_id=6619\" class=\"wp-image-6619\" srcset=\"https:\/\/www.ejercito.mil.uy\/wp-content\/uploads\/2021\/09\/2021-09-29-Marcha-hacia-la-meseta-de-artigas-8-1024x683.jpg 1024w, https:\/\/www.ejercito.mil.uy\/wp-content\/uploads\/2021\/09\/2021-09-29-Marcha-hacia-la-meseta-de-artigas-8-300x200.jpg 300w, https:\/\/www.ejercito.mil.uy\/wp-content\/uploads\/2021\/09\/2021-09-29-Marcha-hacia-la-meseta-de-artigas-8.jpg 1200w\" sizes=\"(max-width: 1024px) 100vw, 1024px\" \/><\/figure><\/div><div class=\"coblocks-gallery--item\"><figure class=\"coblocks-gallery--figure has-margin-left-5 has-margin-left-mobile-5 has-margin-right-5 has-margin-right-mobile-5\"><img loading=\"lazy\" decoding=\"async\" width=\"1024\" height=\"683\" src=\"https:\/\/www.ejercito.mil.uy\/wp-content\/uploads\/2021\/09\/2021-09-29-Marcha-hacia-la-meseta-de-artigas-3-1024x683.jpg\" alt=\"\" data-id=\"6615\" data-link=\"https:\/\/www.ejercito.mil.uy\/?attachment_id=6615\" class=\"wp-image-6615\" srcset=\"https:\/\/www.ejercito.mil.uy\/wp-content\/uploads\/2021\/09\/2021-09-29-Marcha-hacia-la-meseta-de-artigas-3-1024x683.jpg 1024w, https:\/\/www.ejercito.mil.uy\/wp-content\/uploads\/2021\/09\/2021-09-29-Marcha-hacia-la-meseta-de-artigas-3-300x200.jpg 300w, https:\/\/www.ejercito.mil.uy\/wp-content\/uploads\/2021\/09\/2021-09-29-Marcha-hacia-la-meseta-de-artigas-3.jpg 1200w\" sizes=\"(max-width: 1024px) 100vw, 1024px\" \/><\/figure><\/div><div class=\"coblocks-gallery--item\"><figure class=\"coblocks-gallery--figure has-margin-left-5 has-margin-left-mobile-5 has-margin-right-5 has-margin-right-mobile-5\"><img loading=\"lazy\" decoding=\"async\" width=\"1024\" height=\"683\" src=\"https:\/\/www.ejercito.mil.uy\/wp-content\/uploads\/2021\/09\/2021-09-29-Marcha-hacia-la-meseta-de-artigas-4-1024x683.jpg\" alt=\"\" data-id=\"6616\" data-link=\"https:\/\/www.ejercito.mil.uy\/?attachment_id=6616\" class=\"wp-image-6616\" srcset=\"https:\/\/www.ejercito.mil.uy\/wp-content\/uploads\/2021\/09\/2021-09-29-Marcha-hacia-la-meseta-de-artigas-4-1024x683.jpg 1024w, https:\/\/www.ejercito.mil.uy\/wp-content\/uploads\/2021\/09\/2021-09-29-Marcha-hacia-la-meseta-de-artigas-4-300x200.jpg 300w, https:\/\/www.ejercito.mil.uy\/wp-content\/uploads\/2021\/09\/2021-09-29-Marcha-hacia-la-meseta-de-artigas-4.jpg 1200w\" sizes=\"(max-width: 1024px) 100vw, 1024px\" \/><\/figure><\/div><div class=\"coblocks-gallery--item\"><figure class=\"coblocks-gallery--figure has-margin-left-5 has-margin-left-mobile-5 has-margin-right-5 has-margin-right-mobile-5\"><img loading=\"lazy\" decoding=\"async\" width=\"1024\" height=\"683\" src=\"https:\/\/www.ejercito.mil.uy\/wp-content\/uploads\/2021\/09\/2021-09-29-Marcha-hacia-la-meseta-de-artigas-2-1024x683.jpg\" alt=\"\" data-id=\"6614\" data-link=\"https:\/\/www.ejercito.mil.uy\/?attachment_id=6614\" class=\"wp-image-6614\" srcset=\"https:\/\/www.ejercito.mil.uy\/wp-content\/uploads\/2021\/09\/2021-09-29-Marcha-hacia-la-meseta-de-artigas-2-1024x683.jpg 1024w, https:\/\/www.ejercito.mil.uy\/wp-content\/uploads\/2021\/09\/2021-09-29-Marcha-hacia-la-meseta-de-artigas-2-300x200.jpg 300w, https:\/\/www.ejercito.mil.uy\/wp-content\/uploads\/2021\/09\/2021-09-29-Marcha-hacia-la-meseta-de-artigas-2.jpg 1200w\" sizes=\"(max-width: 1024px) 100vw, 1024px\" \/><\/figure><\/div><\/div><\/div><\/div>\n\n\n\n<p><\/p>\n","protected":false},"excerpt":{"rendered":"<p>29.09.2021 &#8211; Ayer, el Cte. en Jefe del Ej\u00e9rcito y el Cte. de la Divisi\u00f3n de Ej\u00e9rcito III encabezaron la tradicional marcha a pie, desde la localidad de Chapicuy hasta la Meseta de Artigas (dpto. de Paysand\u00fa), en conmemoraci\u00f3n de un nuevo aniversario del fallecimiento del Gral. Jos\u00e9 G. Artigas. <\/p>\n","protected":false},"author":4,"featured_media":6633,"comment_status":"open","ping_status":"open","sticky":false,"template":"","format":"standard","meta":{"_coblocks_attr":"","_coblocks_dimensions":"","_coblocks_responsive_height":"","_coblocks_accordion_ie_support":"","_monsterinsights_skip_tracking":false,"_monsterinsights_sitenote_active":false,"_monsterinsights_sitenote_note":"","_monsterinsights_sitenote_category":0,"_uf_show_specific_survey":0,"_uf_disable_surveys":false,"footnotes":""},"categories":[2,10,14],"tags":[228,131,224,225,226,227,229],"class_list":["post-6611","post","type-post","status-publish","format-standard","has-post-thumbnail","hentry","category-blog","category-destacados","category-noticias","tag-jose-gervasio-artigas","tag-marcha","tag-marcha-a-pie","tag-meseta","tag-meseta-de-artigas","tag-procer","tag-tradiciones"],"aioseo_notices":[],"_links":{"self":[{"href":"https:\/\/www.ejercito.mil.uy\/index.php\/wp-json\/wp\/v2\/posts\/6611","targetHints":{"allow":["GET"]}}],"collection":[{"href":"https:\/\/www.ejercito.mil.uy\/index.php\/wp-json\/wp\/v2\/posts"}],"about":[{"href":"https:\/\/www.ejercito.mil.uy\/index.php\/wp-json\/wp\/v2\/types\/post"}],"author":[{"embeddable":true,"href":"https:\/\/www.ejercito.mil.uy\/index.php\/wp-json\/wp\/v2\/users\/4"}],"replies":[{"embeddable":true,"href":"https:\/\/www.ejercito.mil.uy\/index.php\/wp-json\/wp\/v2\/comments?post=6611"}],"version-history":[{"count":5,"href":"https:\/\/www.ejercito.mil.uy\/index.php\/wp-json\/wp\/v2\/posts\/6611\/revisions"}],"predecessor-version":[{"id":6635,"href":"https:\/\/www.ejercito.mil.uy\/index.php\/wp-json\/wp\/v2\/posts\/6611\/revisions\/6635"}],"wp:featuredmedia":[{"embeddable":true,"href":"https:\/\/www.ejercito.mil.uy\/index.php\/wp-json\/wp\/v2\/media\/6633"}],"wp:attachment":[{"href":"https:\/\/www.ejercito.mil.uy\/index.php\/wp-json\/wp\/v2\/media?parent=6611"}],"wp:term":[{"taxonomy":"category","embeddable":true,"href":"https:\/\/www.ejercito.mil.uy\/index.php\/wp-json\/wp\/v2\/categories?post=6611"},{"taxonomy":"post_tag","embeddable":true,"href":"https:\/\/www.ejercito.mil.uy\/index.php\/wp-json\/wp\/v2\/tags?post=6611"}],"curies":[{"name":"wp","href":"https:\/\/api.w.org\/{rel}","templated":true}]}}