{"id":6704,"date":"2021-10-03T09:03:19","date_gmt":"2021-10-03T12:03:19","guid":{"rendered":"https:\/\/www.ejercito.mil.uy\/?p=6704"},"modified":"2021-10-04T09:22:14","modified_gmt":"2021-10-04T12:22:14","slug":"visita-de-los-alumnos-del-curso-de-estado-mayor-del-imes","status":"publish","type":"post","link":"https:\/\/www.ejercito.mil.uy\/index.php\/2021\/10\/03\/visita-de-los-alumnos-del-curso-de-estado-mayor-del-imes\/","title":{"rendered":"Visita de los alumnos del Curso de Estado Mayor del IMES"},"content":{"rendered":"\n<div style=\"height:33px\" aria-hidden=\"true\" class=\"wp-block-spacer\"><\/div>\n\n\n\n<p style=\"font-size:14px\">03.10.2021 &#8211; Durazno<\/p>\n\n\n\n<div style=\"height:33px\" aria-hidden=\"true\" class=\"wp-block-spacer\"><\/div>\n\n\n\n<p>D\u00edas atr\u00e1s, los alumnos del Curso de Estado Mayor del Instituto Militar de Estudios Superiores, visitaron el <a href=\"https:\/\/www.facebook.com\/Batall%C3%B3n-de-Infanter%C3%ADa-Blindado-N%C2%BA13-508257066003601\/?__cft__[0]=AZUt5sKnFASJSZqtecmOEGupQazQLk9LyPG2EaM-NuJPuf-4M8KFiRuBgv7IKr-LYGmcZFh2Cu9WdGId_Hli_nU4ttVk-U6lhjwvhbZ1PrSeyk3vWPEmdZA-CZ1-YuUi9erfn5vjE0fOSF5XYsRSj1BiCKiWu2oVfM2t3MQjZpmULP7sHcvBIA_3rSXFx4cEdak&amp;__tn__=kK-R\" target=\"_blank\" rel=\"noreferrer noopener\"><strong>Batall\u00f3n de Infanter\u00eda Blindado N\u00ba 13<\/strong><\/a> y el <strong>Regimiento \u00abTte. Gral. Pablo Galarza\u00bb de Caballer\u00eda Blindado N\u00ba 2<\/strong>, ubicados en la ciudad de Durazno.<\/p>\n\n\n\n<div style=\"height:33px\" aria-hidden=\"true\" class=\"wp-block-spacer\"><\/div>\n\n\n\n<p>Recorrieron las nuevas instalaciones del Batall\u00f3n, pudieron apreciar el material con el que cuenta la Unidad, as\u00ed <strong>como las actividades de instrucci\u00f3n que realizan sus efectivos. Adem\u00e1s en el <\/strong>Centro de Simulaci\u00f3n \u201cCapit\u00e1n Ra\u00fal Casanova\u201d, les mostraron parte de las capacidades del simulador, a trav\u00e9s de una demostraci\u00f3n de una tripulaci\u00f3n de un Veh\u00edculo de Combate de Infanter\u00eda M1, la cual se desplazaba virtualmente por un itinerario, durante el camino ten\u00edan varios contactos con el enemigo, aqu\u00ed entrenaban orden de fuego, reportes y t\u00e9cnicas de acci\u00f3n inmediata.<\/p>\n\n\n\n<div style=\"height:33px\" aria-hidden=\"true\" class=\"wp-block-spacer\"><\/div>\n\n\n\n<p>Mientras que en el Regimiento, se les hizo una muestra est\u00e1tica de los veh\u00edculos y recibieron una breve rese\u00f1a de ellos.<\/p>\n\n\n\n<div style=\"height:55px\" aria-hidden=\"true\" class=\"wp-block-spacer\"><\/div>\n\n\n\n<div class=\"wp-block-coblocks-gallery-carousel\"><div class=\"is-cropped coblocks-gallery has-no-alignment has-caption-style-dark has-horizontal-gutter has-lightbox\"><div class=\"has-carousel has-carousel-lrg\" style=\"height:400px\" data-flickity=\"{&quot;autoPlay&quot;:false,&quot;draggable&quot;:true,&quot;pageDots&quot;:false,&quot;prevNextButtons&quot;:true,&quot;wrapAround&quot;:true,&quot;cellAlign&quot;:&quot;center&quot;,&quot;pauseAutoPlayOnHover&quot;:false,&quot;freeScroll&quot;:true,&quot;arrowShape&quot;:{&quot;x0&quot;:10,&quot;x1&quot;:60,&quot;y1&quot;:50,&quot;x2&quot;:65,&quot;y2&quot;:45,&quot;x3&quot;:20},&quot;thumbnails&quot;:false,&quot;responsiveHeight&quot;:false}\"><div class=\"coblocks-gallery--item\"><figure class=\"coblocks-gallery--figure has-margin-left-10 has-margin-left-mobile-5 has-margin-right-10 has-margin-right-mobile-5\"><img fetchpriority=\"high\" decoding=\"async\" width=\"1024\" height=\"683\" src=\"https:\/\/www.ejercito.mil.uy\/wp-content\/uploads\/2021\/10\/Blindados-1-1024x683.jpg\" alt=\"\" data-id=\"6707\" data-link=\"https:\/\/www.ejercito.mil.uy\/?attachment_id=6707\" class=\"wp-image-6707\" srcset=\"https:\/\/www.ejercito.mil.uy\/wp-content\/uploads\/2021\/10\/Blindados-1-1024x683.jpg 1024w, https:\/\/www.ejercito.mil.uy\/wp-content\/uploads\/2021\/10\/Blindados-1-300x200.jpg 300w, https:\/\/www.ejercito.mil.uy\/wp-content\/uploads\/2021\/10\/Blindados-1.jpg 1200w\" sizes=\"(max-width: 1024px) 100vw, 1024px\" \/><\/figure><\/div><div class=\"coblocks-gallery--item\"><figure class=\"coblocks-gallery--figure has-margin-left-10 has-margin-left-mobile-5 has-margin-right-10 has-margin-right-mobile-5\"><img decoding=\"async\" width=\"1024\" height=\"683\" src=\"https:\/\/www.ejercito.mil.uy\/wp-content\/uploads\/2021\/10\/Blindados-2-1024x683.jpg\" alt=\"\" data-id=\"6708\" data-link=\"https:\/\/www.ejercito.mil.uy\/?attachment_id=6708\" class=\"wp-image-6708\" srcset=\"https:\/\/www.ejercito.mil.uy\/wp-content\/uploads\/2021\/10\/Blindados-2-1024x683.jpg 1024w, https:\/\/www.ejercito.mil.uy\/wp-content\/uploads\/2021\/10\/Blindados-2-300x200.jpg 300w, https:\/\/www.ejercito.mil.uy\/wp-content\/uploads\/2021\/10\/Blindados-2.jpg 1200w\" sizes=\"(max-width: 1024px) 100vw, 1024px\" \/><\/figure><\/div><div class=\"coblocks-gallery--item\"><figure class=\"coblocks-gallery--figure has-margin-left-10 has-margin-left-mobile-5 has-margin-right-10 has-margin-right-mobile-5\"><img decoding=\"async\" width=\"1024\" height=\"683\" src=\"https:\/\/www.ejercito.mil.uy\/wp-content\/uploads\/2021\/10\/Blindados-4-1024x683.jpg\" alt=\"\" data-id=\"6709\" data-link=\"https:\/\/www.ejercito.mil.uy\/?attachment_id=6709\" class=\"wp-image-6709\" srcset=\"https:\/\/www.ejercito.mil.uy\/wp-content\/uploads\/2021\/10\/Blindados-4-1024x683.jpg 1024w, https:\/\/www.ejercito.mil.uy\/wp-content\/uploads\/2021\/10\/Blindados-4-300x200.jpg 300w, https:\/\/www.ejercito.mil.uy\/wp-content\/uploads\/2021\/10\/Blindados-4.jpg 1200w\" sizes=\"(max-width: 1024px) 100vw, 1024px\" \/><\/figure><\/div><div class=\"coblocks-gallery--item\"><figure class=\"coblocks-gallery--figure has-margin-left-10 has-margin-left-mobile-5 has-margin-right-10 has-margin-right-mobile-5\"><img loading=\"lazy\" decoding=\"async\" width=\"1024\" height=\"683\" src=\"https:\/\/www.ejercito.mil.uy\/wp-content\/uploads\/2021\/10\/Blindados-5-1024x683.jpg\" alt=\"\" data-id=\"6710\" data-link=\"https:\/\/www.ejercito.mil.uy\/?attachment_id=6710\" class=\"wp-image-6710\" srcset=\"https:\/\/www.ejercito.mil.uy\/wp-content\/uploads\/2021\/10\/Blindados-5-1024x683.jpg 1024w, https:\/\/www.ejercito.mil.uy\/wp-content\/uploads\/2021\/10\/Blindados-5-300x200.jpg 300w, https:\/\/www.ejercito.mil.uy\/wp-content\/uploads\/2021\/10\/Blindados-5.jpg 1200w\" sizes=\"(max-width: 1024px) 100vw, 1024px\" \/><\/figure><\/div><div class=\"coblocks-gallery--item\"><figure class=\"coblocks-gallery--figure has-margin-left-10 has-margin-left-mobile-5 has-margin-right-10 has-margin-right-mobile-5\"><img loading=\"lazy\" decoding=\"async\" width=\"1024\" height=\"683\" src=\"https:\/\/www.ejercito.mil.uy\/wp-content\/uploads\/2021\/10\/BnI13-1024x683.jpg\" alt=\"\" data-id=\"6711\" data-link=\"https:\/\/www.ejercito.mil.uy\/?attachment_id=6711\" class=\"wp-image-6711\" srcset=\"https:\/\/www.ejercito.mil.uy\/wp-content\/uploads\/2021\/10\/BnI13-1024x683.jpg 1024w, https:\/\/www.ejercito.mil.uy\/wp-content\/uploads\/2021\/10\/BnI13-300x200.jpg 300w, https:\/\/www.ejercito.mil.uy\/wp-content\/uploads\/2021\/10\/BnI13.jpg 1200w\" sizes=\"(max-width: 1024px) 100vw, 1024px\" \/><\/figure><\/div><\/div><\/div><\/div>\n\n\n\n<div style=\"height:100px\" aria-hidden=\"true\" class=\"wp-block-spacer\"><\/div>\n","protected":false},"excerpt":{"rendered":"<p>03.10.2021 &#8211; Los alumnos del Curso de Estado Mayor del Instituto Militar de Estudios Superiores, visitaron el Batall\u00f3n de Infanter\u00eda Blindado N\u00ba 13 y el Regimiento \u00abTte. Gral. Pablo Galarza\u00bb de Caballer\u00eda Blindado N\u00ba 2, ubicados en la ciudad de Durazno.<\/p>\n","protected":false},"author":4,"featured_media":6706,"comment_status":"closed","ping_status":"open","sticky":false,"template":"","format":"standard","meta":{"_coblocks_attr":"","_coblocks_dimensions":"","_coblocks_responsive_height":"","_coblocks_accordion_ie_support":"","_monsterinsights_skip_tracking":false,"_monsterinsights_sitenote_active":false,"_monsterinsights_sitenote_note":"","_monsterinsights_sitenote_category":0,"_uf_show_specific_survey":0,"_uf_disable_surveys":false,"footnotes":""},"categories":[2,14],"tags":[120,35,71,13],"class_list":["post-6704","post","type-post","status-publish","format-standard","has-post-thumbnail","hentry","category-blog","category-noticias","tag-blindado","tag-entrenamiento","tag-infanteria","tag-instruccion"],"aioseo_notices":[],"_links":{"self":[{"href":"https:\/\/www.ejercito.mil.uy\/index.php\/wp-json\/wp\/v2\/posts\/6704","targetHints":{"allow":["GET"]}}],"collection":[{"href":"https:\/\/www.ejercito.mil.uy\/index.php\/wp-json\/wp\/v2\/posts"}],"about":[{"href":"https:\/\/www.ejercito.mil.uy\/index.php\/wp-json\/wp\/v2\/types\/post"}],"author":[{"embeddable":true,"href":"https:\/\/www.ejercito.mil.uy\/index.php\/wp-json\/wp\/v2\/users\/4"}],"replies":[{"embeddable":true,"href":"https:\/\/www.ejercito.mil.uy\/index.php\/wp-json\/wp\/v2\/comments?post=6704"}],"version-history":[{"count":3,"href":"https:\/\/www.ejercito.mil.uy\/index.php\/wp-json\/wp\/v2\/posts\/6704\/revisions"}],"predecessor-version":[{"id":6713,"href":"https:\/\/www.ejercito.mil.uy\/index.php\/wp-json\/wp\/v2\/posts\/6704\/revisions\/6713"}],"wp:featuredmedia":[{"embeddable":true,"href":"https:\/\/www.ejercito.mil.uy\/index.php\/wp-json\/wp\/v2\/media\/6706"}],"wp:attachment":[{"href":"https:\/\/www.ejercito.mil.uy\/index.php\/wp-json\/wp\/v2\/media?parent=6704"}],"wp:term":[{"taxonomy":"category","embeddable":true,"href":"https:\/\/www.ejercito.mil.uy\/index.php\/wp-json\/wp\/v2\/categories?post=6704"},{"taxonomy":"post_tag","embeddable":true,"href":"https:\/\/www.ejercito.mil.uy\/index.php\/wp-json\/wp\/v2\/tags?post=6704"}],"curies":[{"name":"wp","href":"https:\/\/api.w.org\/{rel}","templated":true}]}}