{"id":6728,"date":"2021-09-25T10:11:47","date_gmt":"2021-09-25T13:11:47","guid":{"rendered":"https:\/\/www.ejercito.mil.uy\/?p=6728"},"modified":"2021-10-04T10:23:49","modified_gmt":"2021-10-04T13:23:49","slug":"finalizo-el-37-curso-de-jefe-de-salto-militar","status":"publish","type":"post","link":"https:\/\/www.ejercito.mil.uy\/index.php\/2021\/09\/25\/finalizo-el-37-curso-de-jefe-de-salto-militar\/","title":{"rendered":"Finaliz\u00f3 el 37\u00b0 Curso de Jefe de Salto Militar"},"content":{"rendered":"\n<p class=\"has-small-font-size\">25.09.2021 &#8211; Centro de Instrucci\u00f3n de Paracaidistas y Operaciones Especiales de Ej\u00e9rcito<\/p>\n\n\n\n<div style=\"height:50px\" aria-hidden=\"true\" class=\"wp-block-spacer\"><\/div>\n\n\n\n<p>Acorde a lo establecido en el Plan de Actividades del Ej\u00e9rcito 2021, d\u00edas atr\u00e1s finaliz\u00f3 en el <a href=\"https:\/\/www.facebook.com\/CIPPOOEEE.URUGUAY\/?__cft__[0]=AZWBChQtGsGVV4QERZHXXbTZ-O5dUn69UmAxbr-5biPsqeuBSppnuVep71jQEfjeeeyG6f2mr48qD_6Ojq1E5BbbCmqHUcFcLAIixliOUBjrIt5Snxz1Xj5V3iZ3hFyg3w41TOzzZoOyjEgogRpolBZOSyFS0ntkd0pYjT1caMmwrxSRtWigAJaxLmC5LjDC4Lo&amp;__tn__=kK-R\"><strong>Centro de Instrucci\u00f3n de Paracaidistas y Operaciones Especiales de Ej\u00e9rcito<\/strong><\/a>, la etapa de tierra del <strong>37\u00b0 Curso de Jefe de Salto Militar<\/strong>.<\/p>\n\n\n\n<div style=\"height:33px\" aria-hidden=\"true\" class=\"wp-block-spacer\"><\/div>\n\n\n\n<p>La instrucci\u00f3n tuvo una duraci\u00f3n de tres semanas, en el cual los alumnos debieron sobrepasar altas exigencias t\u00e9cnicas, adem\u00e1s de la aprobaci\u00f3n de:<\/p>\n\n\n\n<div style=\"height:33px\" aria-hidden=\"true\" class=\"wp-block-spacer\"><\/div>\n\n\n\n<p><strong>\u2022 examen te\u00f3rico y pr\u00e1cticos de marcaci\u00f3n de zonas de lanzamiento, para paracaidistas y contenedores<\/strong><\/p>\n\n\n\n<div style=\"height:33px\" aria-hidden=\"true\" class=\"wp-block-spacer\"><\/div>\n\n\n\n<p><strong>\u2022 procedimientos en las diferentes aeronaves en servicio de la Fuerza A\u00e9rea Uruguaya<\/strong><\/p>\n\n\n\n<div style=\"height:33px\" aria-hidden=\"true\" class=\"wp-block-spacer\"><\/div>\n\n\n\n<p><strong>\u2022 inspecci\u00f3n de paracaidistas y contenedores<\/strong><\/p>\n\n\n\n<div style=\"height:33px\" aria-hidden=\"true\" class=\"wp-block-spacer\"><\/div>\n\n\n\n<p><strong>\u2022 evaluaciones te\u00f3ricas<\/strong><\/p>\n\n\n\n<div style=\"height:33px\" aria-hidden=\"true\" class=\"wp-block-spacer\"><\/div>\n\n\n\n<p>Gracias al gran esfuerzo y dedicaci\u00f3n puesto de manifiesto por el equipo de instructores y alumnos, durante extensas jornadas de instrucci\u00f3n, se logr\u00f3 alcanzar con \u00e9xito los objetivos preestablecidos y continuar con la formaci\u00f3n de especialistas.<\/p>\n\n\n\n<div style=\"height:33px\" aria-hidden=\"true\" class=\"wp-block-spacer\"><\/div>\n\n\n\n<p>Adem\u00e1s, permite continuar con el plan de carrera de los integrantes del <strong>Batall\u00f3n de Infanter\u00eda Paracaidista N\u00b0 14<\/strong>, lo que redundar\u00e1 en poder seguir ejecutando de forma segura, misiones de salto de paracaidismo militar.<\/p>\n\n\n\n<div style=\"height:55px\" aria-hidden=\"true\" class=\"wp-block-spacer\"><\/div>\n\n\n\n<div class=\"wp-block-coblocks-gallery-carousel\"><div class=\"is-cropped coblocks-gallery has-no-alignment has-caption-style-dark has-horizontal-gutter has-lightbox\"><div class=\"has-carousel has-carousel-lrg\" style=\"height:400px\" data-flickity=\"{&quot;autoPlay&quot;:false,&quot;draggable&quot;:true,&quot;pageDots&quot;:false,&quot;prevNextButtons&quot;:true,&quot;wrapAround&quot;:true,&quot;cellAlign&quot;:&quot;center&quot;,&quot;pauseAutoPlayOnHover&quot;:false,&quot;freeScroll&quot;:false,&quot;arrowShape&quot;:{&quot;x0&quot;:10,&quot;x1&quot;:60,&quot;y1&quot;:50,&quot;x2&quot;:65,&quot;y2&quot;:45,&quot;x3&quot;:20},&quot;thumbnails&quot;:false,&quot;responsiveHeight&quot;:false}\"><div class=\"coblocks-gallery--item\"><figure class=\"coblocks-gallery--figure has-margin-left-5 has-margin-left-mobile-5 has-margin-right-5 has-margin-right-mobile-5\"><img fetchpriority=\"high\" decoding=\"async\" width=\"1024\" height=\"683\" src=\"https:\/\/www.ejercito.mil.uy\/wp-content\/uploads\/2021\/10\/Paracaidistas-1-1024x683.jpg\" alt=\"\" data-id=\"6730\" data-link=\"https:\/\/www.ejercito.mil.uy\/?attachment_id=6730\" class=\"wp-image-6730\" srcset=\"https:\/\/www.ejercito.mil.uy\/wp-content\/uploads\/2021\/10\/Paracaidistas-1-1024x683.jpg 1024w, https:\/\/www.ejercito.mil.uy\/wp-content\/uploads\/2021\/10\/Paracaidistas-1-300x200.jpg 300w, https:\/\/www.ejercito.mil.uy\/wp-content\/uploads\/2021\/10\/Paracaidistas-1.jpg 1200w\" sizes=\"(max-width: 1024px) 100vw, 1024px\" \/><\/figure><\/div><div class=\"coblocks-gallery--item\"><figure class=\"coblocks-gallery--figure has-margin-left-5 has-margin-left-mobile-5 has-margin-right-5 has-margin-right-mobile-5\"><img decoding=\"async\" width=\"1024\" height=\"683\" src=\"https:\/\/www.ejercito.mil.uy\/wp-content\/uploads\/2021\/10\/Paracaidistas-2-1024x683.jpg\" alt=\"\" data-id=\"6731\" data-link=\"https:\/\/www.ejercito.mil.uy\/?attachment_id=6731\" class=\"wp-image-6731\" srcset=\"https:\/\/www.ejercito.mil.uy\/wp-content\/uploads\/2021\/10\/Paracaidistas-2-1024x683.jpg 1024w, https:\/\/www.ejercito.mil.uy\/wp-content\/uploads\/2021\/10\/Paracaidistas-2-300x200.jpg 300w, https:\/\/www.ejercito.mil.uy\/wp-content\/uploads\/2021\/10\/Paracaidistas-2.jpg 1200w\" sizes=\"(max-width: 1024px) 100vw, 1024px\" \/><\/figure><\/div><div class=\"coblocks-gallery--item\"><figure class=\"coblocks-gallery--figure has-margin-left-5 has-margin-left-mobile-5 has-margin-right-5 has-margin-right-mobile-5\"><img decoding=\"async\" width=\"1024\" height=\"683\" src=\"https:\/\/www.ejercito.mil.uy\/wp-content\/uploads\/2021\/10\/Paracaidistas-3-1024x683.jpg\" alt=\"\" data-id=\"6732\" data-link=\"https:\/\/www.ejercito.mil.uy\/?attachment_id=6732\" class=\"wp-image-6732\" srcset=\"https:\/\/www.ejercito.mil.uy\/wp-content\/uploads\/2021\/10\/Paracaidistas-3-1024x683.jpg 1024w, https:\/\/www.ejercito.mil.uy\/wp-content\/uploads\/2021\/10\/Paracaidistas-3-300x200.jpg 300w, https:\/\/www.ejercito.mil.uy\/wp-content\/uploads\/2021\/10\/Paracaidistas-3.jpg 1200w\" sizes=\"(max-width: 1024px) 100vw, 1024px\" \/><\/figure><\/div><div class=\"coblocks-gallery--item\"><figure class=\"coblocks-gallery--figure has-margin-left-5 has-margin-left-mobile-5 has-margin-right-5 has-margin-right-mobile-5\"><img loading=\"lazy\" decoding=\"async\" width=\"1024\" height=\"683\" src=\"https:\/\/www.ejercito.mil.uy\/wp-content\/uploads\/2021\/10\/Paracaidistas-4-1024x683.jpg\" alt=\"\" data-id=\"6733\" data-link=\"https:\/\/www.ejercito.mil.uy\/?attachment_id=6733\" class=\"wp-image-6733\" srcset=\"https:\/\/www.ejercito.mil.uy\/wp-content\/uploads\/2021\/10\/Paracaidistas-4-1024x683.jpg 1024w, https:\/\/www.ejercito.mil.uy\/wp-content\/uploads\/2021\/10\/Paracaidistas-4-300x200.jpg 300w, https:\/\/www.ejercito.mil.uy\/wp-content\/uploads\/2021\/10\/Paracaidistas-4.jpg 1200w\" sizes=\"(max-width: 1024px) 100vw, 1024px\" \/><\/figure><\/div><div class=\"coblocks-gallery--item\"><figure class=\"coblocks-gallery--figure has-margin-left-5 has-margin-left-mobile-5 has-margin-right-5 has-margin-right-mobile-5\"><img loading=\"lazy\" decoding=\"async\" width=\"1024\" height=\"683\" src=\"https:\/\/www.ejercito.mil.uy\/wp-content\/uploads\/2021\/10\/Paracaidistas-6-1024x683.jpg\" alt=\"\" data-id=\"6734\" data-link=\"https:\/\/www.ejercito.mil.uy\/?attachment_id=6734\" class=\"wp-image-6734\" srcset=\"https:\/\/www.ejercito.mil.uy\/wp-content\/uploads\/2021\/10\/Paracaidistas-6-1024x683.jpg 1024w, https:\/\/www.ejercito.mil.uy\/wp-content\/uploads\/2021\/10\/Paracaidistas-6-300x200.jpg 300w, https:\/\/www.ejercito.mil.uy\/wp-content\/uploads\/2021\/10\/Paracaidistas-6.jpg 1200w\" sizes=\"(max-width: 1024px) 100vw, 1024px\" \/><\/figure><\/div><div class=\"coblocks-gallery--item\"><figure class=\"coblocks-gallery--figure has-margin-left-5 has-margin-left-mobile-5 has-margin-right-5 has-margin-right-mobile-5\"><img loading=\"lazy\" decoding=\"async\" width=\"1024\" height=\"683\" src=\"https:\/\/www.ejercito.mil.uy\/wp-content\/uploads\/2021\/10\/Paracaidistas-1024x683.jpg\" alt=\"\" data-id=\"6735\" data-link=\"https:\/\/www.ejercito.mil.uy\/?attachment_id=6735\" class=\"wp-image-6735\" srcset=\"https:\/\/www.ejercito.mil.uy\/wp-content\/uploads\/2021\/10\/Paracaidistas-1024x683.jpg 1024w, https:\/\/www.ejercito.mil.uy\/wp-content\/uploads\/2021\/10\/Paracaidistas-300x200.jpg 300w, https:\/\/www.ejercito.mil.uy\/wp-content\/uploads\/2021\/10\/Paracaidistas.jpg 1200w\" sizes=\"(max-width: 1024px) 100vw, 1024px\" \/><\/figure><\/div><div class=\"coblocks-gallery--item\"><figure class=\"coblocks-gallery--figure has-margin-left-5 has-margin-left-mobile-5 has-margin-right-5 has-margin-right-mobile-5\"><img loading=\"lazy\" decoding=\"async\" width=\"1024\" height=\"683\" src=\"https:\/\/www.ejercito.mil.uy\/wp-content\/uploads\/2021\/10\/Paracaidistas2-1024x683.jpg\" alt=\"\" data-id=\"6736\" data-link=\"https:\/\/www.ejercito.mil.uy\/?attachment_id=6736\" class=\"wp-image-6736\" srcset=\"https:\/\/www.ejercito.mil.uy\/wp-content\/uploads\/2021\/10\/Paracaidistas2-1024x683.jpg 1024w, https:\/\/www.ejercito.mil.uy\/wp-content\/uploads\/2021\/10\/Paracaidistas2-300x200.jpg 300w, https:\/\/www.ejercito.mil.uy\/wp-content\/uploads\/2021\/10\/Paracaidistas2.jpg 1200w\" sizes=\"(max-width: 1024px) 100vw, 1024px\" \/><\/figure><\/div><\/div><\/div><\/div>\n\n\n\n<div style=\"height:100px\" aria-hidden=\"true\" class=\"wp-block-spacer\"><\/div>\n\n\n\n<p><\/p>\n","protected":false},"excerpt":{"rendered":"<p>25.09.2021 &#8211; Finaliz\u00f3 en el Centro de Instrucci\u00f3n de Paracaidistas y Operaciones Especiales de Ej\u00e9rcito, la etapa de tierra del 37\u00b0 Curso de Jefe de Salto Militar.<\/p>\n","protected":false},"author":4,"featured_media":6737,"comment_status":"open","ping_status":"open","sticky":false,"template":"","format":"standard","meta":{"_coblocks_attr":"","_coblocks_dimensions":"","_coblocks_responsive_height":"","_coblocks_accordion_ie_support":"","_monsterinsights_skip_tracking":false,"_monsterinsights_sitenote_active":false,"_monsterinsights_sitenote_note":"","_monsterinsights_sitenote_category":0,"_uf_show_specific_survey":0,"_uf_disable_surveys":false,"footnotes":""},"categories":[2,14,1],"tags":[70,35,71,13,51],"class_list":["post-6728","post","type-post","status-publish","format-standard","has-post-thumbnail","hentry","category-blog","category-noticias","category-sin-categoria","tag-curso","tag-entrenamiento","tag-infanteria","tag-instruccion","tag-paracaidismo"],"aioseo_notices":[],"_links":{"self":[{"href":"https:\/\/www.ejercito.mil.uy\/index.php\/wp-json\/wp\/v2\/posts\/6728","targetHints":{"allow":["GET"]}}],"collection":[{"href":"https:\/\/www.ejercito.mil.uy\/index.php\/wp-json\/wp\/v2\/posts"}],"about":[{"href":"https:\/\/www.ejercito.mil.uy\/index.php\/wp-json\/wp\/v2\/types\/post"}],"author":[{"embeddable":true,"href":"https:\/\/www.ejercito.mil.uy\/index.php\/wp-json\/wp\/v2\/users\/4"}],"replies":[{"embeddable":true,"href":"https:\/\/www.ejercito.mil.uy\/index.php\/wp-json\/wp\/v2\/comments?post=6728"}],"version-history":[{"count":3,"href":"https:\/\/www.ejercito.mil.uy\/index.php\/wp-json\/wp\/v2\/posts\/6728\/revisions"}],"predecessor-version":[{"id":6739,"href":"https:\/\/www.ejercito.mil.uy\/index.php\/wp-json\/wp\/v2\/posts\/6728\/revisions\/6739"}],"wp:featuredmedia":[{"embeddable":true,"href":"https:\/\/www.ejercito.mil.uy\/index.php\/wp-json\/wp\/v2\/media\/6737"}],"wp:attachment":[{"href":"https:\/\/www.ejercito.mil.uy\/index.php\/wp-json\/wp\/v2\/media?parent=6728"}],"wp:term":[{"taxonomy":"category","embeddable":true,"href":"https:\/\/www.ejercito.mil.uy\/index.php\/wp-json\/wp\/v2\/categories?post=6728"},{"taxonomy":"post_tag","embeddable":true,"href":"https:\/\/www.ejercito.mil.uy\/index.php\/wp-json\/wp\/v2\/tags?post=6728"}],"curies":[{"name":"wp","href":"https:\/\/api.w.org\/{rel}","templated":true}]}}