{"id":7009,"date":"2021-10-14T10:25:20","date_gmt":"2021-10-14T13:25:20","guid":{"rendered":"https:\/\/www.ejercito.mil.uy\/?p=7009"},"modified":"2021-10-21T10:00:20","modified_gmt":"2021-10-21T13:00:20","slug":"inscripciones-abiertas-para-el-curso-de-aprendices-especialistas-en-comunicaciones","status":"publish","type":"post","link":"https:\/\/www.ejercito.mil.uy\/index.php\/2021\/10\/14\/inscripciones-abiertas-para-el-curso-de-aprendices-especialistas-en-comunicaciones\/","title":{"rendered":"Inscripciones abiertas para el Curso de Aprendices Especialistas en Comunicaciones"},"content":{"rendered":"\n<p class=\"has-small-font-size\">14.10.2021 &#8211; Escuela de Comunicaciones del Ej\u00e9rcito <\/p>\n\n\n\n<div style=\"height:33px\" aria-hidden=\"true\" class=\"wp-block-spacer\"><\/div>\n\n\n\n<p class=\"has-medium-font-size\"><strong>Hasta el 31 de diciembre, se encuentran abiertas las inscripciones para el Curso de Aprendices Especialistas en Comunicaciones de la Escuela de Comunicaciones del Ej\u00e9rcito.<\/strong><\/p>\n\n\n\n<div style=\"height:33px\" aria-hidden=\"true\" class=\"wp-block-spacer\"><\/div>\n\n\n\n<p>Los egresados pertenecer\u00e1n al Arma de Comunicaciones y estar\u00e1n capacitados para desempe\u00f1arse en las \u00e1reas de: comunicaciones, electr\u00f3nica e inform\u00e1tica.<\/p>\n\n\n\n<div style=\"height:33px\" aria-hidden=\"true\" class=\"wp-block-spacer\"><\/div>\n\n\n\n<p>Las inscripciones se realizan \u00fanicamente mediante el Portal del Estado (tr\u00e1mites.gub.uy), en el siguiente link<br><a href=\"https:\/\/www.gub.uy\/tramites\/ingreso-escuela-comunicaciones-ejercito\" target=\"_blank\" rel=\"noreferrer noopener\">https:\/\/www.gub.uy\/tramites\/ingreso-escuela-comunicaciones-ejercito<\/a><\/p>\n\n\n\n<div style=\"height:33px\" aria-hidden=\"true\" class=\"wp-block-spacer\"><\/div>\n\n\n\n<p>El ingreso se realiza mediante pruebas de oposici\u00f3n: matem\u00e1ticas, idioma espa\u00f1ol y educaci\u00f3n f\u00edsica.<\/p>\n\n\n\n<div style=\"height:33px\" aria-hidden=\"true\" class=\"wp-block-spacer\"><\/div>\n\n\n\n<p>Presentar conjuntamente con la solicitud de ingreso:<\/p>\n\n\n\n<div style=\"height:33px\" aria-hidden=\"true\" class=\"wp-block-spacer\"><\/div>\n\n\n\n<p>\u2022 Formularios nros. 1, 2, y 3<\/p>\n\n\n\n<div style=\"height:22px\" aria-hidden=\"true\" class=\"wp-block-spacer\"><\/div>\n\n\n\n<p>\u2022 Formulario nro. 4 (Declaraci\u00f3n de Consentimiento)<\/p>\n\n\n\n<div style=\"height:22px\" aria-hidden=\"true\" class=\"wp-block-spacer\"><\/div>\n\n\n\n<p>\u2022 Original Partida de Nacimiento vigente<\/p>\n\n\n\n<div style=\"height:22px\" aria-hidden=\"true\" class=\"wp-block-spacer\"><\/div>\n\n\n\n<p>\u2022 Certificado que acredite la aprobaci\u00f3n de los estudios exigidos (F\u00f3rmula 69), destinado a la reguladora<\/p>\n\n\n\n<div style=\"height:22px\" aria-hidden=\"true\" class=\"wp-block-spacer\"><\/div>\n\n\n\n<p>\u2022 Certificado de Antecedentes judiciales expedido por el Ministerio del Interior (solo mayores de 18 a\u00f1os)<\/p>\n\n\n\n<div style=\"height:22px\" aria-hidden=\"true\" class=\"wp-block-spacer\"><\/div>\n\n\n\n<p>\u2022 Constancia de no estar Inscripto en el Registro Nacional de Violadores, Abusadores y Acosadores Sexuales (solo mayores de 18 a\u00f1os)<\/p>\n\n\n\n<div style=\"height:22px\" aria-hidden=\"true\" class=\"wp-block-spacer\"><\/div>\n\n\n\n<p>\u2022 Carn\u00e9 de adolescente (menor de 18 a\u00f1os) o de Salud (mayor de 18 a\u00f1os)<\/p>\n\n\n\n<div style=\"height:22px\" aria-hidden=\"true\" class=\"wp-block-spacer\"><\/div>\n\n\n\n<p>\u2022 4 fotos carn\u00e9 a color<\/p>\n\n\n\n<div style=\"height:22px\" aria-hidden=\"true\" class=\"wp-block-spacer\"><\/div>\n\n\n\n<p>\u2022 Fotocopia de C\u00e9dula de Identidad de las siguientes personas: aspirante a ingreso, madre, padre o tutor (obligatorio)<\/p>\n\n\n\n<div style=\"height:22px\" aria-hidden=\"true\" class=\"wp-block-spacer\"><\/div>\n\n\n\n<p>\u2022 Constancia de Voto de noviembre 2020 al postulante mayor de edad<\/p>\n\n\n\n<div style=\"height:22px\" aria-hidden=\"true\" class=\"wp-block-spacer\"><\/div>\n\n\n\n<p>\u2022 Se deber\u00e1 presentar test toxicol\u00f3gico; asimismo el personal femenino deber\u00e1 presentar un test negativo de embarazo, ambos estudios deber\u00e1n realizarse dentro del mes de diciembre<\/p>\n\n\n\n<div style=\"height:22px\" aria-hidden=\"true\" class=\"wp-block-spacer\"><\/div>\n\n\n\n<p class=\"has-white-color has-vivid-red-background-color has-text-color has-background has-medium-font-size\"><strong>La totalidad de la documentaci\u00f3n debe estar en la Escuela antes del d\u00eda 31 de diciembre del 2021<\/strong><\/p>\n\n\n\n<div style=\"height:44px\" aria-hidden=\"true\" class=\"wp-block-spacer\"><\/div>\n\n\n\n<p class=\"has-medium-font-size\"><strong>Por m\u00e1s informaci\u00f3n comunicarse con la EComE a los tel\u00e9fonos 2357 9101\/02 o a trav\u00e9s del correo electr\u00f3nico <a href=\"mailto:ecome@ejercito.mil.uy\">ecome@ejercito.mil.uy<\/a><\/strong><\/p>\n\n\n\n<div style=\"height:44px\" aria-hidden=\"true\" class=\"wp-block-spacer\"><\/div>\n","protected":false},"excerpt":{"rendered":"<p>Hasta el 31 de diciembre, se encuentran abiertas las inscripciones para el Curso de Aprendices Especialistas en Comunicaciones de la Escuela de Comunicaciones del Ej\u00e9rcito.<\/p>\n","protected":false},"author":4,"featured_media":7342,"comment_status":"open","ping_status":"open","sticky":false,"template":"","format":"standard","meta":{"_coblocks_attr":"","_coblocks_dimensions":"","_coblocks_responsive_height":"","_coblocks_accordion_ie_support":"","_monsterinsights_skip_tracking":false,"_monsterinsights_sitenote_active":false,"_monsterinsights_sitenote_note":"","_monsterinsights_sitenote_category":0,"_uf_show_specific_survey":0,"_uf_disable_surveys":false,"footnotes":""},"categories":[2,10,14,1],"tags":[60,188,239],"class_list":["post-7009","post","type-post","status-publish","format-standard","has-post-thumbnail","hentry","category-blog","category-destacados","category-noticias","category-sin-categoria","tag-comunicaciones","tag-cursos","tag-escueladecomunicaciones"],"aioseo_notices":[],"_links":{"self":[{"href":"https:\/\/www.ejercito.mil.uy\/index.php\/wp-json\/wp\/v2\/posts\/7009","targetHints":{"allow":["GET"]}}],"collection":[{"href":"https:\/\/www.ejercito.mil.uy\/index.php\/wp-json\/wp\/v2\/posts"}],"about":[{"href":"https:\/\/www.ejercito.mil.uy\/index.php\/wp-json\/wp\/v2\/types\/post"}],"author":[{"embeddable":true,"href":"https:\/\/www.ejercito.mil.uy\/index.php\/wp-json\/wp\/v2\/users\/4"}],"replies":[{"embeddable":true,"href":"https:\/\/www.ejercito.mil.uy\/index.php\/wp-json\/wp\/v2\/comments?post=7009"}],"version-history":[{"count":6,"href":"https:\/\/www.ejercito.mil.uy\/index.php\/wp-json\/wp\/v2\/posts\/7009\/revisions"}],"predecessor-version":[{"id":7343,"href":"https:\/\/www.ejercito.mil.uy\/index.php\/wp-json\/wp\/v2\/posts\/7009\/revisions\/7343"}],"wp:featuredmedia":[{"embeddable":true,"href":"https:\/\/www.ejercito.mil.uy\/index.php\/wp-json\/wp\/v2\/media\/7342"}],"wp:attachment":[{"href":"https:\/\/www.ejercito.mil.uy\/index.php\/wp-json\/wp\/v2\/media?parent=7009"}],"wp:term":[{"taxonomy":"category","embeddable":true,"href":"https:\/\/www.ejercito.mil.uy\/index.php\/wp-json\/wp\/v2\/categories?post=7009"},{"taxonomy":"post_tag","embeddable":true,"href":"https:\/\/www.ejercito.mil.uy\/index.php\/wp-json\/wp\/v2\/tags?post=7009"}],"curies":[{"name":"wp","href":"https:\/\/api.w.org\/{rel}","templated":true}]}}