{"id":7050,"date":"2021-10-10T12:30:55","date_gmt":"2021-10-10T15:30:55","guid":{"rendered":"https:\/\/www.ejercito.mil.uy\/?p=7050"},"modified":"2021-10-15T10:37:21","modified_gmt":"2021-10-15T13:37:21","slug":"equitacion-desde-el-norte","status":"publish","type":"post","link":"https:\/\/www.ejercito.mil.uy\/index.php\/2021\/10\/10\/equitacion-desde-el-norte\/","title":{"rendered":"Equitaci\u00f3n desde el norte"},"content":{"rendered":"\n<p class=\"wp-block-paragraph\" style=\"font-size:14px\">10.10.2021 &#8211; Tacuaremb\u00f3<\/p>\n\n\n\n<div style=\"height:33px\" aria-hidden=\"true\" class=\"wp-block-spacer\"><\/div>\n\n\n\n<p class=\"wp-block-paragraph\">Del 27 de setiembre al 4 de octubre, se realizaron en el <strong>Regimiento \u201cMisiones\u201d de Caballer\u00eda Blindado N\u00ba 5<\/strong> del dpto. de Tacuaremb\u00f3, las <strong>Pruebas de Evaluaci\u00f3n y Ense\u00f1anza T\u00e9cnicas de Equitaci\u00f3n Fase II<\/strong> y el <strong>10\u00ba Concurso Completo Internacional<\/strong>, los cuales contaron con la presencia de jinetes nacionales. Asimismo, se desarroll\u00f3 el Campeonato de Polo del \u00e1mbito de la <strong>Divisi\u00f3n de Ej\u00e9rcito III<\/strong>.<\/p>\n\n\n\n<div style=\"height:44px\" aria-hidden=\"true\" class=\"wp-block-spacer\"><\/div>\n\n\n\n<div class=\"wp-block-image\"><figure class=\"aligncenter size-large\"><img loading=\"lazy\" decoding=\"async\" width=\"1024\" height=\"683\" src=\"https:\/\/www.ejercito.mil.uy\/wp-content\/uploads\/2021\/10\/Equitacion-3-1024x683.jpg\" alt=\"\" class=\"wp-image-7092\" srcset=\"https:\/\/www.ejercito.mil.uy\/wp-content\/uploads\/2021\/10\/Equitacion-3-1024x683.jpg 1024w, https:\/\/www.ejercito.mil.uy\/wp-content\/uploads\/2021\/10\/Equitacion-3-300x200.jpg 300w, https:\/\/www.ejercito.mil.uy\/wp-content\/uploads\/2021\/10\/Equitacion-3.jpg 1200w\" sizes=\"auto, (max-width: 1024px) 100vw, 1024px\" \/><figcaption> <strong>Regimiento \u201cMisiones\u201d de Caballer\u00eda Blindado N\u00ba 5<\/strong> <\/figcaption><\/figure><\/div>\n\n\n\n<div style=\"height:44px\" aria-hidden=\"true\" class=\"wp-block-spacer\"><\/div>\n\n\n\n<p class=\"wp-block-paragraph\">Por otra parte, en la sede del <strong><a rel=\"noreferrer noopener\" href=\"https:\/\/www.facebook.com\/Reg.c.mec7\/\" target=\"_blank\">Regimiento \u201cGral. Aparicio Saravia\u201d de Caballer\u00eda Mecanizado N\u00ba 7<\/a><\/strong> ubicado en la ciudad de R\u00edo Branco, jinetes de distintas jerarqu\u00edas pertenecientes a las unidades dependientes de la <strong>Brigada de Caballer\u00eda N\u00ba 2<\/strong>, rindieron la <strong>Prueba de Equitaci\u00f3n Reducida<\/strong> (<strong>Regimiento \u00abPatria\u00bb de Caballer\u00eda Blindado N\u00ba 8<\/strong> y <a href=\"https:\/\/www.facebook.com\/Regimiento-Dragones-Libertadores-de-Caballer%C3%ADa-Mecanizado-N%C2%BA-9-297948753976687\/?__cft__[0]=AZWAYYOzSC_OaOvExrZnluEwjMHAbjmBWWihjgsLNvlM5XGB6w5xNfNbSxwpIRxk83CozGF0_v_xA34eCsX2vk_Qi1KWvMc1BXfA_IACOE3_GyuOIm6-F7-75By8tGNgatFx8ZQHySpo2nPTFjZW6KHq2l53SfSIN6I-pn8rsaAVxOJJVYyb7ssa1bLqM_zeduk&amp;__tn__=kK-R\"><strong>Regimiento \u00abDragones Libertadores\u00bb de Caballer\u00eda Mecanizado N\u00ba 9<\/strong><\/a>).<\/p>\n\n\n\n<div style=\"height:33px\" aria-hidden=\"true\" class=\"wp-block-spacer\"><\/div>\n\n\n\n<div class=\"wp-block-coblocks-gallery-carousel\"><div class=\"is-cropped coblocks-gallery has-no-alignment has-caption-style-dark has-horizontal-gutter\"><div class=\"has-carousel has-carousel-lrg\" style=\"height:400px\" data-flickity=\"{&quot;autoPlay&quot;:4000,&quot;draggable&quot;:true,&quot;pageDots&quot;:false,&quot;prevNextButtons&quot;:true,&quot;wrapAround&quot;:true,&quot;cellAlign&quot;:&quot;center&quot;,&quot;pauseAutoPlayOnHover&quot;:true,&quot;freeScroll&quot;:true,&quot;arrowShape&quot;:{&quot;x0&quot;:10,&quot;x1&quot;:60,&quot;y1&quot;:50,&quot;x2&quot;:65,&quot;y2&quot;:45,&quot;x3&quot;:20},&quot;thumbnails&quot;:false,&quot;responsiveHeight&quot;:false}\"><div class=\"coblocks-gallery--item\"><figure class=\"coblocks-gallery--figure has-margin-left-5 has-margin-left-mobile-5 has-margin-right-5 has-margin-right-mobile-5\"><img loading=\"lazy\" decoding=\"async\" width=\"1024\" height=\"683\" src=\"https:\/\/www.ejercito.mil.uy\/wp-content\/uploads\/2021\/10\/Equitacion-1-1024x683.jpg\" alt=\"\" data-id=\"7093\" data-link=\"https:\/\/www.ejercito.mil.uy\/?attachment_id=7093\" class=\"wp-image-7093\" srcset=\"https:\/\/www.ejercito.mil.uy\/wp-content\/uploads\/2021\/10\/Equitacion-1-1024x683.jpg 1024w, https:\/\/www.ejercito.mil.uy\/wp-content\/uploads\/2021\/10\/Equitacion-1-300x200.jpg 300w, https:\/\/www.ejercito.mil.uy\/wp-content\/uploads\/2021\/10\/Equitacion-1.jpg 1200w\" sizes=\"auto, (max-width: 1024px) 100vw, 1024px\" \/><\/figure><\/div><div class=\"coblocks-gallery--item\"><figure class=\"coblocks-gallery--figure has-margin-left-5 has-margin-left-mobile-5 has-margin-right-5 has-margin-right-mobile-5\"><img loading=\"lazy\" decoding=\"async\" width=\"1024\" height=\"683\" src=\"https:\/\/www.ejercito.mil.uy\/wp-content\/uploads\/2021\/10\/Equitacion-2-1024x683.jpg\" alt=\"\" data-id=\"7094\" data-link=\"https:\/\/www.ejercito.mil.uy\/?attachment_id=7094\" class=\"wp-image-7094\" srcset=\"https:\/\/www.ejercito.mil.uy\/wp-content\/uploads\/2021\/10\/Equitacion-2-1024x683.jpg 1024w, https:\/\/www.ejercito.mil.uy\/wp-content\/uploads\/2021\/10\/Equitacion-2-300x200.jpg 300w, https:\/\/www.ejercito.mil.uy\/wp-content\/uploads\/2021\/10\/Equitacion-2.jpg 1200w\" sizes=\"auto, (max-width: 1024px) 100vw, 1024px\" \/><\/figure><\/div><div class=\"coblocks-gallery--item\"><figure class=\"coblocks-gallery--figure has-margin-left-5 has-margin-left-mobile-5 has-margin-right-5 has-margin-right-mobile-5\"><img loading=\"lazy\" decoding=\"async\" width=\"1024\" height=\"683\" src=\"https:\/\/www.ejercito.mil.uy\/wp-content\/uploads\/2021\/10\/Equitacion-4-1024x683.jpg\" alt=\"\" data-id=\"7095\" data-link=\"https:\/\/www.ejercito.mil.uy\/?attachment_id=7095\" class=\"wp-image-7095\" srcset=\"https:\/\/www.ejercito.mil.uy\/wp-content\/uploads\/2021\/10\/Equitacion-4-1024x683.jpg 1024w, https:\/\/www.ejercito.mil.uy\/wp-content\/uploads\/2021\/10\/Equitacion-4-300x200.jpg 300w, https:\/\/www.ejercito.mil.uy\/wp-content\/uploads\/2021\/10\/Equitacion-4.jpg 1200w\" sizes=\"auto, (max-width: 1024px) 100vw, 1024px\" \/><\/figure><\/div><div class=\"coblocks-gallery--item\"><figure class=\"coblocks-gallery--figure has-margin-left-5 has-margin-left-mobile-5 has-margin-right-5 has-margin-right-mobile-5\"><img loading=\"lazy\" decoding=\"async\" width=\"1024\" height=\"683\" src=\"https:\/\/www.ejercito.mil.uy\/wp-content\/uploads\/2021\/10\/Equitacion-5-1024x683.jpg\" alt=\"\" data-id=\"7096\" data-link=\"https:\/\/www.ejercito.mil.uy\/?attachment_id=7096\" class=\"wp-image-7096\" srcset=\"https:\/\/www.ejercito.mil.uy\/wp-content\/uploads\/2021\/10\/Equitacion-5-1024x683.jpg 1024w, https:\/\/www.ejercito.mil.uy\/wp-content\/uploads\/2021\/10\/Equitacion-5-300x200.jpg 300w, https:\/\/www.ejercito.mil.uy\/wp-content\/uploads\/2021\/10\/Equitacion-5.jpg 1200w\" sizes=\"auto, (max-width: 1024px) 100vw, 1024px\" \/><\/figure><\/div><div class=\"coblocks-gallery--item\"><figure class=\"coblocks-gallery--figure has-margin-left-5 has-margin-left-mobile-5 has-margin-right-5 has-margin-right-mobile-5\"><img loading=\"lazy\" decoding=\"async\" width=\"1024\" height=\"683\" src=\"https:\/\/www.ejercito.mil.uy\/wp-content\/uploads\/2021\/10\/Equitacion-6-1024x683.jpg\" alt=\"\" data-id=\"7097\" data-link=\"https:\/\/www.ejercito.mil.uy\/?attachment_id=7097\" class=\"wp-image-7097\" srcset=\"https:\/\/www.ejercito.mil.uy\/wp-content\/uploads\/2021\/10\/Equitacion-6-1024x683.jpg 1024w, https:\/\/www.ejercito.mil.uy\/wp-content\/uploads\/2021\/10\/Equitacion-6-300x200.jpg 300w, https:\/\/www.ejercito.mil.uy\/wp-content\/uploads\/2021\/10\/Equitacion-6.jpg 1200w\" sizes=\"auto, (max-width: 1024px) 100vw, 1024px\" \/><\/figure><\/div><div class=\"coblocks-gallery--item\"><figure class=\"coblocks-gallery--figure has-margin-left-5 has-margin-left-mobile-5 has-margin-right-5 has-margin-right-mobile-5\"><img loading=\"lazy\" decoding=\"async\" width=\"1024\" height=\"683\" src=\"https:\/\/www.ejercito.mil.uy\/wp-content\/uploads\/2021\/10\/Equitacion-7-1024x683.jpg\" alt=\"\" data-id=\"7098\" data-link=\"https:\/\/www.ejercito.mil.uy\/?attachment_id=7098\" class=\"wp-image-7098\" srcset=\"https:\/\/www.ejercito.mil.uy\/wp-content\/uploads\/2021\/10\/Equitacion-7-1024x683.jpg 1024w, https:\/\/www.ejercito.mil.uy\/wp-content\/uploads\/2021\/10\/Equitacion-7-300x200.jpg 300w, https:\/\/www.ejercito.mil.uy\/wp-content\/uploads\/2021\/10\/Equitacion-7.jpg 1200w\" sizes=\"auto, (max-width: 1024px) 100vw, 1024px\" \/><\/figure><\/div><div class=\"coblocks-gallery--item\"><figure class=\"coblocks-gallery--figure has-margin-left-5 has-margin-left-mobile-5 has-margin-right-5 has-margin-right-mobile-5\"><img loading=\"lazy\" decoding=\"async\" width=\"1024\" height=\"683\" src=\"https:\/\/www.ejercito.mil.uy\/wp-content\/uploads\/2021\/10\/Equitacion-8-1024x683.jpg\" alt=\"\" data-id=\"7099\" data-link=\"https:\/\/www.ejercito.mil.uy\/?attachment_id=7099\" class=\"wp-image-7099\" srcset=\"https:\/\/www.ejercito.mil.uy\/wp-content\/uploads\/2021\/10\/Equitacion-8-1024x683.jpg 1024w, https:\/\/www.ejercito.mil.uy\/wp-content\/uploads\/2021\/10\/Equitacion-8-300x200.jpg 300w, https:\/\/www.ejercito.mil.uy\/wp-content\/uploads\/2021\/10\/Equitacion-8.jpg 1200w\" sizes=\"auto, (max-width: 1024px) 100vw, 1024px\" \/><\/figure><\/div><\/div><\/div><\/div>\n\n\n\n<div style=\"height:100px\" aria-hidden=\"true\" class=\"wp-block-spacer\"><\/div>\n","protected":false},"excerpt":{"rendered":"<p>10.10.2021 &#8211; Del 27 de setiembre al 4 de octubre, se realizaron en el Regimiento \u201cMisiones\u201d de Caballer\u00eda Blindado N\u00ba 5 del dpto. de Tacuaremb\u00f3, las Pruebas de Evaluaci\u00f3n y Ense\u00f1anza T\u00e9cnicas de Equitaci\u00f3n Fase II y el 10\u00ba Concurso Completo Internacional, los cuales contaron con la presencia de jinetes nacionales. Asimismo, se desarroll\u00f3 el Campeonato de Polo del \u00e1mbito de la Divisi\u00f3n de Ej\u00e9rcito III.<\/p>\n","protected":false},"author":4,"featured_media":7090,"comment_status":"open","ping_status":"open","sticky":false,"template":"","format":"standard","meta":{"_coblocks_attr":"","_coblocks_dimensions":"","_coblocks_responsive_height":"","_coblocks_accordion_ie_support":"","_monsterinsights_skip_tracking":false,"_uf_show_specific_survey":0,"_uf_disable_surveys":false,"footnotes":""},"categories":[2,14],"tags":[141,78,35,240,13],"class_list":["post-7050","post","type-post","status-publish","format-standard","has-post-thumbnail","hentry","category-blog","category-noticias","tag-caballeria","tag-educacion","tag-entrenamiento","tag-equitacion","tag-instruccion"],"aioseo_notices":[],"aioseo_head":"\n\t\t<!-- All in One SEO 5.0.1.1 - aioseo.com -->\n\t<meta name=\"description\" content=\"10.10.2021 - Del 27 de setiembre al 4 de octubre, se realizaron en el Regimiento \u201cMisiones\u201d de Caballer\u00eda Blindado N\u00ba 5 del dpto. de Tacuaremb\u00f3, las Pruebas de Evaluaci\u00f3n y Ense\u00f1anza T\u00e9cnicas de Equitaci\u00f3n Fase II y el 10\u00ba Concurso Completo Internacional, los cuales contaron con la presencia de jinetes nacionales. Asimismo, se desarroll\u00f3 el Campeonato de Polo del \u00e1mbito de la Divisi\u00f3n de Ej\u00e9rcito III.\" \/>\n\t<meta name=\"robots\" content=\"max-image-preview:large\" \/>\n\t<meta name=\"author\" content=\"Alejandro Castro\"\/>\n\t<link rel=\"canonical\" href=\"https:\/\/www.ejercito.mil.uy\/index.php\/2021\/10\/10\/equitacion-desde-el-norte\/\" \/>\n\t<meta name=\"generator\" content=\"All in One SEO (AIOSEO) 5.0.1.1\" \/>\n\t\t<meta property=\"og:locale\" content=\"es_ES\" \/>\n\t\t<meta property=\"og:site_name\" content=\"Ej\u00e9rcito Nacional - La Fuerza de todos\" \/>\n\t\t<meta property=\"og:type\" content=\"article\" \/>\n\t\t<meta property=\"og:title\" content=\"Equitaci\u00f3n desde el norte - Ej\u00e9rcito Nacional\" \/>\n\t\t<meta property=\"og:description\" content=\"10.10.2021 - Del 27 de setiembre al 4 de octubre, se realizaron en el Regimiento \u201cMisiones\u201d de Caballer\u00eda Blindado N\u00ba 5 del dpto. de Tacuaremb\u00f3, las Pruebas de Evaluaci\u00f3n y Ense\u00f1anza T\u00e9cnicas de Equitaci\u00f3n Fase II y el 10\u00ba Concurso Completo Internacional, los cuales contaron con la presencia de jinetes nacionales. Asimismo, se desarroll\u00f3 el Campeonato de Polo del \u00e1mbito de la Divisi\u00f3n de Ej\u00e9rcito III.\" \/>\n\t\t<meta property=\"og:url\" content=\"https:\/\/www.ejercito.mil.uy\/index.php\/2021\/10\/10\/equitacion-desde-el-norte\/\" \/>\n\t\t<meta property=\"og:image\" content=\"https:\/\/www.ejercito.mil.uy\/wp-content\/uploads\/2022\/01\/Escudo_EN_URUGUAY.png\" \/>\n\t\t<meta property=\"og:image:secure_url\" content=\"https:\/\/www.ejercito.mil.uy\/wp-content\/uploads\/2022\/01\/Escudo_EN_URUGUAY.png\" \/>\n\t\t<meta property=\"og:image:width\" content=\"134\" \/>\n\t\t<meta property=\"og:image:height\" content=\"119\" \/>\n\t\t<meta property=\"article:published_time\" content=\"2021-10-10T15:30:55+00:00\" \/>\n\t\t<meta property=\"article:modified_time\" content=\"2021-10-15T13:37:21+00:00\" \/>\n\t\t<meta name=\"twitter:card\" content=\"summary_large_image\" \/>\n\t\t<meta name=\"twitter:title\" content=\"Equitaci\u00f3n desde el norte - Ej\u00e9rcito Nacional\" \/>\n\t\t<meta name=\"twitter:description\" content=\"10.10.2021 - Del 27 de setiembre al 4 de octubre, se realizaron en el Regimiento \u201cMisiones\u201d de Caballer\u00eda Blindado N\u00ba 5 del dpto. de Tacuaremb\u00f3, las Pruebas de Evaluaci\u00f3n y Ense\u00f1anza T\u00e9cnicas de Equitaci\u00f3n Fase II y el 10\u00ba Concurso Completo Internacional, los cuales contaron con la presencia de jinetes nacionales. Asimismo, se desarroll\u00f3 el Campeonato de Polo del \u00e1mbito de la Divisi\u00f3n de Ej\u00e9rcito III.\" \/>\n\t\t<meta name=\"twitter:image\" content=\"https:\/\/www.ejercito.mil.uy\/wp-content\/uploads\/2022\/01\/Escudo_EN_URUGUAY.png\" \/>\n\t\t<script type=\"application\/ld+json\" class=\"aioseo-schema\">\n\t\t\t{\"@context\":\"https:\\\/\\\/schema.org\",\"@graph\":[{\"@type\":\"BlogPosting\",\"@id\":\"https:\\\/\\\/www.ejercito.mil.uy\\\/index.php\\\/2021\\\/10\\\/10\\\/equitacion-desde-el-norte\\\/#blogposting\",\"name\":\"Equitaci\\u00f3n desde el norte - Ej\\u00e9rcito Nacional\",\"headline\":\"Equitaci\\u00f3n desde el norte\",\"author\":{\"@id\":\"https:\\\/\\\/www.ejercito.mil.uy\\\/index.php\\\/author\\\/acastro\\\/#author\"},\"publisher\":{\"@id\":\"https:\\\/\\\/www.ejercito.mil.uy\\\/#organization\"},\"image\":{\"@type\":\"ImageObject\",\"url\":\"https:\\\/\\\/www.ejercito.mil.uy\\\/wp-content\\\/uploads\\\/2021\\\/10\\\/Equitacion.jpg\",\"width\":593,\"height\":395,\"caption\":\"Equitaci\\u00f3n\"},\"datePublished\":\"2021-10-10T12:30:55-03:00\",\"dateModified\":\"2021-10-15T10:37:21-03:00\",\"inLanguage\":\"es-UY\",\"mainEntityOfPage\":{\"@id\":\"https:\\\/\\\/www.ejercito.mil.uy\\\/index.php\\\/2021\\\/10\\\/10\\\/equitacion-desde-el-norte\\\/#webpage\"},\"isPartOf\":{\"@id\":\"https:\\\/\\\/www.ejercito.mil.uy\\\/index.php\\\/2021\\\/10\\\/10\\\/equitacion-desde-el-norte\\\/#webpage\"},\"articleSection\":\"Blog, Noticias, caballer\\u00eda, educaci\\u00f3n, entrenamiento, equitaci\\u00f3n, instrucci\\u00f3n\"},{\"@type\":\"BreadcrumbList\",\"@id\":\"https:\\\/\\\/www.ejercito.mil.uy\\\/index.php\\\/2021\\\/10\\\/10\\\/equitacion-desde-el-norte\\\/#breadcrumblist\",\"itemListElement\":[{\"@type\":\"ListItem\",\"@id\":\"https:\\\/\\\/www.ejercito.mil.uy#listItem\",\"position\":1,\"name\":\"Home\",\"item\":\"https:\\\/\\\/www.ejercito.mil.uy\",\"nextItem\":{\"@type\":\"ListItem\",\"@id\":\"https:\\\/\\\/www.ejercito.mil.uy\\\/index.php\\\/category\\\/destacados\\\/#listItem\",\"name\":\"Destacados\"}},{\"@type\":\"ListItem\",\"@id\":\"https:\\\/\\\/www.ejercito.mil.uy\\\/index.php\\\/category\\\/destacados\\\/#listItem\",\"position\":2,\"name\":\"Destacados\",\"item\":\"https:\\\/\\\/www.ejercito.mil.uy\\\/index.php\\\/category\\\/destacados\\\/\",\"nextItem\":{\"@type\":\"ListItem\",\"@id\":\"https:\\\/\\\/www.ejercito.mil.uy\\\/index.php\\\/category\\\/destacados\\\/noticias\\\/#listItem\",\"name\":\"Noticias\"},\"previousItem\":{\"@type\":\"ListItem\",\"@id\":\"https:\\\/\\\/www.ejercito.mil.uy#listItem\",\"name\":\"Home\"}},{\"@type\":\"ListItem\",\"@id\":\"https:\\\/\\\/www.ejercito.mil.uy\\\/index.php\\\/category\\\/destacados\\\/noticias\\\/#listItem\",\"position\":3,\"name\":\"Noticias\",\"item\":\"https:\\\/\\\/www.ejercito.mil.uy\\\/index.php\\\/category\\\/destacados\\\/noticias\\\/\",\"nextItem\":{\"@type\":\"ListItem\",\"@id\":\"https:\\\/\\\/www.ejercito.mil.uy\\\/index.php\\\/2021\\\/10\\\/10\\\/equitacion-desde-el-norte\\\/#listItem\",\"name\":\"Equitaci\\u00f3n desde el norte\"},\"previousItem\":{\"@type\":\"ListItem\",\"@id\":\"https:\\\/\\\/www.ejercito.mil.uy\\\/index.php\\\/category\\\/destacados\\\/#listItem\",\"name\":\"Destacados\"}},{\"@type\":\"ListItem\",\"@id\":\"https:\\\/\\\/www.ejercito.mil.uy\\\/index.php\\\/2021\\\/10\\\/10\\\/equitacion-desde-el-norte\\\/#listItem\",\"position\":4,\"name\":\"Equitaci\\u00f3n desde el norte\",\"previousItem\":{\"@type\":\"ListItem\",\"@id\":\"https:\\\/\\\/www.ejercito.mil.uy\\\/index.php\\\/category\\\/destacados\\\/noticias\\\/#listItem\",\"name\":\"Noticias\"}}]},{\"@type\":\"Organization\",\"@id\":\"https:\\\/\\\/www.ejercito.mil.uy\\\/#organization\",\"name\":\"Ej\\u00e9rcito Nacional\",\"description\":\"La Fuerza de todos\",\"url\":\"https:\\\/\\\/www.ejercito.mil.uy\\\/\",\"logo\":{\"@type\":\"ImageObject\",\"url\":\"https:\\\/\\\/www.ejercito.mil.uy\\\/wp-content\\\/uploads\\\/2022\\\/01\\\/Escudo_EN_URUGUAY.png\",\"@id\":\"https:\\\/\\\/www.ejercito.mil.uy\\\/index.php\\\/2021\\\/10\\\/10\\\/equitacion-desde-el-norte\\\/#organizationLogo\",\"width\":134,\"height\":119},\"image\":{\"@id\":\"https:\\\/\\\/www.ejercito.mil.uy\\\/index.php\\\/2021\\\/10\\\/10\\\/equitacion-desde-el-norte\\\/#organizationLogo\"}},{\"@type\":\"Person\",\"@id\":\"https:\\\/\\\/www.ejercito.mil.uy\\\/index.php\\\/author\\\/acastro\\\/#author\",\"url\":\"https:\\\/\\\/www.ejercito.mil.uy\\\/index.php\\\/author\\\/acastro\\\/\",\"name\":\"Alejandro Castro\",\"image\":{\"@type\":\"ImageObject\",\"@id\":\"https:\\\/\\\/www.ejercito.mil.uy\\\/index.php\\\/2021\\\/10\\\/10\\\/equitacion-desde-el-norte\\\/#authorImage\",\"url\":\"https:\\\/\\\/secure.gravatar.com\\\/avatar\\\/89bb77d4bf696501dd94ca89e6794e1787eaffba7c7197528d249e15bd099f68?s=96&d=mm&r=g\",\"width\":96,\"height\":96,\"caption\":\"Alejandro Castro\"}},{\"@type\":\"WebPage\",\"@id\":\"https:\\\/\\\/www.ejercito.mil.uy\\\/index.php\\\/2021\\\/10\\\/10\\\/equitacion-desde-el-norte\\\/#webpage\",\"url\":\"https:\\\/\\\/www.ejercito.mil.uy\\\/index.php\\\/2021\\\/10\\\/10\\\/equitacion-desde-el-norte\\\/\",\"name\":\"Equitaci\\u00f3n desde el norte - Ej\\u00e9rcito Nacional\",\"description\":\"10.10.2021 - Del 27 de setiembre al 4 de octubre, se realizaron en el Regimiento \\u201cMisiones\\u201d de Caballer\\u00eda Blindado N\\u00ba 5 del dpto. de Tacuaremb\\u00f3, las Pruebas de Evaluaci\\u00f3n y Ense\\u00f1anza T\\u00e9cnicas de Equitaci\\u00f3n Fase II y el 10\\u00ba Concurso Completo Internacional, los cuales contaron con la presencia de jinetes nacionales. Asimismo, se desarroll\\u00f3 el Campeonato de Polo del \\u00e1mbito de la Divisi\\u00f3n de Ej\\u00e9rcito III.\",\"inLanguage\":\"es-UY\",\"isPartOf\":{\"@id\":\"https:\\\/\\\/www.ejercito.mil.uy\\\/#website\"},\"breadcrumb\":{\"@id\":\"https:\\\/\\\/www.ejercito.mil.uy\\\/index.php\\\/2021\\\/10\\\/10\\\/equitacion-desde-el-norte\\\/#breadcrumblist\"},\"author\":{\"@id\":\"https:\\\/\\\/www.ejercito.mil.uy\\\/index.php\\\/author\\\/acastro\\\/#author\"},\"creator\":{\"@id\":\"https:\\\/\\\/www.ejercito.mil.uy\\\/index.php\\\/author\\\/acastro\\\/#author\"},\"image\":{\"@type\":\"ImageObject\",\"url\":\"https:\\\/\\\/www.ejercito.mil.uy\\\/wp-content\\\/uploads\\\/2021\\\/10\\\/Equitacion.jpg\",\"@id\":\"https:\\\/\\\/www.ejercito.mil.uy\\\/index.php\\\/2021\\\/10\\\/10\\\/equitacion-desde-el-norte\\\/#mainImage\",\"width\":593,\"height\":395,\"caption\":\"Equitaci\\u00f3n\"},\"primaryImageOfPage\":{\"@id\":\"https:\\\/\\\/www.ejercito.mil.uy\\\/index.php\\\/2021\\\/10\\\/10\\\/equitacion-desde-el-norte\\\/#mainImage\"},\"datePublished\":\"2021-10-10T12:30:55-03:00\",\"dateModified\":\"2021-10-15T10:37:21-03:00\"},{\"@type\":\"WebSite\",\"@id\":\"https:\\\/\\\/www.ejercito.mil.uy\\\/#website\",\"url\":\"https:\\\/\\\/www.ejercito.mil.uy\\\/\",\"name\":\"Ej\\u00e9rcito Nacional\",\"description\":\"La Fuerza de todos\",\"inLanguage\":\"es-UY\",\"publisher\":{\"@id\":\"https:\\\/\\\/www.ejercito.mil.uy\\\/#organization\"}}]}\n\t\t<\/script>\n\t\t<!-- All in One SEO -->\n\n","aioseo_head_json":{"title":"Equitaci\u00f3n desde el norte - Ej\u00e9rcito Nacional","description":"10.10.2021 - Del 27 de setiembre al 4 de octubre, se realizaron en el Regimiento \u201cMisiones\u201d de Caballer\u00eda Blindado N\u00ba 5 del dpto. de Tacuaremb\u00f3, las Pruebas de Evaluaci\u00f3n y Ense\u00f1anza T\u00e9cnicas de Equitaci\u00f3n Fase II y el 10\u00ba Concurso Completo Internacional, los cuales contaron con la presencia de jinetes nacionales. Asimismo, se desarroll\u00f3 el Campeonato de Polo del \u00e1mbito de la Divisi\u00f3n de Ej\u00e9rcito III.","canonical_url":"https:\/\/www.ejercito.mil.uy\/index.php\/2021\/10\/10\/equitacion-desde-el-norte\/","robots":"max-image-preview:large","keywords":"","webmasterTools":{"miscellaneous":""},"schema":{"@context":"https:\/\/schema.org","@graph":[{"@type":"BlogPosting","@id":"https:\/\/www.ejercito.mil.uy\/index.php\/2021\/10\/10\/equitacion-desde-el-norte\/#blogposting","name":"Equitaci\u00f3n desde el norte - Ej\u00e9rcito Nacional","headline":"Equitaci\u00f3n desde el norte","author":{"@id":"https:\/\/www.ejercito.mil.uy\/index.php\/author\/acastro\/#author"},"publisher":{"@id":"https:\/\/www.ejercito.mil.uy\/#organization"},"image":{"@type":"ImageObject","url":"https:\/\/www.ejercito.mil.uy\/wp-content\/uploads\/2021\/10\/Equitacion.jpg","width":593,"height":395,"caption":"Equitaci\u00f3n"},"datePublished":"2021-10-10T12:30:55-03:00","dateModified":"2021-10-15T10:37:21-03:00","inLanguage":"es-UY","mainEntityOfPage":{"@id":"https:\/\/www.ejercito.mil.uy\/index.php\/2021\/10\/10\/equitacion-desde-el-norte\/#webpage"},"isPartOf":{"@id":"https:\/\/www.ejercito.mil.uy\/index.php\/2021\/10\/10\/equitacion-desde-el-norte\/#webpage"},"articleSection":"Blog, Noticias, caballer\u00eda, educaci\u00f3n, entrenamiento, equitaci\u00f3n, instrucci\u00f3n"},{"@type":"BreadcrumbList","@id":"https:\/\/www.ejercito.mil.uy\/index.php\/2021\/10\/10\/equitacion-desde-el-norte\/#breadcrumblist","itemListElement":[{"@type":"ListItem","@id":"https:\/\/www.ejercito.mil.uy#listItem","position":1,"name":"Home","item":"https:\/\/www.ejercito.mil.uy","nextItem":{"@type":"ListItem","@id":"https:\/\/www.ejercito.mil.uy\/index.php\/category\/destacados\/#listItem","name":"Destacados"}},{"@type":"ListItem","@id":"https:\/\/www.ejercito.mil.uy\/index.php\/category\/destacados\/#listItem","position":2,"name":"Destacados","item":"https:\/\/www.ejercito.mil.uy\/index.php\/category\/destacados\/","nextItem":{"@type":"ListItem","@id":"https:\/\/www.ejercito.mil.uy\/index.php\/category\/destacados\/noticias\/#listItem","name":"Noticias"},"previousItem":{"@type":"ListItem","@id":"https:\/\/www.ejercito.mil.uy#listItem","name":"Home"}},{"@type":"ListItem","@id":"https:\/\/www.ejercito.mil.uy\/index.php\/category\/destacados\/noticias\/#listItem","position":3,"name":"Noticias","item":"https:\/\/www.ejercito.mil.uy\/index.php\/category\/destacados\/noticias\/","nextItem":{"@type":"ListItem","@id":"https:\/\/www.ejercito.mil.uy\/index.php\/2021\/10\/10\/equitacion-desde-el-norte\/#listItem","name":"Equitaci\u00f3n desde el norte"},"previousItem":{"@type":"ListItem","@id":"https:\/\/www.ejercito.mil.uy\/index.php\/category\/destacados\/#listItem","name":"Destacados"}},{"@type":"ListItem","@id":"https:\/\/www.ejercito.mil.uy\/index.php\/2021\/10\/10\/equitacion-desde-el-norte\/#listItem","position":4,"name":"Equitaci\u00f3n desde el norte","previousItem":{"@type":"ListItem","@id":"https:\/\/www.ejercito.mil.uy\/index.php\/category\/destacados\/noticias\/#listItem","name":"Noticias"}}]},{"@type":"Organization","@id":"https:\/\/www.ejercito.mil.uy\/#organization","name":"Ej\u00e9rcito Nacional","description":"La Fuerza de todos","url":"https:\/\/www.ejercito.mil.uy\/","logo":{"@type":"ImageObject","url":"https:\/\/www.ejercito.mil.uy\/wp-content\/uploads\/2022\/01\/Escudo_EN_URUGUAY.png","@id":"https:\/\/www.ejercito.mil.uy\/index.php\/2021\/10\/10\/equitacion-desde-el-norte\/#organizationLogo","width":134,"height":119},"image":{"@id":"https:\/\/www.ejercito.mil.uy\/index.php\/2021\/10\/10\/equitacion-desde-el-norte\/#organizationLogo"}},{"@type":"Person","@id":"https:\/\/www.ejercito.mil.uy\/index.php\/author\/acastro\/#author","url":"https:\/\/www.ejercito.mil.uy\/index.php\/author\/acastro\/","name":"Alejandro Castro","image":{"@type":"ImageObject","@id":"https:\/\/www.ejercito.mil.uy\/index.php\/2021\/10\/10\/equitacion-desde-el-norte\/#authorImage","url":"https:\/\/secure.gravatar.com\/avatar\/89bb77d4bf696501dd94ca89e6794e1787eaffba7c7197528d249e15bd099f68?s=96&d=mm&r=g","width":96,"height":96,"caption":"Alejandro Castro"}},{"@type":"WebPage","@id":"https:\/\/www.ejercito.mil.uy\/index.php\/2021\/10\/10\/equitacion-desde-el-norte\/#webpage","url":"https:\/\/www.ejercito.mil.uy\/index.php\/2021\/10\/10\/equitacion-desde-el-norte\/","name":"Equitaci\u00f3n desde el norte - Ej\u00e9rcito Nacional","description":"10.10.2021 - Del 27 de setiembre al 4 de octubre, se realizaron en el Regimiento \u201cMisiones\u201d de Caballer\u00eda Blindado N\u00ba 5 del dpto. de Tacuaremb\u00f3, las Pruebas de Evaluaci\u00f3n y Ense\u00f1anza T\u00e9cnicas de Equitaci\u00f3n Fase II y el 10\u00ba Concurso Completo Internacional, los cuales contaron con la presencia de jinetes nacionales. Asimismo, se desarroll\u00f3 el Campeonato de Polo del \u00e1mbito de la Divisi\u00f3n de Ej\u00e9rcito III.","inLanguage":"es-UY","isPartOf":{"@id":"https:\/\/www.ejercito.mil.uy\/#website"},"breadcrumb":{"@id":"https:\/\/www.ejercito.mil.uy\/index.php\/2021\/10\/10\/equitacion-desde-el-norte\/#breadcrumblist"},"author":{"@id":"https:\/\/www.ejercito.mil.uy\/index.php\/author\/acastro\/#author"},"creator":{"@id":"https:\/\/www.ejercito.mil.uy\/index.php\/author\/acastro\/#author"},"image":{"@type":"ImageObject","url":"https:\/\/www.ejercito.mil.uy\/wp-content\/uploads\/2021\/10\/Equitacion.jpg","@id":"https:\/\/www.ejercito.mil.uy\/index.php\/2021\/10\/10\/equitacion-desde-el-norte\/#mainImage","width":593,"height":395,"caption":"Equitaci\u00f3n"},"primaryImageOfPage":{"@id":"https:\/\/www.ejercito.mil.uy\/index.php\/2021\/10\/10\/equitacion-desde-el-norte\/#mainImage"},"datePublished":"2021-10-10T12:30:55-03:00","dateModified":"2021-10-15T10:37:21-03:00"},{"@type":"WebSite","@id":"https:\/\/www.ejercito.mil.uy\/#website","url":"https:\/\/www.ejercito.mil.uy\/","name":"Ej\u00e9rcito Nacional","description":"La Fuerza de todos","inLanguage":"es-UY","publisher":{"@id":"https:\/\/www.ejercito.mil.uy\/#organization"}}]},"og:locale":"es_ES","og:site_name":"Ej\u00e9rcito Nacional - La Fuerza de todos","og:type":"article","og:title":"Equitaci\u00f3n desde el norte - Ej\u00e9rcito Nacional","og:description":"10.10.2021 - Del 27 de setiembre al 4 de octubre, se realizaron en el Regimiento \u201cMisiones\u201d de Caballer\u00eda Blindado N\u00ba 5 del dpto. de Tacuaremb\u00f3, las Pruebas de Evaluaci\u00f3n y Ense\u00f1anza T\u00e9cnicas de Equitaci\u00f3n Fase II y el 10\u00ba Concurso Completo Internacional, los cuales contaron con la presencia de jinetes nacionales. Asimismo, se desarroll\u00f3 el Campeonato de Polo del \u00e1mbito de la Divisi\u00f3n de Ej\u00e9rcito III.","og:url":"https:\/\/www.ejercito.mil.uy\/index.php\/2021\/10\/10\/equitacion-desde-el-norte\/","og:image":"https:\/\/www.ejercito.mil.uy\/wp-content\/uploads\/2022\/01\/Escudo_EN_URUGUAY.png","og:image:secure_url":"https:\/\/www.ejercito.mil.uy\/wp-content\/uploads\/2022\/01\/Escudo_EN_URUGUAY.png","og:image:width":134,"og:image:height":119,"article:published_time":"2021-10-10T15:30:55+00:00","article:modified_time":"2021-10-15T13:37:21+00:00","twitter:card":"summary_large_image","twitter:title":"Equitaci\u00f3n desde el norte - Ej\u00e9rcito Nacional","twitter:description":"10.10.2021 - Del 27 de setiembre al 4 de octubre, se realizaron en el Regimiento \u201cMisiones\u201d de Caballer\u00eda Blindado N\u00ba 5 del dpto. de Tacuaremb\u00f3, las Pruebas de Evaluaci\u00f3n y Ense\u00f1anza T\u00e9cnicas de Equitaci\u00f3n Fase II y el 10\u00ba Concurso Completo Internacional, los cuales contaron con la presencia de jinetes nacionales. Asimismo, se desarroll\u00f3 el Campeonato de Polo del \u00e1mbito de la Divisi\u00f3n de Ej\u00e9rcito III.","twitter:image":"https:\/\/www.ejercito.mil.uy\/wp-content\/uploads\/2022\/01\/Escudo_EN_URUGUAY.png"},"aioseo_meta_data":{"post_id":"7050","title":null,"description":null,"keywords":null,"keyphrases":null,"primary_term":null,"canonical_url":null,"og_title":null,"og_description":null,"og_object_type":"default","og_image_type":"default","og_image_url":null,"og_image_width":null,"og_image_height":null,"og_image_custom_url":null,"og_image_custom_fields":null,"og_video":null,"og_custom_url":null,"og_article_section":null,"og_article_tags":null,"twitter_use_og":false,"twitter_card":"default","twitter_image_type":"default","twitter_image_url":null,"twitter_image_custom_url":null,"twitter_image_custom_fields":null,"twitter_title":null,"twitter_description":null,"schema":{"blockGraphs":[],"customGraphs":[],"default":{"data":{"Article":[],"Course":[],"Dataset":[],"FAQPage":[],"Movie":[],"Person":[],"Product":[],"ProductReview":[],"Car":[],"Recipe":[],"Service":[],"SoftwareApplication":[],"WebPage":[]},"graphName":"","isEnabled":true},"graphs":[]},"schema_type":"default","schema_type_options":null,"pillar_content":false,"robots_default":true,"robots_noindex":false,"robots_noarchive":false,"robots_nosnippet":false,"robots_nofollow":false,"robots_noimageindex":false,"robots_noodp":false,"robots_notranslate":false,"robots_max_snippet":null,"robots_max_videopreview":null,"robots_max_imagepreview":"large","priority":null,"frequency":null,"local_seo":null,"breadcrumb_settings":null,"limit_modified_date":false,"ai":null,"created":"2025-08-30 02:19:28","updated":"2025-08-30 02:19:28","seo_analyzer_scan_date":null,"focus_keyword":null,"additional_keywords":null,"truseo_locale":null},"aioseo_breadcrumb":"<div class=\"aioseo-breadcrumbs\"><span class=\"aioseo-breadcrumb\">\n\t\t\t<a href=\"https:\/\/www.ejercito.mil.uy\" title=\"Home\">Home<\/a>\n\t\t<\/span><span class=\"aioseo-breadcrumb-separator\">&raquo;<\/span><span class=\"aioseo-breadcrumb\">\n\t\t\t<a href=\"https:\/\/www.ejercito.mil.uy\/index.php\/category\/destacados\/\" title=\"Destacados\">Destacados<\/a>\n\t\t<\/span><span class=\"aioseo-breadcrumb-separator\">&raquo;<\/span><span class=\"aioseo-breadcrumb\">\n\t\t\t<a href=\"https:\/\/www.ejercito.mil.uy\/index.php\/category\/destacados\/noticias\/\" title=\"Noticias\">Noticias<\/a>\n\t\t<\/span><span class=\"aioseo-breadcrumb-separator\">&raquo;<\/span><span class=\"aioseo-breadcrumb\">\n\t\t\tEquitaci\u00f3n desde el norte\n\t\t<\/span><\/div>","aioseo_breadcrumb_json":[{"label":"Home","link":"https:\/\/www.ejercito.mil.uy"},{"label":"Destacados","link":"https:\/\/www.ejercito.mil.uy\/index.php\/category\/destacados\/"},{"label":"Noticias","link":"https:\/\/www.ejercito.mil.uy\/index.php\/category\/destacados\/noticias\/"},{"label":"Equitaci\u00f3n desde el norte","link":"https:\/\/www.ejercito.mil.uy\/index.php\/2021\/10\/10\/equitacion-desde-el-norte\/"}],"_links":{"self":[{"href":"https:\/\/www.ejercito.mil.uy\/index.php\/wp-json\/wp\/v2\/posts\/7050","targetHints":{"allow":["GET"]}}],"collection":[{"href":"https:\/\/www.ejercito.mil.uy\/index.php\/wp-json\/wp\/v2\/posts"}],"about":[{"href":"https:\/\/www.ejercito.mil.uy\/index.php\/wp-json\/wp\/v2\/types\/post"}],"author":[{"embeddable":true,"href":"https:\/\/www.ejercito.mil.uy\/index.php\/wp-json\/wp\/v2\/users\/4"}],"replies":[{"embeddable":true,"href":"https:\/\/www.ejercito.mil.uy\/index.php\/wp-json\/wp\/v2\/comments?post=7050"}],"version-history":[{"count":3,"href":"https:\/\/www.ejercito.mil.uy\/index.php\/wp-json\/wp\/v2\/posts\/7050\/revisions"}],"predecessor-version":[{"id":7100,"href":"https:\/\/www.ejercito.mil.uy\/index.php\/wp-json\/wp\/v2\/posts\/7050\/revisions\/7100"}],"wp:featuredmedia":[{"embeddable":true,"href":"https:\/\/www.ejercito.mil.uy\/index.php\/wp-json\/wp\/v2\/media\/7090"}],"wp:attachment":[{"href":"https:\/\/www.ejercito.mil.uy\/index.php\/wp-json\/wp\/v2\/media?parent=7050"}],"wp:term":[{"taxonomy":"category","embeddable":true,"href":"https:\/\/www.ejercito.mil.uy\/index.php\/wp-json\/wp\/v2\/categories?post=7050"},{"taxonomy":"post_tag","embeddable":true,"href":"https:\/\/www.ejercito.mil.uy\/index.php\/wp-json\/wp\/v2\/tags?post=7050"}],"curies":[{"name":"wp","href":"https:\/\/api.w.org\/{rel}","templated":true}]}}