{"id":7078,"date":"2021-10-14T09:30:00","date_gmt":"2021-10-14T12:30:00","guid":{"rendered":"https:\/\/www.ejercito.mil.uy\/?p=7078"},"modified":"2021-10-14T16:37:19","modified_gmt":"2021-10-14T19:37:19","slug":"mamografo-movil-al-servicio-de-la-comunidad","status":"publish","type":"post","link":"https:\/\/www.ejercito.mil.uy\/index.php\/2021\/10\/14\/mamografo-movil-al-servicio-de-la-comunidad\/","title":{"rendered":"Mam\u00f3grafo m\u00f3vil al servicio de la comunidad"},"content":{"rendered":"\n<p class=\"wp-block-paragraph\" style=\"font-size:14px\">14.10.2021 &#8211; Departamento de Montevideo<\/p>\n\n\n\n<div style=\"height:33px\" aria-hidden=\"true\" class=\"wp-block-spacer\"><\/div>\n\n\n\n<p class=\"wp-block-paragraph\">Ayer, efectivos del Regimiento \u201cMisiones\u201d de Caballer\u00eda Blindado N\u00ba 5 en apoyo al <a href=\"https:\/\/www.facebook.com\/MSPUruguay\/?__cft__[0]=AZV863q_bpWdEZzieJnvlNb5-LbURDyW5t14iAHqraimtl2OHsCuTPiQuY5Jsnv5Vps9RGxX5STUNjlIyQk7aXUeJa_IEDg9s52mul8ywKlQj58OB1V_qFdSUcKZBQOWwL5NH2bk0Qo-WTS-77KhbEq0pcndQTZmJG6xi30PKILH0SsTvmJw9jnQhTD7jClRmNo&amp;__tn__=kK-R\">Ministerio de Salud P\u00fablica- Uruguay<\/a>, cargaron y trasladaron un mam\u00f3grafo m\u00f3vil en un tractor semirremolque, desde Tacuaremb\u00f3 hasta la explanada del Palacio Legislativo, que ser\u00e1 utilizado hoy de 10 a 16 h para realizar mamograf\u00edas mediante agenda previa, durante la jornada de prevenci\u00f3n contra el C\u00e1ncer de Mama.<\/p>\n\n\n\n<div style=\"height:18px\" aria-hidden=\"true\" class=\"wp-block-spacer\"><\/div>\n\n\n\n<p class=\"wp-block-paragraph\"><img loading=\"lazy\" decoding=\"async\" height=\"16\" width=\"16\" alt=\"\u26a0\" src=\"https:\/\/static.xx.fbcdn.net\/images\/emoji.php\/v9\/t5d\/2\/16\/26a0.png\"> Podr\u00e1n agendar hora para el estudio, a trav\u00e9s del tel\u00e9fono <img loading=\"lazy\" decoding=\"async\" height=\"16\" width=\"16\" alt=\"\u260e\ufe0f\" src=\"https:\/\/static.xx.fbcdn.net\/images\/emoji.php\/v9\/ta3\/2\/16\/260e.png\"> 2924 17 83<\/p>\n\n\n\n<div style=\"height:50px\" aria-hidden=\"true\" class=\"wp-block-spacer\"><\/div>\n\n\n\n<figure class=\"wp-block-gallery alignwide columns-1 is-cropped wp-block-gallery-1 is-layout-flex wp-block-gallery-is-layout-flex\"><ul class=\"blocks-gallery-grid\"><li class=\"blocks-gallery-item\"><figure><img loading=\"lazy\" decoding=\"async\" width=\"1024\" height=\"683\" src=\"https:\/\/www.ejercito.mil.uy\/wp-content\/uploads\/2021\/10\/2021-10-14-Mamografo-1-1024x683.jpg\" alt=\"\" data-id=\"7079\" data-full-url=\"https:\/\/www.ejercito.mil.uy\/wp-content\/uploads\/2021\/10\/2021-10-14-Mamografo-1.jpg\" data-link=\"https:\/\/www.ejercito.mil.uy\/?attachment_id=7079\" class=\"wp-image-7079\" srcset=\"https:\/\/www.ejercito.mil.uy\/wp-content\/uploads\/2021\/10\/2021-10-14-Mamografo-1-1024x683.jpg 1024w, https:\/\/www.ejercito.mil.uy\/wp-content\/uploads\/2021\/10\/2021-10-14-Mamografo-1-300x200.jpg 300w, https:\/\/www.ejercito.mil.uy\/wp-content\/uploads\/2021\/10\/2021-10-14-Mamografo-1.jpg 1200w\" sizes=\"auto, (max-width: 1024px) 100vw, 1024px\" \/><\/figure><\/li><\/ul><\/figure>\n\n\n\n<div style=\"height:33px\" aria-hidden=\"true\" class=\"wp-block-spacer\"><\/div>\n","protected":false},"excerpt":{"rendered":"<p>14.10.2021 &#8211; Ayer, efectivos del Regimiento \u201cMisiones\u201d de Caballer\u00eda Blindado N\u00ba 5 en apoyo al Ministerio de Salud P\u00fablica- Uruguay, cargaron y trasladaron un mam\u00f3grafo m\u00f3vil en un tractor semirremolque, desde Tacuaremb\u00f3 hasta la explanada del Palacio Legislativo, que ser\u00e1 utilizado hoy de 10 a 16 h para realizar mamograf\u00edas mediante agenda previa, durante la jornada de prevenci\u00f3n contra el C\u00e1ncer de Mama.<\/p>\n","protected":false},"author":4,"featured_media":7082,"comment_status":"closed","ping_status":"open","sticky":false,"template":"","format":"standard","meta":{"_coblocks_attr":"","_coblocks_dimensions":"","_coblocks_responsive_height":"","_coblocks_accordion_ie_support":"","_monsterinsights_skip_tracking":false,"_uf_show_specific_survey":0,"_uf_disable_surveys":false,"footnotes":""},"categories":[2,14],"tags":[],"class_list":["post-7078","post","type-post","status-publish","format-standard","has-post-thumbnail","hentry","category-blog","category-noticias"],"aioseo_notices":[],"aioseo_head":"\n\t\t<!-- All in One SEO 5.0.1.1 - aioseo.com -->\n\t<meta name=\"description\" content=\"14.10.2021 - Ayer, efectivos del Regimiento \u201cMisiones\u201d de Caballer\u00eda Blindado N\u00ba 5 en apoyo al Ministerio de Salud P\u00fablica- Uruguay, cargaron y trasladaron un mam\u00f3grafo m\u00f3vil en un tractor semirremolque, desde Tacuaremb\u00f3 hasta la explanada del Palacio Legislativo, que ser\u00e1 utilizado hoy de 10 a 16 h para realizar mamograf\u00edas mediante agenda previa, durante la jornada de prevenci\u00f3n contra el C\u00e1ncer de Mama.\" \/>\n\t<meta name=\"robots\" content=\"max-image-preview:large\" \/>\n\t<meta name=\"author\" content=\"Alejandro Castro\"\/>\n\t<link rel=\"canonical\" href=\"https:\/\/www.ejercito.mil.uy\/index.php\/2021\/10\/14\/mamografo-movil-al-servicio-de-la-comunidad\/\" \/>\n\t<meta name=\"generator\" content=\"All in One SEO (AIOSEO) 5.0.1.1\" \/>\n\t\t<meta property=\"og:locale\" content=\"es_ES\" \/>\n\t\t<meta property=\"og:site_name\" content=\"Ej\u00e9rcito Nacional - La Fuerza de todos\" \/>\n\t\t<meta property=\"og:type\" content=\"article\" \/>\n\t\t<meta property=\"og:title\" content=\"Mam\u00f3grafo m\u00f3vil al servicio de la comunidad - Ej\u00e9rcito Nacional\" \/>\n\t\t<meta property=\"og:description\" content=\"14.10.2021 - Ayer, efectivos del Regimiento \u201cMisiones\u201d de Caballer\u00eda Blindado N\u00ba 5 en apoyo al Ministerio de Salud P\u00fablica- Uruguay, cargaron y trasladaron un mam\u00f3grafo m\u00f3vil en un tractor semirremolque, desde Tacuaremb\u00f3 hasta la explanada del Palacio Legislativo, que ser\u00e1 utilizado hoy de 10 a 16 h para realizar mamograf\u00edas mediante agenda previa, durante la jornada de prevenci\u00f3n contra el C\u00e1ncer de Mama.\" \/>\n\t\t<meta property=\"og:url\" content=\"https:\/\/www.ejercito.mil.uy\/index.php\/2021\/10\/14\/mamografo-movil-al-servicio-de-la-comunidad\/\" \/>\n\t\t<meta property=\"og:image\" content=\"https:\/\/www.ejercito.mil.uy\/wp-content\/uploads\/2022\/01\/Escudo_EN_URUGUAY.png\" \/>\n\t\t<meta property=\"og:image:secure_url\" content=\"https:\/\/www.ejercito.mil.uy\/wp-content\/uploads\/2022\/01\/Escudo_EN_URUGUAY.png\" \/>\n\t\t<meta property=\"og:image:width\" content=\"134\" \/>\n\t\t<meta property=\"og:image:height\" content=\"119\" \/>\n\t\t<meta property=\"article:published_time\" content=\"2021-10-14T12:30:00+00:00\" \/>\n\t\t<meta property=\"article:modified_time\" content=\"2021-10-14T19:37:19+00:00\" \/>\n\t\t<meta name=\"twitter:card\" content=\"summary_large_image\" \/>\n\t\t<meta name=\"twitter:title\" content=\"Mam\u00f3grafo m\u00f3vil al servicio de la comunidad - Ej\u00e9rcito Nacional\" \/>\n\t\t<meta name=\"twitter:description\" content=\"14.10.2021 - Ayer, efectivos del Regimiento \u201cMisiones\u201d de Caballer\u00eda Blindado N\u00ba 5 en apoyo al Ministerio de Salud P\u00fablica- Uruguay, cargaron y trasladaron un mam\u00f3grafo m\u00f3vil en un tractor semirremolque, desde Tacuaremb\u00f3 hasta la explanada del Palacio Legislativo, que ser\u00e1 utilizado hoy de 10 a 16 h para realizar mamograf\u00edas mediante agenda previa, durante la jornada de prevenci\u00f3n contra el C\u00e1ncer de Mama.\" \/>\n\t\t<meta name=\"twitter:image\" content=\"https:\/\/www.ejercito.mil.uy\/wp-content\/uploads\/2022\/01\/Escudo_EN_URUGUAY.png\" \/>\n\t\t<script type=\"application\/ld+json\" class=\"aioseo-schema\">\n\t\t\t{\"@context\":\"https:\\\/\\\/schema.org\",\"@graph\":[{\"@type\":\"BlogPosting\",\"@id\":\"https:\\\/\\\/www.ejercito.mil.uy\\\/index.php\\\/2021\\\/10\\\/14\\\/mamografo-movil-al-servicio-de-la-comunidad\\\/#blogposting\",\"name\":\"Mam\\u00f3grafo m\\u00f3vil al servicio de la comunidad - Ej\\u00e9rcito Nacional\",\"headline\":\"Mam\\u00f3grafo m\\u00f3vil al servicio de la comunidad\",\"author\":{\"@id\":\"https:\\\/\\\/www.ejercito.mil.uy\\\/index.php\\\/author\\\/acastro\\\/#author\"},\"publisher\":{\"@id\":\"https:\\\/\\\/www.ejercito.mil.uy\\\/#organization\"},\"image\":{\"@type\":\"ImageObject\",\"url\":\"https:\\\/\\\/www.ejercito.mil.uy\\\/wp-content\\\/uploads\\\/2021\\\/10\\\/2021-10-14-Mamografo-2.jpg\",\"width\":1200,\"height\":800},\"datePublished\":\"2021-10-14T09:30:00-03:00\",\"dateModified\":\"2021-10-14T16:37:19-03:00\",\"inLanguage\":\"es-UY\",\"mainEntityOfPage\":{\"@id\":\"https:\\\/\\\/www.ejercito.mil.uy\\\/index.php\\\/2021\\\/10\\\/14\\\/mamografo-movil-al-servicio-de-la-comunidad\\\/#webpage\"},\"isPartOf\":{\"@id\":\"https:\\\/\\\/www.ejercito.mil.uy\\\/index.php\\\/2021\\\/10\\\/14\\\/mamografo-movil-al-servicio-de-la-comunidad\\\/#webpage\"},\"articleSection\":\"Blog, Noticias\"},{\"@type\":\"BreadcrumbList\",\"@id\":\"https:\\\/\\\/www.ejercito.mil.uy\\\/index.php\\\/2021\\\/10\\\/14\\\/mamografo-movil-al-servicio-de-la-comunidad\\\/#breadcrumblist\",\"itemListElement\":[{\"@type\":\"ListItem\",\"@id\":\"https:\\\/\\\/www.ejercito.mil.uy#listItem\",\"position\":1,\"name\":\"Home\",\"item\":\"https:\\\/\\\/www.ejercito.mil.uy\",\"nextItem\":{\"@type\":\"ListItem\",\"@id\":\"https:\\\/\\\/www.ejercito.mil.uy\\\/index.php\\\/category\\\/destacados\\\/#listItem\",\"name\":\"Destacados\"}},{\"@type\":\"ListItem\",\"@id\":\"https:\\\/\\\/www.ejercito.mil.uy\\\/index.php\\\/category\\\/destacados\\\/#listItem\",\"position\":2,\"name\":\"Destacados\",\"item\":\"https:\\\/\\\/www.ejercito.mil.uy\\\/index.php\\\/category\\\/destacados\\\/\",\"nextItem\":{\"@type\":\"ListItem\",\"@id\":\"https:\\\/\\\/www.ejercito.mil.uy\\\/index.php\\\/category\\\/destacados\\\/noticias\\\/#listItem\",\"name\":\"Noticias\"},\"previousItem\":{\"@type\":\"ListItem\",\"@id\":\"https:\\\/\\\/www.ejercito.mil.uy#listItem\",\"name\":\"Home\"}},{\"@type\":\"ListItem\",\"@id\":\"https:\\\/\\\/www.ejercito.mil.uy\\\/index.php\\\/category\\\/destacados\\\/noticias\\\/#listItem\",\"position\":3,\"name\":\"Noticias\",\"item\":\"https:\\\/\\\/www.ejercito.mil.uy\\\/index.php\\\/category\\\/destacados\\\/noticias\\\/\",\"nextItem\":{\"@type\":\"ListItem\",\"@id\":\"https:\\\/\\\/www.ejercito.mil.uy\\\/index.php\\\/2021\\\/10\\\/14\\\/mamografo-movil-al-servicio-de-la-comunidad\\\/#listItem\",\"name\":\"Mam\\u00f3grafo m\\u00f3vil al servicio de la comunidad\"},\"previousItem\":{\"@type\":\"ListItem\",\"@id\":\"https:\\\/\\\/www.ejercito.mil.uy\\\/index.php\\\/category\\\/destacados\\\/#listItem\",\"name\":\"Destacados\"}},{\"@type\":\"ListItem\",\"@id\":\"https:\\\/\\\/www.ejercito.mil.uy\\\/index.php\\\/2021\\\/10\\\/14\\\/mamografo-movil-al-servicio-de-la-comunidad\\\/#listItem\",\"position\":4,\"name\":\"Mam\\u00f3grafo m\\u00f3vil al servicio de la comunidad\",\"previousItem\":{\"@type\":\"ListItem\",\"@id\":\"https:\\\/\\\/www.ejercito.mil.uy\\\/index.php\\\/category\\\/destacados\\\/noticias\\\/#listItem\",\"name\":\"Noticias\"}}]},{\"@type\":\"Organization\",\"@id\":\"https:\\\/\\\/www.ejercito.mil.uy\\\/#organization\",\"name\":\"Ej\\u00e9rcito Nacional\",\"description\":\"La Fuerza de todos\",\"url\":\"https:\\\/\\\/www.ejercito.mil.uy\\\/\",\"logo\":{\"@type\":\"ImageObject\",\"url\":\"https:\\\/\\\/www.ejercito.mil.uy\\\/wp-content\\\/uploads\\\/2022\\\/01\\\/Escudo_EN_URUGUAY.png\",\"@id\":\"https:\\\/\\\/www.ejercito.mil.uy\\\/index.php\\\/2021\\\/10\\\/14\\\/mamografo-movil-al-servicio-de-la-comunidad\\\/#organizationLogo\",\"width\":134,\"height\":119},\"image\":{\"@id\":\"https:\\\/\\\/www.ejercito.mil.uy\\\/index.php\\\/2021\\\/10\\\/14\\\/mamografo-movil-al-servicio-de-la-comunidad\\\/#organizationLogo\"}},{\"@type\":\"Person\",\"@id\":\"https:\\\/\\\/www.ejercito.mil.uy\\\/index.php\\\/author\\\/acastro\\\/#author\",\"url\":\"https:\\\/\\\/www.ejercito.mil.uy\\\/index.php\\\/author\\\/acastro\\\/\",\"name\":\"Alejandro Castro\",\"image\":{\"@type\":\"ImageObject\",\"@id\":\"https:\\\/\\\/www.ejercito.mil.uy\\\/index.php\\\/2021\\\/10\\\/14\\\/mamografo-movil-al-servicio-de-la-comunidad\\\/#authorImage\",\"url\":\"https:\\\/\\\/secure.gravatar.com\\\/avatar\\\/89bb77d4bf696501dd94ca89e6794e1787eaffba7c7197528d249e15bd099f68?s=96&d=mm&r=g\",\"width\":96,\"height\":96,\"caption\":\"Alejandro Castro\"}},{\"@type\":\"WebPage\",\"@id\":\"https:\\\/\\\/www.ejercito.mil.uy\\\/index.php\\\/2021\\\/10\\\/14\\\/mamografo-movil-al-servicio-de-la-comunidad\\\/#webpage\",\"url\":\"https:\\\/\\\/www.ejercito.mil.uy\\\/index.php\\\/2021\\\/10\\\/14\\\/mamografo-movil-al-servicio-de-la-comunidad\\\/\",\"name\":\"Mam\\u00f3grafo m\\u00f3vil al servicio de la comunidad - Ej\\u00e9rcito Nacional\",\"description\":\"14.10.2021 - Ayer, efectivos del Regimiento \\u201cMisiones\\u201d de Caballer\\u00eda Blindado N\\u00ba 5 en apoyo al Ministerio de Salud P\\u00fablica- Uruguay, cargaron y trasladaron un mam\\u00f3grafo m\\u00f3vil en un tractor semirremolque, desde Tacuaremb\\u00f3 hasta la explanada del Palacio Legislativo, que ser\\u00e1 utilizado hoy de 10 a 16 h para realizar mamograf\\u00edas mediante agenda previa, durante la jornada de prevenci\\u00f3n contra el C\\u00e1ncer de Mama.\",\"inLanguage\":\"es-UY\",\"isPartOf\":{\"@id\":\"https:\\\/\\\/www.ejercito.mil.uy\\\/#website\"},\"breadcrumb\":{\"@id\":\"https:\\\/\\\/www.ejercito.mil.uy\\\/index.php\\\/2021\\\/10\\\/14\\\/mamografo-movil-al-servicio-de-la-comunidad\\\/#breadcrumblist\"},\"author\":{\"@id\":\"https:\\\/\\\/www.ejercito.mil.uy\\\/index.php\\\/author\\\/acastro\\\/#author\"},\"creator\":{\"@id\":\"https:\\\/\\\/www.ejercito.mil.uy\\\/index.php\\\/author\\\/acastro\\\/#author\"},\"image\":{\"@type\":\"ImageObject\",\"url\":\"https:\\\/\\\/www.ejercito.mil.uy\\\/wp-content\\\/uploads\\\/2021\\\/10\\\/2021-10-14-Mamografo-2.jpg\",\"@id\":\"https:\\\/\\\/www.ejercito.mil.uy\\\/index.php\\\/2021\\\/10\\\/14\\\/mamografo-movil-al-servicio-de-la-comunidad\\\/#mainImage\",\"width\":1200,\"height\":800},\"primaryImageOfPage\":{\"@id\":\"https:\\\/\\\/www.ejercito.mil.uy\\\/index.php\\\/2021\\\/10\\\/14\\\/mamografo-movil-al-servicio-de-la-comunidad\\\/#mainImage\"},\"datePublished\":\"2021-10-14T09:30:00-03:00\",\"dateModified\":\"2021-10-14T16:37:19-03:00\"},{\"@type\":\"WebSite\",\"@id\":\"https:\\\/\\\/www.ejercito.mil.uy\\\/#website\",\"url\":\"https:\\\/\\\/www.ejercito.mil.uy\\\/\",\"name\":\"Ej\\u00e9rcito Nacional\",\"description\":\"La Fuerza de todos\",\"inLanguage\":\"es-UY\",\"publisher\":{\"@id\":\"https:\\\/\\\/www.ejercito.mil.uy\\\/#organization\"}}]}\n\t\t<\/script>\n\t\t<!-- All in One SEO -->\n\n","aioseo_head_json":{"title":"Mam\u00f3grafo m\u00f3vil al servicio de la comunidad - Ej\u00e9rcito Nacional","description":"14.10.2021 - Ayer, efectivos del Regimiento \u201cMisiones\u201d de Caballer\u00eda Blindado N\u00ba 5 en apoyo al Ministerio de Salud P\u00fablica- Uruguay, cargaron y trasladaron un mam\u00f3grafo m\u00f3vil en un tractor semirremolque, desde Tacuaremb\u00f3 hasta la explanada del Palacio Legislativo, que ser\u00e1 utilizado hoy de 10 a 16 h para realizar mamograf\u00edas mediante agenda previa, durante la jornada de prevenci\u00f3n contra el C\u00e1ncer de Mama.","canonical_url":"https:\/\/www.ejercito.mil.uy\/index.php\/2021\/10\/14\/mamografo-movil-al-servicio-de-la-comunidad\/","robots":"max-image-preview:large","keywords":"","webmasterTools":{"miscellaneous":""},"schema":{"@context":"https:\/\/schema.org","@graph":[{"@type":"BlogPosting","@id":"https:\/\/www.ejercito.mil.uy\/index.php\/2021\/10\/14\/mamografo-movil-al-servicio-de-la-comunidad\/#blogposting","name":"Mam\u00f3grafo m\u00f3vil al servicio de la comunidad - Ej\u00e9rcito Nacional","headline":"Mam\u00f3grafo m\u00f3vil al servicio de la comunidad","author":{"@id":"https:\/\/www.ejercito.mil.uy\/index.php\/author\/acastro\/#author"},"publisher":{"@id":"https:\/\/www.ejercito.mil.uy\/#organization"},"image":{"@type":"ImageObject","url":"https:\/\/www.ejercito.mil.uy\/wp-content\/uploads\/2021\/10\/2021-10-14-Mamografo-2.jpg","width":1200,"height":800},"datePublished":"2021-10-14T09:30:00-03:00","dateModified":"2021-10-14T16:37:19-03:00","inLanguage":"es-UY","mainEntityOfPage":{"@id":"https:\/\/www.ejercito.mil.uy\/index.php\/2021\/10\/14\/mamografo-movil-al-servicio-de-la-comunidad\/#webpage"},"isPartOf":{"@id":"https:\/\/www.ejercito.mil.uy\/index.php\/2021\/10\/14\/mamografo-movil-al-servicio-de-la-comunidad\/#webpage"},"articleSection":"Blog, Noticias"},{"@type":"BreadcrumbList","@id":"https:\/\/www.ejercito.mil.uy\/index.php\/2021\/10\/14\/mamografo-movil-al-servicio-de-la-comunidad\/#breadcrumblist","itemListElement":[{"@type":"ListItem","@id":"https:\/\/www.ejercito.mil.uy#listItem","position":1,"name":"Home","item":"https:\/\/www.ejercito.mil.uy","nextItem":{"@type":"ListItem","@id":"https:\/\/www.ejercito.mil.uy\/index.php\/category\/destacados\/#listItem","name":"Destacados"}},{"@type":"ListItem","@id":"https:\/\/www.ejercito.mil.uy\/index.php\/category\/destacados\/#listItem","position":2,"name":"Destacados","item":"https:\/\/www.ejercito.mil.uy\/index.php\/category\/destacados\/","nextItem":{"@type":"ListItem","@id":"https:\/\/www.ejercito.mil.uy\/index.php\/category\/destacados\/noticias\/#listItem","name":"Noticias"},"previousItem":{"@type":"ListItem","@id":"https:\/\/www.ejercito.mil.uy#listItem","name":"Home"}},{"@type":"ListItem","@id":"https:\/\/www.ejercito.mil.uy\/index.php\/category\/destacados\/noticias\/#listItem","position":3,"name":"Noticias","item":"https:\/\/www.ejercito.mil.uy\/index.php\/category\/destacados\/noticias\/","nextItem":{"@type":"ListItem","@id":"https:\/\/www.ejercito.mil.uy\/index.php\/2021\/10\/14\/mamografo-movil-al-servicio-de-la-comunidad\/#listItem","name":"Mam\u00f3grafo m\u00f3vil al servicio de la comunidad"},"previousItem":{"@type":"ListItem","@id":"https:\/\/www.ejercito.mil.uy\/index.php\/category\/destacados\/#listItem","name":"Destacados"}},{"@type":"ListItem","@id":"https:\/\/www.ejercito.mil.uy\/index.php\/2021\/10\/14\/mamografo-movil-al-servicio-de-la-comunidad\/#listItem","position":4,"name":"Mam\u00f3grafo m\u00f3vil al servicio de la comunidad","previousItem":{"@type":"ListItem","@id":"https:\/\/www.ejercito.mil.uy\/index.php\/category\/destacados\/noticias\/#listItem","name":"Noticias"}}]},{"@type":"Organization","@id":"https:\/\/www.ejercito.mil.uy\/#organization","name":"Ej\u00e9rcito Nacional","description":"La Fuerza de todos","url":"https:\/\/www.ejercito.mil.uy\/","logo":{"@type":"ImageObject","url":"https:\/\/www.ejercito.mil.uy\/wp-content\/uploads\/2022\/01\/Escudo_EN_URUGUAY.png","@id":"https:\/\/www.ejercito.mil.uy\/index.php\/2021\/10\/14\/mamografo-movil-al-servicio-de-la-comunidad\/#organizationLogo","width":134,"height":119},"image":{"@id":"https:\/\/www.ejercito.mil.uy\/index.php\/2021\/10\/14\/mamografo-movil-al-servicio-de-la-comunidad\/#organizationLogo"}},{"@type":"Person","@id":"https:\/\/www.ejercito.mil.uy\/index.php\/author\/acastro\/#author","url":"https:\/\/www.ejercito.mil.uy\/index.php\/author\/acastro\/","name":"Alejandro Castro","image":{"@type":"ImageObject","@id":"https:\/\/www.ejercito.mil.uy\/index.php\/2021\/10\/14\/mamografo-movil-al-servicio-de-la-comunidad\/#authorImage","url":"https:\/\/secure.gravatar.com\/avatar\/89bb77d4bf696501dd94ca89e6794e1787eaffba7c7197528d249e15bd099f68?s=96&d=mm&r=g","width":96,"height":96,"caption":"Alejandro Castro"}},{"@type":"WebPage","@id":"https:\/\/www.ejercito.mil.uy\/index.php\/2021\/10\/14\/mamografo-movil-al-servicio-de-la-comunidad\/#webpage","url":"https:\/\/www.ejercito.mil.uy\/index.php\/2021\/10\/14\/mamografo-movil-al-servicio-de-la-comunidad\/","name":"Mam\u00f3grafo m\u00f3vil al servicio de la comunidad - Ej\u00e9rcito Nacional","description":"14.10.2021 - Ayer, efectivos del Regimiento \u201cMisiones\u201d de Caballer\u00eda Blindado N\u00ba 5 en apoyo al Ministerio de Salud P\u00fablica- Uruguay, cargaron y trasladaron un mam\u00f3grafo m\u00f3vil en un tractor semirremolque, desde Tacuaremb\u00f3 hasta la explanada del Palacio Legislativo, que ser\u00e1 utilizado hoy de 10 a 16 h para realizar mamograf\u00edas mediante agenda previa, durante la jornada de prevenci\u00f3n contra el C\u00e1ncer de Mama.","inLanguage":"es-UY","isPartOf":{"@id":"https:\/\/www.ejercito.mil.uy\/#website"},"breadcrumb":{"@id":"https:\/\/www.ejercito.mil.uy\/index.php\/2021\/10\/14\/mamografo-movil-al-servicio-de-la-comunidad\/#breadcrumblist"},"author":{"@id":"https:\/\/www.ejercito.mil.uy\/index.php\/author\/acastro\/#author"},"creator":{"@id":"https:\/\/www.ejercito.mil.uy\/index.php\/author\/acastro\/#author"},"image":{"@type":"ImageObject","url":"https:\/\/www.ejercito.mil.uy\/wp-content\/uploads\/2021\/10\/2021-10-14-Mamografo-2.jpg","@id":"https:\/\/www.ejercito.mil.uy\/index.php\/2021\/10\/14\/mamografo-movil-al-servicio-de-la-comunidad\/#mainImage","width":1200,"height":800},"primaryImageOfPage":{"@id":"https:\/\/www.ejercito.mil.uy\/index.php\/2021\/10\/14\/mamografo-movil-al-servicio-de-la-comunidad\/#mainImage"},"datePublished":"2021-10-14T09:30:00-03:00","dateModified":"2021-10-14T16:37:19-03:00"},{"@type":"WebSite","@id":"https:\/\/www.ejercito.mil.uy\/#website","url":"https:\/\/www.ejercito.mil.uy\/","name":"Ej\u00e9rcito Nacional","description":"La Fuerza de todos","inLanguage":"es-UY","publisher":{"@id":"https:\/\/www.ejercito.mil.uy\/#organization"}}]},"og:locale":"es_ES","og:site_name":"Ej\u00e9rcito Nacional - La Fuerza de todos","og:type":"article","og:title":"Mam\u00f3grafo m\u00f3vil al servicio de la comunidad - Ej\u00e9rcito Nacional","og:description":"14.10.2021 - Ayer, efectivos del Regimiento \u201cMisiones\u201d de Caballer\u00eda Blindado N\u00ba 5 en apoyo al Ministerio de Salud P\u00fablica- Uruguay, cargaron y trasladaron un mam\u00f3grafo m\u00f3vil en un tractor semirremolque, desde Tacuaremb\u00f3 hasta la explanada del Palacio Legislativo, que ser\u00e1 utilizado hoy de 10 a 16 h para realizar mamograf\u00edas mediante agenda previa, durante la jornada de prevenci\u00f3n contra el C\u00e1ncer de Mama.","og:url":"https:\/\/www.ejercito.mil.uy\/index.php\/2021\/10\/14\/mamografo-movil-al-servicio-de-la-comunidad\/","og:image":"https:\/\/www.ejercito.mil.uy\/wp-content\/uploads\/2022\/01\/Escudo_EN_URUGUAY.png","og:image:secure_url":"https:\/\/www.ejercito.mil.uy\/wp-content\/uploads\/2022\/01\/Escudo_EN_URUGUAY.png","og:image:width":134,"og:image:height":119,"article:published_time":"2021-10-14T12:30:00+00:00","article:modified_time":"2021-10-14T19:37:19+00:00","twitter:card":"summary_large_image","twitter:title":"Mam\u00f3grafo m\u00f3vil al servicio de la comunidad - Ej\u00e9rcito Nacional","twitter:description":"14.10.2021 - Ayer, efectivos del Regimiento \u201cMisiones\u201d de Caballer\u00eda Blindado N\u00ba 5 en apoyo al Ministerio de Salud P\u00fablica- Uruguay, cargaron y trasladaron un mam\u00f3grafo m\u00f3vil en un tractor semirremolque, desde Tacuaremb\u00f3 hasta la explanada del Palacio Legislativo, que ser\u00e1 utilizado hoy de 10 a 16 h para realizar mamograf\u00edas mediante agenda previa, durante la jornada de prevenci\u00f3n contra el C\u00e1ncer de Mama.","twitter:image":"https:\/\/www.ejercito.mil.uy\/wp-content\/uploads\/2022\/01\/Escudo_EN_URUGUAY.png"},"aioseo_meta_data":{"post_id":"7078","title":null,"description":null,"keywords":null,"keyphrases":null,"primary_term":null,"canonical_url":null,"og_title":null,"og_description":null,"og_object_type":"default","og_image_type":"default","og_image_url":null,"og_image_width":null,"og_image_height":null,"og_image_custom_url":null,"og_image_custom_fields":null,"og_video":null,"og_custom_url":null,"og_article_section":null,"og_article_tags":null,"twitter_use_og":false,"twitter_card":"default","twitter_image_type":"default","twitter_image_url":null,"twitter_image_custom_url":null,"twitter_image_custom_fields":null,"twitter_title":null,"twitter_description":null,"schema":{"blockGraphs":[],"customGraphs":[],"default":{"data":{"Article":[],"Course":[],"Dataset":[],"FAQPage":[],"Movie":[],"Person":[],"Product":[],"ProductReview":[],"Car":[],"Recipe":[],"Service":[],"SoftwareApplication":[],"WebPage":[]},"graphName":"","isEnabled":true},"graphs":[]},"schema_type":"default","schema_type_options":null,"pillar_content":false,"robots_default":true,"robots_noindex":false,"robots_noarchive":false,"robots_nosnippet":false,"robots_nofollow":false,"robots_noimageindex":false,"robots_noodp":false,"robots_notranslate":false,"robots_max_snippet":null,"robots_max_videopreview":null,"robots_max_imagepreview":"large","priority":null,"frequency":null,"local_seo":null,"breadcrumb_settings":null,"limit_modified_date":false,"ai":null,"created":"2025-08-30 02:20:27","updated":"2025-08-30 02:20:27","seo_analyzer_scan_date":null,"focus_keyword":null,"additional_keywords":null,"truseo_locale":null},"aioseo_breadcrumb":"<div class=\"aioseo-breadcrumbs\"><span class=\"aioseo-breadcrumb\">\n\t\t\t<a href=\"https:\/\/www.ejercito.mil.uy\" title=\"Home\">Home<\/a>\n\t\t<\/span><span class=\"aioseo-breadcrumb-separator\">&raquo;<\/span><span class=\"aioseo-breadcrumb\">\n\t\t\t<a href=\"https:\/\/www.ejercito.mil.uy\/index.php\/category\/destacados\/\" title=\"Destacados\">Destacados<\/a>\n\t\t<\/span><span class=\"aioseo-breadcrumb-separator\">&raquo;<\/span><span class=\"aioseo-breadcrumb\">\n\t\t\t<a href=\"https:\/\/www.ejercito.mil.uy\/index.php\/category\/destacados\/noticias\/\" title=\"Noticias\">Noticias<\/a>\n\t\t<\/span><span class=\"aioseo-breadcrumb-separator\">&raquo;<\/span><span class=\"aioseo-breadcrumb\">\n\t\t\tMam\u00f3grafo m\u00f3vil al servicio de la comunidad\n\t\t<\/span><\/div>","aioseo_breadcrumb_json":[{"label":"Home","link":"https:\/\/www.ejercito.mil.uy"},{"label":"Destacados","link":"https:\/\/www.ejercito.mil.uy\/index.php\/category\/destacados\/"},{"label":"Noticias","link":"https:\/\/www.ejercito.mil.uy\/index.php\/category\/destacados\/noticias\/"},{"label":"Mam\u00f3grafo m\u00f3vil al servicio de la comunidad","link":"https:\/\/www.ejercito.mil.uy\/index.php\/2021\/10\/14\/mamografo-movil-al-servicio-de-la-comunidad\/"}],"_links":{"self":[{"href":"https:\/\/www.ejercito.mil.uy\/index.php\/wp-json\/wp\/v2\/posts\/7078","targetHints":{"allow":["GET"]}}],"collection":[{"href":"https:\/\/www.ejercito.mil.uy\/index.php\/wp-json\/wp\/v2\/posts"}],"about":[{"href":"https:\/\/www.ejercito.mil.uy\/index.php\/wp-json\/wp\/v2\/types\/post"}],"author":[{"embeddable":true,"href":"https:\/\/www.ejercito.mil.uy\/index.php\/wp-json\/wp\/v2\/users\/4"}],"replies":[{"embeddable":true,"href":"https:\/\/www.ejercito.mil.uy\/index.php\/wp-json\/wp\/v2\/comments?post=7078"}],"version-history":[{"count":2,"href":"https:\/\/www.ejercito.mil.uy\/index.php\/wp-json\/wp\/v2\/posts\/7078\/revisions"}],"predecessor-version":[{"id":7084,"href":"https:\/\/www.ejercito.mil.uy\/index.php\/wp-json\/wp\/v2\/posts\/7078\/revisions\/7084"}],"wp:featuredmedia":[{"embeddable":true,"href":"https:\/\/www.ejercito.mil.uy\/index.php\/wp-json\/wp\/v2\/media\/7082"}],"wp:attachment":[{"href":"https:\/\/www.ejercito.mil.uy\/index.php\/wp-json\/wp\/v2\/media?parent=7078"}],"wp:term":[{"taxonomy":"category","embeddable":true,"href":"https:\/\/www.ejercito.mil.uy\/index.php\/wp-json\/wp\/v2\/categories?post=7078"},{"taxonomy":"post_tag","embeddable":true,"href":"https:\/\/www.ejercito.mil.uy\/index.php\/wp-json\/wp\/v2\/tags?post=7078"}],"curies":[{"name":"wp","href":"https:\/\/api.w.org\/{rel}","templated":true}]}}