{"id":7320,"date":"2021-10-20T13:13:19","date_gmt":"2021-10-20T16:13:19","guid":{"rendered":"https:\/\/www.ejercito.mil.uy\/?p=7320"},"modified":"2021-10-20T14:35:14","modified_gmt":"2021-10-20T17:35:14","slug":"nuevo-vacunatorio","status":"publish","type":"post","link":"https:\/\/www.ejercito.mil.uy\/index.php\/2021\/10\/20\/nuevo-vacunatorio\/","title":{"rendered":"Primer vacunatorio del Ej\u00e9rcito Nacional"},"content":{"rendered":"\n<p style=\"font-size:14px\">20.10.2021 &#8211; Montevideo<\/p>\n\n\n\n<div style=\"height:24px\" aria-hidden=\"true\" class=\"wp-block-spacer\"><\/div>\n\n\n\n<p>El <strong>Servicio Sanitario del Ej\u00e9rcito<\/strong> inaugur\u00f3 su vacunatorio, en el cual se podr\u00e1 inmunizar a todo el personal militar (en actividad o retiro) y familiares del \u00e1rea metropolitana, que necesiten completar el esquema de vacunaci\u00f3n, sin agenda previa.<\/p>\n\n\n\n<div style=\"height:33px\" aria-hidden=\"true\" class=\"wp-block-spacer\"><\/div>\n\n\n\n<p>El vacunatorio est\u00e1 ubicado dentro del Servicio (Av. de las Instrucciones 1933), atenci\u00f3n de lunes a viernes de 08:00 a 12:00 h.<\/p>\n\n\n\n<div style=\"height:33px\" aria-hidden=\"true\" class=\"wp-block-spacer\"><\/div>\n\n\n\n<p class=\"has-white-color has-vivid-red-background-color has-text-color has-background has-medium-font-size\"><strong>Por consultas puede comunicarse al 2357 1950 o a trav\u00e9s del correo electr\u00f3nico sse@ejercito.mil.uy<\/strong><\/p>\n\n\n\n<div style=\"height:33px\" aria-hidden=\"true\" class=\"wp-block-spacer\"><\/div>\n","protected":false},"excerpt":{"rendered":"<p>20.10.2021 &#8211; El Servicio Sanitario del Ej\u00e9rcito inaugur\u00f3 su vacunatorio, en el cual se podr\u00e1 inmunizar a todo el personal militar (en actividad o retiro) y familiares del \u00e1rea metropolitana, que necesiten completar el esquema de vacunaci\u00f3n, sin agenda previa.<\/p>\n","protected":false},"author":4,"featured_media":7322,"comment_status":"closed","ping_status":"open","sticky":false,"template":"","format":"standard","meta":{"_coblocks_attr":"","_coblocks_dimensions":"","_coblocks_responsive_height":"","_coblocks_accordion_ie_support":"","_monsterinsights_skip_tracking":false,"_monsterinsights_sitenote_active":false,"_monsterinsights_sitenote_note":"","_monsterinsights_sitenote_category":0,"_uf_show_specific_survey":0,"_uf_disable_surveys":false,"footnotes":""},"categories":[2,14],"tags":[27,32,29,25,37,23],"class_list":["post-7320","post","type-post","status-publish","format-standard","has-post-thumbnail","hentry","category-blog","category-noticias","tag-apoyo","tag-bienestar","tag-comunidad","tag-covid","tag-sociedad","tag-vacunacion"],"aioseo_notices":[],"_links":{"self":[{"href":"https:\/\/www.ejercito.mil.uy\/index.php\/wp-json\/wp\/v2\/posts\/7320","targetHints":{"allow":["GET"]}}],"collection":[{"href":"https:\/\/www.ejercito.mil.uy\/index.php\/wp-json\/wp\/v2\/posts"}],"about":[{"href":"https:\/\/www.ejercito.mil.uy\/index.php\/wp-json\/wp\/v2\/types\/post"}],"author":[{"embeddable":true,"href":"https:\/\/www.ejercito.mil.uy\/index.php\/wp-json\/wp\/v2\/users\/4"}],"replies":[{"embeddable":true,"href":"https:\/\/www.ejercito.mil.uy\/index.php\/wp-json\/wp\/v2\/comments?post=7320"}],"version-history":[{"count":4,"href":"https:\/\/www.ejercito.mil.uy\/index.php\/wp-json\/wp\/v2\/posts\/7320\/revisions"}],"predecessor-version":[{"id":7330,"href":"https:\/\/www.ejercito.mil.uy\/index.php\/wp-json\/wp\/v2\/posts\/7320\/revisions\/7330"}],"wp:featuredmedia":[{"embeddable":true,"href":"https:\/\/www.ejercito.mil.uy\/index.php\/wp-json\/wp\/v2\/media\/7322"}],"wp:attachment":[{"href":"https:\/\/www.ejercito.mil.uy\/index.php\/wp-json\/wp\/v2\/media?parent=7320"}],"wp:term":[{"taxonomy":"category","embeddable":true,"href":"https:\/\/www.ejercito.mil.uy\/index.php\/wp-json\/wp\/v2\/categories?post=7320"},{"taxonomy":"post_tag","embeddable":true,"href":"https:\/\/www.ejercito.mil.uy\/index.php\/wp-json\/wp\/v2\/tags?post=7320"}],"curies":[{"name":"wp","href":"https:\/\/api.w.org\/{rel}","templated":true}]}}