{"id":7421,"date":"2021-10-23T11:56:18","date_gmt":"2021-10-23T14:56:18","guid":{"rendered":"https:\/\/www.ejercito.mil.uy\/?p=7421"},"modified":"2021-10-27T08:53:01","modified_gmt":"2021-10-27T11:53:01","slug":"dia-del-escalafon-de-apoyo-de-servicios-y-combate","status":"publish","type":"post","link":"https:\/\/www.ejercito.mil.uy\/index.php\/2021\/10\/23\/dia-del-escalafon-de-apoyo-de-servicios-y-combate\/","title":{"rendered":"D\u00eda del Escalaf\u00f3n de Apoyo de Servicios y Combate"},"content":{"rendered":"\n<p class=\"wp-block-paragraph\">23.10.2021 &#8211;  \u00a1El Ej\u00e9rcito Nacional saluda a los integrantes del Escalaf\u00f3n de Apoyo de Servicios y Combate en su d\u00eda! <\/p>\n\n\n\n<div style=\"height:50px\" aria-hidden=\"true\" class=\"wp-block-spacer\"><\/div>\n\n\n\n<p class=\"wp-block-paragraph\">Este d\u00eda fue elegido como justo homenaje al comienzo del hito hist\u00f3rico ocurrido en 1811, conocido como \u201cEl \u00c9xodo del Pueblo Oriental\u201d, considerado la primera campa\u00f1a log\u00edstica de nuestra historia, donde compatriotas dejaron atr\u00e1s sus bienes materiales con sacrificio y esperanza de unirse a un ideal de libertad que ser\u00eda el que marcara el nacimiento de la naci\u00f3n Oriental.<\/p>\n","protected":false},"excerpt":{"rendered":"<p>23.10.2021 &#8211;  \u00a1El Ej\u00e9rcito Nacional saluda a los integrantes del Escalaf\u00f3n de Apoyo de Servicios y Combate en su d\u00eda! <\/p>\n","protected":false},"author":15,"featured_media":7422,"comment_status":"open","ping_status":"open","sticky":false,"template":"","format":"standard","meta":{"_coblocks_attr":"","_coblocks_dimensions":"","_coblocks_responsive_height":"","_coblocks_accordion_ie_support":"","_monsterinsights_skip_tracking":false,"_uf_show_specific_survey":0,"_uf_disable_surveys":false,"footnotes":""},"categories":[2,14],"tags":[],"class_list":["post-7421","post","type-post","status-publish","format-standard","has-post-thumbnail","hentry","category-blog","category-noticias"],"aioseo_notices":[],"aioseo_head":"\n\t\t<!-- All in One SEO 5.0.1.1 - aioseo.com -->\n\t<meta name=\"description\" content=\"23.10.2021 - \u00a1El Ej\u00e9rcito Nacional saluda a los integrantes del Escalaf\u00f3n de Apoyo de Servicios y Combate en su d\u00eda!\" \/>\n\t<meta name=\"robots\" content=\"max-image-preview:large\" \/>\n\t<meta name=\"author\" content=\"Tel\u00e9fono de Servicio\"\/>\n\t<link rel=\"canonical\" href=\"https:\/\/www.ejercito.mil.uy\/index.php\/2021\/10\/23\/dia-del-escalafon-de-apoyo-de-servicios-y-combate\/\" \/>\n\t<meta name=\"generator\" content=\"All in One SEO (AIOSEO) 5.0.1.1\" \/>\n\t\t<meta property=\"og:locale\" content=\"es_ES\" \/>\n\t\t<meta property=\"og:site_name\" content=\"Ej\u00e9rcito Nacional - La Fuerza de todos\" \/>\n\t\t<meta property=\"og:type\" content=\"article\" \/>\n\t\t<meta property=\"og:title\" content=\"D\u00eda del Escalaf\u00f3n de Apoyo de Servicios y Combate - Ej\u00e9rcito Nacional\" \/>\n\t\t<meta property=\"og:description\" content=\"23.10.2021 - \u00a1El Ej\u00e9rcito Nacional saluda a los integrantes del Escalaf\u00f3n de Apoyo de Servicios y Combate en su d\u00eda!\" \/>\n\t\t<meta property=\"og:url\" content=\"https:\/\/www.ejercito.mil.uy\/index.php\/2021\/10\/23\/dia-del-escalafon-de-apoyo-de-servicios-y-combate\/\" \/>\n\t\t<meta property=\"og:image\" content=\"https:\/\/www.ejercito.mil.uy\/wp-content\/uploads\/2022\/01\/Escudo_EN_URUGUAY.png\" \/>\n\t\t<meta property=\"og:image:secure_url\" content=\"https:\/\/www.ejercito.mil.uy\/wp-content\/uploads\/2022\/01\/Escudo_EN_URUGUAY.png\" \/>\n\t\t<meta property=\"og:image:width\" content=\"134\" \/>\n\t\t<meta property=\"og:image:height\" content=\"119\" \/>\n\t\t<meta property=\"article:published_time\" content=\"2021-10-23T14:56:18+00:00\" \/>\n\t\t<meta property=\"article:modified_time\" content=\"2021-10-27T11:53:01+00:00\" \/>\n\t\t<meta name=\"twitter:card\" content=\"summary_large_image\" \/>\n\t\t<meta name=\"twitter:title\" content=\"D\u00eda del Escalaf\u00f3n de Apoyo de Servicios y Combate - Ej\u00e9rcito Nacional\" \/>\n\t\t<meta name=\"twitter:description\" content=\"23.10.2021 - \u00a1El Ej\u00e9rcito Nacional saluda a los integrantes del Escalaf\u00f3n de Apoyo de Servicios y Combate en su d\u00eda!\" \/>\n\t\t<meta name=\"twitter:image\" content=\"https:\/\/www.ejercito.mil.uy\/wp-content\/uploads\/2022\/01\/Escudo_EN_URUGUAY.png\" \/>\n\t\t<script type=\"application\/ld+json\" class=\"aioseo-schema\">\n\t\t\t{\"@context\":\"https:\\\/\\\/schema.org\",\"@graph\":[{\"@type\":\"BlogPosting\",\"@id\":\"https:\\\/\\\/www.ejercito.mil.uy\\\/index.php\\\/2021\\\/10\\\/23\\\/dia-del-escalafon-de-apoyo-de-servicios-y-combate\\\/#blogposting\",\"name\":\"D\\u00eda del Escalaf\\u00f3n de Apoyo de Servicios y Combate - Ej\\u00e9rcito Nacional\",\"headline\":\"D\\u00eda del Escalaf\\u00f3n de Apoyo de Servicios y Combate\",\"author\":{\"@id\":\"https:\\\/\\\/www.ejercito.mil.uy\\\/index.php\\\/author\\\/cominstitucional\\\/#author\"},\"publisher\":{\"@id\":\"https:\\\/\\\/www.ejercito.mil.uy\\\/#organization\"},\"image\":{\"@type\":\"ImageObject\",\"url\":\"https:\\\/\\\/www.ejercito.mil.uy\\\/wp-content\\\/uploads\\\/2021\\\/10\\\/APY.jpg\",\"width\":1198,\"height\":800},\"datePublished\":\"2021-10-23T11:56:18-03:00\",\"dateModified\":\"2021-10-27T08:53:01-03:00\",\"inLanguage\":\"es-UY\",\"mainEntityOfPage\":{\"@id\":\"https:\\\/\\\/www.ejercito.mil.uy\\\/index.php\\\/2021\\\/10\\\/23\\\/dia-del-escalafon-de-apoyo-de-servicios-y-combate\\\/#webpage\"},\"isPartOf\":{\"@id\":\"https:\\\/\\\/www.ejercito.mil.uy\\\/index.php\\\/2021\\\/10\\\/23\\\/dia-del-escalafon-de-apoyo-de-servicios-y-combate\\\/#webpage\"},\"articleSection\":\"Blog, Noticias\"},{\"@type\":\"BreadcrumbList\",\"@id\":\"https:\\\/\\\/www.ejercito.mil.uy\\\/index.php\\\/2021\\\/10\\\/23\\\/dia-del-escalafon-de-apoyo-de-servicios-y-combate\\\/#breadcrumblist\",\"itemListElement\":[{\"@type\":\"ListItem\",\"@id\":\"https:\\\/\\\/www.ejercito.mil.uy#listItem\",\"position\":1,\"name\":\"Home\",\"item\":\"https:\\\/\\\/www.ejercito.mil.uy\",\"nextItem\":{\"@type\":\"ListItem\",\"@id\":\"https:\\\/\\\/www.ejercito.mil.uy\\\/index.php\\\/category\\\/destacados\\\/#listItem\",\"name\":\"Destacados\"}},{\"@type\":\"ListItem\",\"@id\":\"https:\\\/\\\/www.ejercito.mil.uy\\\/index.php\\\/category\\\/destacados\\\/#listItem\",\"position\":2,\"name\":\"Destacados\",\"item\":\"https:\\\/\\\/www.ejercito.mil.uy\\\/index.php\\\/category\\\/destacados\\\/\",\"nextItem\":{\"@type\":\"ListItem\",\"@id\":\"https:\\\/\\\/www.ejercito.mil.uy\\\/index.php\\\/category\\\/destacados\\\/noticias\\\/#listItem\",\"name\":\"Noticias\"},\"previousItem\":{\"@type\":\"ListItem\",\"@id\":\"https:\\\/\\\/www.ejercito.mil.uy#listItem\",\"name\":\"Home\"}},{\"@type\":\"ListItem\",\"@id\":\"https:\\\/\\\/www.ejercito.mil.uy\\\/index.php\\\/category\\\/destacados\\\/noticias\\\/#listItem\",\"position\":3,\"name\":\"Noticias\",\"item\":\"https:\\\/\\\/www.ejercito.mil.uy\\\/index.php\\\/category\\\/destacados\\\/noticias\\\/\",\"nextItem\":{\"@type\":\"ListItem\",\"@id\":\"https:\\\/\\\/www.ejercito.mil.uy\\\/index.php\\\/2021\\\/10\\\/23\\\/dia-del-escalafon-de-apoyo-de-servicios-y-combate\\\/#listItem\",\"name\":\"D\\u00eda del Escalaf\\u00f3n de Apoyo de Servicios y Combate\"},\"previousItem\":{\"@type\":\"ListItem\",\"@id\":\"https:\\\/\\\/www.ejercito.mil.uy\\\/index.php\\\/category\\\/destacados\\\/#listItem\",\"name\":\"Destacados\"}},{\"@type\":\"ListItem\",\"@id\":\"https:\\\/\\\/www.ejercito.mil.uy\\\/index.php\\\/2021\\\/10\\\/23\\\/dia-del-escalafon-de-apoyo-de-servicios-y-combate\\\/#listItem\",\"position\":4,\"name\":\"D\\u00eda del Escalaf\\u00f3n de Apoyo de Servicios y Combate\",\"previousItem\":{\"@type\":\"ListItem\",\"@id\":\"https:\\\/\\\/www.ejercito.mil.uy\\\/index.php\\\/category\\\/destacados\\\/noticias\\\/#listItem\",\"name\":\"Noticias\"}}]},{\"@type\":\"Organization\",\"@id\":\"https:\\\/\\\/www.ejercito.mil.uy\\\/#organization\",\"name\":\"Ej\\u00e9rcito Nacional\",\"description\":\"La Fuerza de todos\",\"url\":\"https:\\\/\\\/www.ejercito.mil.uy\\\/\",\"logo\":{\"@type\":\"ImageObject\",\"url\":\"https:\\\/\\\/www.ejercito.mil.uy\\\/wp-content\\\/uploads\\\/2022\\\/01\\\/Escudo_EN_URUGUAY.png\",\"@id\":\"https:\\\/\\\/www.ejercito.mil.uy\\\/index.php\\\/2021\\\/10\\\/23\\\/dia-del-escalafon-de-apoyo-de-servicios-y-combate\\\/#organizationLogo\",\"width\":134,\"height\":119},\"image\":{\"@id\":\"https:\\\/\\\/www.ejercito.mil.uy\\\/index.php\\\/2021\\\/10\\\/23\\\/dia-del-escalafon-de-apoyo-de-servicios-y-combate\\\/#organizationLogo\"}},{\"@type\":\"Person\",\"@id\":\"https:\\\/\\\/www.ejercito.mil.uy\\\/index.php\\\/author\\\/cominstitucional\\\/#author\",\"url\":\"https:\\\/\\\/www.ejercito.mil.uy\\\/index.php\\\/author\\\/cominstitucional\\\/\",\"name\":\"Tel\\u00e9fono de Servicio\",\"image\":{\"@type\":\"ImageObject\",\"@id\":\"https:\\\/\\\/www.ejercito.mil.uy\\\/index.php\\\/2021\\\/10\\\/23\\\/dia-del-escalafon-de-apoyo-de-servicios-y-combate\\\/#authorImage\",\"url\":\"https:\\\/\\\/secure.gravatar.com\\\/avatar\\\/634cc335793368ccef18974dca19ed6cda05733bc6a5358ec0bab1b2b28c2879?s=96&d=mm&r=g\",\"width\":96,\"height\":96,\"caption\":\"Tel\\u00e9fono de Servicio\"}},{\"@type\":\"WebPage\",\"@id\":\"https:\\\/\\\/www.ejercito.mil.uy\\\/index.php\\\/2021\\\/10\\\/23\\\/dia-del-escalafon-de-apoyo-de-servicios-y-combate\\\/#webpage\",\"url\":\"https:\\\/\\\/www.ejercito.mil.uy\\\/index.php\\\/2021\\\/10\\\/23\\\/dia-del-escalafon-de-apoyo-de-servicios-y-combate\\\/\",\"name\":\"D\\u00eda del Escalaf\\u00f3n de Apoyo de Servicios y Combate - Ej\\u00e9rcito Nacional\",\"description\":\"23.10.2021 - \\u00a1El Ej\\u00e9rcito Nacional saluda a los integrantes del Escalaf\\u00f3n de Apoyo de Servicios y Combate en su d\\u00eda!\",\"inLanguage\":\"es-UY\",\"isPartOf\":{\"@id\":\"https:\\\/\\\/www.ejercito.mil.uy\\\/#website\"},\"breadcrumb\":{\"@id\":\"https:\\\/\\\/www.ejercito.mil.uy\\\/index.php\\\/2021\\\/10\\\/23\\\/dia-del-escalafon-de-apoyo-de-servicios-y-combate\\\/#breadcrumblist\"},\"author\":{\"@id\":\"https:\\\/\\\/www.ejercito.mil.uy\\\/index.php\\\/author\\\/cominstitucional\\\/#author\"},\"creator\":{\"@id\":\"https:\\\/\\\/www.ejercito.mil.uy\\\/index.php\\\/author\\\/cominstitucional\\\/#author\"},\"image\":{\"@type\":\"ImageObject\",\"url\":\"https:\\\/\\\/www.ejercito.mil.uy\\\/wp-content\\\/uploads\\\/2021\\\/10\\\/APY.jpg\",\"@id\":\"https:\\\/\\\/www.ejercito.mil.uy\\\/index.php\\\/2021\\\/10\\\/23\\\/dia-del-escalafon-de-apoyo-de-servicios-y-combate\\\/#mainImage\",\"width\":1198,\"height\":800},\"primaryImageOfPage\":{\"@id\":\"https:\\\/\\\/www.ejercito.mil.uy\\\/index.php\\\/2021\\\/10\\\/23\\\/dia-del-escalafon-de-apoyo-de-servicios-y-combate\\\/#mainImage\"},\"datePublished\":\"2021-10-23T11:56:18-03:00\",\"dateModified\":\"2021-10-27T08:53:01-03:00\"},{\"@type\":\"WebSite\",\"@id\":\"https:\\\/\\\/www.ejercito.mil.uy\\\/#website\",\"url\":\"https:\\\/\\\/www.ejercito.mil.uy\\\/\",\"name\":\"Ej\\u00e9rcito Nacional\",\"description\":\"La Fuerza de todos\",\"inLanguage\":\"es-UY\",\"publisher\":{\"@id\":\"https:\\\/\\\/www.ejercito.mil.uy\\\/#organization\"}}]}\n\t\t<\/script>\n\t\t<!-- All in One SEO -->\n\n","aioseo_head_json":{"title":"D\u00eda del Escalaf\u00f3n de Apoyo de Servicios y Combate - Ej\u00e9rcito Nacional","description":"23.10.2021 - \u00a1El Ej\u00e9rcito Nacional saluda a los integrantes del Escalaf\u00f3n de Apoyo de Servicios y Combate en su d\u00eda!","canonical_url":"https:\/\/www.ejercito.mil.uy\/index.php\/2021\/10\/23\/dia-del-escalafon-de-apoyo-de-servicios-y-combate\/","robots":"max-image-preview:large","keywords":"","webmasterTools":{"miscellaneous":""},"schema":{"@context":"https:\/\/schema.org","@graph":[{"@type":"BlogPosting","@id":"https:\/\/www.ejercito.mil.uy\/index.php\/2021\/10\/23\/dia-del-escalafon-de-apoyo-de-servicios-y-combate\/#blogposting","name":"D\u00eda del Escalaf\u00f3n de Apoyo de Servicios y Combate - Ej\u00e9rcito Nacional","headline":"D\u00eda del Escalaf\u00f3n de Apoyo de Servicios y Combate","author":{"@id":"https:\/\/www.ejercito.mil.uy\/index.php\/author\/cominstitucional\/#author"},"publisher":{"@id":"https:\/\/www.ejercito.mil.uy\/#organization"},"image":{"@type":"ImageObject","url":"https:\/\/www.ejercito.mil.uy\/wp-content\/uploads\/2021\/10\/APY.jpg","width":1198,"height":800},"datePublished":"2021-10-23T11:56:18-03:00","dateModified":"2021-10-27T08:53:01-03:00","inLanguage":"es-UY","mainEntityOfPage":{"@id":"https:\/\/www.ejercito.mil.uy\/index.php\/2021\/10\/23\/dia-del-escalafon-de-apoyo-de-servicios-y-combate\/#webpage"},"isPartOf":{"@id":"https:\/\/www.ejercito.mil.uy\/index.php\/2021\/10\/23\/dia-del-escalafon-de-apoyo-de-servicios-y-combate\/#webpage"},"articleSection":"Blog, Noticias"},{"@type":"BreadcrumbList","@id":"https:\/\/www.ejercito.mil.uy\/index.php\/2021\/10\/23\/dia-del-escalafon-de-apoyo-de-servicios-y-combate\/#breadcrumblist","itemListElement":[{"@type":"ListItem","@id":"https:\/\/www.ejercito.mil.uy#listItem","position":1,"name":"Home","item":"https:\/\/www.ejercito.mil.uy","nextItem":{"@type":"ListItem","@id":"https:\/\/www.ejercito.mil.uy\/index.php\/category\/destacados\/#listItem","name":"Destacados"}},{"@type":"ListItem","@id":"https:\/\/www.ejercito.mil.uy\/index.php\/category\/destacados\/#listItem","position":2,"name":"Destacados","item":"https:\/\/www.ejercito.mil.uy\/index.php\/category\/destacados\/","nextItem":{"@type":"ListItem","@id":"https:\/\/www.ejercito.mil.uy\/index.php\/category\/destacados\/noticias\/#listItem","name":"Noticias"},"previousItem":{"@type":"ListItem","@id":"https:\/\/www.ejercito.mil.uy#listItem","name":"Home"}},{"@type":"ListItem","@id":"https:\/\/www.ejercito.mil.uy\/index.php\/category\/destacados\/noticias\/#listItem","position":3,"name":"Noticias","item":"https:\/\/www.ejercito.mil.uy\/index.php\/category\/destacados\/noticias\/","nextItem":{"@type":"ListItem","@id":"https:\/\/www.ejercito.mil.uy\/index.php\/2021\/10\/23\/dia-del-escalafon-de-apoyo-de-servicios-y-combate\/#listItem","name":"D\u00eda del Escalaf\u00f3n de Apoyo de Servicios y Combate"},"previousItem":{"@type":"ListItem","@id":"https:\/\/www.ejercito.mil.uy\/index.php\/category\/destacados\/#listItem","name":"Destacados"}},{"@type":"ListItem","@id":"https:\/\/www.ejercito.mil.uy\/index.php\/2021\/10\/23\/dia-del-escalafon-de-apoyo-de-servicios-y-combate\/#listItem","position":4,"name":"D\u00eda del Escalaf\u00f3n de Apoyo de Servicios y Combate","previousItem":{"@type":"ListItem","@id":"https:\/\/www.ejercito.mil.uy\/index.php\/category\/destacados\/noticias\/#listItem","name":"Noticias"}}]},{"@type":"Organization","@id":"https:\/\/www.ejercito.mil.uy\/#organization","name":"Ej\u00e9rcito Nacional","description":"La Fuerza de todos","url":"https:\/\/www.ejercito.mil.uy\/","logo":{"@type":"ImageObject","url":"https:\/\/www.ejercito.mil.uy\/wp-content\/uploads\/2022\/01\/Escudo_EN_URUGUAY.png","@id":"https:\/\/www.ejercito.mil.uy\/index.php\/2021\/10\/23\/dia-del-escalafon-de-apoyo-de-servicios-y-combate\/#organizationLogo","width":134,"height":119},"image":{"@id":"https:\/\/www.ejercito.mil.uy\/index.php\/2021\/10\/23\/dia-del-escalafon-de-apoyo-de-servicios-y-combate\/#organizationLogo"}},{"@type":"Person","@id":"https:\/\/www.ejercito.mil.uy\/index.php\/author\/cominstitucional\/#author","url":"https:\/\/www.ejercito.mil.uy\/index.php\/author\/cominstitucional\/","name":"Tel\u00e9fono de Servicio","image":{"@type":"ImageObject","@id":"https:\/\/www.ejercito.mil.uy\/index.php\/2021\/10\/23\/dia-del-escalafon-de-apoyo-de-servicios-y-combate\/#authorImage","url":"https:\/\/secure.gravatar.com\/avatar\/634cc335793368ccef18974dca19ed6cda05733bc6a5358ec0bab1b2b28c2879?s=96&d=mm&r=g","width":96,"height":96,"caption":"Tel\u00e9fono de Servicio"}},{"@type":"WebPage","@id":"https:\/\/www.ejercito.mil.uy\/index.php\/2021\/10\/23\/dia-del-escalafon-de-apoyo-de-servicios-y-combate\/#webpage","url":"https:\/\/www.ejercito.mil.uy\/index.php\/2021\/10\/23\/dia-del-escalafon-de-apoyo-de-servicios-y-combate\/","name":"D\u00eda del Escalaf\u00f3n de Apoyo de Servicios y Combate - Ej\u00e9rcito Nacional","description":"23.10.2021 - \u00a1El Ej\u00e9rcito Nacional saluda a los integrantes del Escalaf\u00f3n de Apoyo de Servicios y Combate en su d\u00eda!","inLanguage":"es-UY","isPartOf":{"@id":"https:\/\/www.ejercito.mil.uy\/#website"},"breadcrumb":{"@id":"https:\/\/www.ejercito.mil.uy\/index.php\/2021\/10\/23\/dia-del-escalafon-de-apoyo-de-servicios-y-combate\/#breadcrumblist"},"author":{"@id":"https:\/\/www.ejercito.mil.uy\/index.php\/author\/cominstitucional\/#author"},"creator":{"@id":"https:\/\/www.ejercito.mil.uy\/index.php\/author\/cominstitucional\/#author"},"image":{"@type":"ImageObject","url":"https:\/\/www.ejercito.mil.uy\/wp-content\/uploads\/2021\/10\/APY.jpg","@id":"https:\/\/www.ejercito.mil.uy\/index.php\/2021\/10\/23\/dia-del-escalafon-de-apoyo-de-servicios-y-combate\/#mainImage","width":1198,"height":800},"primaryImageOfPage":{"@id":"https:\/\/www.ejercito.mil.uy\/index.php\/2021\/10\/23\/dia-del-escalafon-de-apoyo-de-servicios-y-combate\/#mainImage"},"datePublished":"2021-10-23T11:56:18-03:00","dateModified":"2021-10-27T08:53:01-03:00"},{"@type":"WebSite","@id":"https:\/\/www.ejercito.mil.uy\/#website","url":"https:\/\/www.ejercito.mil.uy\/","name":"Ej\u00e9rcito Nacional","description":"La Fuerza de todos","inLanguage":"es-UY","publisher":{"@id":"https:\/\/www.ejercito.mil.uy\/#organization"}}]},"og:locale":"es_ES","og:site_name":"Ej\u00e9rcito Nacional - La Fuerza de todos","og:type":"article","og:title":"D\u00eda del Escalaf\u00f3n de Apoyo de Servicios y Combate - Ej\u00e9rcito Nacional","og:description":"23.10.2021 - \u00a1El Ej\u00e9rcito Nacional saluda a los integrantes del Escalaf\u00f3n de Apoyo de Servicios y Combate en su d\u00eda!","og:url":"https:\/\/www.ejercito.mil.uy\/index.php\/2021\/10\/23\/dia-del-escalafon-de-apoyo-de-servicios-y-combate\/","og:image":"https:\/\/www.ejercito.mil.uy\/wp-content\/uploads\/2022\/01\/Escudo_EN_URUGUAY.png","og:image:secure_url":"https:\/\/www.ejercito.mil.uy\/wp-content\/uploads\/2022\/01\/Escudo_EN_URUGUAY.png","og:image:width":134,"og:image:height":119,"article:published_time":"2021-10-23T14:56:18+00:00","article:modified_time":"2021-10-27T11:53:01+00:00","twitter:card":"summary_large_image","twitter:title":"D\u00eda del Escalaf\u00f3n de Apoyo de Servicios y Combate - Ej\u00e9rcito Nacional","twitter:description":"23.10.2021 - \u00a1El Ej\u00e9rcito Nacional saluda a los integrantes del Escalaf\u00f3n de Apoyo de Servicios y Combate en su d\u00eda!","twitter:image":"https:\/\/www.ejercito.mil.uy\/wp-content\/uploads\/2022\/01\/Escudo_EN_URUGUAY.png"},"aioseo_meta_data":{"post_id":"7421","title":null,"description":null,"keywords":null,"keyphrases":null,"primary_term":null,"canonical_url":null,"og_title":null,"og_description":null,"og_object_type":"default","og_image_type":"default","og_image_url":null,"og_image_width":null,"og_image_height":null,"og_image_custom_url":null,"og_image_custom_fields":null,"og_video":null,"og_custom_url":null,"og_article_section":null,"og_article_tags":null,"twitter_use_og":false,"twitter_card":"default","twitter_image_type":"default","twitter_image_url":null,"twitter_image_custom_url":null,"twitter_image_custom_fields":null,"twitter_title":null,"twitter_description":null,"schema":{"blockGraphs":[],"customGraphs":[],"default":{"data":{"Article":[],"Course":[],"Dataset":[],"FAQPage":[],"Movie":[],"Person":[],"Product":[],"ProductReview":[],"Car":[],"Recipe":[],"Service":[],"SoftwareApplication":[],"WebPage":[]},"graphName":"","isEnabled":true},"graphs":[]},"schema_type":"default","schema_type_options":null,"pillar_content":false,"robots_default":true,"robots_noindex":false,"robots_noarchive":false,"robots_nosnippet":false,"robots_nofollow":false,"robots_noimageindex":false,"robots_noodp":false,"robots_notranslate":false,"robots_max_snippet":null,"robots_max_videopreview":null,"robots_max_imagepreview":"large","priority":null,"frequency":null,"local_seo":null,"breadcrumb_settings":null,"limit_modified_date":false,"ai":null,"created":"2025-08-30 02:22:40","updated":"2025-08-30 02:22:40","seo_analyzer_scan_date":null,"focus_keyword":null,"additional_keywords":null,"truseo_locale":null},"aioseo_breadcrumb":"<div class=\"aioseo-breadcrumbs\"><span class=\"aioseo-breadcrumb\">\n\t\t\t<a href=\"https:\/\/www.ejercito.mil.uy\" title=\"Home\">Home<\/a>\n\t\t<\/span><span class=\"aioseo-breadcrumb-separator\">&raquo;<\/span><span class=\"aioseo-breadcrumb\">\n\t\t\t<a href=\"https:\/\/www.ejercito.mil.uy\/index.php\/category\/destacados\/\" title=\"Destacados\">Destacados<\/a>\n\t\t<\/span><span class=\"aioseo-breadcrumb-separator\">&raquo;<\/span><span class=\"aioseo-breadcrumb\">\n\t\t\t<a href=\"https:\/\/www.ejercito.mil.uy\/index.php\/category\/destacados\/noticias\/\" title=\"Noticias\">Noticias<\/a>\n\t\t<\/span><span class=\"aioseo-breadcrumb-separator\">&raquo;<\/span><span class=\"aioseo-breadcrumb\">\n\t\t\tD\u00eda del Escalaf\u00f3n de Apoyo de Servicios y Combate\n\t\t<\/span><\/div>","aioseo_breadcrumb_json":[{"label":"Home","link":"https:\/\/www.ejercito.mil.uy"},{"label":"Destacados","link":"https:\/\/www.ejercito.mil.uy\/index.php\/category\/destacados\/"},{"label":"Noticias","link":"https:\/\/www.ejercito.mil.uy\/index.php\/category\/destacados\/noticias\/"},{"label":"D\u00eda del Escalaf\u00f3n de Apoyo de Servicios y Combate","link":"https:\/\/www.ejercito.mil.uy\/index.php\/2021\/10\/23\/dia-del-escalafon-de-apoyo-de-servicios-y-combate\/"}],"_links":{"self":[{"href":"https:\/\/www.ejercito.mil.uy\/index.php\/wp-json\/wp\/v2\/posts\/7421","targetHints":{"allow":["GET"]}}],"collection":[{"href":"https:\/\/www.ejercito.mil.uy\/index.php\/wp-json\/wp\/v2\/posts"}],"about":[{"href":"https:\/\/www.ejercito.mil.uy\/index.php\/wp-json\/wp\/v2\/types\/post"}],"author":[{"embeddable":true,"href":"https:\/\/www.ejercito.mil.uy\/index.php\/wp-json\/wp\/v2\/users\/15"}],"replies":[{"embeddable":true,"href":"https:\/\/www.ejercito.mil.uy\/index.php\/wp-json\/wp\/v2\/comments?post=7421"}],"version-history":[{"count":2,"href":"https:\/\/www.ejercito.mil.uy\/index.php\/wp-json\/wp\/v2\/posts\/7421\/revisions"}],"predecessor-version":[{"id":7424,"href":"https:\/\/www.ejercito.mil.uy\/index.php\/wp-json\/wp\/v2\/posts\/7421\/revisions\/7424"}],"wp:featuredmedia":[{"embeddable":true,"href":"https:\/\/www.ejercito.mil.uy\/index.php\/wp-json\/wp\/v2\/media\/7422"}],"wp:attachment":[{"href":"https:\/\/www.ejercito.mil.uy\/index.php\/wp-json\/wp\/v2\/media?parent=7421"}],"wp:term":[{"taxonomy":"category","embeddable":true,"href":"https:\/\/www.ejercito.mil.uy\/index.php\/wp-json\/wp\/v2\/categories?post=7421"},{"taxonomy":"post_tag","embeddable":true,"href":"https:\/\/www.ejercito.mil.uy\/index.php\/wp-json\/wp\/v2\/tags?post=7421"}],"curies":[{"name":"wp","href":"https:\/\/api.w.org\/{rel}","templated":true}]}}