{"id":7460,"date":"2021-10-22T19:00:00","date_gmt":"2021-10-22T22:00:00","guid":{"rendered":"https:\/\/www.ejercito.mil.uy\/?p=7460"},"modified":"2021-10-25T14:56:18","modified_gmt":"2021-10-25T17:56:18","slug":"actividades-vinculadas-a-la-preparacion-del-futuro-oficial-de-estado-mayor","status":"publish","type":"post","link":"https:\/\/www.ejercito.mil.uy\/index.php\/2021\/10\/22\/actividades-vinculadas-a-la-preparacion-del-futuro-oficial-de-estado-mayor\/","title":{"rendered":"Actividades vinculadas a la preparaci\u00f3n del futuro Oficial de Estado Mayor"},"content":{"rendered":"\n<p class=\"wp-block-paragraph\" style=\"font-size:14px\">22.10.2021 <\/p>\n\n\n\n<div style=\"height:33px\" aria-hidden=\"true\" class=\"wp-block-spacer\"><\/div>\n\n\n\n<p class=\"wp-block-paragraph\">En el marco de las actividades vinculadas a la preparaci\u00f3n del futuro Oficial de Estado Mayor, entre los d\u00edas 13 y 17 de setiembre, instructores y alumnos del Curso de Estado Mayor del Instituto Militar de Estudios Superiores, entre ellos integrantes del <a href=\"https:\/\/www.facebook.com\/exercito\/?__cft__[0]=AZXzekquR1X5aIWOu-uA-41bU4oAAVjqSaqjn5KbLm0Z_y88_RhogplgGo1iKOrP7sZYIm4OSN9ffnXrOCjrGrDjfRJOnhi_ViV5UBBD_BoHtXI-CZwEklm9o9VqYAG52FGN6W5eHCisbJu5iJ2AqHTrthsokj8hzjwZtxDZdPZNDZZeIKQwNYcOZK1mQsYvOOE&amp;__tn__=kK-R\">Ej\u00e9rcito Brasileiro<\/a> y de la Armada Mexicana, participaron del viaje de orientaci\u00f3n.<\/p>\n\n\n\n<div style=\"height:33px\" aria-hidden=\"true\" class=\"wp-block-spacer\"><\/div>\n\n\n\n<p class=\"wp-block-paragraph\">Visitaron distintas unidades militares, como la Planta de Elaboraci\u00f3n del Servicio de Material y Armamento (PESMA), la Brigada de Infanter\u00eda N\u00b0 2 y 5, los Batallones de Infanter\u00eda N\u00b0 4, <a href=\"https:\/\/www.facebook.com\/Batall%C3%B3n-de-Infanter%C3%ADa-N%C2%BA-5-Uy-114033020306422\/\">5<\/a>, 9 y <a href=\"https:\/\/www.facebook.com\/Batall%C3%B3n-de-Infanter%C3%ADa-Blindado-N%C2%BA13-508257066003601\/\">13<\/a>, el Regimiento de Caballer\u00eda N\u00b0 2, los Grupos de Artiller\u00eda N\u00b0 <a href=\"https:\/\/www.facebook.com\/GrupoArtilleria2\/\">2<\/a> y <a href=\"https:\/\/www.facebook.com\/Grupo-Las-Piedras-de-Artiller%C3%ADa-105mm-No-3-265830100750399\/\">3<\/a>, el <a href=\"https:\/\/www.facebook.com\/batalloncharrua\/\">Batall\u00f3n de Ingenieros N\u00b0 3<\/a> y la Base A\u00e9rea II de la <a href=\"https:\/\/www.facebook.com\/fau.mil.uy\/?__cft__[0]=AZXzekquR1X5aIWOu-uA-41bU4oAAVjqSaqjn5KbLm0Z_y88_RhogplgGo1iKOrP7sZYIm4OSN9ffnXrOCjrGrDjfRJOnhi_ViV5UBBD_BoHtXI-CZwEklm9o9VqYAG52FGN6W5eHCisbJu5iJ2AqHTrthsokj8hzjwZtxDZdPZNDZZeIKQwNYcOZK1mQsYvOOE&amp;__tn__=kK-R\">Fuerza A\u00e9rea Uruguaya<\/a>. <\/p>\n\n\n\n<div style=\"height:33px\" aria-hidden=\"true\" class=\"wp-block-spacer\"><\/div>\n\n\n\n<p class=\"wp-block-paragraph\">Adem\u00e1s, recorrieron infraestructuras claves del pa\u00eds, como las vinculadas a la generaci\u00f3n de energ\u00eda (Represa del Rinc\u00f3n del Bonete) y la Planta de UPM de Fray Bentos.<\/p>\n\n\n\n<div style=\"height:33px\" aria-hidden=\"true\" class=\"wp-block-spacer\"><\/div>\n\n\n\n<p class=\"wp-block-paragraph\">Tambi\u00e9n fueron al Sitio de la \u201cBatalla de Manantiales\u201d, importante hecho de car\u00e1cter hist\u00f3rico militar, que form\u00f3 parte de la Revoluci\u00f3n de las Lanzas (1870-1872).<\/p>\n\n\n\n<div style=\"height:33px\" aria-hidden=\"true\" class=\"wp-block-spacer\"><\/div>\n\n\n\n<p class=\"wp-block-paragraph\">Se cumpli\u00f3 de esta forma, con el objetivo de conocer las diversas misiones y marcos operacionales en los que se encuentra inmersa la Fuerza y la ampliaci\u00f3n de conocimientos culturales mediante la visita a instalaciones de relevancia estrat\u00e9gica e hist\u00f3rica, a fin de apreciar sus caracter\u00edsticas particulares as\u00ed como el rol social, econ\u00f3mico y militar.<\/p>\n\n\n\n<div style=\"height:33px\" aria-hidden=\"true\" class=\"wp-block-spacer\"><\/div>\n\n\n\n<div class=\"wp-block-coblocks-gallery-carousel alignwide\"><div class=\"is-cropped coblocks-gallery has-caption-style-dark has-horizontal-gutter\"><div class=\"has-carousel has-carousel-lrg\" style=\"height:400px\" data-flickity=\"{&quot;autoPlay&quot;:false,&quot;draggable&quot;:true,&quot;pageDots&quot;:false,&quot;prevNextButtons&quot;:true,&quot;wrapAround&quot;:true,&quot;cellAlign&quot;:&quot;center&quot;,&quot;pauseAutoPlayOnHover&quot;:false,&quot;freeScroll&quot;:false,&quot;arrowShape&quot;:{&quot;x0&quot;:10,&quot;x1&quot;:60,&quot;y1&quot;:50,&quot;x2&quot;:65,&quot;y2&quot;:45,&quot;x3&quot;:20},&quot;thumbnails&quot;:false,&quot;responsiveHeight&quot;:false}\"><div class=\"coblocks-gallery--item\"><figure class=\"coblocks-gallery--figure has-margin-left-5 has-margin-left-mobile-5 has-margin-right-5 has-margin-right-mobile-5\"><img loading=\"lazy\" decoding=\"async\" width=\"1024\" height=\"683\" src=\"https:\/\/www.ejercito.mil.uy\/wp-content\/uploads\/2021\/10\/2021-10-21-Curso-de-Estado-Mayor-IMES-visita-BAII-1024x683.jpg\" alt=\"\" data-id=\"7461\" data-link=\"https:\/\/www.ejercito.mil.uy\/?attachment_id=7461\" class=\"wp-image-7461\" srcset=\"https:\/\/www.ejercito.mil.uy\/wp-content\/uploads\/2021\/10\/2021-10-21-Curso-de-Estado-Mayor-IMES-visita-BAII-1024x683.jpg 1024w, https:\/\/www.ejercito.mil.uy\/wp-content\/uploads\/2021\/10\/2021-10-21-Curso-de-Estado-Mayor-IMES-visita-BAII-300x200.jpg 300w, https:\/\/www.ejercito.mil.uy\/wp-content\/uploads\/2021\/10\/2021-10-21-Curso-de-Estado-Mayor-IMES-visita-BAII.jpg 1200w\" sizes=\"auto, (max-width: 1024px) 100vw, 1024px\" \/><\/figure><\/div><div class=\"coblocks-gallery--item\"><figure class=\"coblocks-gallery--figure has-margin-left-5 has-margin-left-mobile-5 has-margin-right-5 has-margin-right-mobile-5\"><img loading=\"lazy\" decoding=\"async\" width=\"1024\" height=\"683\" src=\"https:\/\/www.ejercito.mil.uy\/wp-content\/uploads\/2021\/10\/2021-10-21-Curso-de-Estado-Mayor-IMES-visita-BnI4-1024x683.jpg\" alt=\"\" data-id=\"7462\" data-link=\"https:\/\/www.ejercito.mil.uy\/?attachment_id=7462\" class=\"wp-image-7462\" srcset=\"https:\/\/www.ejercito.mil.uy\/wp-content\/uploads\/2021\/10\/2021-10-21-Curso-de-Estado-Mayor-IMES-visita-BnI4-1024x683.jpg 1024w, https:\/\/www.ejercito.mil.uy\/wp-content\/uploads\/2021\/10\/2021-10-21-Curso-de-Estado-Mayor-IMES-visita-BnI4-300x200.jpg 300w, https:\/\/www.ejercito.mil.uy\/wp-content\/uploads\/2021\/10\/2021-10-21-Curso-de-Estado-Mayor-IMES-visita-BnI4.jpg 1200w\" sizes=\"auto, (max-width: 1024px) 100vw, 1024px\" \/><\/figure><\/div><div class=\"coblocks-gallery--item\"><figure class=\"coblocks-gallery--figure has-margin-left-5 has-margin-left-mobile-5 has-margin-right-5 has-margin-right-mobile-5\"><img loading=\"lazy\" decoding=\"async\" width=\"1024\" height=\"683\" src=\"https:\/\/www.ejercito.mil.uy\/wp-content\/uploads\/2021\/10\/2021-10-21-Curso-de-Estado-Mayor-IMES-visita-BnI5-1024x683.jpg\" alt=\"\" data-id=\"7463\" data-link=\"https:\/\/www.ejercito.mil.uy\/?attachment_id=7463\" class=\"wp-image-7463\" srcset=\"https:\/\/www.ejercito.mil.uy\/wp-content\/uploads\/2021\/10\/2021-10-21-Curso-de-Estado-Mayor-IMES-visita-BnI5-1024x683.jpg 1024w, https:\/\/www.ejercito.mil.uy\/wp-content\/uploads\/2021\/10\/2021-10-21-Curso-de-Estado-Mayor-IMES-visita-BnI5-300x200.jpg 300w, https:\/\/www.ejercito.mil.uy\/wp-content\/uploads\/2021\/10\/2021-10-21-Curso-de-Estado-Mayor-IMES-visita-BnI5.jpg 1200w\" sizes=\"auto, (max-width: 1024px) 100vw, 1024px\" \/><\/figure><\/div><div class=\"coblocks-gallery--item\"><figure class=\"coblocks-gallery--figure has-margin-left-5 has-margin-left-mobile-5 has-margin-right-5 has-margin-right-mobile-5\"><img loading=\"lazy\" decoding=\"async\" width=\"1024\" height=\"683\" src=\"https:\/\/www.ejercito.mil.uy\/wp-content\/uploads\/2021\/10\/2021-10-21-Curso-de-Estado-Mayor-IMES-visita-BnI9-1-1024x683.jpg\" alt=\"\" data-id=\"7465\" data-link=\"https:\/\/www.ejercito.mil.uy\/?attachment_id=7465\" class=\"wp-image-7465\" srcset=\"https:\/\/www.ejercito.mil.uy\/wp-content\/uploads\/2021\/10\/2021-10-21-Curso-de-Estado-Mayor-IMES-visita-BnI9-1-1024x683.jpg 1024w, https:\/\/www.ejercito.mil.uy\/wp-content\/uploads\/2021\/10\/2021-10-21-Curso-de-Estado-Mayor-IMES-visita-BnI9-1-300x200.jpg 300w, https:\/\/www.ejercito.mil.uy\/wp-content\/uploads\/2021\/10\/2021-10-21-Curso-de-Estado-Mayor-IMES-visita-BnI9-1.jpg 1200w\" sizes=\"auto, (max-width: 1024px) 100vw, 1024px\" \/><\/figure><\/div><div class=\"coblocks-gallery--item\"><figure class=\"coblocks-gallery--figure has-margin-left-5 has-margin-left-mobile-5 has-margin-right-5 has-margin-right-mobile-5\"><img loading=\"lazy\" decoding=\"async\" width=\"1024\" height=\"683\" src=\"https:\/\/www.ejercito.mil.uy\/wp-content\/uploads\/2021\/10\/2021-10-21-Curso-de-Estado-Mayor-IMES-visita-BnI9-2-1024x683.jpg\" alt=\"\" data-id=\"7466\" data-link=\"https:\/\/www.ejercito.mil.uy\/?attachment_id=7466\" class=\"wp-image-7466\" srcset=\"https:\/\/www.ejercito.mil.uy\/wp-content\/uploads\/2021\/10\/2021-10-21-Curso-de-Estado-Mayor-IMES-visita-BnI9-2-1024x683.jpg 1024w, https:\/\/www.ejercito.mil.uy\/wp-content\/uploads\/2021\/10\/2021-10-21-Curso-de-Estado-Mayor-IMES-visita-BnI9-2-300x200.jpg 300w, https:\/\/www.ejercito.mil.uy\/wp-content\/uploads\/2021\/10\/2021-10-21-Curso-de-Estado-Mayor-IMES-visita-BnI9-2.jpg 1200w\" sizes=\"auto, (max-width: 1024px) 100vw, 1024px\" \/><\/figure><\/div><div class=\"coblocks-gallery--item\"><figure class=\"coblocks-gallery--figure has-margin-left-5 has-margin-left-mobile-5 has-margin-right-5 has-margin-right-mobile-5\"><img loading=\"lazy\" decoding=\"async\" width=\"1024\" height=\"683\" src=\"https:\/\/www.ejercito.mil.uy\/wp-content\/uploads\/2021\/10\/2021-10-21-Curso-de-Estado-Mayor-IMES-visita-BnI13-1024x683.jpg\" alt=\"\" data-id=\"7467\" data-link=\"https:\/\/www.ejercito.mil.uy\/?attachment_id=7467\" class=\"wp-image-7467\" srcset=\"https:\/\/www.ejercito.mil.uy\/wp-content\/uploads\/2021\/10\/2021-10-21-Curso-de-Estado-Mayor-IMES-visita-BnI13-1024x683.jpg 1024w, https:\/\/www.ejercito.mil.uy\/wp-content\/uploads\/2021\/10\/2021-10-21-Curso-de-Estado-Mayor-IMES-visita-BnI13-300x200.jpg 300w, https:\/\/www.ejercito.mil.uy\/wp-content\/uploads\/2021\/10\/2021-10-21-Curso-de-Estado-Mayor-IMES-visita-BnI13.jpg 1200w\" sizes=\"auto, (max-width: 1024px) 100vw, 1024px\" \/><\/figure><\/div><div class=\"coblocks-gallery--item\"><figure class=\"coblocks-gallery--figure has-margin-left-5 has-margin-left-mobile-5 has-margin-right-5 has-margin-right-mobile-5\"><img loading=\"lazy\" decoding=\"async\" width=\"1024\" height=\"683\" src=\"https:\/\/www.ejercito.mil.uy\/wp-content\/uploads\/2021\/10\/2021-10-21-Curso-de-Estado-Mayor-IMES-visita-BnIng3-1024x683.jpg\" alt=\"\" data-id=\"7468\" data-link=\"https:\/\/www.ejercito.mil.uy\/?attachment_id=7468\" class=\"wp-image-7468\" srcset=\"https:\/\/www.ejercito.mil.uy\/wp-content\/uploads\/2021\/10\/2021-10-21-Curso-de-Estado-Mayor-IMES-visita-BnIng3-1024x683.jpg 1024w, https:\/\/www.ejercito.mil.uy\/wp-content\/uploads\/2021\/10\/2021-10-21-Curso-de-Estado-Mayor-IMES-visita-BnIng3-300x200.jpg 300w, https:\/\/www.ejercito.mil.uy\/wp-content\/uploads\/2021\/10\/2021-10-21-Curso-de-Estado-Mayor-IMES-visita-BnIng3.jpg 1200w\" sizes=\"auto, (max-width: 1024px) 100vw, 1024px\" \/><\/figure><\/div><div class=\"coblocks-gallery--item\"><figure class=\"coblocks-gallery--figure has-margin-left-5 has-margin-left-mobile-5 has-margin-right-5 has-margin-right-mobile-5\"><img loading=\"lazy\" decoding=\"async\" width=\"1024\" height=\"683\" src=\"https:\/\/www.ejercito.mil.uy\/wp-content\/uploads\/2021\/10\/2021-10-21-Curso-de-Estado-Mayor-IMES-visita-GpoA2-1024x683.jpg\" alt=\"\" data-id=\"7469\" data-link=\"https:\/\/www.ejercito.mil.uy\/?attachment_id=7469\" class=\"wp-image-7469\" srcset=\"https:\/\/www.ejercito.mil.uy\/wp-content\/uploads\/2021\/10\/2021-10-21-Curso-de-Estado-Mayor-IMES-visita-GpoA2-1024x683.jpg 1024w, https:\/\/www.ejercito.mil.uy\/wp-content\/uploads\/2021\/10\/2021-10-21-Curso-de-Estado-Mayor-IMES-visita-GpoA2-300x200.jpg 300w, https:\/\/www.ejercito.mil.uy\/wp-content\/uploads\/2021\/10\/2021-10-21-Curso-de-Estado-Mayor-IMES-visita-GpoA2.jpg 1200w\" sizes=\"auto, (max-width: 1024px) 100vw, 1024px\" \/><\/figure><\/div><div class=\"coblocks-gallery--item\"><figure class=\"coblocks-gallery--figure has-margin-left-5 has-margin-left-mobile-5 has-margin-right-5 has-margin-right-mobile-5\"><img loading=\"lazy\" decoding=\"async\" width=\"1024\" height=\"683\" src=\"https:\/\/www.ejercito.mil.uy\/wp-content\/uploads\/2021\/10\/2021-10-21-Curso-de-Estado-Mayor-IMES-visita-GpoA3-1024x683.jpg\" alt=\"\" data-id=\"7470\" data-link=\"https:\/\/www.ejercito.mil.uy\/?attachment_id=7470\" class=\"wp-image-7470\" srcset=\"https:\/\/www.ejercito.mil.uy\/wp-content\/uploads\/2021\/10\/2021-10-21-Curso-de-Estado-Mayor-IMES-visita-GpoA3-1024x683.jpg 1024w, https:\/\/www.ejercito.mil.uy\/wp-content\/uploads\/2021\/10\/2021-10-21-Curso-de-Estado-Mayor-IMES-visita-GpoA3-300x200.jpg 300w, https:\/\/www.ejercito.mil.uy\/wp-content\/uploads\/2021\/10\/2021-10-21-Curso-de-Estado-Mayor-IMES-visita-GpoA3.jpg 1200w\" sizes=\"auto, (max-width: 1024px) 100vw, 1024px\" \/><\/figure><\/div><div class=\"coblocks-gallery--item\"><figure class=\"coblocks-gallery--figure has-margin-left-5 has-margin-left-mobile-5 has-margin-right-5 has-margin-right-mobile-5\"><img loading=\"lazy\" decoding=\"async\" width=\"1024\" height=\"683\" src=\"https:\/\/www.ejercito.mil.uy\/wp-content\/uploads\/2021\/10\/2021-10-21-Curso-de-Estado-Mayor-IMES-visita-PESMA-1024x683.jpg\" alt=\"\" data-id=\"7471\" data-link=\"https:\/\/www.ejercito.mil.uy\/?attachment_id=7471\" class=\"wp-image-7471\" srcset=\"https:\/\/www.ejercito.mil.uy\/wp-content\/uploads\/2021\/10\/2021-10-21-Curso-de-Estado-Mayor-IMES-visita-PESMA-1024x683.jpg 1024w, https:\/\/www.ejercito.mil.uy\/wp-content\/uploads\/2021\/10\/2021-10-21-Curso-de-Estado-Mayor-IMES-visita-PESMA-300x200.jpg 300w, https:\/\/www.ejercito.mil.uy\/wp-content\/uploads\/2021\/10\/2021-10-21-Curso-de-Estado-Mayor-IMES-visita-PESMA.jpg 1200w\" sizes=\"auto, (max-width: 1024px) 100vw, 1024px\" \/><\/figure><\/div><div class=\"coblocks-gallery--item\"><figure class=\"coblocks-gallery--figure has-margin-left-5 has-margin-left-mobile-5 has-margin-right-5 has-margin-right-mobile-5\"><img loading=\"lazy\" decoding=\"async\" width=\"1024\" height=\"683\" src=\"https:\/\/www.ejercito.mil.uy\/wp-content\/uploads\/2021\/10\/2021-10-21-Curso-de-Estado-Mayor-IMES-visita-REPRESA-1024x683.jpg\" alt=\"\" data-id=\"7472\" data-link=\"https:\/\/www.ejercito.mil.uy\/?attachment_id=7472\" class=\"wp-image-7472\" srcset=\"https:\/\/www.ejercito.mil.uy\/wp-content\/uploads\/2021\/10\/2021-10-21-Curso-de-Estado-Mayor-IMES-visita-REPRESA-1024x683.jpg 1024w, https:\/\/www.ejercito.mil.uy\/wp-content\/uploads\/2021\/10\/2021-10-21-Curso-de-Estado-Mayor-IMES-visita-REPRESA-300x200.jpg 300w, https:\/\/www.ejercito.mil.uy\/wp-content\/uploads\/2021\/10\/2021-10-21-Curso-de-Estado-Mayor-IMES-visita-REPRESA.jpg 1200w\" sizes=\"auto, (max-width: 1024px) 100vw, 1024px\" \/><\/figure><\/div><div class=\"coblocks-gallery--item\"><figure class=\"coblocks-gallery--figure has-margin-left-5 has-margin-left-mobile-5 has-margin-right-5 has-margin-right-mobile-5\"><img loading=\"lazy\" decoding=\"async\" width=\"1024\" height=\"683\" src=\"https:\/\/www.ejercito.mil.uy\/wp-content\/uploads\/2021\/10\/2021-10-21-Curso-de-Estado-Mayor-IMES-visita-sitio-de-la-Batalla-de-Manantiales2-1024x683.jpg\" alt=\"\" data-id=\"7473\" data-link=\"https:\/\/www.ejercito.mil.uy\/?attachment_id=7473\" class=\"wp-image-7473\" srcset=\"https:\/\/www.ejercito.mil.uy\/wp-content\/uploads\/2021\/10\/2021-10-21-Curso-de-Estado-Mayor-IMES-visita-sitio-de-la-Batalla-de-Manantiales2-1024x683.jpg 1024w, https:\/\/www.ejercito.mil.uy\/wp-content\/uploads\/2021\/10\/2021-10-21-Curso-de-Estado-Mayor-IMES-visita-sitio-de-la-Batalla-de-Manantiales2-300x200.jpg 300w, https:\/\/www.ejercito.mil.uy\/wp-content\/uploads\/2021\/10\/2021-10-21-Curso-de-Estado-Mayor-IMES-visita-sitio-de-la-Batalla-de-Manantiales2.jpg 1200w\" sizes=\"auto, (max-width: 1024px) 100vw, 1024px\" \/><\/figure><\/div><div class=\"coblocks-gallery--item\"><figure class=\"coblocks-gallery--figure has-margin-left-5 has-margin-left-mobile-5 has-margin-right-5 has-margin-right-mobile-5\"><img loading=\"lazy\" decoding=\"async\" width=\"1024\" height=\"683\" src=\"https:\/\/www.ejercito.mil.uy\/wp-content\/uploads\/2021\/10\/2021-10-21-Curso-de-Estado-Mayor-IMES-visita-sitio-de-la-Batalla-de-Manantiales3-1024x683.jpg\" alt=\"\" data-id=\"7474\" data-link=\"https:\/\/www.ejercito.mil.uy\/?attachment_id=7474\" class=\"wp-image-7474\" srcset=\"https:\/\/www.ejercito.mil.uy\/wp-content\/uploads\/2021\/10\/2021-10-21-Curso-de-Estado-Mayor-IMES-visita-sitio-de-la-Batalla-de-Manantiales3-1024x683.jpg 1024w, https:\/\/www.ejercito.mil.uy\/wp-content\/uploads\/2021\/10\/2021-10-21-Curso-de-Estado-Mayor-IMES-visita-sitio-de-la-Batalla-de-Manantiales3-300x200.jpg 300w, https:\/\/www.ejercito.mil.uy\/wp-content\/uploads\/2021\/10\/2021-10-21-Curso-de-Estado-Mayor-IMES-visita-sitio-de-la-Batalla-de-Manantiales3.jpg 1200w\" sizes=\"auto, (max-width: 1024px) 100vw, 1024px\" \/><\/figure><\/div><div class=\"coblocks-gallery--item\"><figure class=\"coblocks-gallery--figure has-margin-left-5 has-margin-left-mobile-5 has-margin-right-5 has-margin-right-mobile-5\"><img loading=\"lazy\" decoding=\"async\" width=\"1024\" height=\"683\" src=\"https:\/\/www.ejercito.mil.uy\/wp-content\/uploads\/2021\/10\/2021-10-21-Curso-de-Estado-Mayor-IMES-visita-UPM-1024x683.jpg\" alt=\"\" data-id=\"7475\" data-link=\"https:\/\/www.ejercito.mil.uy\/?attachment_id=7475\" class=\"wp-image-7475\" srcset=\"https:\/\/www.ejercito.mil.uy\/wp-content\/uploads\/2021\/10\/2021-10-21-Curso-de-Estado-Mayor-IMES-visita-UPM-1024x683.jpg 1024w, https:\/\/www.ejercito.mil.uy\/wp-content\/uploads\/2021\/10\/2021-10-21-Curso-de-Estado-Mayor-IMES-visita-UPM-300x200.jpg 300w, https:\/\/www.ejercito.mil.uy\/wp-content\/uploads\/2021\/10\/2021-10-21-Curso-de-Estado-Mayor-IMES-visita-UPM.jpg 1200w\" sizes=\"auto, (max-width: 1024px) 100vw, 1024px\" \/><\/figure><\/div><div class=\"coblocks-gallery--item\"><figure class=\"coblocks-gallery--figure has-margin-left-5 has-margin-left-mobile-5 has-margin-right-5 has-margin-right-mobile-5\"><img loading=\"lazy\" decoding=\"async\" width=\"1024\" height=\"683\" src=\"https:\/\/www.ejercito.mil.uy\/wp-content\/uploads\/2021\/10\/2021-10-21-Curso-de-Estado-Mayor-RegC2-1024x683.jpg\" alt=\"\" data-id=\"7476\" data-link=\"https:\/\/www.ejercito.mil.uy\/?attachment_id=7476\" class=\"wp-image-7476\" srcset=\"https:\/\/www.ejercito.mil.uy\/wp-content\/uploads\/2021\/10\/2021-10-21-Curso-de-Estado-Mayor-RegC2-1024x683.jpg 1024w, https:\/\/www.ejercito.mil.uy\/wp-content\/uploads\/2021\/10\/2021-10-21-Curso-de-Estado-Mayor-RegC2-300x200.jpg 300w, https:\/\/www.ejercito.mil.uy\/wp-content\/uploads\/2021\/10\/2021-10-21-Curso-de-Estado-Mayor-RegC2.jpg 1200w\" sizes=\"auto, (max-width: 1024px) 100vw, 1024px\" \/><\/figure><\/div><\/div><\/div><\/div>\n\n\n\n<p class=\"wp-block-paragraph\"><\/p>\n\n\n\n<div style=\"height:33px\" aria-hidden=\"true\" class=\"wp-block-spacer\"><\/div>\n","protected":false},"excerpt":{"rendered":"<p>22.10.2021 &#8211; En el marco de las actividades vinculadas a la preparaci\u00f3n del futuro Oficial de Estado Mayor, entre los d\u00edas 13 y 17 de setiembre, instructores y alumnos del Curso de Estado Mayor del Instituto Militar de Estudios Superiores, entre ellos integrantes del Ej\u00e9rcito Brasileiro y de la Armada Mexicana, participaron del viaje de orientaci\u00f3n.<\/p>\n","protected":false},"author":4,"featured_media":7464,"comment_status":"closed","ping_status":"open","sticky":false,"template":"","format":"standard","meta":{"_coblocks_attr":"","_coblocks_dimensions":"","_coblocks_responsive_height":"","_coblocks_accordion_ie_support":"","_monsterinsights_skip_tracking":false,"_uf_show_specific_survey":0,"_uf_disable_surveys":false,"footnotes":""},"categories":[2,14],"tags":[],"class_list":["post-7460","post","type-post","status-publish","format-standard","has-post-thumbnail","hentry","category-blog","category-noticias"],"aioseo_notices":[],"aioseo_head":"\n\t\t<!-- All in One SEO 5.0.1.1 - aioseo.com -->\n\t<meta name=\"description\" content=\"22.10.2021 - En el marco de las actividades vinculadas a la preparaci\u00f3n del futuro Oficial de Estado Mayor, entre los d\u00edas 13 y 17 de setiembre, instructores y alumnos del Curso de Estado Mayor del Instituto Militar de Estudios Superiores, entre ellos integrantes del Ej\u00e9rcito Brasileiro y de la Armada Mexicana, participaron del viaje de orientaci\u00f3n.\" \/>\n\t<meta name=\"robots\" content=\"max-image-preview:large\" \/>\n\t<meta name=\"author\" content=\"Alejandro Castro\"\/>\n\t<link rel=\"canonical\" href=\"https:\/\/www.ejercito.mil.uy\/index.php\/2021\/10\/22\/actividades-vinculadas-a-la-preparacion-del-futuro-oficial-de-estado-mayor\/\" \/>\n\t<meta name=\"generator\" content=\"All in One SEO (AIOSEO) 5.0.1.1\" \/>\n\t\t<meta property=\"og:locale\" content=\"es_ES\" \/>\n\t\t<meta property=\"og:site_name\" content=\"Ej\u00e9rcito Nacional - La Fuerza de todos\" \/>\n\t\t<meta property=\"og:type\" content=\"article\" \/>\n\t\t<meta property=\"og:title\" content=\"Actividades vinculadas a la preparaci\u00f3n del futuro Oficial de Estado Mayor - Ej\u00e9rcito Nacional\" \/>\n\t\t<meta property=\"og:description\" content=\"22.10.2021 - En el marco de las actividades vinculadas a la preparaci\u00f3n del futuro Oficial de Estado Mayor, entre los d\u00edas 13 y 17 de setiembre, instructores y alumnos del Curso de Estado Mayor del Instituto Militar de Estudios Superiores, entre ellos integrantes del Ej\u00e9rcito Brasileiro y de la Armada Mexicana, participaron del viaje de orientaci\u00f3n.\" \/>\n\t\t<meta property=\"og:url\" content=\"https:\/\/www.ejercito.mil.uy\/index.php\/2021\/10\/22\/actividades-vinculadas-a-la-preparacion-del-futuro-oficial-de-estado-mayor\/\" \/>\n\t\t<meta property=\"og:image\" content=\"https:\/\/www.ejercito.mil.uy\/wp-content\/uploads\/2022\/01\/Escudo_EN_URUGUAY.png\" \/>\n\t\t<meta property=\"og:image:secure_url\" content=\"https:\/\/www.ejercito.mil.uy\/wp-content\/uploads\/2022\/01\/Escudo_EN_URUGUAY.png\" \/>\n\t\t<meta property=\"og:image:width\" content=\"134\" \/>\n\t\t<meta property=\"og:image:height\" content=\"119\" \/>\n\t\t<meta property=\"article:published_time\" content=\"2021-10-22T22:00:00+00:00\" \/>\n\t\t<meta property=\"article:modified_time\" content=\"2021-10-25T17:56:18+00:00\" \/>\n\t\t<meta name=\"twitter:card\" content=\"summary_large_image\" \/>\n\t\t<meta name=\"twitter:title\" content=\"Actividades vinculadas a la preparaci\u00f3n del futuro Oficial de Estado Mayor - Ej\u00e9rcito Nacional\" \/>\n\t\t<meta name=\"twitter:description\" content=\"22.10.2021 - En el marco de las actividades vinculadas a la preparaci\u00f3n del futuro Oficial de Estado Mayor, entre los d\u00edas 13 y 17 de setiembre, instructores y alumnos del Curso de Estado Mayor del Instituto Militar de Estudios Superiores, entre ellos integrantes del Ej\u00e9rcito Brasileiro y de la Armada Mexicana, participaron del viaje de orientaci\u00f3n.\" \/>\n\t\t<meta name=\"twitter:image\" content=\"https:\/\/www.ejercito.mil.uy\/wp-content\/uploads\/2022\/01\/Escudo_EN_URUGUAY.png\" \/>\n\t\t<script type=\"application\/ld+json\" class=\"aioseo-schema\">\n\t\t\t{\"@context\":\"https:\\\/\\\/schema.org\",\"@graph\":[{\"@type\":\"BlogPosting\",\"@id\":\"https:\\\/\\\/www.ejercito.mil.uy\\\/index.php\\\/2021\\\/10\\\/22\\\/actividades-vinculadas-a-la-preparacion-del-futuro-oficial-de-estado-mayor\\\/#blogposting\",\"name\":\"Actividades vinculadas a la preparaci\\u00f3n del futuro Oficial de Estado Mayor - Ej\\u00e9rcito Nacional\",\"headline\":\"Actividades vinculadas a la preparaci\\u00f3n del futuro Oficial de Estado Mayor\",\"author\":{\"@id\":\"https:\\\/\\\/www.ejercito.mil.uy\\\/index.php\\\/author\\\/acastro\\\/#author\"},\"publisher\":{\"@id\":\"https:\\\/\\\/www.ejercito.mil.uy\\\/#organization\"},\"image\":{\"@type\":\"ImageObject\",\"url\":\"https:\\\/\\\/www.ejercito.mil.uy\\\/wp-content\\\/uploads\\\/2021\\\/10\\\/2021-10-21-Curso-de-Estado-Mayor-IMES-visita-sitio-de-la-Batalla-de-Manantiales1.jpg\",\"width\":1200,\"height\":800},\"datePublished\":\"2021-10-22T19:00:00-03:00\",\"dateModified\":\"2021-10-25T14:56:18-03:00\",\"inLanguage\":\"es-UY\",\"mainEntityOfPage\":{\"@id\":\"https:\\\/\\\/www.ejercito.mil.uy\\\/index.php\\\/2021\\\/10\\\/22\\\/actividades-vinculadas-a-la-preparacion-del-futuro-oficial-de-estado-mayor\\\/#webpage\"},\"isPartOf\":{\"@id\":\"https:\\\/\\\/www.ejercito.mil.uy\\\/index.php\\\/2021\\\/10\\\/22\\\/actividades-vinculadas-a-la-preparacion-del-futuro-oficial-de-estado-mayor\\\/#webpage\"},\"articleSection\":\"Blog, Noticias\"},{\"@type\":\"BreadcrumbList\",\"@id\":\"https:\\\/\\\/www.ejercito.mil.uy\\\/index.php\\\/2021\\\/10\\\/22\\\/actividades-vinculadas-a-la-preparacion-del-futuro-oficial-de-estado-mayor\\\/#breadcrumblist\",\"itemListElement\":[{\"@type\":\"ListItem\",\"@id\":\"https:\\\/\\\/www.ejercito.mil.uy#listItem\",\"position\":1,\"name\":\"Home\",\"item\":\"https:\\\/\\\/www.ejercito.mil.uy\",\"nextItem\":{\"@type\":\"ListItem\",\"@id\":\"https:\\\/\\\/www.ejercito.mil.uy\\\/index.php\\\/category\\\/destacados\\\/#listItem\",\"name\":\"Destacados\"}},{\"@type\":\"ListItem\",\"@id\":\"https:\\\/\\\/www.ejercito.mil.uy\\\/index.php\\\/category\\\/destacados\\\/#listItem\",\"position\":2,\"name\":\"Destacados\",\"item\":\"https:\\\/\\\/www.ejercito.mil.uy\\\/index.php\\\/category\\\/destacados\\\/\",\"nextItem\":{\"@type\":\"ListItem\",\"@id\":\"https:\\\/\\\/www.ejercito.mil.uy\\\/index.php\\\/category\\\/destacados\\\/noticias\\\/#listItem\",\"name\":\"Noticias\"},\"previousItem\":{\"@type\":\"ListItem\",\"@id\":\"https:\\\/\\\/www.ejercito.mil.uy#listItem\",\"name\":\"Home\"}},{\"@type\":\"ListItem\",\"@id\":\"https:\\\/\\\/www.ejercito.mil.uy\\\/index.php\\\/category\\\/destacados\\\/noticias\\\/#listItem\",\"position\":3,\"name\":\"Noticias\",\"item\":\"https:\\\/\\\/www.ejercito.mil.uy\\\/index.php\\\/category\\\/destacados\\\/noticias\\\/\",\"nextItem\":{\"@type\":\"ListItem\",\"@id\":\"https:\\\/\\\/www.ejercito.mil.uy\\\/index.php\\\/2021\\\/10\\\/22\\\/actividades-vinculadas-a-la-preparacion-del-futuro-oficial-de-estado-mayor\\\/#listItem\",\"name\":\"Actividades vinculadas a la preparaci\\u00f3n del futuro Oficial de Estado Mayor\"},\"previousItem\":{\"@type\":\"ListItem\",\"@id\":\"https:\\\/\\\/www.ejercito.mil.uy\\\/index.php\\\/category\\\/destacados\\\/#listItem\",\"name\":\"Destacados\"}},{\"@type\":\"ListItem\",\"@id\":\"https:\\\/\\\/www.ejercito.mil.uy\\\/index.php\\\/2021\\\/10\\\/22\\\/actividades-vinculadas-a-la-preparacion-del-futuro-oficial-de-estado-mayor\\\/#listItem\",\"position\":4,\"name\":\"Actividades vinculadas a la preparaci\\u00f3n del futuro Oficial de Estado Mayor\",\"previousItem\":{\"@type\":\"ListItem\",\"@id\":\"https:\\\/\\\/www.ejercito.mil.uy\\\/index.php\\\/category\\\/destacados\\\/noticias\\\/#listItem\",\"name\":\"Noticias\"}}]},{\"@type\":\"Organization\",\"@id\":\"https:\\\/\\\/www.ejercito.mil.uy\\\/#organization\",\"name\":\"Ej\\u00e9rcito Nacional\",\"description\":\"La Fuerza de todos\",\"url\":\"https:\\\/\\\/www.ejercito.mil.uy\\\/\",\"logo\":{\"@type\":\"ImageObject\",\"url\":\"https:\\\/\\\/www.ejercito.mil.uy\\\/wp-content\\\/uploads\\\/2022\\\/01\\\/Escudo_EN_URUGUAY.png\",\"@id\":\"https:\\\/\\\/www.ejercito.mil.uy\\\/index.php\\\/2021\\\/10\\\/22\\\/actividades-vinculadas-a-la-preparacion-del-futuro-oficial-de-estado-mayor\\\/#organizationLogo\",\"width\":134,\"height\":119},\"image\":{\"@id\":\"https:\\\/\\\/www.ejercito.mil.uy\\\/index.php\\\/2021\\\/10\\\/22\\\/actividades-vinculadas-a-la-preparacion-del-futuro-oficial-de-estado-mayor\\\/#organizationLogo\"}},{\"@type\":\"Person\",\"@id\":\"https:\\\/\\\/www.ejercito.mil.uy\\\/index.php\\\/author\\\/acastro\\\/#author\",\"url\":\"https:\\\/\\\/www.ejercito.mil.uy\\\/index.php\\\/author\\\/acastro\\\/\",\"name\":\"Alejandro Castro\",\"image\":{\"@type\":\"ImageObject\",\"@id\":\"https:\\\/\\\/www.ejercito.mil.uy\\\/index.php\\\/2021\\\/10\\\/22\\\/actividades-vinculadas-a-la-preparacion-del-futuro-oficial-de-estado-mayor\\\/#authorImage\",\"url\":\"https:\\\/\\\/secure.gravatar.com\\\/avatar\\\/89bb77d4bf696501dd94ca89e6794e1787eaffba7c7197528d249e15bd099f68?s=96&d=mm&r=g\",\"width\":96,\"height\":96,\"caption\":\"Alejandro Castro\"}},{\"@type\":\"WebPage\",\"@id\":\"https:\\\/\\\/www.ejercito.mil.uy\\\/index.php\\\/2021\\\/10\\\/22\\\/actividades-vinculadas-a-la-preparacion-del-futuro-oficial-de-estado-mayor\\\/#webpage\",\"url\":\"https:\\\/\\\/www.ejercito.mil.uy\\\/index.php\\\/2021\\\/10\\\/22\\\/actividades-vinculadas-a-la-preparacion-del-futuro-oficial-de-estado-mayor\\\/\",\"name\":\"Actividades vinculadas a la preparaci\\u00f3n del futuro Oficial de Estado Mayor - Ej\\u00e9rcito Nacional\",\"description\":\"22.10.2021 - En el marco de las actividades vinculadas a la preparaci\\u00f3n del futuro Oficial de Estado Mayor, entre los d\\u00edas 13 y 17 de setiembre, instructores y alumnos del Curso de Estado Mayor del Instituto Militar de Estudios Superiores, entre ellos integrantes del Ej\\u00e9rcito Brasileiro y de la Armada Mexicana, participaron del viaje de orientaci\\u00f3n.\",\"inLanguage\":\"es-UY\",\"isPartOf\":{\"@id\":\"https:\\\/\\\/www.ejercito.mil.uy\\\/#website\"},\"breadcrumb\":{\"@id\":\"https:\\\/\\\/www.ejercito.mil.uy\\\/index.php\\\/2021\\\/10\\\/22\\\/actividades-vinculadas-a-la-preparacion-del-futuro-oficial-de-estado-mayor\\\/#breadcrumblist\"},\"author\":{\"@id\":\"https:\\\/\\\/www.ejercito.mil.uy\\\/index.php\\\/author\\\/acastro\\\/#author\"},\"creator\":{\"@id\":\"https:\\\/\\\/www.ejercito.mil.uy\\\/index.php\\\/author\\\/acastro\\\/#author\"},\"image\":{\"@type\":\"ImageObject\",\"url\":\"https:\\\/\\\/www.ejercito.mil.uy\\\/wp-content\\\/uploads\\\/2021\\\/10\\\/2021-10-21-Curso-de-Estado-Mayor-IMES-visita-sitio-de-la-Batalla-de-Manantiales1.jpg\",\"@id\":\"https:\\\/\\\/www.ejercito.mil.uy\\\/index.php\\\/2021\\\/10\\\/22\\\/actividades-vinculadas-a-la-preparacion-del-futuro-oficial-de-estado-mayor\\\/#mainImage\",\"width\":1200,\"height\":800},\"primaryImageOfPage\":{\"@id\":\"https:\\\/\\\/www.ejercito.mil.uy\\\/index.php\\\/2021\\\/10\\\/22\\\/actividades-vinculadas-a-la-preparacion-del-futuro-oficial-de-estado-mayor\\\/#mainImage\"},\"datePublished\":\"2021-10-22T19:00:00-03:00\",\"dateModified\":\"2021-10-25T14:56:18-03:00\"},{\"@type\":\"WebSite\",\"@id\":\"https:\\\/\\\/www.ejercito.mil.uy\\\/#website\",\"url\":\"https:\\\/\\\/www.ejercito.mil.uy\\\/\",\"name\":\"Ej\\u00e9rcito Nacional\",\"description\":\"La Fuerza de todos\",\"inLanguage\":\"es-UY\",\"publisher\":{\"@id\":\"https:\\\/\\\/www.ejercito.mil.uy\\\/#organization\"}}]}\n\t\t<\/script>\n\t\t<!-- All in One SEO -->\n\n","aioseo_head_json":{"title":"Actividades vinculadas a la preparaci\u00f3n del futuro Oficial de Estado Mayor - Ej\u00e9rcito Nacional","description":"22.10.2021 - En el marco de las actividades vinculadas a la preparaci\u00f3n del futuro Oficial de Estado Mayor, entre los d\u00edas 13 y 17 de setiembre, instructores y alumnos del Curso de Estado Mayor del Instituto Militar de Estudios Superiores, entre ellos integrantes del Ej\u00e9rcito Brasileiro y de la Armada Mexicana, participaron del viaje de orientaci\u00f3n.","canonical_url":"https:\/\/www.ejercito.mil.uy\/index.php\/2021\/10\/22\/actividades-vinculadas-a-la-preparacion-del-futuro-oficial-de-estado-mayor\/","robots":"max-image-preview:large","keywords":"","webmasterTools":{"miscellaneous":""},"schema":{"@context":"https:\/\/schema.org","@graph":[{"@type":"BlogPosting","@id":"https:\/\/www.ejercito.mil.uy\/index.php\/2021\/10\/22\/actividades-vinculadas-a-la-preparacion-del-futuro-oficial-de-estado-mayor\/#blogposting","name":"Actividades vinculadas a la preparaci\u00f3n del futuro Oficial de Estado Mayor - Ej\u00e9rcito Nacional","headline":"Actividades vinculadas a la preparaci\u00f3n del futuro Oficial de Estado Mayor","author":{"@id":"https:\/\/www.ejercito.mil.uy\/index.php\/author\/acastro\/#author"},"publisher":{"@id":"https:\/\/www.ejercito.mil.uy\/#organization"},"image":{"@type":"ImageObject","url":"https:\/\/www.ejercito.mil.uy\/wp-content\/uploads\/2021\/10\/2021-10-21-Curso-de-Estado-Mayor-IMES-visita-sitio-de-la-Batalla-de-Manantiales1.jpg","width":1200,"height":800},"datePublished":"2021-10-22T19:00:00-03:00","dateModified":"2021-10-25T14:56:18-03:00","inLanguage":"es-UY","mainEntityOfPage":{"@id":"https:\/\/www.ejercito.mil.uy\/index.php\/2021\/10\/22\/actividades-vinculadas-a-la-preparacion-del-futuro-oficial-de-estado-mayor\/#webpage"},"isPartOf":{"@id":"https:\/\/www.ejercito.mil.uy\/index.php\/2021\/10\/22\/actividades-vinculadas-a-la-preparacion-del-futuro-oficial-de-estado-mayor\/#webpage"},"articleSection":"Blog, Noticias"},{"@type":"BreadcrumbList","@id":"https:\/\/www.ejercito.mil.uy\/index.php\/2021\/10\/22\/actividades-vinculadas-a-la-preparacion-del-futuro-oficial-de-estado-mayor\/#breadcrumblist","itemListElement":[{"@type":"ListItem","@id":"https:\/\/www.ejercito.mil.uy#listItem","position":1,"name":"Home","item":"https:\/\/www.ejercito.mil.uy","nextItem":{"@type":"ListItem","@id":"https:\/\/www.ejercito.mil.uy\/index.php\/category\/destacados\/#listItem","name":"Destacados"}},{"@type":"ListItem","@id":"https:\/\/www.ejercito.mil.uy\/index.php\/category\/destacados\/#listItem","position":2,"name":"Destacados","item":"https:\/\/www.ejercito.mil.uy\/index.php\/category\/destacados\/","nextItem":{"@type":"ListItem","@id":"https:\/\/www.ejercito.mil.uy\/index.php\/category\/destacados\/noticias\/#listItem","name":"Noticias"},"previousItem":{"@type":"ListItem","@id":"https:\/\/www.ejercito.mil.uy#listItem","name":"Home"}},{"@type":"ListItem","@id":"https:\/\/www.ejercito.mil.uy\/index.php\/category\/destacados\/noticias\/#listItem","position":3,"name":"Noticias","item":"https:\/\/www.ejercito.mil.uy\/index.php\/category\/destacados\/noticias\/","nextItem":{"@type":"ListItem","@id":"https:\/\/www.ejercito.mil.uy\/index.php\/2021\/10\/22\/actividades-vinculadas-a-la-preparacion-del-futuro-oficial-de-estado-mayor\/#listItem","name":"Actividades vinculadas a la preparaci\u00f3n del futuro Oficial de Estado Mayor"},"previousItem":{"@type":"ListItem","@id":"https:\/\/www.ejercito.mil.uy\/index.php\/category\/destacados\/#listItem","name":"Destacados"}},{"@type":"ListItem","@id":"https:\/\/www.ejercito.mil.uy\/index.php\/2021\/10\/22\/actividades-vinculadas-a-la-preparacion-del-futuro-oficial-de-estado-mayor\/#listItem","position":4,"name":"Actividades vinculadas a la preparaci\u00f3n del futuro Oficial de Estado Mayor","previousItem":{"@type":"ListItem","@id":"https:\/\/www.ejercito.mil.uy\/index.php\/category\/destacados\/noticias\/#listItem","name":"Noticias"}}]},{"@type":"Organization","@id":"https:\/\/www.ejercito.mil.uy\/#organization","name":"Ej\u00e9rcito Nacional","description":"La Fuerza de todos","url":"https:\/\/www.ejercito.mil.uy\/","logo":{"@type":"ImageObject","url":"https:\/\/www.ejercito.mil.uy\/wp-content\/uploads\/2022\/01\/Escudo_EN_URUGUAY.png","@id":"https:\/\/www.ejercito.mil.uy\/index.php\/2021\/10\/22\/actividades-vinculadas-a-la-preparacion-del-futuro-oficial-de-estado-mayor\/#organizationLogo","width":134,"height":119},"image":{"@id":"https:\/\/www.ejercito.mil.uy\/index.php\/2021\/10\/22\/actividades-vinculadas-a-la-preparacion-del-futuro-oficial-de-estado-mayor\/#organizationLogo"}},{"@type":"Person","@id":"https:\/\/www.ejercito.mil.uy\/index.php\/author\/acastro\/#author","url":"https:\/\/www.ejercito.mil.uy\/index.php\/author\/acastro\/","name":"Alejandro Castro","image":{"@type":"ImageObject","@id":"https:\/\/www.ejercito.mil.uy\/index.php\/2021\/10\/22\/actividades-vinculadas-a-la-preparacion-del-futuro-oficial-de-estado-mayor\/#authorImage","url":"https:\/\/secure.gravatar.com\/avatar\/89bb77d4bf696501dd94ca89e6794e1787eaffba7c7197528d249e15bd099f68?s=96&d=mm&r=g","width":96,"height":96,"caption":"Alejandro Castro"}},{"@type":"WebPage","@id":"https:\/\/www.ejercito.mil.uy\/index.php\/2021\/10\/22\/actividades-vinculadas-a-la-preparacion-del-futuro-oficial-de-estado-mayor\/#webpage","url":"https:\/\/www.ejercito.mil.uy\/index.php\/2021\/10\/22\/actividades-vinculadas-a-la-preparacion-del-futuro-oficial-de-estado-mayor\/","name":"Actividades vinculadas a la preparaci\u00f3n del futuro Oficial de Estado Mayor - Ej\u00e9rcito Nacional","description":"22.10.2021 - En el marco de las actividades vinculadas a la preparaci\u00f3n del futuro Oficial de Estado Mayor, entre los d\u00edas 13 y 17 de setiembre, instructores y alumnos del Curso de Estado Mayor del Instituto Militar de Estudios Superiores, entre ellos integrantes del Ej\u00e9rcito Brasileiro y de la Armada Mexicana, participaron del viaje de orientaci\u00f3n.","inLanguage":"es-UY","isPartOf":{"@id":"https:\/\/www.ejercito.mil.uy\/#website"},"breadcrumb":{"@id":"https:\/\/www.ejercito.mil.uy\/index.php\/2021\/10\/22\/actividades-vinculadas-a-la-preparacion-del-futuro-oficial-de-estado-mayor\/#breadcrumblist"},"author":{"@id":"https:\/\/www.ejercito.mil.uy\/index.php\/author\/acastro\/#author"},"creator":{"@id":"https:\/\/www.ejercito.mil.uy\/index.php\/author\/acastro\/#author"},"image":{"@type":"ImageObject","url":"https:\/\/www.ejercito.mil.uy\/wp-content\/uploads\/2021\/10\/2021-10-21-Curso-de-Estado-Mayor-IMES-visita-sitio-de-la-Batalla-de-Manantiales1.jpg","@id":"https:\/\/www.ejercito.mil.uy\/index.php\/2021\/10\/22\/actividades-vinculadas-a-la-preparacion-del-futuro-oficial-de-estado-mayor\/#mainImage","width":1200,"height":800},"primaryImageOfPage":{"@id":"https:\/\/www.ejercito.mil.uy\/index.php\/2021\/10\/22\/actividades-vinculadas-a-la-preparacion-del-futuro-oficial-de-estado-mayor\/#mainImage"},"datePublished":"2021-10-22T19:00:00-03:00","dateModified":"2021-10-25T14:56:18-03:00"},{"@type":"WebSite","@id":"https:\/\/www.ejercito.mil.uy\/#website","url":"https:\/\/www.ejercito.mil.uy\/","name":"Ej\u00e9rcito Nacional","description":"La Fuerza de todos","inLanguage":"es-UY","publisher":{"@id":"https:\/\/www.ejercito.mil.uy\/#organization"}}]},"og:locale":"es_ES","og:site_name":"Ej\u00e9rcito Nacional - La Fuerza de todos","og:type":"article","og:title":"Actividades vinculadas a la preparaci\u00f3n del futuro Oficial de Estado Mayor - Ej\u00e9rcito Nacional","og:description":"22.10.2021 - En el marco de las actividades vinculadas a la preparaci\u00f3n del futuro Oficial de Estado Mayor, entre los d\u00edas 13 y 17 de setiembre, instructores y alumnos del Curso de Estado Mayor del Instituto Militar de Estudios Superiores, entre ellos integrantes del Ej\u00e9rcito Brasileiro y de la Armada Mexicana, participaron del viaje de orientaci\u00f3n.","og:url":"https:\/\/www.ejercito.mil.uy\/index.php\/2021\/10\/22\/actividades-vinculadas-a-la-preparacion-del-futuro-oficial-de-estado-mayor\/","og:image":"https:\/\/www.ejercito.mil.uy\/wp-content\/uploads\/2022\/01\/Escudo_EN_URUGUAY.png","og:image:secure_url":"https:\/\/www.ejercito.mil.uy\/wp-content\/uploads\/2022\/01\/Escudo_EN_URUGUAY.png","og:image:width":134,"og:image:height":119,"article:published_time":"2021-10-22T22:00:00+00:00","article:modified_time":"2021-10-25T17:56:18+00:00","twitter:card":"summary_large_image","twitter:title":"Actividades vinculadas a la preparaci\u00f3n del futuro Oficial de Estado Mayor - Ej\u00e9rcito Nacional","twitter:description":"22.10.2021 - En el marco de las actividades vinculadas a la preparaci\u00f3n del futuro Oficial de Estado Mayor, entre los d\u00edas 13 y 17 de setiembre, instructores y alumnos del Curso de Estado Mayor del Instituto Militar de Estudios Superiores, entre ellos integrantes del Ej\u00e9rcito Brasileiro y de la Armada Mexicana, participaron del viaje de orientaci\u00f3n.","twitter:image":"https:\/\/www.ejercito.mil.uy\/wp-content\/uploads\/2022\/01\/Escudo_EN_URUGUAY.png"},"aioseo_meta_data":{"post_id":"7460","title":null,"description":null,"keywords":null,"keyphrases":null,"primary_term":null,"canonical_url":null,"og_title":null,"og_description":null,"og_object_type":"default","og_image_type":"default","og_image_url":null,"og_image_width":null,"og_image_height":null,"og_image_custom_url":null,"og_image_custom_fields":null,"og_video":null,"og_custom_url":null,"og_article_section":null,"og_article_tags":null,"twitter_use_og":false,"twitter_card":"default","twitter_image_type":"default","twitter_image_url":null,"twitter_image_custom_url":null,"twitter_image_custom_fields":null,"twitter_title":null,"twitter_description":null,"schema":{"blockGraphs":[],"customGraphs":[],"default":{"data":{"Article":[],"Course":[],"Dataset":[],"FAQPage":[],"Movie":[],"Person":[],"Product":[],"ProductReview":[],"Car":[],"Recipe":[],"Service":[],"SoftwareApplication":[],"WebPage":[]},"graphName":"","isEnabled":true},"graphs":[]},"schema_type":"default","schema_type_options":null,"pillar_content":false,"robots_default":true,"robots_noindex":false,"robots_noarchive":false,"robots_nosnippet":false,"robots_nofollow":false,"robots_noimageindex":false,"robots_noodp":false,"robots_notranslate":false,"robots_max_snippet":null,"robots_max_videopreview":null,"robots_max_imagepreview":"large","priority":null,"frequency":null,"local_seo":null,"breadcrumb_settings":null,"limit_modified_date":false,"ai":null,"created":"2025-08-30 02:22:40","updated":"2025-08-30 02:22:40","seo_analyzer_scan_date":null,"focus_keyword":null,"additional_keywords":null,"truseo_locale":null},"aioseo_breadcrumb":"<div class=\"aioseo-breadcrumbs\"><span class=\"aioseo-breadcrumb\">\n\t\t\t<a href=\"https:\/\/www.ejercito.mil.uy\" title=\"Home\">Home<\/a>\n\t\t<\/span><span class=\"aioseo-breadcrumb-separator\">&raquo;<\/span><span class=\"aioseo-breadcrumb\">\n\t\t\t<a href=\"https:\/\/www.ejercito.mil.uy\/index.php\/category\/destacados\/\" title=\"Destacados\">Destacados<\/a>\n\t\t<\/span><span class=\"aioseo-breadcrumb-separator\">&raquo;<\/span><span class=\"aioseo-breadcrumb\">\n\t\t\t<a href=\"https:\/\/www.ejercito.mil.uy\/index.php\/category\/destacados\/noticias\/\" title=\"Noticias\">Noticias<\/a>\n\t\t<\/span><span class=\"aioseo-breadcrumb-separator\">&raquo;<\/span><span class=\"aioseo-breadcrumb\">\n\t\t\tActividades vinculadas a la preparaci\u00f3n del futuro Oficial de Estado Mayor\n\t\t<\/span><\/div>","aioseo_breadcrumb_json":[{"label":"Home","link":"https:\/\/www.ejercito.mil.uy"},{"label":"Destacados","link":"https:\/\/www.ejercito.mil.uy\/index.php\/category\/destacados\/"},{"label":"Noticias","link":"https:\/\/www.ejercito.mil.uy\/index.php\/category\/destacados\/noticias\/"},{"label":"Actividades vinculadas a la preparaci\u00f3n del futuro Oficial de Estado Mayor","link":"https:\/\/www.ejercito.mil.uy\/index.php\/2021\/10\/22\/actividades-vinculadas-a-la-preparacion-del-futuro-oficial-de-estado-mayor\/"}],"_links":{"self":[{"href":"https:\/\/www.ejercito.mil.uy\/index.php\/wp-json\/wp\/v2\/posts\/7460","targetHints":{"allow":["GET"]}}],"collection":[{"href":"https:\/\/www.ejercito.mil.uy\/index.php\/wp-json\/wp\/v2\/posts"}],"about":[{"href":"https:\/\/www.ejercito.mil.uy\/index.php\/wp-json\/wp\/v2\/types\/post"}],"author":[{"embeddable":true,"href":"https:\/\/www.ejercito.mil.uy\/index.php\/wp-json\/wp\/v2\/users\/4"}],"replies":[{"embeddable":true,"href":"https:\/\/www.ejercito.mil.uy\/index.php\/wp-json\/wp\/v2\/comments?post=7460"}],"version-history":[{"count":1,"href":"https:\/\/www.ejercito.mil.uy\/index.php\/wp-json\/wp\/v2\/posts\/7460\/revisions"}],"predecessor-version":[{"id":7477,"href":"https:\/\/www.ejercito.mil.uy\/index.php\/wp-json\/wp\/v2\/posts\/7460\/revisions\/7477"}],"wp:featuredmedia":[{"embeddable":true,"href":"https:\/\/www.ejercito.mil.uy\/index.php\/wp-json\/wp\/v2\/media\/7464"}],"wp:attachment":[{"href":"https:\/\/www.ejercito.mil.uy\/index.php\/wp-json\/wp\/v2\/media?parent=7460"}],"wp:term":[{"taxonomy":"category","embeddable":true,"href":"https:\/\/www.ejercito.mil.uy\/index.php\/wp-json\/wp\/v2\/categories?post=7460"},{"taxonomy":"post_tag","embeddable":true,"href":"https:\/\/www.ejercito.mil.uy\/index.php\/wp-json\/wp\/v2\/tags?post=7460"}],"curies":[{"name":"wp","href":"https:\/\/api.w.org\/{rel}","templated":true}]}}