{"id":7685,"date":"2021-10-28T18:37:31","date_gmt":"2021-10-28T21:37:31","guid":{"rendered":"https:\/\/www.ejercito.mil.uy\/?p=7685"},"modified":"2021-10-29T08:48:09","modified_gmt":"2021-10-29T11:48:09","slug":"finalizo-el-8-curso-avanzado-de-jefe-y-sargento-de-seccion-de-reconocimiento","status":"publish","type":"post","link":"https:\/\/www.ejercito.mil.uy\/index.php\/2021\/10\/28\/finalizo-el-8-curso-avanzado-de-jefe-y-sargento-de-seccion-de-reconocimiento\/","title":{"rendered":"Finaliz\u00f3 el 8\u00b0 Curso Avanzado de Jefe y Sargento de Secci\u00f3n de Reconocimiento"},"content":{"rendered":"\n<div style=\"height:33px\" aria-hidden=\"true\" class=\"wp-block-spacer\"><\/div>\n\n\n\n<p style=\"font-size:14px\">28.10.2021 &#8211; Durazno<\/p>\n\n\n\n<div style=\"height:24px\" aria-hidden=\"true\" class=\"wp-block-spacer\"><\/div>\n\n\n\n<p>Finaliz\u00f3 en el <a href=\"https:\/\/www.facebook.com\/Batall%C3%B3n-de-Infanter%C3%ADa-Blindado-N%C2%BA13-508257066003601\/?__cft__[0]=AZW7qgGAMUnPwHQcMwUhNxxkW3DJA9ODzwU1ZYi9ZdTph5twVVsE4fDtqf-VnYCjwtuePqarVhSL1JGD_QwAio8BcJ5g9QvuCXdfGGUG-7ctQgy4Z8dExAs1zr_X8hUS4RMzWZFgT7eD0F9epxms1MVz65sZLRc0V-iFYh63nDS5CRiITY4QfLCU5f6M7kW2oNE&amp;__tn__=kK-R\"><\/a><a rel=\"noreferrer noopener\" href=\"https:\/\/www.facebook.com\/Batall%C3%B3n-de-Infanter%C3%ADa-Blindado-N%C2%BA13-508257066003601\/?__cft__[0]=AZUt5sKnFASJSZqtecmOEGupQazQLk9LyPG2EaM-NuJPuf-4M8KFiRuBgv7IKr-LYGmcZFh2Cu9WdGId_Hli_nU4ttVk-U6lhjwvhbZ1PrSeyk3vWPEmdZA-CZ1-YuUi9erfn5vjE0fOSF5XYsRSj1BiCKiWu2oVfM2t3MQjZpmULP7sHcvBIA_3rSXFx4cEdak&amp;__tn__=kK-R\" target=\"_blank\"><strong>Batall\u00f3n de Infanter\u00eda Blindado N\u00ba 13<\/strong><\/a>, el <strong>8\u00b0 Curso Avanzado de Jefe y Sargento de Secci\u00f3n de Reconocimiento<\/strong>, que cont\u00f3 con la participaci\u00f3n de 13 alumnos, oficiales y suboficiales del Arma de Infanter\u00eda.<\/p>\n\n\n\n<div style=\"height:33px\" aria-hidden=\"true\" class=\"wp-block-spacer\"><\/div>\n\n\n\n<p>Esta especialidad, que exige un alto nivel t\u00e9cnico es de vital importancia para las Unidades de Infanter\u00eda, ya que las tropas de la Secci\u00f3n de Reconocimiento son los \u00abojos y o\u00eddos\u00bb de los batallones.<\/p>\n\n\n\n<div style=\"height:33px\" aria-hidden=\"true\" class=\"wp-block-spacer\"><\/div>\n\n\n\n<figure class=\"wp-block-image size-large\"><img fetchpriority=\"high\" decoding=\"async\" width=\"1024\" height=\"683\" src=\"https:\/\/www.ejercito.mil.uy\/wp-content\/uploads\/2021\/10\/Sargento-10-1-1024x683.jpg\" alt=\"\" class=\"wp-image-7702\" srcset=\"https:\/\/www.ejercito.mil.uy\/wp-content\/uploads\/2021\/10\/Sargento-10-1-1024x683.jpg 1024w, https:\/\/www.ejercito.mil.uy\/wp-content\/uploads\/2021\/10\/Sargento-10-1-300x200.jpg 300w, https:\/\/www.ejercito.mil.uy\/wp-content\/uploads\/2021\/10\/Sargento-10-1.jpg 1200w\" sizes=\"(max-width: 1024px) 100vw, 1024px\" \/><\/figure>\n\n\n\n<div style=\"height:33px\" aria-hidden=\"true\" class=\"wp-block-spacer\"><\/div>\n\n\n\n<p>En coordinaci\u00f3n con la <a href=\"https:\/\/www.facebook.com\/fau.mil.uy\/?__cft__[0]=AZW7qgGAMUnPwHQcMwUhNxxkW3DJA9ODzwU1ZYi9ZdTph5twVVsE4fDtqf-VnYCjwtuePqarVhSL1JGD_QwAio8BcJ5g9QvuCXdfGGUG-7ctQgy4Z8dExAs1zr_X8hUS4RMzWZFgT7eD0F9epxms1MVz65sZLRc0V-iFYh63nDS5CRiITY4QfLCU5f6M7kW2oNE&amp;__tn__=kK-R\" target=\"_blank\" rel=\"noreferrer noopener\"><strong>Fuerza A\u00e9rea Uruguaya<\/strong><\/a> se realizaron reconocimientos a\u00e9reos utilizando distintos medios: <strong>Cessna U-206 H \u00abStationair\u00bb<\/strong>, <strong>helic\u00f3ptero Bell UH-1H<\/strong> y aeronaves no tripuladas. Por otra parte, el <strong>Batall\u00f3n \u00abRinc\u00f3n\u00bb de Infanter\u00eda Mecanizado N\u00b0 9<\/strong> puso a disposici\u00f3n de la instrucci\u00f3n sus botes Zodiac.<\/p>\n\n\n\n<div style=\"height:33px\" aria-hidden=\"true\" class=\"wp-block-spacer\"><\/div>\n\n\n\n<p><strong>\u00a1Felicitaciones camaradas!<\/strong><\/p>\n\n\n\n<div style=\"height:55px\" aria-hidden=\"true\" class=\"wp-block-spacer\"><\/div>\n\n\n\n<div class=\"wp-block-coblocks-gallery-carousel\"><div class=\"is-cropped coblocks-gallery has-no-alignment has-caption-style-dark has-horizontal-gutter has-lightbox\"><div class=\"has-carousel has-carousel-lrg\" style=\"height:400px\" data-flickity=\"{&quot;autoPlay&quot;:false,&quot;draggable&quot;:true,&quot;pageDots&quot;:false,&quot;prevNextButtons&quot;:true,&quot;wrapAround&quot;:true,&quot;cellAlign&quot;:&quot;center&quot;,&quot;pauseAutoPlayOnHover&quot;:false,&quot;freeScroll&quot;:true,&quot;arrowShape&quot;:{&quot;x0&quot;:10,&quot;x1&quot;:60,&quot;y1&quot;:50,&quot;x2&quot;:65,&quot;y2&quot;:45,&quot;x3&quot;:20},&quot;thumbnails&quot;:false,&quot;responsiveHeight&quot;:false}\"><div class=\"coblocks-gallery--item\"><figure class=\"coblocks-gallery--figure has-margin-left-10 has-margin-left-mobile-5 has-margin-right-10 has-margin-right-mobile-5\"><img decoding=\"async\" width=\"1024\" height=\"683\" src=\"https:\/\/www.ejercito.mil.uy\/wp-content\/uploads\/2021\/10\/Sargento-16-1024x683.jpg\" alt=\"\" data-id=\"7701\" data-link=\"https:\/\/www.ejercito.mil.uy\/?attachment_id=7701\" class=\"wp-image-7701\" srcset=\"https:\/\/www.ejercito.mil.uy\/wp-content\/uploads\/2021\/10\/Sargento-16-1024x683.jpg 1024w, https:\/\/www.ejercito.mil.uy\/wp-content\/uploads\/2021\/10\/Sargento-16-300x200.jpg 300w, https:\/\/www.ejercito.mil.uy\/wp-content\/uploads\/2021\/10\/Sargento-16.jpg 1200w\" sizes=\"(max-width: 1024px) 100vw, 1024px\" \/><\/figure><\/div><div class=\"coblocks-gallery--item\"><figure class=\"coblocks-gallery--figure has-margin-left-10 has-margin-left-mobile-5 has-margin-right-10 has-margin-right-mobile-5\"><img decoding=\"async\" width=\"1024\" height=\"683\" src=\"https:\/\/www.ejercito.mil.uy\/wp-content\/uploads\/2021\/10\/Sargento-9-1024x683.jpg\" alt=\"\" data-id=\"7694\" data-link=\"https:\/\/www.ejercito.mil.uy\/?attachment_id=7694\" class=\"wp-image-7694\" srcset=\"https:\/\/www.ejercito.mil.uy\/wp-content\/uploads\/2021\/10\/Sargento-9-1024x683.jpg 1024w, https:\/\/www.ejercito.mil.uy\/wp-content\/uploads\/2021\/10\/Sargento-9-300x200.jpg 300w, https:\/\/www.ejercito.mil.uy\/wp-content\/uploads\/2021\/10\/Sargento-9.jpg 1200w\" sizes=\"(max-width: 1024px) 100vw, 1024px\" \/><\/figure><\/div><div class=\"coblocks-gallery--item\"><figure class=\"coblocks-gallery--figure has-margin-left-10 has-margin-left-mobile-5 has-margin-right-10 has-margin-right-mobile-5\"><img loading=\"lazy\" decoding=\"async\" width=\"1024\" height=\"683\" src=\"https:\/\/www.ejercito.mil.uy\/wp-content\/uploads\/2021\/10\/Sargento-7-1024x683.jpg\" alt=\"\" data-id=\"7692\" data-link=\"https:\/\/www.ejercito.mil.uy\/?attachment_id=7692\" class=\"wp-image-7692\" srcset=\"https:\/\/www.ejercito.mil.uy\/wp-content\/uploads\/2021\/10\/Sargento-7-1024x683.jpg 1024w, https:\/\/www.ejercito.mil.uy\/wp-content\/uploads\/2021\/10\/Sargento-7-300x200.jpg 300w, https:\/\/www.ejercito.mil.uy\/wp-content\/uploads\/2021\/10\/Sargento-7.jpg 1200w\" sizes=\"(max-width: 1024px) 100vw, 1024px\" \/><\/figure><\/div><div class=\"coblocks-gallery--item\"><figure class=\"coblocks-gallery--figure has-margin-left-10 has-margin-left-mobile-5 has-margin-right-10 has-margin-right-mobile-5\"><img loading=\"lazy\" decoding=\"async\" width=\"1024\" height=\"683\" src=\"https:\/\/www.ejercito.mil.uy\/wp-content\/uploads\/2021\/10\/Sargento-6-1024x683.jpg\" alt=\"\" data-id=\"7691\" data-link=\"https:\/\/www.ejercito.mil.uy\/?attachment_id=7691\" class=\"wp-image-7691\" srcset=\"https:\/\/www.ejercito.mil.uy\/wp-content\/uploads\/2021\/10\/Sargento-6-1024x683.jpg 1024w, https:\/\/www.ejercito.mil.uy\/wp-content\/uploads\/2021\/10\/Sargento-6-300x200.jpg 300w, https:\/\/www.ejercito.mil.uy\/wp-content\/uploads\/2021\/10\/Sargento-6.jpg 1200w\" sizes=\"(max-width: 1024px) 100vw, 1024px\" \/><\/figure><\/div><div class=\"coblocks-gallery--item\"><figure class=\"coblocks-gallery--figure has-margin-left-10 has-margin-left-mobile-5 has-margin-right-10 has-margin-right-mobile-5\"><img loading=\"lazy\" decoding=\"async\" width=\"1024\" height=\"683\" src=\"https:\/\/www.ejercito.mil.uy\/wp-content\/uploads\/2021\/10\/Sargento-1-1024x683.jpg\" alt=\"\" data-id=\"7687\" data-link=\"https:\/\/www.ejercito.mil.uy\/?attachment_id=7687\" class=\"wp-image-7687\" srcset=\"https:\/\/www.ejercito.mil.uy\/wp-content\/uploads\/2021\/10\/Sargento-1-1024x683.jpg 1024w, https:\/\/www.ejercito.mil.uy\/wp-content\/uploads\/2021\/10\/Sargento-1-300x200.jpg 300w, https:\/\/www.ejercito.mil.uy\/wp-content\/uploads\/2021\/10\/Sargento-1.jpg 1200w\" sizes=\"(max-width: 1024px) 100vw, 1024px\" \/><\/figure><\/div><div class=\"coblocks-gallery--item\"><figure class=\"coblocks-gallery--figure has-margin-left-10 has-margin-left-mobile-5 has-margin-right-10 has-margin-right-mobile-5\"><img loading=\"lazy\" decoding=\"async\" width=\"1024\" height=\"683\" src=\"https:\/\/www.ejercito.mil.uy\/wp-content\/uploads\/2021\/10\/Sargento-13-1024x683.jpg\" alt=\"\" data-id=\"7698\" data-link=\"https:\/\/www.ejercito.mil.uy\/?attachment_id=7698\" class=\"wp-image-7698\" srcset=\"https:\/\/www.ejercito.mil.uy\/wp-content\/uploads\/2021\/10\/Sargento-13-1024x683.jpg 1024w, https:\/\/www.ejercito.mil.uy\/wp-content\/uploads\/2021\/10\/Sargento-13-300x200.jpg 300w, https:\/\/www.ejercito.mil.uy\/wp-content\/uploads\/2021\/10\/Sargento-13.jpg 1200w\" sizes=\"(max-width: 1024px) 100vw, 1024px\" \/><\/figure><\/div><div class=\"coblocks-gallery--item\"><figure class=\"coblocks-gallery--figure has-margin-left-10 has-margin-left-mobile-5 has-margin-right-10 has-margin-right-mobile-5\"><img loading=\"lazy\" decoding=\"async\" width=\"1024\" height=\"683\" src=\"https:\/\/www.ejercito.mil.uy\/wp-content\/uploads\/2021\/10\/Sargento-14-1024x683.jpg\" alt=\"\" data-id=\"7699\" data-link=\"https:\/\/www.ejercito.mil.uy\/?attachment_id=7699\" class=\"wp-image-7699\" srcset=\"https:\/\/www.ejercito.mil.uy\/wp-content\/uploads\/2021\/10\/Sargento-14-1024x683.jpg 1024w, https:\/\/www.ejercito.mil.uy\/wp-content\/uploads\/2021\/10\/Sargento-14-300x200.jpg 300w, https:\/\/www.ejercito.mil.uy\/wp-content\/uploads\/2021\/10\/Sargento-14.jpg 1200w\" sizes=\"(max-width: 1024px) 100vw, 1024px\" \/><\/figure><\/div><div class=\"coblocks-gallery--item\"><figure class=\"coblocks-gallery--figure has-margin-left-10 has-margin-left-mobile-5 has-margin-right-10 has-margin-right-mobile-5\"><img loading=\"lazy\" decoding=\"async\" width=\"1024\" height=\"683\" src=\"https:\/\/www.ejercito.mil.uy\/wp-content\/uploads\/2021\/10\/Sargento-2-1024x683.jpg\" alt=\"\" data-id=\"7688\" data-link=\"https:\/\/www.ejercito.mil.uy\/?attachment_id=7688\" class=\"wp-image-7688\" srcset=\"https:\/\/www.ejercito.mil.uy\/wp-content\/uploads\/2021\/10\/Sargento-2-1024x683.jpg 1024w, https:\/\/www.ejercito.mil.uy\/wp-content\/uploads\/2021\/10\/Sargento-2-300x200.jpg 300w, https:\/\/www.ejercito.mil.uy\/wp-content\/uploads\/2021\/10\/Sargento-2.jpg 1200w\" sizes=\"(max-width: 1024px) 100vw, 1024px\" \/><\/figure><\/div><div class=\"coblocks-gallery--item\"><figure class=\"coblocks-gallery--figure has-margin-left-10 has-margin-left-mobile-5 has-margin-right-10 has-margin-right-mobile-5\"><img loading=\"lazy\" decoding=\"async\" width=\"1024\" height=\"683\" src=\"https:\/\/www.ejercito.mil.uy\/wp-content\/uploads\/2021\/10\/Sargento-3-1024x683.jpg\" alt=\"\" data-id=\"7689\" data-link=\"https:\/\/www.ejercito.mil.uy\/?attachment_id=7689\" class=\"wp-image-7689\" srcset=\"https:\/\/www.ejercito.mil.uy\/wp-content\/uploads\/2021\/10\/Sargento-3-1024x683.jpg 1024w, https:\/\/www.ejercito.mil.uy\/wp-content\/uploads\/2021\/10\/Sargento-3-300x200.jpg 300w, https:\/\/www.ejercito.mil.uy\/wp-content\/uploads\/2021\/10\/Sargento-3.jpg 1200w\" sizes=\"(max-width: 1024px) 100vw, 1024px\" \/><\/figure><\/div><div class=\"coblocks-gallery--item\"><figure class=\"coblocks-gallery--figure has-margin-left-10 has-margin-left-mobile-5 has-margin-right-10 has-margin-right-mobile-5\"><img loading=\"lazy\" decoding=\"async\" width=\"1024\" height=\"683\" src=\"https:\/\/www.ejercito.mil.uy\/wp-content\/uploads\/2021\/10\/Sargento-5-1024x683.jpg\" alt=\"\" data-id=\"7690\" data-link=\"https:\/\/www.ejercito.mil.uy\/?attachment_id=7690\" class=\"wp-image-7690\" srcset=\"https:\/\/www.ejercito.mil.uy\/wp-content\/uploads\/2021\/10\/Sargento-5-1024x683.jpg 1024w, https:\/\/www.ejercito.mil.uy\/wp-content\/uploads\/2021\/10\/Sargento-5-300x200.jpg 300w, https:\/\/www.ejercito.mil.uy\/wp-content\/uploads\/2021\/10\/Sargento-5.jpg 1200w\" sizes=\"(max-width: 1024px) 100vw, 1024px\" \/><\/figure><\/div><div class=\"coblocks-gallery--item\"><figure class=\"coblocks-gallery--figure has-margin-left-10 has-margin-left-mobile-5 has-margin-right-10 has-margin-right-mobile-5\"><img loading=\"lazy\" decoding=\"async\" width=\"1024\" height=\"683\" src=\"https:\/\/www.ejercito.mil.uy\/wp-content\/uploads\/2021\/10\/Sargento-12-1024x683.jpg\" alt=\"\" data-id=\"7697\" data-link=\"https:\/\/www.ejercito.mil.uy\/?attachment_id=7697\" class=\"wp-image-7697\" srcset=\"https:\/\/www.ejercito.mil.uy\/wp-content\/uploads\/2021\/10\/Sargento-12-1024x683.jpg 1024w, https:\/\/www.ejercito.mil.uy\/wp-content\/uploads\/2021\/10\/Sargento-12-300x200.jpg 300w, https:\/\/www.ejercito.mil.uy\/wp-content\/uploads\/2021\/10\/Sargento-12.jpg 1200w\" sizes=\"(max-width: 1024px) 100vw, 1024px\" \/><\/figure><\/div><div class=\"coblocks-gallery--item\"><figure class=\"coblocks-gallery--figure has-margin-left-10 has-margin-left-mobile-5 has-margin-right-10 has-margin-right-mobile-5\"><img loading=\"lazy\" decoding=\"async\" width=\"1024\" height=\"683\" src=\"https:\/\/www.ejercito.mil.uy\/wp-content\/uploads\/2021\/10\/Sargento-8-1024x683.jpg\" alt=\"\" data-id=\"7693\" data-link=\"https:\/\/www.ejercito.mil.uy\/?attachment_id=7693\" class=\"wp-image-7693\" srcset=\"https:\/\/www.ejercito.mil.uy\/wp-content\/uploads\/2021\/10\/Sargento-8-1024x683.jpg 1024w, https:\/\/www.ejercito.mil.uy\/wp-content\/uploads\/2021\/10\/Sargento-8-300x200.jpg 300w, https:\/\/www.ejercito.mil.uy\/wp-content\/uploads\/2021\/10\/Sargento-8.jpg 1200w\" sizes=\"(max-width: 1024px) 100vw, 1024px\" \/><\/figure><\/div><div class=\"coblocks-gallery--item\"><figure class=\"coblocks-gallery--figure has-margin-left-10 has-margin-left-mobile-5 has-margin-right-10 has-margin-right-mobile-5\"><img loading=\"lazy\" decoding=\"async\" width=\"1024\" height=\"683\" src=\"https:\/\/www.ejercito.mil.uy\/wp-content\/uploads\/2021\/10\/Sargento-11-1024x683.jpg\" alt=\"\" data-id=\"7696\" data-link=\"https:\/\/www.ejercito.mil.uy\/?attachment_id=7696\" class=\"wp-image-7696\" srcset=\"https:\/\/www.ejercito.mil.uy\/wp-content\/uploads\/2021\/10\/Sargento-11-1024x683.jpg 1024w, https:\/\/www.ejercito.mil.uy\/wp-content\/uploads\/2021\/10\/Sargento-11-300x200.jpg 300w, https:\/\/www.ejercito.mil.uy\/wp-content\/uploads\/2021\/10\/Sargento-11.jpg 1200w\" sizes=\"(max-width: 1024px) 100vw, 1024px\" \/><\/figure><\/div><div class=\"coblocks-gallery--item\"><figure class=\"coblocks-gallery--figure has-margin-left-10 has-margin-left-mobile-5 has-margin-right-10 has-margin-right-mobile-5\"><img loading=\"lazy\" decoding=\"async\" width=\"1024\" height=\"683\" src=\"https:\/\/www.ejercito.mil.uy\/wp-content\/uploads\/2021\/10\/Sargento-15-1024x683.jpg\" alt=\"\" data-id=\"7700\" data-link=\"https:\/\/www.ejercito.mil.uy\/?attachment_id=7700\" class=\"wp-image-7700\" srcset=\"https:\/\/www.ejercito.mil.uy\/wp-content\/uploads\/2021\/10\/Sargento-15-1024x683.jpg 1024w, https:\/\/www.ejercito.mil.uy\/wp-content\/uploads\/2021\/10\/Sargento-15-300x200.jpg 300w, https:\/\/www.ejercito.mil.uy\/wp-content\/uploads\/2021\/10\/Sargento-15.jpg 1200w\" sizes=\"(max-width: 1024px) 100vw, 1024px\" \/><\/figure><\/div><\/div><\/div><\/div>\n\n\n\n<div style=\"height:100px\" aria-hidden=\"true\" class=\"wp-block-spacer\"><\/div>\n\n\n\n<p><\/p>\n","protected":false},"excerpt":{"rendered":"<p>28.10.2021 &#8211; El curso cont\u00f3 con la participaci\u00f3n de 13 alumnos, oficiales y suboficiales del Arma de Infanter\u00eda.<\/p>\n","protected":false},"author":4,"featured_media":7703,"comment_status":"closed","ping_status":"open","sticky":false,"template":"","format":"standard","meta":{"_coblocks_attr":"","_coblocks_dimensions":"","_coblocks_responsive_height":"","_coblocks_accordion_ie_support":"","_monsterinsights_skip_tracking":false,"_monsterinsights_sitenote_active":false,"_monsterinsights_sitenote_note":"","_monsterinsights_sitenote_category":0,"_uf_show_specific_survey":0,"_uf_disable_surveys":false,"footnotes":""},"categories":[2,14],"tags":[120,70,35,71,13],"class_list":["post-7685","post","type-post","status-publish","format-standard","has-post-thumbnail","hentry","category-blog","category-noticias","tag-blindado","tag-curso","tag-entrenamiento","tag-infanteria","tag-instruccion"],"aioseo_notices":[],"_links":{"self":[{"href":"https:\/\/www.ejercito.mil.uy\/index.php\/wp-json\/wp\/v2\/posts\/7685","targetHints":{"allow":["GET"]}}],"collection":[{"href":"https:\/\/www.ejercito.mil.uy\/index.php\/wp-json\/wp\/v2\/posts"}],"about":[{"href":"https:\/\/www.ejercito.mil.uy\/index.php\/wp-json\/wp\/v2\/types\/post"}],"author":[{"embeddable":true,"href":"https:\/\/www.ejercito.mil.uy\/index.php\/wp-json\/wp\/v2\/users\/4"}],"replies":[{"embeddable":true,"href":"https:\/\/www.ejercito.mil.uy\/index.php\/wp-json\/wp\/v2\/comments?post=7685"}],"version-history":[{"count":2,"href":"https:\/\/www.ejercito.mil.uy\/index.php\/wp-json\/wp\/v2\/posts\/7685\/revisions"}],"predecessor-version":[{"id":7704,"href":"https:\/\/www.ejercito.mil.uy\/index.php\/wp-json\/wp\/v2\/posts\/7685\/revisions\/7704"}],"wp:featuredmedia":[{"embeddable":true,"href":"https:\/\/www.ejercito.mil.uy\/index.php\/wp-json\/wp\/v2\/media\/7703"}],"wp:attachment":[{"href":"https:\/\/www.ejercito.mil.uy\/index.php\/wp-json\/wp\/v2\/media?parent=7685"}],"wp:term":[{"taxonomy":"category","embeddable":true,"href":"https:\/\/www.ejercito.mil.uy\/index.php\/wp-json\/wp\/v2\/categories?post=7685"},{"taxonomy":"post_tag","embeddable":true,"href":"https:\/\/www.ejercito.mil.uy\/index.php\/wp-json\/wp\/v2\/tags?post=7685"}],"curies":[{"name":"wp","href":"https:\/\/api.w.org\/{rel}","templated":true}]}}