{"id":7740,"date":"2021-10-30T19:01:53","date_gmt":"2021-10-30T22:01:53","guid":{"rendered":"https:\/\/www.ejercito.mil.uy\/?p=7740"},"modified":"2021-10-31T09:19:00","modified_gmt":"2021-10-31T12:19:00","slug":"4o-curso-de-tirador-de-armas-de-vehiculo-blindado-de-tbp-mowag-grizzly-6x6","status":"publish","type":"post","link":"https:\/\/www.ejercito.mil.uy\/index.php\/2021\/10\/30\/4o-curso-de-tirador-de-armas-de-vehiculo-blindado-de-tbp-mowag-grizzly-6x6\/","title":{"rendered":"4\u00ba Curso de Tirador de Armas de Veh\u00edculo Blindado de TBP Mowag Grizzly 6&#215;6"},"content":{"rendered":"\n<p style=\"font-size:14px\">30.10.2021 &#8211; Treinta y Tres<\/p>\n\n\n\n<div style=\"height:24px\" aria-hidden=\"true\" class=\"wp-block-spacer\"><\/div>\n\n\n\n<p>Durante el 11 y 19 de octubre, se desarroll\u00f3 en el <a rel=\"noreferrer noopener\" href=\"https:\/\/www.facebook.com\/BatallondeInfateriaN10Uy\/?__cft__[0]=AZUkc53T54AZvhkQwHulg9ec8dMNiEUZCj5EToQD8oGYkuWWoYi1HE1MeDPKOUzxyNUG3pOxNG7IFWsuD95vCUIClP__OXXbY2wEZMJMVL3W-j8fk8uIGYkWA2-RgnkceDnCaI7_M0KTwWQRXf7R3Isf7H5divtOqQAEZQwF0h3AafpBo29oOKdIjoi1f_kGHyk&amp;__tn__=kK-R\" target=\"_blank\"><strong>Batall\u00f3n \u00abTreinta y Tres Orientales\u00bb de Infanter\u00eda Mecanizado N\u00ba 10<\/strong><\/a>, el <strong>4\u00ba Curso de Tirador de Armas de Veh\u00edculo Blindado de TBP Mowag Grizzly 6&#215;6<\/strong>, con la participaci\u00f3n de 12 alumnos (5 pertenecientes al <a href=\"https:\/\/www.facebook.com\/Batall%C3%B3n-General-Leonardo-Olivera-de-Infanteria-Mecanizado-Nro-12-317047078470716\/?__cft__[0]=AZVTJkAvRQ5nXfIyZGrTixVVpMkW2e0n1pM6xrs2UsJ1hcLKVeuAPEH7eiW5Zlu-Gbk6lY98H3bvP6xYXFnbKO_p0WkQvQx8_lss5EMVoVJA9G5jWKnP_w7nCMt5h32M0OTTYSqaY9rtJcTwVgb7L2PzKqekelC2QeRiHzzgz05fivxboKleFFwqPSTaxstPmeOjzFfgoZprRPULbtTSFuG0&amp;__tn__=kK-R\"><strong>Batall\u00f3n \u00abGral. Leonardo Olivera\u00bb de Infanter\u00eda Mecanizado N\u00ba 12<\/strong><\/a>).<\/p>\n\n\n\n<div style=\"height:33px\" aria-hidden=\"true\" class=\"wp-block-spacer\"><\/div>\n\n\n\n<p>El Curso cont\u00f3 con actividades te\u00f3ricas y pr\u00e1cticas propias de la Ocupaci\u00f3n Militar Especializada del Tirador de este tipo de veh\u00edculo, que fueron realizadas en el predio de la Unidad, \u00e1rea de instrucci\u00f3n y entrenamiento, finalizando con 2 jornadas y medias de tiro real en el campo de maniobras.<\/p>\n\n\n\n<div style=\"height:33px\" aria-hidden=\"true\" class=\"wp-block-spacer\"><\/div>\n\n\n\n<figure class=\"wp-block-video aligncenter\"><video autoplay controls src=\"https:\/\/www.ejercito.mil.uy\/wp-content\/uploads\/2021\/10\/mowag.mp4\"><\/video><figcaption>Video realizado por integrantes del <strong>Batall\u00f3n \u00abTreinta y Tres Orientales\u00bb de Infanter\u00eda Mecanizado N\u00ba 10<\/strong><\/figcaption><\/figure>\n\n\n\n<div style=\"height:100px\" aria-hidden=\"true\" class=\"wp-block-spacer\"><\/div>\n","protected":false},"excerpt":{"rendered":"<p>30.10.2021 &#8211; El Curso cont\u00f3 con actividades te\u00f3ricas y pr\u00e1cticas propias de la Ocupaci\u00f3n Militar Especializada del Tirador de este tipo de veh\u00edculo.<\/p>\n","protected":false},"author":4,"featured_media":7743,"comment_status":"open","ping_status":"open","sticky":false,"template":"","format":"standard","meta":{"_coblocks_attr":"","_coblocks_dimensions":"","_coblocks_responsive_height":"","_coblocks_accordion_ie_support":"","_monsterinsights_skip_tracking":false,"_monsterinsights_sitenote_active":false,"_monsterinsights_sitenote_note":"","_monsterinsights_sitenote_category":0,"_uf_show_specific_survey":0,"_uf_disable_surveys":false,"footnotes":""},"categories":[2,14],"tags":[70,35,71,13,59],"class_list":["post-7740","post","type-post","status-publish","format-standard","has-post-thumbnail","hentry","category-blog","category-noticias","tag-curso","tag-entrenamiento","tag-infanteria","tag-instruccion","tag-video"],"aioseo_notices":[],"_links":{"self":[{"href":"https:\/\/www.ejercito.mil.uy\/index.php\/wp-json\/wp\/v2\/posts\/7740","targetHints":{"allow":["GET"]}}],"collection":[{"href":"https:\/\/www.ejercito.mil.uy\/index.php\/wp-json\/wp\/v2\/posts"}],"about":[{"href":"https:\/\/www.ejercito.mil.uy\/index.php\/wp-json\/wp\/v2\/types\/post"}],"author":[{"embeddable":true,"href":"https:\/\/www.ejercito.mil.uy\/index.php\/wp-json\/wp\/v2\/users\/4"}],"replies":[{"embeddable":true,"href":"https:\/\/www.ejercito.mil.uy\/index.php\/wp-json\/wp\/v2\/comments?post=7740"}],"version-history":[{"count":2,"href":"https:\/\/www.ejercito.mil.uy\/index.php\/wp-json\/wp\/v2\/posts\/7740\/revisions"}],"predecessor-version":[{"id":7744,"href":"https:\/\/www.ejercito.mil.uy\/index.php\/wp-json\/wp\/v2\/posts\/7740\/revisions\/7744"}],"wp:featuredmedia":[{"embeddable":true,"href":"https:\/\/www.ejercito.mil.uy\/index.php\/wp-json\/wp\/v2\/media\/7743"}],"wp:attachment":[{"href":"https:\/\/www.ejercito.mil.uy\/index.php\/wp-json\/wp\/v2\/media?parent=7740"}],"wp:term":[{"taxonomy":"category","embeddable":true,"href":"https:\/\/www.ejercito.mil.uy\/index.php\/wp-json\/wp\/v2\/categories?post=7740"},{"taxonomy":"post_tag","embeddable":true,"href":"https:\/\/www.ejercito.mil.uy\/index.php\/wp-json\/wp\/v2\/tags?post=7740"}],"curies":[{"name":"wp","href":"https:\/\/api.w.org\/{rel}","templated":true}]}}