{"id":797,"date":"2021-03-12T07:00:00","date_gmt":"2021-03-12T10:00:00","guid":{"rendered":"http:\/\/10.1.99.112\/?p=797"},"modified":"2021-04-27T14:10:52","modified_gmt":"2021-04-27T17:10:52","slug":"74-aniversario-del-liceo-militar-general-artigas","status":"publish","type":"post","link":"https:\/\/www.ejercito.mil.uy\/index.php\/2021\/03\/12\/74-aniversario-del-liceo-militar-general-artigas\/","title":{"rendered":"Primera dosis"},"content":{"rendered":"\n<p class=\"wp-block-paragraph\" style=\"font-size:14px\">12.03.2021 <\/p>\n\n\n\n<div style=\"height:33px\" aria-hidden=\"true\" class=\"wp-block-spacer\"><\/div>\n\n\n\n<p class=\"wp-block-paragraph\">Hasta el momento, el 76% de los efectivos del Ej\u00e9rcito Nacional han recibido la primera dosis de la vacuna <strong>Coronavac<\/strong> del laboratorio Sinovac.<\/p>\n\n\n\n<div style=\"height:33px\" aria-hidden=\"true\" class=\"wp-block-spacer\"><\/div>\n\n\n\n<p class=\"wp-block-paragraph\">Compartimos im\u00e1genes de lo que fue la semana en las distintas reparticiones de la Fuerza.<\/p>\n\n\n\n<div style=\"height:33px\" aria-hidden=\"true\" class=\"wp-block-spacer\"><\/div>\n\n\n\n<div class=\"wp-block-coblocks-gallery-carousel\"><div class=\"is-cropped coblocks-gallery has-no-alignment has-caption-style-dark has-horizontal-gutter has-lightbox\"><div class=\"has-carousel has-carousel-lrg\" style=\"height:400px\" data-flickity=\"{&quot;autoPlay&quot;:3000,&quot;draggable&quot;:true,&quot;pageDots&quot;:false,&quot;prevNextButtons&quot;:true,&quot;wrapAround&quot;:true,&quot;cellAlign&quot;:&quot;center&quot;,&quot;pauseAutoPlayOnHover&quot;:false,&quot;freeScroll&quot;:true,&quot;arrowShape&quot;:{&quot;x0&quot;:10,&quot;x1&quot;:60,&quot;y1&quot;:50,&quot;x2&quot;:65,&quot;y2&quot;:45,&quot;x3&quot;:20},&quot;thumbnails&quot;:false,&quot;responsiveHeight&quot;:false}\"><div class=\"coblocks-gallery--item\"><figure class=\"coblocks-gallery--figure has-margin-left-10 has-margin-left-mobile-5 has-margin-right-10 has-margin-right-mobile-5\"><img loading=\"lazy\" decoding=\"async\" width=\"1024\" height=\"683\" src=\"http:\/\/www.ejercito.mil.uy\/wp-content\/uploads\/2021\/03\/155580750_4167662859924167_794284206833512711_o-1024x683.jpg\" alt=\"\" data-id=\"1338\" data-link=\"http:\/\/www.ejercito.mil.uy\/index.php\/2021\/03\/12\/74-aniversario-del-liceo-militar-general-artigas\/155580750_4167662859924167_794284206833512711_o\/\" class=\"wp-image-1338\" srcset=\"https:\/\/www.ejercito.mil.uy\/wp-content\/uploads\/2021\/03\/155580750_4167662859924167_794284206833512711_o-1024x683.jpg 1024w, https:\/\/www.ejercito.mil.uy\/wp-content\/uploads\/2021\/03\/155580750_4167662859924167_794284206833512711_o-300x200.jpg 300w, https:\/\/www.ejercito.mil.uy\/wp-content\/uploads\/2021\/03\/155580750_4167662859924167_794284206833512711_o.jpg 1200w\" sizes=\"auto, (max-width: 1024px) 100vw, 1024px\" \/><\/figure><\/div><div class=\"coblocks-gallery--item\"><figure class=\"coblocks-gallery--figure has-margin-left-10 has-margin-left-mobile-5 has-margin-right-10 has-margin-right-mobile-5\"><img decoding=\"async\" src=\"http:\/\/www.ejercito.mil.uy\/wp-content\/uploads\/2021\/03\/157317400_4167285349961918_6825191533878955187_o-1024x683.jpg\" alt=\"\" data-id=\"1339\" data-link=\"http:\/\/www.ejercito.mil.uy\/index.php\/2021\/03\/12\/74-aniversario-del-liceo-militar-general-artigas\/157317400_4167285349961918_6825191533878955187_o\/\" class=\"wp-image-1339\"\/><\/figure><\/div><div class=\"coblocks-gallery--item\"><figure class=\"coblocks-gallery--figure has-margin-left-10 has-margin-left-mobile-5 has-margin-right-10 has-margin-right-mobile-5\"><img decoding=\"async\" src=\"http:\/\/www.ejercito.mil.uy\/wp-content\/uploads\/2021\/03\/157543147_4167662856590834_1573908955978821110_o-1024x683.jpg\" alt=\"\" data-id=\"1340\" data-link=\"http:\/\/www.ejercito.mil.uy\/index.php\/2021\/03\/12\/74-aniversario-del-liceo-militar-general-artigas\/157543147_4167662856590834_1573908955978821110_o\/\" class=\"wp-image-1340\"\/><\/figure><\/div><div class=\"coblocks-gallery--item\"><figure class=\"coblocks-gallery--figure has-margin-left-10 has-margin-left-mobile-5 has-margin-right-10 has-margin-right-mobile-5\"><img loading=\"lazy\" decoding=\"async\" width=\"1024\" height=\"683\" src=\"http:\/\/www.ejercito.mil.uy\/wp-content\/uploads\/2021\/03\/157912179_4167285339961919_442758103448505775_o-1024x683.jpg\" alt=\"\" data-id=\"1341\" data-link=\"http:\/\/www.ejercito.mil.uy\/index.php\/2021\/03\/12\/74-aniversario-del-liceo-militar-general-artigas\/157912179_4167285339961919_442758103448505775_o\/\" class=\"wp-image-1341\" srcset=\"https:\/\/www.ejercito.mil.uy\/wp-content\/uploads\/2021\/03\/157912179_4167285339961919_442758103448505775_o-1024x683.jpg 1024w, https:\/\/www.ejercito.mil.uy\/wp-content\/uploads\/2021\/03\/157912179_4167285339961919_442758103448505775_o-300x200.jpg 300w, https:\/\/www.ejercito.mil.uy\/wp-content\/uploads\/2021\/03\/157912179_4167285339961919_442758103448505775_o.jpg 2048w\" sizes=\"auto, (max-width: 1024px) 100vw, 1024px\" \/><\/figure><\/div><div class=\"coblocks-gallery--item\"><figure class=\"coblocks-gallery--figure has-margin-left-10 has-margin-left-mobile-5 has-margin-right-10 has-margin-right-mobile-5\"><img decoding=\"async\" src=\"http:\/\/www.ejercito.mil.uy\/wp-content\/uploads\/2021\/03\/158378765_4183183915038728_6835492004109324652_o-1024x683.jpg\" alt=\"\" data-id=\"1342\" data-link=\"http:\/\/www.ejercito.mil.uy\/index.php\/2021\/03\/12\/74-aniversario-del-liceo-militar-general-artigas\/158378765_4183183915038728_6835492004109324652_o\/\" class=\"wp-image-1342\"\/><\/figure><\/div><div class=\"coblocks-gallery--item\"><figure class=\"coblocks-gallery--figure has-margin-left-10 has-margin-left-mobile-5 has-margin-right-10 has-margin-right-mobile-5\"><img decoding=\"async\" src=\"http:\/\/www.ejercito.mil.uy\/wp-content\/uploads\/2021\/03\/158599122_4180734438617009_2377119997078047271_o-1024x683.jpg\" alt=\"\" data-id=\"1343\" data-link=\"http:\/\/www.ejercito.mil.uy\/index.php\/2021\/03\/12\/74-aniversario-del-liceo-militar-general-artigas\/158599122_4180734438617009_2377119997078047271_o\/\" class=\"wp-image-1343\"\/><\/figure><\/div><div class=\"coblocks-gallery--item\"><figure class=\"coblocks-gallery--figure has-margin-left-10 has-margin-left-mobile-5 has-margin-right-10 has-margin-right-mobile-5\"><img decoding=\"async\" src=\"http:\/\/www.ejercito.mil.uy\/wp-content\/uploads\/2021\/03\/159892209_4194053823951737_4457001345142615666_o-1024x683.jpg\" alt=\"\" data-id=\"1344\" data-link=\"http:\/\/www.ejercito.mil.uy\/index.php\/2021\/03\/12\/74-aniversario-del-liceo-militar-general-artigas\/159892209_4194053823951737_4457001345142615666_o\/\" class=\"wp-image-1344\"\/><\/figure><\/div><div class=\"coblocks-gallery--item\"><figure class=\"coblocks-gallery--figure has-margin-left-10 has-margin-left-mobile-5 has-margin-right-10 has-margin-right-mobile-5\"><img decoding=\"async\" src=\"http:\/\/www.ejercito.mil.uy\/wp-content\/uploads\/2021\/03\/covid-2-1-1024x683.jpg\" alt=\"\" data-id=\"1346\" data-link=\"http:\/\/www.ejercito.mil.uy\/index.php\/2021\/03\/12\/74-aniversario-del-liceo-militar-general-artigas\/covid-2-1\/\" class=\"wp-image-1346\"\/><\/figure><\/div><div class=\"coblocks-gallery--item\"><figure class=\"coblocks-gallery--figure has-margin-left-10 has-margin-left-mobile-5 has-margin-right-10 has-margin-right-mobile-5\"><img decoding=\"async\" src=\"http:\/\/www.ejercito.mil.uy\/wp-content\/uploads\/2021\/03\/covid-2-2-1024x683.jpg\" alt=\"\" data-id=\"1347\" data-link=\"http:\/\/www.ejercito.mil.uy\/index.php\/2021\/03\/12\/74-aniversario-del-liceo-militar-general-artigas\/covid-2-2\/\" class=\"wp-image-1347\"\/><\/figure><\/div><div class=\"coblocks-gallery--item\"><figure class=\"coblocks-gallery--figure has-margin-left-10 has-margin-left-mobile-5 has-margin-right-10 has-margin-right-mobile-5\"><img decoding=\"async\" src=\"http:\/\/www.ejercito.mil.uy\/wp-content\/uploads\/2021\/03\/covid-2-3-1024x683.jpg\" alt=\"\" data-id=\"1348\" data-link=\"http:\/\/www.ejercito.mil.uy\/index.php\/2021\/03\/12\/74-aniversario-del-liceo-militar-general-artigas\/covid-2-3\/\" class=\"wp-image-1348\"\/><\/figure><\/div><div class=\"coblocks-gallery--item\"><figure class=\"coblocks-gallery--figure has-margin-left-10 has-margin-left-mobile-5 has-margin-right-10 has-margin-right-mobile-5\"><img decoding=\"async\" src=\"http:\/\/www.ejercito.mil.uy\/wp-content\/uploads\/2021\/03\/covid-2-4-1024x683.jpg\" alt=\"\" data-id=\"1349\" data-link=\"http:\/\/www.ejercito.mil.uy\/index.php\/2021\/03\/12\/74-aniversario-del-liceo-militar-general-artigas\/covid-2-4\/\" class=\"wp-image-1349\"\/><\/figure><\/div><div class=\"coblocks-gallery--item\"><figure class=\"coblocks-gallery--figure has-margin-left-10 has-margin-left-mobile-5 has-margin-right-10 has-margin-right-mobile-5\"><img loading=\"lazy\" decoding=\"async\" width=\"1024\" height=\"683\" src=\"http:\/\/www.ejercito.mil.uy\/wp-content\/uploads\/2021\/03\/covid-2-5-1024x683.jpg\" alt=\"\" data-id=\"1350\" data-link=\"http:\/\/www.ejercito.mil.uy\/index.php\/2021\/03\/12\/74-aniversario-del-liceo-militar-general-artigas\/covid-2-5\/\" class=\"wp-image-1350\" srcset=\"https:\/\/www.ejercito.mil.uy\/wp-content\/uploads\/2021\/03\/covid-2-5-1024x683.jpg 1024w, https:\/\/www.ejercito.mil.uy\/wp-content\/uploads\/2021\/03\/covid-2-5-300x200.jpg 300w, https:\/\/www.ejercito.mil.uy\/wp-content\/uploads\/2021\/03\/covid-2-5.jpg 2048w\" sizes=\"auto, (max-width: 1024px) 100vw, 1024px\" \/><\/figure><\/div><div class=\"coblocks-gallery--item\"><figure class=\"coblocks-gallery--figure has-margin-left-10 has-margin-left-mobile-5 has-margin-right-10 has-margin-right-mobile-5\"><img decoding=\"async\" src=\"http:\/\/www.ejercito.mil.uy\/wp-content\/uploads\/2021\/03\/covid-2-6-1024x683.jpg\" alt=\"\" data-id=\"1351\" data-link=\"http:\/\/www.ejercito.mil.uy\/index.php\/2021\/03\/12\/74-aniversario-del-liceo-militar-general-artigas\/covid-2-6\/\" class=\"wp-image-1351\"\/><\/figure><\/div><div class=\"coblocks-gallery--item\"><figure class=\"coblocks-gallery--figure has-margin-left-10 has-margin-left-mobile-5 has-margin-right-10 has-margin-right-mobile-5\"><img decoding=\"async\" src=\"http:\/\/www.ejercito.mil.uy\/wp-content\/uploads\/2021\/03\/covid-2-7-1024x683.jpg\" alt=\"\" data-id=\"1352\" data-link=\"http:\/\/www.ejercito.mil.uy\/index.php\/2021\/03\/12\/74-aniversario-del-liceo-militar-general-artigas\/covid-2-7\/\" class=\"wp-image-1352\"\/><\/figure><\/div><div class=\"coblocks-gallery--item\"><figure class=\"coblocks-gallery--figure has-margin-left-10 has-margin-left-mobile-5 has-margin-right-10 has-margin-right-mobile-5\"><img decoding=\"async\" src=\"http:\/\/www.ejercito.mil.uy\/wp-content\/uploads\/2021\/03\/covid-2-8-1024x683.jpg\" alt=\"\" data-id=\"1353\" data-link=\"http:\/\/www.ejercito.mil.uy\/index.php\/2021\/03\/12\/74-aniversario-del-liceo-militar-general-artigas\/covid-2-8\/\" class=\"wp-image-1353\"\/><\/figure><\/div><\/div><\/div><\/div>\n\n\n\n<p class=\"wp-block-paragraph\"><\/p>\n","protected":false},"excerpt":{"rendered":"<p>12.03.2021 Hasta el momento, el 76% de los efectivos del Ej\u00e9rcito Nacional han recibido la primera dosis de la vacuna Coronavac del laboratorio Sinovac. Compartimos im\u00e1genes de lo que fue la semana en las distintas reparticiones de la Fuerza.<\/p>\n","protected":false},"author":4,"featured_media":1341,"comment_status":"open","ping_status":"open","sticky":false,"template":"","format":"standard","meta":{"_coblocks_attr":"","_coblocks_dimensions":"","_coblocks_responsive_height":"","_coblocks_accordion_ie_support":"","_monsterinsights_skip_tracking":false,"_uf_show_specific_survey":0,"_uf_disable_surveys":false,"footnotes":""},"categories":[2,14],"tags":[25,24],"class_list":["post-797","post","type-post","status-publish","format-standard","has-post-thumbnail","hentry","category-blog","category-noticias","tag-covid","tag-vacunacion-2"],"aioseo_notices":[],"aioseo_head":"\n\t\t<!-- All in One SEO 5.0.1.1 - aioseo.com -->\n\t<meta name=\"description\" content=\"12.03.2021 Hasta el momento, el 76% de los efectivos del Ej\u00e9rcito Nacional han recibido la primera dosis de la vacuna Coronavac del laboratorio Sinovac. Compartimos im\u00e1genes de lo que fue la semana en las distintas reparticiones de la Fuerza.\" \/>\n\t<meta name=\"robots\" content=\"max-image-preview:large\" \/>\n\t<meta name=\"author\" content=\"Alejandro Castro\"\/>\n\t<link rel=\"canonical\" href=\"https:\/\/www.ejercito.mil.uy\/index.php\/2021\/03\/12\/74-aniversario-del-liceo-militar-general-artigas\/\" \/>\n\t<meta name=\"generator\" content=\"All in One SEO (AIOSEO) 5.0.1.1\" \/>\n\t\t<meta property=\"og:locale\" content=\"es_ES\" \/>\n\t\t<meta property=\"og:site_name\" content=\"Ej\u00e9rcito Nacional - La Fuerza de todos\" \/>\n\t\t<meta property=\"og:type\" content=\"article\" \/>\n\t\t<meta property=\"og:title\" content=\"Primera dosis - Ej\u00e9rcito Nacional\" \/>\n\t\t<meta property=\"og:description\" content=\"12.03.2021 Hasta el momento, el 76% de los efectivos del Ej\u00e9rcito Nacional han recibido la primera dosis de la vacuna Coronavac del laboratorio Sinovac. Compartimos im\u00e1genes de lo que fue la semana en las distintas reparticiones de la Fuerza.\" \/>\n\t\t<meta property=\"og:url\" content=\"https:\/\/www.ejercito.mil.uy\/index.php\/2021\/03\/12\/74-aniversario-del-liceo-militar-general-artigas\/\" \/>\n\t\t<meta property=\"og:image\" content=\"https:\/\/www.ejercito.mil.uy\/wp-content\/uploads\/2022\/01\/Escudo_EN_URUGUAY.png\" \/>\n\t\t<meta property=\"og:image:secure_url\" content=\"https:\/\/www.ejercito.mil.uy\/wp-content\/uploads\/2022\/01\/Escudo_EN_URUGUAY.png\" \/>\n\t\t<meta property=\"og:image:width\" content=\"134\" \/>\n\t\t<meta property=\"og:image:height\" content=\"119\" \/>\n\t\t<meta property=\"article:published_time\" content=\"2021-03-12T10:00:00+00:00\" \/>\n\t\t<meta property=\"article:modified_time\" content=\"2021-04-27T17:10:52+00:00\" \/>\n\t\t<meta name=\"twitter:card\" content=\"summary_large_image\" \/>\n\t\t<meta name=\"twitter:title\" content=\"Primera dosis - Ej\u00e9rcito Nacional\" \/>\n\t\t<meta name=\"twitter:description\" content=\"12.03.2021 Hasta el momento, el 76% de los efectivos del Ej\u00e9rcito Nacional han recibido la primera dosis de la vacuna Coronavac del laboratorio Sinovac. Compartimos im\u00e1genes de lo que fue la semana en las distintas reparticiones de la Fuerza.\" \/>\n\t\t<meta name=\"twitter:image\" content=\"https:\/\/www.ejercito.mil.uy\/wp-content\/uploads\/2022\/01\/Escudo_EN_URUGUAY.png\" \/>\n\t\t<script type=\"application\/ld+json\" class=\"aioseo-schema\">\n\t\t\t{\"@context\":\"https:\\\/\\\/schema.org\",\"@graph\":[{\"@type\":\"BlogPosting\",\"@id\":\"https:\\\/\\\/www.ejercito.mil.uy\\\/index.php\\\/2021\\\/03\\\/12\\\/74-aniversario-del-liceo-militar-general-artigas\\\/#blogposting\",\"name\":\"Primera dosis - Ej\\u00e9rcito Nacional\",\"headline\":\"Primera dosis\",\"author\":{\"@id\":\"https:\\\/\\\/www.ejercito.mil.uy\\\/index.php\\\/author\\\/acastro\\\/#author\"},\"publisher\":{\"@id\":\"https:\\\/\\\/www.ejercito.mil.uy\\\/#organization\"},\"image\":{\"@type\":\"ImageObject\",\"url\":\"https:\\\/\\\/www.ejercito.mil.uy\\\/wp-content\\\/uploads\\\/2021\\\/03\\\/157912179_4167285339961919_442758103448505775_o.jpg\",\"width\":2048,\"height\":1365,\"caption\":\"Vacunaci\\u00f3n\"},\"datePublished\":\"2021-03-12T07:00:00-03:00\",\"dateModified\":\"2021-04-27T14:10:52-03:00\",\"inLanguage\":\"es-UY\",\"mainEntityOfPage\":{\"@id\":\"https:\\\/\\\/www.ejercito.mil.uy\\\/index.php\\\/2021\\\/03\\\/12\\\/74-aniversario-del-liceo-militar-general-artigas\\\/#webpage\"},\"isPartOf\":{\"@id\":\"https:\\\/\\\/www.ejercito.mil.uy\\\/index.php\\\/2021\\\/03\\\/12\\\/74-aniversario-del-liceo-militar-general-artigas\\\/#webpage\"},\"articleSection\":\"Blog, Noticias, covid, vacunaci\\u00f3n\"},{\"@type\":\"BreadcrumbList\",\"@id\":\"https:\\\/\\\/www.ejercito.mil.uy\\\/index.php\\\/2021\\\/03\\\/12\\\/74-aniversario-del-liceo-militar-general-artigas\\\/#breadcrumblist\",\"itemListElement\":[{\"@type\":\"ListItem\",\"@id\":\"https:\\\/\\\/www.ejercito.mil.uy#listItem\",\"position\":1,\"name\":\"Home\",\"item\":\"https:\\\/\\\/www.ejercito.mil.uy\",\"nextItem\":{\"@type\":\"ListItem\",\"@id\":\"https:\\\/\\\/www.ejercito.mil.uy\\\/index.php\\\/category\\\/destacados\\\/#listItem\",\"name\":\"Destacados\"}},{\"@type\":\"ListItem\",\"@id\":\"https:\\\/\\\/www.ejercito.mil.uy\\\/index.php\\\/category\\\/destacados\\\/#listItem\",\"position\":2,\"name\":\"Destacados\",\"item\":\"https:\\\/\\\/www.ejercito.mil.uy\\\/index.php\\\/category\\\/destacados\\\/\",\"nextItem\":{\"@type\":\"ListItem\",\"@id\":\"https:\\\/\\\/www.ejercito.mil.uy\\\/index.php\\\/category\\\/destacados\\\/noticias\\\/#listItem\",\"name\":\"Noticias\"},\"previousItem\":{\"@type\":\"ListItem\",\"@id\":\"https:\\\/\\\/www.ejercito.mil.uy#listItem\",\"name\":\"Home\"}},{\"@type\":\"ListItem\",\"@id\":\"https:\\\/\\\/www.ejercito.mil.uy\\\/index.php\\\/category\\\/destacados\\\/noticias\\\/#listItem\",\"position\":3,\"name\":\"Noticias\",\"item\":\"https:\\\/\\\/www.ejercito.mil.uy\\\/index.php\\\/category\\\/destacados\\\/noticias\\\/\",\"nextItem\":{\"@type\":\"ListItem\",\"@id\":\"https:\\\/\\\/www.ejercito.mil.uy\\\/index.php\\\/2021\\\/03\\\/12\\\/74-aniversario-del-liceo-militar-general-artigas\\\/#listItem\",\"name\":\"Primera dosis\"},\"previousItem\":{\"@type\":\"ListItem\",\"@id\":\"https:\\\/\\\/www.ejercito.mil.uy\\\/index.php\\\/category\\\/destacados\\\/#listItem\",\"name\":\"Destacados\"}},{\"@type\":\"ListItem\",\"@id\":\"https:\\\/\\\/www.ejercito.mil.uy\\\/index.php\\\/2021\\\/03\\\/12\\\/74-aniversario-del-liceo-militar-general-artigas\\\/#listItem\",\"position\":4,\"name\":\"Primera dosis\",\"previousItem\":{\"@type\":\"ListItem\",\"@id\":\"https:\\\/\\\/www.ejercito.mil.uy\\\/index.php\\\/category\\\/destacados\\\/noticias\\\/#listItem\",\"name\":\"Noticias\"}}]},{\"@type\":\"Organization\",\"@id\":\"https:\\\/\\\/www.ejercito.mil.uy\\\/#organization\",\"name\":\"Ej\\u00e9rcito Nacional\",\"description\":\"La Fuerza de todos\",\"url\":\"https:\\\/\\\/www.ejercito.mil.uy\\\/\",\"logo\":{\"@type\":\"ImageObject\",\"url\":\"https:\\\/\\\/www.ejercito.mil.uy\\\/wp-content\\\/uploads\\\/2022\\\/01\\\/Escudo_EN_URUGUAY.png\",\"@id\":\"https:\\\/\\\/www.ejercito.mil.uy\\\/index.php\\\/2021\\\/03\\\/12\\\/74-aniversario-del-liceo-militar-general-artigas\\\/#organizationLogo\",\"width\":134,\"height\":119},\"image\":{\"@id\":\"https:\\\/\\\/www.ejercito.mil.uy\\\/index.php\\\/2021\\\/03\\\/12\\\/74-aniversario-del-liceo-militar-general-artigas\\\/#organizationLogo\"}},{\"@type\":\"Person\",\"@id\":\"https:\\\/\\\/www.ejercito.mil.uy\\\/index.php\\\/author\\\/acastro\\\/#author\",\"url\":\"https:\\\/\\\/www.ejercito.mil.uy\\\/index.php\\\/author\\\/acastro\\\/\",\"name\":\"Alejandro Castro\",\"image\":{\"@type\":\"ImageObject\",\"@id\":\"https:\\\/\\\/www.ejercito.mil.uy\\\/index.php\\\/2021\\\/03\\\/12\\\/74-aniversario-del-liceo-militar-general-artigas\\\/#authorImage\",\"url\":\"https:\\\/\\\/secure.gravatar.com\\\/avatar\\\/89bb77d4bf696501dd94ca89e6794e1787eaffba7c7197528d249e15bd099f68?s=96&d=mm&r=g\",\"width\":96,\"height\":96,\"caption\":\"Alejandro Castro\"}},{\"@type\":\"WebPage\",\"@id\":\"https:\\\/\\\/www.ejercito.mil.uy\\\/index.php\\\/2021\\\/03\\\/12\\\/74-aniversario-del-liceo-militar-general-artigas\\\/#webpage\",\"url\":\"https:\\\/\\\/www.ejercito.mil.uy\\\/index.php\\\/2021\\\/03\\\/12\\\/74-aniversario-del-liceo-militar-general-artigas\\\/\",\"name\":\"Primera dosis - Ej\\u00e9rcito Nacional\",\"description\":\"12.03.2021 Hasta el momento, el 76% de los efectivos del Ej\\u00e9rcito Nacional han recibido la primera dosis de la vacuna Coronavac del laboratorio Sinovac. Compartimos im\\u00e1genes de lo que fue la semana en las distintas reparticiones de la Fuerza.\",\"inLanguage\":\"es-UY\",\"isPartOf\":{\"@id\":\"https:\\\/\\\/www.ejercito.mil.uy\\\/#website\"},\"breadcrumb\":{\"@id\":\"https:\\\/\\\/www.ejercito.mil.uy\\\/index.php\\\/2021\\\/03\\\/12\\\/74-aniversario-del-liceo-militar-general-artigas\\\/#breadcrumblist\"},\"author\":{\"@id\":\"https:\\\/\\\/www.ejercito.mil.uy\\\/index.php\\\/author\\\/acastro\\\/#author\"},\"creator\":{\"@id\":\"https:\\\/\\\/www.ejercito.mil.uy\\\/index.php\\\/author\\\/acastro\\\/#author\"},\"image\":{\"@type\":\"ImageObject\",\"url\":\"https:\\\/\\\/www.ejercito.mil.uy\\\/wp-content\\\/uploads\\\/2021\\\/03\\\/157912179_4167285339961919_442758103448505775_o.jpg\",\"@id\":\"https:\\\/\\\/www.ejercito.mil.uy\\\/index.php\\\/2021\\\/03\\\/12\\\/74-aniversario-del-liceo-militar-general-artigas\\\/#mainImage\",\"width\":2048,\"height\":1365,\"caption\":\"Vacunaci\\u00f3n\"},\"primaryImageOfPage\":{\"@id\":\"https:\\\/\\\/www.ejercito.mil.uy\\\/index.php\\\/2021\\\/03\\\/12\\\/74-aniversario-del-liceo-militar-general-artigas\\\/#mainImage\"},\"datePublished\":\"2021-03-12T07:00:00-03:00\",\"dateModified\":\"2021-04-27T14:10:52-03:00\"},{\"@type\":\"WebSite\",\"@id\":\"https:\\\/\\\/www.ejercito.mil.uy\\\/#website\",\"url\":\"https:\\\/\\\/www.ejercito.mil.uy\\\/\",\"name\":\"Ej\\u00e9rcito Nacional\",\"description\":\"La Fuerza de todos\",\"inLanguage\":\"es-UY\",\"publisher\":{\"@id\":\"https:\\\/\\\/www.ejercito.mil.uy\\\/#organization\"}}]}\n\t\t<\/script>\n\t\t<!-- All in One SEO -->\n\n","aioseo_head_json":{"title":"Primera dosis - Ej\u00e9rcito Nacional","description":"12.03.2021 Hasta el momento, el 76% de los efectivos del Ej\u00e9rcito Nacional han recibido la primera dosis de la vacuna Coronavac del laboratorio Sinovac. Compartimos im\u00e1genes de lo que fue la semana en las distintas reparticiones de la Fuerza.","canonical_url":"https:\/\/www.ejercito.mil.uy\/index.php\/2021\/03\/12\/74-aniversario-del-liceo-militar-general-artigas\/","robots":"max-image-preview:large","keywords":"","webmasterTools":{"miscellaneous":""},"schema":{"@context":"https:\/\/schema.org","@graph":[{"@type":"BlogPosting","@id":"https:\/\/www.ejercito.mil.uy\/index.php\/2021\/03\/12\/74-aniversario-del-liceo-militar-general-artigas\/#blogposting","name":"Primera dosis - Ej\u00e9rcito Nacional","headline":"Primera dosis","author":{"@id":"https:\/\/www.ejercito.mil.uy\/index.php\/author\/acastro\/#author"},"publisher":{"@id":"https:\/\/www.ejercito.mil.uy\/#organization"},"image":{"@type":"ImageObject","url":"https:\/\/www.ejercito.mil.uy\/wp-content\/uploads\/2021\/03\/157912179_4167285339961919_442758103448505775_o.jpg","width":2048,"height":1365,"caption":"Vacunaci\u00f3n"},"datePublished":"2021-03-12T07:00:00-03:00","dateModified":"2021-04-27T14:10:52-03:00","inLanguage":"es-UY","mainEntityOfPage":{"@id":"https:\/\/www.ejercito.mil.uy\/index.php\/2021\/03\/12\/74-aniversario-del-liceo-militar-general-artigas\/#webpage"},"isPartOf":{"@id":"https:\/\/www.ejercito.mil.uy\/index.php\/2021\/03\/12\/74-aniversario-del-liceo-militar-general-artigas\/#webpage"},"articleSection":"Blog, Noticias, covid, vacunaci\u00f3n"},{"@type":"BreadcrumbList","@id":"https:\/\/www.ejercito.mil.uy\/index.php\/2021\/03\/12\/74-aniversario-del-liceo-militar-general-artigas\/#breadcrumblist","itemListElement":[{"@type":"ListItem","@id":"https:\/\/www.ejercito.mil.uy#listItem","position":1,"name":"Home","item":"https:\/\/www.ejercito.mil.uy","nextItem":{"@type":"ListItem","@id":"https:\/\/www.ejercito.mil.uy\/index.php\/category\/destacados\/#listItem","name":"Destacados"}},{"@type":"ListItem","@id":"https:\/\/www.ejercito.mil.uy\/index.php\/category\/destacados\/#listItem","position":2,"name":"Destacados","item":"https:\/\/www.ejercito.mil.uy\/index.php\/category\/destacados\/","nextItem":{"@type":"ListItem","@id":"https:\/\/www.ejercito.mil.uy\/index.php\/category\/destacados\/noticias\/#listItem","name":"Noticias"},"previousItem":{"@type":"ListItem","@id":"https:\/\/www.ejercito.mil.uy#listItem","name":"Home"}},{"@type":"ListItem","@id":"https:\/\/www.ejercito.mil.uy\/index.php\/category\/destacados\/noticias\/#listItem","position":3,"name":"Noticias","item":"https:\/\/www.ejercito.mil.uy\/index.php\/category\/destacados\/noticias\/","nextItem":{"@type":"ListItem","@id":"https:\/\/www.ejercito.mil.uy\/index.php\/2021\/03\/12\/74-aniversario-del-liceo-militar-general-artigas\/#listItem","name":"Primera dosis"},"previousItem":{"@type":"ListItem","@id":"https:\/\/www.ejercito.mil.uy\/index.php\/category\/destacados\/#listItem","name":"Destacados"}},{"@type":"ListItem","@id":"https:\/\/www.ejercito.mil.uy\/index.php\/2021\/03\/12\/74-aniversario-del-liceo-militar-general-artigas\/#listItem","position":4,"name":"Primera dosis","previousItem":{"@type":"ListItem","@id":"https:\/\/www.ejercito.mil.uy\/index.php\/category\/destacados\/noticias\/#listItem","name":"Noticias"}}]},{"@type":"Organization","@id":"https:\/\/www.ejercito.mil.uy\/#organization","name":"Ej\u00e9rcito Nacional","description":"La Fuerza de todos","url":"https:\/\/www.ejercito.mil.uy\/","logo":{"@type":"ImageObject","url":"https:\/\/www.ejercito.mil.uy\/wp-content\/uploads\/2022\/01\/Escudo_EN_URUGUAY.png","@id":"https:\/\/www.ejercito.mil.uy\/index.php\/2021\/03\/12\/74-aniversario-del-liceo-militar-general-artigas\/#organizationLogo","width":134,"height":119},"image":{"@id":"https:\/\/www.ejercito.mil.uy\/index.php\/2021\/03\/12\/74-aniversario-del-liceo-militar-general-artigas\/#organizationLogo"}},{"@type":"Person","@id":"https:\/\/www.ejercito.mil.uy\/index.php\/author\/acastro\/#author","url":"https:\/\/www.ejercito.mil.uy\/index.php\/author\/acastro\/","name":"Alejandro Castro","image":{"@type":"ImageObject","@id":"https:\/\/www.ejercito.mil.uy\/index.php\/2021\/03\/12\/74-aniversario-del-liceo-militar-general-artigas\/#authorImage","url":"https:\/\/secure.gravatar.com\/avatar\/89bb77d4bf696501dd94ca89e6794e1787eaffba7c7197528d249e15bd099f68?s=96&d=mm&r=g","width":96,"height":96,"caption":"Alejandro Castro"}},{"@type":"WebPage","@id":"https:\/\/www.ejercito.mil.uy\/index.php\/2021\/03\/12\/74-aniversario-del-liceo-militar-general-artigas\/#webpage","url":"https:\/\/www.ejercito.mil.uy\/index.php\/2021\/03\/12\/74-aniversario-del-liceo-militar-general-artigas\/","name":"Primera dosis - Ej\u00e9rcito Nacional","description":"12.03.2021 Hasta el momento, el 76% de los efectivos del Ej\u00e9rcito Nacional han recibido la primera dosis de la vacuna Coronavac del laboratorio Sinovac. Compartimos im\u00e1genes de lo que fue la semana en las distintas reparticiones de la Fuerza.","inLanguage":"es-UY","isPartOf":{"@id":"https:\/\/www.ejercito.mil.uy\/#website"},"breadcrumb":{"@id":"https:\/\/www.ejercito.mil.uy\/index.php\/2021\/03\/12\/74-aniversario-del-liceo-militar-general-artigas\/#breadcrumblist"},"author":{"@id":"https:\/\/www.ejercito.mil.uy\/index.php\/author\/acastro\/#author"},"creator":{"@id":"https:\/\/www.ejercito.mil.uy\/index.php\/author\/acastro\/#author"},"image":{"@type":"ImageObject","url":"https:\/\/www.ejercito.mil.uy\/wp-content\/uploads\/2021\/03\/157912179_4167285339961919_442758103448505775_o.jpg","@id":"https:\/\/www.ejercito.mil.uy\/index.php\/2021\/03\/12\/74-aniversario-del-liceo-militar-general-artigas\/#mainImage","width":2048,"height":1365,"caption":"Vacunaci\u00f3n"},"primaryImageOfPage":{"@id":"https:\/\/www.ejercito.mil.uy\/index.php\/2021\/03\/12\/74-aniversario-del-liceo-militar-general-artigas\/#mainImage"},"datePublished":"2021-03-12T07:00:00-03:00","dateModified":"2021-04-27T14:10:52-03:00"},{"@type":"WebSite","@id":"https:\/\/www.ejercito.mil.uy\/#website","url":"https:\/\/www.ejercito.mil.uy\/","name":"Ej\u00e9rcito Nacional","description":"La Fuerza de todos","inLanguage":"es-UY","publisher":{"@id":"https:\/\/www.ejercito.mil.uy\/#organization"}}]},"og:locale":"es_ES","og:site_name":"Ej\u00e9rcito Nacional - La Fuerza de todos","og:type":"article","og:title":"Primera dosis - Ej\u00e9rcito Nacional","og:description":"12.03.2021 Hasta el momento, el 76% de los efectivos del Ej\u00e9rcito Nacional han recibido la primera dosis de la vacuna Coronavac del laboratorio Sinovac. Compartimos im\u00e1genes de lo que fue la semana en las distintas reparticiones de la Fuerza.","og:url":"https:\/\/www.ejercito.mil.uy\/index.php\/2021\/03\/12\/74-aniversario-del-liceo-militar-general-artigas\/","og:image":"https:\/\/www.ejercito.mil.uy\/wp-content\/uploads\/2022\/01\/Escudo_EN_URUGUAY.png","og:image:secure_url":"https:\/\/www.ejercito.mil.uy\/wp-content\/uploads\/2022\/01\/Escudo_EN_URUGUAY.png","og:image:width":134,"og:image:height":119,"article:published_time":"2021-03-12T10:00:00+00:00","article:modified_time":"2021-04-27T17:10:52+00:00","twitter:card":"summary_large_image","twitter:title":"Primera dosis - Ej\u00e9rcito Nacional","twitter:description":"12.03.2021 Hasta el momento, el 76% de los efectivos del Ej\u00e9rcito Nacional han recibido la primera dosis de la vacuna Coronavac del laboratorio Sinovac. Compartimos im\u00e1genes de lo que fue la semana en las distintas reparticiones de la Fuerza.","twitter:image":"https:\/\/www.ejercito.mil.uy\/wp-content\/uploads\/2022\/01\/Escudo_EN_URUGUAY.png"},"aioseo_meta_data":{"post_id":"797","title":null,"description":null,"keywords":null,"keyphrases":null,"primary_term":null,"canonical_url":null,"og_title":null,"og_description":null,"og_object_type":"default","og_image_type":"default","og_image_url":null,"og_image_width":null,"og_image_height":null,"og_image_custom_url":null,"og_image_custom_fields":null,"og_video":null,"og_custom_url":null,"og_article_section":null,"og_article_tags":null,"twitter_use_og":false,"twitter_card":"default","twitter_image_type":"default","twitter_image_url":null,"twitter_image_custom_url":null,"twitter_image_custom_fields":null,"twitter_title":null,"twitter_description":null,"schema":{"blockGraphs":[],"customGraphs":[],"default":{"data":{"Article":[],"Course":[],"Dataset":[],"FAQPage":[],"Movie":[],"Person":[],"Product":[],"ProductReview":[],"Car":[],"Recipe":[],"Service":[],"SoftwareApplication":[],"WebPage":[]},"graphName":"","isEnabled":true},"graphs":[]},"schema_type":"default","schema_type_options":null,"pillar_content":false,"robots_default":true,"robots_noindex":false,"robots_noarchive":false,"robots_nosnippet":false,"robots_nofollow":false,"robots_noimageindex":false,"robots_noodp":false,"robots_notranslate":false,"robots_max_snippet":null,"robots_max_videopreview":null,"robots_max_imagepreview":"large","priority":null,"frequency":null,"local_seo":null,"breadcrumb_settings":null,"limit_modified_date":false,"ai":null,"created":"2025-08-30 01:41:36","updated":"2025-08-30 01:41:36","seo_analyzer_scan_date":null,"focus_keyword":null,"additional_keywords":null,"truseo_locale":null},"aioseo_breadcrumb":"<div class=\"aioseo-breadcrumbs\"><span class=\"aioseo-breadcrumb\">\n\t\t\t<a href=\"https:\/\/www.ejercito.mil.uy\" title=\"Home\">Home<\/a>\n\t\t<\/span><span class=\"aioseo-breadcrumb-separator\">&raquo;<\/span><span class=\"aioseo-breadcrumb\">\n\t\t\t<a href=\"https:\/\/www.ejercito.mil.uy\/index.php\/category\/destacados\/\" title=\"Destacados\">Destacados<\/a>\n\t\t<\/span><span class=\"aioseo-breadcrumb-separator\">&raquo;<\/span><span class=\"aioseo-breadcrumb\">\n\t\t\t<a href=\"https:\/\/www.ejercito.mil.uy\/index.php\/category\/destacados\/noticias\/\" title=\"Noticias\">Noticias<\/a>\n\t\t<\/span><span class=\"aioseo-breadcrumb-separator\">&raquo;<\/span><span class=\"aioseo-breadcrumb\">\n\t\t\tPrimera dosis\n\t\t<\/span><\/div>","aioseo_breadcrumb_json":[{"label":"Home","link":"https:\/\/www.ejercito.mil.uy"},{"label":"Destacados","link":"https:\/\/www.ejercito.mil.uy\/index.php\/category\/destacados\/"},{"label":"Noticias","link":"https:\/\/www.ejercito.mil.uy\/index.php\/category\/destacados\/noticias\/"},{"label":"Primera dosis","link":"https:\/\/www.ejercito.mil.uy\/index.php\/2021\/03\/12\/74-aniversario-del-liceo-militar-general-artigas\/"}],"_links":{"self":[{"href":"https:\/\/www.ejercito.mil.uy\/index.php\/wp-json\/wp\/v2\/posts\/797","targetHints":{"allow":["GET"]}}],"collection":[{"href":"https:\/\/www.ejercito.mil.uy\/index.php\/wp-json\/wp\/v2\/posts"}],"about":[{"href":"https:\/\/www.ejercito.mil.uy\/index.php\/wp-json\/wp\/v2\/types\/post"}],"author":[{"embeddable":true,"href":"https:\/\/www.ejercito.mil.uy\/index.php\/wp-json\/wp\/v2\/users\/4"}],"replies":[{"embeddable":true,"href":"https:\/\/www.ejercito.mil.uy\/index.php\/wp-json\/wp\/v2\/comments?post=797"}],"version-history":[{"count":12,"href":"https:\/\/www.ejercito.mil.uy\/index.php\/wp-json\/wp\/v2\/posts\/797\/revisions"}],"predecessor-version":[{"id":55079,"href":"https:\/\/www.ejercito.mil.uy\/index.php\/wp-json\/wp\/v2\/posts\/797\/revisions\/55079"}],"wp:featuredmedia":[{"embeddable":true,"href":"https:\/\/www.ejercito.mil.uy\/index.php\/wp-json\/wp\/v2\/media\/1341"}],"wp:attachment":[{"href":"https:\/\/www.ejercito.mil.uy\/index.php\/wp-json\/wp\/v2\/media?parent=797"}],"wp:term":[{"taxonomy":"category","embeddable":true,"href":"https:\/\/www.ejercito.mil.uy\/index.php\/wp-json\/wp\/v2\/categories?post=797"},{"taxonomy":"post_tag","embeddable":true,"href":"https:\/\/www.ejercito.mil.uy\/index.php\/wp-json\/wp\/v2\/tags?post=797"}],"curies":[{"name":"wp","href":"https:\/\/api.w.org\/{rel}","templated":true}]}}