{"id":7993,"date":"2021-11-12T10:40:46","date_gmt":"2021-11-12T13:40:46","guid":{"rendered":"https:\/\/www.ejercito.mil.uy\/?p=7993"},"modified":"2021-11-12T10:57:17","modified_gmt":"2021-11-12T13:57:17","slug":"futuros-oficiales-del-arma-de-infanteria","status":"publish","type":"post","link":"https:\/\/www.ejercito.mil.uy\/index.php\/2021\/11\/12\/futuros-oficiales-del-arma-de-infanteria\/","title":{"rendered":"Futuros Oficiales del Arma de Infanter\u00eda"},"content":{"rendered":"\n<p style=\"font-size:14px\">11.11.2021 &#8211; Colonia<\/p>\n\n\n\n<div style=\"height:24px\" aria-hidden=\"true\" class=\"wp-block-spacer\"><\/div>\n\n\n\n<p>Entre el 4 y 6 de noviembre, el <strong>Batall\u00f3n\u00bbOriental\u00bb de Infanter\u00eda Mecanizado N\u00b0 4<\/strong> ubicado en la ciudad de Colonia, recibi\u00f3 la visita del <strong>Curso de Infanter\u00eda<\/strong> de la <a rel=\"noreferrer noopener\" href=\"https:\/\/www.facebook.com\/EscuelaMilitarUruguay\/?__cft__[0]=AZUwY76o_da1AEiKWiL_cLEc5pBsw30-xcg34F0CTllUPmopPn9-W7hChkKbGKWMzajzlpPyH50vI2nc1EO480tUf7sdGXBGEdrb1SxkItPx1nIgndjbuF2TgzUUZkcBniKul5a8zWKeQ8qBTJT-sFSq&amp;__tn__=kK-R\" target=\"_blank\"><strong>Escuela Militar<\/strong><\/a>, en el marco del Tercer M\u00f3dulo Militar, durante tres jornadas se imparti\u00f3 la instrucci\u00f3n correspondiente a las <strong>Operaciones Militares en Terreno Urbano<\/strong> (OMTU).<\/p>\n\n\n\n<div style=\"height:33px\" aria-hidden=\"true\" class=\"wp-block-spacer\"><\/div>\n\n\n\n<div class=\"wp-block-coblocks-gallery-carousel\"><div class=\"is-cropped coblocks-gallery has-no-alignment has-caption-style-dark has-horizontal-gutter has-lightbox\"><div class=\"has-carousel has-carousel-lrg\" style=\"height:400px\" data-flickity=\"{&quot;autoPlay&quot;:5000,&quot;draggable&quot;:true,&quot;pageDots&quot;:false,&quot;prevNextButtons&quot;:true,&quot;wrapAround&quot;:true,&quot;cellAlign&quot;:&quot;center&quot;,&quot;pauseAutoPlayOnHover&quot;:false,&quot;freeScroll&quot;:true,&quot;arrowShape&quot;:{&quot;x0&quot;:10,&quot;x1&quot;:60,&quot;y1&quot;:50,&quot;x2&quot;:65,&quot;y2&quot;:45,&quot;x3&quot;:20},&quot;thumbnails&quot;:false,&quot;responsiveHeight&quot;:false}\"><div class=\"coblocks-gallery--item\"><figure class=\"coblocks-gallery--figure has-margin-left-15 has-margin-left-mobile-5 has-margin-right-15 has-margin-right-mobile-5\"><img fetchpriority=\"high\" decoding=\"async\" width=\"1024\" height=\"683\" src=\"https:\/\/www.ejercito.mil.uy\/wp-content\/uploads\/2021\/11\/Infanteria-10-1024x683.jpg\" alt=\"\" data-id=\"8005\" data-link=\"https:\/\/www.ejercito.mil.uy\/?attachment_id=8005\" class=\"wp-image-8005\" srcset=\"https:\/\/www.ejercito.mil.uy\/wp-content\/uploads\/2021\/11\/Infanteria-10-1024x683.jpg 1024w, https:\/\/www.ejercito.mil.uy\/wp-content\/uploads\/2021\/11\/Infanteria-10-300x200.jpg 300w, https:\/\/www.ejercito.mil.uy\/wp-content\/uploads\/2021\/11\/Infanteria-10.jpg 1200w\" sizes=\"(max-width: 1024px) 100vw, 1024px\" \/><\/figure><\/div><div class=\"coblocks-gallery--item\"><figure class=\"coblocks-gallery--figure has-margin-left-15 has-margin-left-mobile-5 has-margin-right-15 has-margin-right-mobile-5\"><img decoding=\"async\" width=\"1024\" height=\"683\" src=\"https:\/\/www.ejercito.mil.uy\/wp-content\/uploads\/2021\/11\/Infanteria-1-1024x683.jpg\" alt=\"\" data-id=\"7996\" data-link=\"https:\/\/www.ejercito.mil.uy\/?attachment_id=7996\" class=\"wp-image-7996\" srcset=\"https:\/\/www.ejercito.mil.uy\/wp-content\/uploads\/2021\/11\/Infanteria-1-1024x683.jpg 1024w, https:\/\/www.ejercito.mil.uy\/wp-content\/uploads\/2021\/11\/Infanteria-1-300x200.jpg 300w, https:\/\/www.ejercito.mil.uy\/wp-content\/uploads\/2021\/11\/Infanteria-1.jpg 1200w\" sizes=\"(max-width: 1024px) 100vw, 1024px\" \/><\/figure><\/div><div class=\"coblocks-gallery--item\"><figure class=\"coblocks-gallery--figure has-margin-left-15 has-margin-left-mobile-5 has-margin-right-15 has-margin-right-mobile-5\"><img decoding=\"async\" width=\"1024\" height=\"683\" src=\"https:\/\/www.ejercito.mil.uy\/wp-content\/uploads\/2021\/11\/Infanteria-6-1024x683.jpg\" alt=\"\" data-id=\"8001\" data-link=\"https:\/\/www.ejercito.mil.uy\/?attachment_id=8001\" class=\"wp-image-8001\" srcset=\"https:\/\/www.ejercito.mil.uy\/wp-content\/uploads\/2021\/11\/Infanteria-6-1024x683.jpg 1024w, https:\/\/www.ejercito.mil.uy\/wp-content\/uploads\/2021\/11\/Infanteria-6-300x200.jpg 300w, https:\/\/www.ejercito.mil.uy\/wp-content\/uploads\/2021\/11\/Infanteria-6.jpg 1200w\" sizes=\"(max-width: 1024px) 100vw, 1024px\" \/><\/figure><\/div><div class=\"coblocks-gallery--item\"><figure class=\"coblocks-gallery--figure has-margin-left-15 has-margin-left-mobile-5 has-margin-right-15 has-margin-right-mobile-5\"><img loading=\"lazy\" decoding=\"async\" width=\"1024\" height=\"683\" src=\"https:\/\/www.ejercito.mil.uy\/wp-content\/uploads\/2021\/11\/Infanteria-8-1024x683.jpg\" alt=\"\" data-id=\"8003\" data-link=\"https:\/\/www.ejercito.mil.uy\/?attachment_id=8003\" class=\"wp-image-8003\" srcset=\"https:\/\/www.ejercito.mil.uy\/wp-content\/uploads\/2021\/11\/Infanteria-8-1024x683.jpg 1024w, https:\/\/www.ejercito.mil.uy\/wp-content\/uploads\/2021\/11\/Infanteria-8-300x200.jpg 300w, https:\/\/www.ejercito.mil.uy\/wp-content\/uploads\/2021\/11\/Infanteria-8.jpg 1200w\" sizes=\"(max-width: 1024px) 100vw, 1024px\" \/><\/figure><\/div><div class=\"coblocks-gallery--item\"><figure class=\"coblocks-gallery--figure has-margin-left-15 has-margin-left-mobile-5 has-margin-right-15 has-margin-right-mobile-5\"><img loading=\"lazy\" decoding=\"async\" width=\"1024\" height=\"683\" src=\"https:\/\/www.ejercito.mil.uy\/wp-content\/uploads\/2021\/11\/Infanteria-9-1024x683.jpg\" alt=\"\" data-id=\"8004\" data-link=\"https:\/\/www.ejercito.mil.uy\/?attachment_id=8004\" class=\"wp-image-8004\" srcset=\"https:\/\/www.ejercito.mil.uy\/wp-content\/uploads\/2021\/11\/Infanteria-9-1024x683.jpg 1024w, https:\/\/www.ejercito.mil.uy\/wp-content\/uploads\/2021\/11\/Infanteria-9-300x200.jpg 300w, https:\/\/www.ejercito.mil.uy\/wp-content\/uploads\/2021\/11\/Infanteria-9.jpg 1200w\" sizes=\"(max-width: 1024px) 100vw, 1024px\" \/><\/figure><\/div><div class=\"coblocks-gallery--item\"><figure class=\"coblocks-gallery--figure has-margin-left-15 has-margin-left-mobile-5 has-margin-right-15 has-margin-right-mobile-5\"><img loading=\"lazy\" decoding=\"async\" width=\"1024\" height=\"683\" src=\"https:\/\/www.ejercito.mil.uy\/wp-content\/uploads\/2021\/11\/Infanteria-5-1024x683.jpg\" alt=\"\" data-id=\"8000\" data-link=\"https:\/\/www.ejercito.mil.uy\/?attachment_id=8000\" class=\"wp-image-8000\" srcset=\"https:\/\/www.ejercito.mil.uy\/wp-content\/uploads\/2021\/11\/Infanteria-5-1024x683.jpg 1024w, https:\/\/www.ejercito.mil.uy\/wp-content\/uploads\/2021\/11\/Infanteria-5-300x200.jpg 300w, https:\/\/www.ejercito.mil.uy\/wp-content\/uploads\/2021\/11\/Infanteria-5.jpg 1200w\" sizes=\"(max-width: 1024px) 100vw, 1024px\" \/><\/figure><\/div><div class=\"coblocks-gallery--item\"><figure class=\"coblocks-gallery--figure has-margin-left-15 has-margin-left-mobile-5 has-margin-right-15 has-margin-right-mobile-5\"><img loading=\"lazy\" decoding=\"async\" width=\"1024\" height=\"683\" src=\"https:\/\/www.ejercito.mil.uy\/wp-content\/uploads\/2021\/11\/Infanteria-4-1024x683.jpg\" alt=\"\" data-id=\"7999\" data-link=\"https:\/\/www.ejercito.mil.uy\/?attachment_id=7999\" class=\"wp-image-7999\" srcset=\"https:\/\/www.ejercito.mil.uy\/wp-content\/uploads\/2021\/11\/Infanteria-4-1024x683.jpg 1024w, https:\/\/www.ejercito.mil.uy\/wp-content\/uploads\/2021\/11\/Infanteria-4-300x200.jpg 300w, https:\/\/www.ejercito.mil.uy\/wp-content\/uploads\/2021\/11\/Infanteria-4.jpg 1200w\" sizes=\"(max-width: 1024px) 100vw, 1024px\" \/><\/figure><\/div><div class=\"coblocks-gallery--item\"><figure class=\"coblocks-gallery--figure has-margin-left-15 has-margin-left-mobile-5 has-margin-right-15 has-margin-right-mobile-5\"><img loading=\"lazy\" decoding=\"async\" width=\"1024\" height=\"683\" src=\"https:\/\/www.ejercito.mil.uy\/wp-content\/uploads\/2021\/11\/Infanteria-7-1024x683.jpg\" alt=\"\" data-id=\"8002\" data-link=\"https:\/\/www.ejercito.mil.uy\/?attachment_id=8002\" class=\"wp-image-8002\" srcset=\"https:\/\/www.ejercito.mil.uy\/wp-content\/uploads\/2021\/11\/Infanteria-7-1024x683.jpg 1024w, https:\/\/www.ejercito.mil.uy\/wp-content\/uploads\/2021\/11\/Infanteria-7-300x200.jpg 300w, https:\/\/www.ejercito.mil.uy\/wp-content\/uploads\/2021\/11\/Infanteria-7.jpg 1200w\" sizes=\"(max-width: 1024px) 100vw, 1024px\" \/><\/figure><\/div><div class=\"coblocks-gallery--item\"><figure class=\"coblocks-gallery--figure has-margin-left-15 has-margin-left-mobile-5 has-margin-right-15 has-margin-right-mobile-5\"><img loading=\"lazy\" decoding=\"async\" width=\"1024\" height=\"683\" src=\"https:\/\/www.ejercito.mil.uy\/wp-content\/uploads\/2021\/11\/Infanteria-2-1024x683.jpg\" alt=\"\" data-id=\"7997\" data-link=\"https:\/\/www.ejercito.mil.uy\/?attachment_id=7997\" class=\"wp-image-7997\" srcset=\"https:\/\/www.ejercito.mil.uy\/wp-content\/uploads\/2021\/11\/Infanteria-2-1024x683.jpg 1024w, https:\/\/www.ejercito.mil.uy\/wp-content\/uploads\/2021\/11\/Infanteria-2-300x200.jpg 300w, https:\/\/www.ejercito.mil.uy\/wp-content\/uploads\/2021\/11\/Infanteria-2.jpg 1200w\" sizes=\"(max-width: 1024px) 100vw, 1024px\" \/><\/figure><\/div><div class=\"coblocks-gallery--item\"><figure class=\"coblocks-gallery--figure has-margin-left-15 has-margin-left-mobile-5 has-margin-right-15 has-margin-right-mobile-5\"><img loading=\"lazy\" decoding=\"async\" width=\"1024\" height=\"683\" src=\"https:\/\/www.ejercito.mil.uy\/wp-content\/uploads\/2021\/11\/Infanteria-3-1024x683.jpg\" alt=\"\" data-id=\"7998\" data-link=\"https:\/\/www.ejercito.mil.uy\/?attachment_id=7998\" class=\"wp-image-7998\" srcset=\"https:\/\/www.ejercito.mil.uy\/wp-content\/uploads\/2021\/11\/Infanteria-3-1024x683.jpg 1024w, https:\/\/www.ejercito.mil.uy\/wp-content\/uploads\/2021\/11\/Infanteria-3-300x200.jpg 300w, https:\/\/www.ejercito.mil.uy\/wp-content\/uploads\/2021\/11\/Infanteria-3.jpg 1200w\" sizes=\"(max-width: 1024px) 100vw, 1024px\" \/><\/figure><\/div><\/div><\/div><\/div>\n\n\n\n<div style=\"height:55px\" aria-hidden=\"true\" class=\"wp-block-spacer\"><\/div>\n\n\n\n<p>El objetivo fundamental fue capacitar a los Cadetes en todas las habilidades b\u00e1sicas necesarias para desarrollar este tipo de operaciones.<\/p>\n\n\n\n<div style=\"height:33px\" aria-hidden=\"true\" class=\"wp-block-spacer\"><\/div>\n\n\n\n<p>Al finalizar la instrucci\u00f3n, se realiz\u00f3 un paseo de car\u00e1cter cultural y did\u00e1ctico a la Estancia Presidencial Anchorena y Museo Cars.<\/p>\n\n\n\n<div style=\"height:33px\" aria-hidden=\"true\" class=\"wp-block-spacer\"><\/div>\n\n\n\n<p>Es un orgullo para la Unidad contribuir en la formaci\u00f3n de los futuros Oficiales del Arma de Infanter\u00eda.<\/p>\n\n\n\n<div style=\"height:55px\" aria-hidden=\"true\" class=\"wp-block-spacer\"><\/div>\n","protected":false},"excerpt":{"rendered":"<p>11.11.2021 &#8211; Entre el 4 y 6 de noviembre, el Batall\u00f3n\u00bbOriental\u00bb de Infanter\u00eda Mecanizado N\u00b0 4, recibi\u00f3 la visita del Curso de Infanter\u00eda de la Escuela Militar.<\/p>\n","protected":false},"author":4,"featured_media":7995,"comment_status":"open","ping_status":"open","sticky":false,"template":"","format":"standard","meta":{"_coblocks_attr":"","_coblocks_dimensions":"","_coblocks_responsive_height":"","_coblocks_accordion_ie_support":"","_monsterinsights_skip_tracking":false,"_monsterinsights_sitenote_active":false,"_monsterinsights_sitenote_note":"","_monsterinsights_sitenote_category":0,"_uf_show_specific_survey":0,"_uf_disable_surveys":false,"footnotes":""},"categories":[2,14],"tags":[70,69,35,217,71,13],"class_list":["post-7993","post","type-post","status-publish","format-standard","has-post-thumbnail","hentry","category-blog","category-noticias","tag-curso","tag-ensenanza","tag-entrenamiento","tag-escuela-militar","tag-infanteria","tag-instruccion"],"aioseo_notices":[],"_links":{"self":[{"href":"https:\/\/www.ejercito.mil.uy\/index.php\/wp-json\/wp\/v2\/posts\/7993","targetHints":{"allow":["GET"]}}],"collection":[{"href":"https:\/\/www.ejercito.mil.uy\/index.php\/wp-json\/wp\/v2\/posts"}],"about":[{"href":"https:\/\/www.ejercito.mil.uy\/index.php\/wp-json\/wp\/v2\/types\/post"}],"author":[{"embeddable":true,"href":"https:\/\/www.ejercito.mil.uy\/index.php\/wp-json\/wp\/v2\/users\/4"}],"replies":[{"embeddable":true,"href":"https:\/\/www.ejercito.mil.uy\/index.php\/wp-json\/wp\/v2\/comments?post=7993"}],"version-history":[{"count":2,"href":"https:\/\/www.ejercito.mil.uy\/index.php\/wp-json\/wp\/v2\/posts\/7993\/revisions"}],"predecessor-version":[{"id":8006,"href":"https:\/\/www.ejercito.mil.uy\/index.php\/wp-json\/wp\/v2\/posts\/7993\/revisions\/8006"}],"wp:featuredmedia":[{"embeddable":true,"href":"https:\/\/www.ejercito.mil.uy\/index.php\/wp-json\/wp\/v2\/media\/7995"}],"wp:attachment":[{"href":"https:\/\/www.ejercito.mil.uy\/index.php\/wp-json\/wp\/v2\/media?parent=7993"}],"wp:term":[{"taxonomy":"category","embeddable":true,"href":"https:\/\/www.ejercito.mil.uy\/index.php\/wp-json\/wp\/v2\/categories?post=7993"},{"taxonomy":"post_tag","embeddable":true,"href":"https:\/\/www.ejercito.mil.uy\/index.php\/wp-json\/wp\/v2\/tags?post=7993"}],"curies":[{"name":"wp","href":"https:\/\/api.w.org\/{rel}","templated":true}]}}