{"id":8180,"date":"2021-11-21T13:00:45","date_gmt":"2021-11-21T16:00:45","guid":{"rendered":"https:\/\/www.ejercito.mil.uy\/?p=8180"},"modified":"2021-11-30T08:19:59","modified_gmt":"2021-11-30T11:19:59","slug":"15-anos-del-andresito-ejercito-futbol","status":"publish","type":"post","link":"https:\/\/www.ejercito.mil.uy\/index.php\/2021\/11\/21\/15-anos-del-andresito-ejercito-futbol\/","title":{"rendered":"15 a\u00f1os del \u00abAndresito Ej\u00e9rcito F\u00fatbol\u00bb"},"content":{"rendered":"\n<p style=\"font-size:14px\">21.11.2021 &#8211; Montevideo<\/p>\n\n\n\n<div style=\"height:33px\" aria-hidden=\"true\" class=\"wp-block-spacer\"><\/div>\n\n\n\n<p class=\"has-medium-font-size\"><strong>Se conmemoraron los 15 a\u00f1os del \u00abAndresito Ej\u00e9rcito F\u00fatbol\u00bb en el Campo Deportivo del Ej\u00e9rcito (Montevideo).<\/strong><\/p>\n\n\n\n<div style=\"height:33px\" aria-hidden=\"true\" class=\"wp-block-spacer\"><\/div>\n\n\n\n<p>Se cont\u00f3 con la presencia del Sr. Comandante en Jefe del Ej\u00e9rcito, Gral. de Ej\u00e9rcito Gerardo Fregossi, el Sr. Jefe del Estado Mayor del Ej\u00e9rcito, Gral. Luis Mangini, el Sr. Director del Sistema de Ense\u00f1anza del Ej\u00e9rcito, Gral. Mario Moreira, el Sr. Director del Instituto Militar de las Armas y Especialidades, Gral. Jorge Fern\u00e1ndez, el Director del Liceo Militar \u00abGral. Artigas\u00bb, Cnel. Alejandro C\u00f3rdoba, el Director de la Escuela de Comunicaciones del Ej\u00e9rcito (Ecome), Tte. Cnel. Hugo Canobra, y militares de diversas jerarqu\u00edas, en actividad y retiro. Durante la ceremonia se record\u00f3 a los jugadores fallecidos en ese tiempo, con un minuto de silencio y colocaci\u00f3n de ofrenda floral en la cancha \u00abTte. Cnel. E. Curutchet\u00bb.<\/p>\n\n\n\n<div style=\"height:33px\" aria-hidden=\"true\" class=\"wp-block-spacer\"><\/div>\n\n\n\n<p>Asimismo, debido a que este a\u00f1o el Club Andresito result\u00f3 campe\u00f3n de la Liga Amateur de F\u00fatbol, se aprovech\u00f3 la ocasi\u00f3n y se celebr\u00f3 con dos partidos disputados hoy: uno en la Categor\u00eda M\u00e1ster en el que participaron oficiales retirados y en actividad afiliados al club; el segundo se disput\u00f3 entre los alumnos del<strong> <a href=\"https:\/\/www.facebook.com\/LiceoMilitaruy\/?__cft__[0]=AZUlPyS9RzKDAhU5p0dbNfXIDs7Fm4-YpYBYZkmbqswD0r4otWzgXCO22YrtsjFJC6oHt-7FeHptNlyKO1LjZiE_EvOkk6WV5mM_UALzng0XHf_jGn9Oexjvtn2ExKopEC0udCxO0l8Z0AINde1fnogp&amp;__tn__=kK-R\" target=\"_blank\" rel=\"noreferrer noopener\">Liceo Militar \u00abGeneral Artigas\u00bb<\/a><\/strong> y alumnos de la Ecome.<\/p>\n\n\n\n<div style=\"height:33px\" aria-hidden=\"true\" class=\"wp-block-spacer\"><\/div>\n\n\n\n<p>Para finalizar, el Comandante en Jefe del Ej\u00e9rcito presidi\u00f3 la entrega de reconocimientos, siendo a su vez reconocido por el club como \u00abJugador de honor\u00bb junto al Sr. Jefe del Estado Mayor del Ej\u00e9rcito.<\/p>\n\n\n\n<div style=\"height:55px\" aria-hidden=\"true\" class=\"wp-block-spacer\"><\/div>\n\n\n\n<div class=\"wp-block-coblocks-gallery-carousel\"><div class=\"is-cropped coblocks-gallery has-no-alignment has-caption-style-dark has-horizontal-gutter has-lightbox\"><div class=\"has-carousel has-carousel-lrg\" style=\"height:400px\" data-flickity=\"{&quot;autoPlay&quot;:3000,&quot;draggable&quot;:true,&quot;pageDots&quot;:false,&quot;prevNextButtons&quot;:true,&quot;wrapAround&quot;:true,&quot;cellAlign&quot;:&quot;center&quot;,&quot;pauseAutoPlayOnHover&quot;:false,&quot;freeScroll&quot;:true,&quot;arrowShape&quot;:{&quot;x0&quot;:10,&quot;x1&quot;:60,&quot;y1&quot;:50,&quot;x2&quot;:65,&quot;y2&quot;:45,&quot;x3&quot;:20},&quot;thumbnails&quot;:false,&quot;responsiveHeight&quot;:false}\"><div class=\"coblocks-gallery--item\"><figure class=\"coblocks-gallery--figure has-margin-left-10 has-margin-left-mobile-5 has-margin-right-10 has-margin-right-mobile-5\"><img fetchpriority=\"high\" decoding=\"async\" width=\"1024\" height=\"683\" src=\"https:\/\/www.ejercito.mil.uy\/wp-content\/uploads\/2021\/11\/CADE-1-1024x683.jpg\" alt=\"\" data-id=\"8182\" data-link=\"https:\/\/www.ejercito.mil.uy\/?attachment_id=8182\" class=\"wp-image-8182\" srcset=\"https:\/\/www.ejercito.mil.uy\/wp-content\/uploads\/2021\/11\/CADE-1-1024x683.jpg 1024w, https:\/\/www.ejercito.mil.uy\/wp-content\/uploads\/2021\/11\/CADE-1-300x200.jpg 300w, https:\/\/www.ejercito.mil.uy\/wp-content\/uploads\/2021\/11\/CADE-1.jpg 1200w\" sizes=\"(max-width: 1024px) 100vw, 1024px\" \/><\/figure><\/div><div class=\"coblocks-gallery--item\"><figure class=\"coblocks-gallery--figure has-margin-left-10 has-margin-left-mobile-5 has-margin-right-10 has-margin-right-mobile-5\"><img decoding=\"async\" width=\"1024\" height=\"683\" src=\"https:\/\/www.ejercito.mil.uy\/wp-content\/uploads\/2021\/11\/CADE-2-1024x683.jpg\" alt=\"\" data-id=\"8183\" data-link=\"https:\/\/www.ejercito.mil.uy\/?attachment_id=8183\" class=\"wp-image-8183\" srcset=\"https:\/\/www.ejercito.mil.uy\/wp-content\/uploads\/2021\/11\/CADE-2-1024x683.jpg 1024w, https:\/\/www.ejercito.mil.uy\/wp-content\/uploads\/2021\/11\/CADE-2-300x200.jpg 300w, https:\/\/www.ejercito.mil.uy\/wp-content\/uploads\/2021\/11\/CADE-2.jpg 1200w\" sizes=\"(max-width: 1024px) 100vw, 1024px\" \/><\/figure><\/div><div class=\"coblocks-gallery--item\"><figure class=\"coblocks-gallery--figure has-margin-left-10 has-margin-left-mobile-5 has-margin-right-10 has-margin-right-mobile-5\"><img decoding=\"async\" width=\"1024\" height=\"683\" src=\"https:\/\/www.ejercito.mil.uy\/wp-content\/uploads\/2021\/11\/CADE-3-1024x683.jpg\" alt=\"\" data-id=\"8184\" data-link=\"https:\/\/www.ejercito.mil.uy\/?attachment_id=8184\" class=\"wp-image-8184\" srcset=\"https:\/\/www.ejercito.mil.uy\/wp-content\/uploads\/2021\/11\/CADE-3-1024x683.jpg 1024w, https:\/\/www.ejercito.mil.uy\/wp-content\/uploads\/2021\/11\/CADE-3-300x200.jpg 300w, https:\/\/www.ejercito.mil.uy\/wp-content\/uploads\/2021\/11\/CADE-3.jpg 1200w\" sizes=\"(max-width: 1024px) 100vw, 1024px\" \/><\/figure><\/div><div class=\"coblocks-gallery--item\"><figure class=\"coblocks-gallery--figure has-margin-left-10 has-margin-left-mobile-5 has-margin-right-10 has-margin-right-mobile-5\"><img loading=\"lazy\" decoding=\"async\" width=\"1024\" height=\"683\" src=\"https:\/\/www.ejercito.mil.uy\/wp-content\/uploads\/2021\/11\/CADE-4-1024x683.jpg\" alt=\"\" data-id=\"8185\" data-link=\"https:\/\/www.ejercito.mil.uy\/?attachment_id=8185\" class=\"wp-image-8185\" srcset=\"https:\/\/www.ejercito.mil.uy\/wp-content\/uploads\/2021\/11\/CADE-4-1024x683.jpg 1024w, https:\/\/www.ejercito.mil.uy\/wp-content\/uploads\/2021\/11\/CADE-4-300x200.jpg 300w, https:\/\/www.ejercito.mil.uy\/wp-content\/uploads\/2021\/11\/CADE-4.jpg 1200w\" sizes=\"(max-width: 1024px) 100vw, 1024px\" \/><\/figure><\/div><div class=\"coblocks-gallery--item\"><figure class=\"coblocks-gallery--figure has-margin-left-10 has-margin-left-mobile-5 has-margin-right-10 has-margin-right-mobile-5\"><img loading=\"lazy\" decoding=\"async\" width=\"1024\" height=\"683\" src=\"https:\/\/www.ejercito.mil.uy\/wp-content\/uploads\/2021\/11\/CADE-5-1024x683.jpg\" alt=\"\" data-id=\"8186\" data-link=\"https:\/\/www.ejercito.mil.uy\/?attachment_id=8186\" class=\"wp-image-8186\" srcset=\"https:\/\/www.ejercito.mil.uy\/wp-content\/uploads\/2021\/11\/CADE-5-1024x683.jpg 1024w, https:\/\/www.ejercito.mil.uy\/wp-content\/uploads\/2021\/11\/CADE-5-300x200.jpg 300w, https:\/\/www.ejercito.mil.uy\/wp-content\/uploads\/2021\/11\/CADE-5.jpg 1200w\" sizes=\"(max-width: 1024px) 100vw, 1024px\" \/><\/figure><\/div><div class=\"coblocks-gallery--item\"><figure class=\"coblocks-gallery--figure has-margin-left-10 has-margin-left-mobile-5 has-margin-right-10 has-margin-right-mobile-5\"><img loading=\"lazy\" decoding=\"async\" width=\"1024\" height=\"683\" src=\"https:\/\/www.ejercito.mil.uy\/wp-content\/uploads\/2021\/11\/CADE-6-1024x683.jpg\" alt=\"\" data-id=\"8187\" data-link=\"https:\/\/www.ejercito.mil.uy\/?attachment_id=8187\" class=\"wp-image-8187\" srcset=\"https:\/\/www.ejercito.mil.uy\/wp-content\/uploads\/2021\/11\/CADE-6-1024x683.jpg 1024w, https:\/\/www.ejercito.mil.uy\/wp-content\/uploads\/2021\/11\/CADE-6-300x200.jpg 300w, https:\/\/www.ejercito.mil.uy\/wp-content\/uploads\/2021\/11\/CADE-6.jpg 1200w\" sizes=\"(max-width: 1024px) 100vw, 1024px\" \/><\/figure><\/div><\/div><\/div><\/div>\n\n\n\n<div style=\"height:77px\" aria-hidden=\"true\" class=\"wp-block-spacer\"><\/div>\n\n\n\n<p><\/p>\n","protected":false},"excerpt":{"rendered":"<p>21.11.2021 &#8211; Se conmemoraron los 15 a\u00f1os del \u00abAndresito Ej\u00e9rcito F\u00fatbol\u00bb en el Campo Deportivo del Ej\u00e9rcito (Montevideo).<\/p>\n","protected":false},"author":4,"featured_media":8184,"comment_status":"open","ping_status":"open","sticky":false,"template":"","format":"standard","meta":{"_coblocks_attr":"","_coblocks_dimensions":"","_coblocks_responsive_height":"","_coblocks_accordion_ie_support":"","_monsterinsights_skip_tracking":false,"_monsterinsights_sitenote_active":false,"_monsterinsights_sitenote_note":"","_monsterinsights_sitenote_category":0,"_uf_show_specific_survey":0,"_uf_disable_surveys":false,"footnotes":""},"categories":[2,14],"tags":[154,37],"class_list":["post-8180","post","type-post","status-publish","format-standard","has-post-thumbnail","hentry","category-blog","category-noticias","tag-deportes","tag-sociedad"],"aioseo_notices":[],"_links":{"self":[{"href":"https:\/\/www.ejercito.mil.uy\/index.php\/wp-json\/wp\/v2\/posts\/8180","targetHints":{"allow":["GET"]}}],"collection":[{"href":"https:\/\/www.ejercito.mil.uy\/index.php\/wp-json\/wp\/v2\/posts"}],"about":[{"href":"https:\/\/www.ejercito.mil.uy\/index.php\/wp-json\/wp\/v2\/types\/post"}],"author":[{"embeddable":true,"href":"https:\/\/www.ejercito.mil.uy\/index.php\/wp-json\/wp\/v2\/users\/4"}],"replies":[{"embeddable":true,"href":"https:\/\/www.ejercito.mil.uy\/index.php\/wp-json\/wp\/v2\/comments?post=8180"}],"version-history":[{"count":2,"href":"https:\/\/www.ejercito.mil.uy\/index.php\/wp-json\/wp\/v2\/posts\/8180\/revisions"}],"predecessor-version":[{"id":8189,"href":"https:\/\/www.ejercito.mil.uy\/index.php\/wp-json\/wp\/v2\/posts\/8180\/revisions\/8189"}],"wp:featuredmedia":[{"embeddable":true,"href":"https:\/\/www.ejercito.mil.uy\/index.php\/wp-json\/wp\/v2\/media\/8184"}],"wp:attachment":[{"href":"https:\/\/www.ejercito.mil.uy\/index.php\/wp-json\/wp\/v2\/media?parent=8180"}],"wp:term":[{"taxonomy":"category","embeddable":true,"href":"https:\/\/www.ejercito.mil.uy\/index.php\/wp-json\/wp\/v2\/categories?post=8180"},{"taxonomy":"post_tag","embeddable":true,"href":"https:\/\/www.ejercito.mil.uy\/index.php\/wp-json\/wp\/v2\/tags?post=8180"}],"curies":[{"name":"wp","href":"https:\/\/api.w.org\/{rel}","templated":true}]}}