{"id":8190,"date":"2021-11-17T16:00:53","date_gmt":"2021-11-17T19:00:53","guid":{"rendered":"https:\/\/www.ejercito.mil.uy\/?p=8190"},"modified":"2021-11-23T09:37:53","modified_gmt":"2021-11-23T12:37:53","slug":"curso-de-albanileria","status":"publish","type":"post","link":"https:\/\/www.ejercito.mil.uy\/index.php\/2021\/11\/17\/curso-de-albanileria\/","title":{"rendered":"Curso de Alba\u00f1iler\u00eda"},"content":{"rendered":"\n<p class=\"has-small-font-size\">17.11.2021 &#8211; Florida<\/p>\n\n\n\n<div style=\"height:33px\" aria-hidden=\"true\" class=\"wp-block-spacer\"><\/div>\n\n\n\n<p class=\"has-medium-font-size\">Este lunes, comenz\u00f3 en el <a rel=\"noreferrer noopener\" href=\"https:\/\/www.facebook.com\/Batall%C3%B3n-Sarand%C3%AD-de-Ingenieros-de-Combate-Nro-2-302734300330499\/?__cft__[0]=AZW9_yXP9cTkacHlgK_REDrVf-stnPQpmTWglerynVSXLeSBVHywT0Ay1re4jEN-VJjWICLkV-BGSU6aDV7LwjDtvNz_h46OM0UiAWeMZ3SM-XE14NWdcDDAx2GDx8HICx1YgIh8b9tNGFDvX1FxO6wM&amp;__tn__=kK-R\" target=\"_blank\"><strong>Batall\u00f3n Sarand\u00ed de Ingenieros de Combate Nro. 2<\/strong><\/a> de la ciudad de Florida, el Curso de Alba\u00f1iler\u00eda destinado a adolescentes que pertenecen a <a href=\"https:\/\/www.facebook.com\/inauoficial?__cft__[0]=AZW9_yXP9cTkacHlgK_REDrVf-stnPQpmTWglerynVSXLeSBVHywT0Ay1re4jEN-VJjWICLkV-BGSU6aDV7LwjDtvNz_h46OM0UiAWeMZ3SM-XE14NWdcDDAx2GDx8HICx1YgIh8b9tNGFDvX1FxO6wM&amp;__tn__=-]K-R\" target=\"_blank\" rel=\"noreferrer noopener\"><strong>INAU &#8211; Instituto del Ni\u00f1o y Adolescente del Uruguay<\/strong><\/a>.<\/p>\n\n\n\n<div style=\"height:33px\" aria-hidden=\"true\" class=\"wp-block-spacer\"><\/div>\n\n\n\n<p>Se enmarca en el convenio firmado entre el <a rel=\"noreferrer noopener\" href=\"https:\/\/www.facebook.com\/profile.php?id=100067818971869&amp;__cft__[0]=AZW9_yXP9cTkacHlgK_REDrVf-stnPQpmTWglerynVSXLeSBVHywT0Ay1re4jEN-VJjWICLkV-BGSU6aDV7LwjDtvNz_h46OM0UiAWeMZ3SM-XE14NWdcDDAx2GDx8HICx1YgIh8b9tNGFDvX1FxO6wM&amp;__tn__=-]K-R\" target=\"_blank\">Ministerio de Defensa Nacional del Uruguay<\/a> y el INAU, con el objetivo de capacitar a j\u00f3venes floridenses, que tengan dificultades de inserci\u00f3n laboral, a efectos de mejorar su empleabilidad, as\u00ed como tambi\u00e9n contribuir a la continuidad educativa formal y construcci\u00f3n de ciudadan\u00eda adolescente.<\/p>\n\n\n\n<div style=\"height:33px\" aria-hidden=\"true\" class=\"wp-block-spacer\"><\/div>\n\n\n\n<p>Los 5 j\u00f3venes ser\u00e1n instruidos en tareas de alba\u00f1iler\u00eda en un curso planificado y dictado por 4 efectivos del Batall\u00f3n. Las clases son de lunes a viernes de 8 a 13:30 h.<\/p>\n\n\n\n<div style=\"height:33px\" aria-hidden=\"true\" class=\"wp-block-spacer\"><\/div>\n\n\n\n<p>Participaron de la ceremonia de apertura, la Sra. Directora Departamental de INAU, Lic. Mariela Hern\u00e1ndez, el Coordinador del CECOED, Sr. Cono Arr\u00faa en representaci\u00f3n de la Comuna Departamental y el Sr. Jefe de Polic\u00eda de Florida, Crio. Gral. (R) Jos\u00e9 M. Azambuya.<\/p>\n\n\n\n<div style=\"height:55px\" aria-hidden=\"true\" class=\"wp-block-spacer\"><\/div>\n\n\n\n<figure class=\"wp-block-gallery columns-2 is-cropped has-lightbox wp-block-gallery-1 is-layout-flex wp-block-gallery-is-layout-flex\"><ul class=\"blocks-gallery-grid\"><li class=\"blocks-gallery-item\"><figure><img fetchpriority=\"high\" decoding=\"async\" width=\"1024\" height=\"683\" src=\"https:\/\/www.ejercito.mil.uy\/wp-content\/uploads\/2021\/11\/CURSO-1-1024x683.jpg\" alt=\"\" data-id=\"8192\" data-full-url=\"https:\/\/www.ejercito.mil.uy\/wp-content\/uploads\/2021\/11\/CURSO-1.jpg\" data-link=\"https:\/\/www.ejercito.mil.uy\/?attachment_id=8192\" class=\"wp-image-8192\" srcset=\"https:\/\/www.ejercito.mil.uy\/wp-content\/uploads\/2021\/11\/CURSO-1-1024x683.jpg 1024w, https:\/\/www.ejercito.mil.uy\/wp-content\/uploads\/2021\/11\/CURSO-1-300x200.jpg 300w, https:\/\/www.ejercito.mil.uy\/wp-content\/uploads\/2021\/11\/CURSO-1.jpg 1200w\" sizes=\"(max-width: 1024px) 100vw, 1024px\" \/><\/figure><\/li><li class=\"blocks-gallery-item\"><figure><img decoding=\"async\" width=\"1024\" height=\"683\" src=\"https:\/\/www.ejercito.mil.uy\/wp-content\/uploads\/2021\/11\/CURSO-1024x683.jpg\" alt=\"\" data-id=\"8193\" data-full-url=\"https:\/\/www.ejercito.mil.uy\/wp-content\/uploads\/2021\/11\/CURSO.jpg\" data-link=\"https:\/\/www.ejercito.mil.uy\/?attachment_id=8193\" class=\"wp-image-8193\" srcset=\"https:\/\/www.ejercito.mil.uy\/wp-content\/uploads\/2021\/11\/CURSO-1024x683.jpg 1024w, https:\/\/www.ejercito.mil.uy\/wp-content\/uploads\/2021\/11\/CURSO-300x200.jpg 300w, https:\/\/www.ejercito.mil.uy\/wp-content\/uploads\/2021\/11\/CURSO.jpg 1200w\" sizes=\"(max-width: 1024px) 100vw, 1024px\" \/><\/figure><\/li><\/ul><\/figure>\n\n\n\n<div style=\"height:100px\" aria-hidden=\"true\" class=\"wp-block-spacer\"><\/div>\n","protected":false},"excerpt":{"rendered":"<p>25.10.2021 &#8211; Este lunes, comenz\u00f3 en el Batall\u00f3n Sarand\u00ed de Ingenieros de Combate Nro. 2 de la ciudad de Florida, el Curso de Alba\u00f1iler\u00eda destinado a adolescentes que pertenecen a INAU &#8211; Instituto del Ni\u00f1o y Adolescente del Uruguay.<\/p>\n","protected":false},"author":4,"featured_media":8194,"comment_status":"open","ping_status":"open","sticky":false,"template":"","format":"standard","meta":{"_coblocks_attr":"","_coblocks_dimensions":"","_coblocks_responsive_height":"","_coblocks_accordion_ie_support":"","_monsterinsights_skip_tracking":false,"_monsterinsights_sitenote_active":false,"_monsterinsights_sitenote_note":"","_monsterinsights_sitenote_category":0,"_uf_show_specific_survey":0,"_uf_disable_surveys":false,"footnotes":""},"categories":[2,14,1],"tags":[70,48,13],"class_list":["post-8190","post","type-post","status-publish","format-standard","has-post-thumbnail","hentry","category-blog","category-noticias","category-sin-categoria","tag-curso","tag-ingenieros","tag-instruccion"],"aioseo_notices":[],"_links":{"self":[{"href":"https:\/\/www.ejercito.mil.uy\/index.php\/wp-json\/wp\/v2\/posts\/8190","targetHints":{"allow":["GET"]}}],"collection":[{"href":"https:\/\/www.ejercito.mil.uy\/index.php\/wp-json\/wp\/v2\/posts"}],"about":[{"href":"https:\/\/www.ejercito.mil.uy\/index.php\/wp-json\/wp\/v2\/types\/post"}],"author":[{"embeddable":true,"href":"https:\/\/www.ejercito.mil.uy\/index.php\/wp-json\/wp\/v2\/users\/4"}],"replies":[{"embeddable":true,"href":"https:\/\/www.ejercito.mil.uy\/index.php\/wp-json\/wp\/v2\/comments?post=8190"}],"version-history":[{"count":2,"href":"https:\/\/www.ejercito.mil.uy\/index.php\/wp-json\/wp\/v2\/posts\/8190\/revisions"}],"predecessor-version":[{"id":8195,"href":"https:\/\/www.ejercito.mil.uy\/index.php\/wp-json\/wp\/v2\/posts\/8190\/revisions\/8195"}],"wp:featuredmedia":[{"embeddable":true,"href":"https:\/\/www.ejercito.mil.uy\/index.php\/wp-json\/wp\/v2\/media\/8194"}],"wp:attachment":[{"href":"https:\/\/www.ejercito.mil.uy\/index.php\/wp-json\/wp\/v2\/media?parent=8190"}],"wp:term":[{"taxonomy":"category","embeddable":true,"href":"https:\/\/www.ejercito.mil.uy\/index.php\/wp-json\/wp\/v2\/categories?post=8190"},{"taxonomy":"post_tag","embeddable":true,"href":"https:\/\/www.ejercito.mil.uy\/index.php\/wp-json\/wp\/v2\/tags?post=8190"}],"curies":[{"name":"wp","href":"https:\/\/api.w.org\/{rel}","templated":true}]}}