{"id":8208,"date":"2021-11-16T12:52:03","date_gmt":"2021-11-16T15:52:03","guid":{"rendered":"https:\/\/www.ejercito.mil.uy\/?p=8208"},"modified":"2021-11-23T10:07:47","modified_gmt":"2021-11-23T13:07:47","slug":"cursos-de-panaderia-y-carpinteria","status":"publish","type":"post","link":"https:\/\/www.ejercito.mil.uy\/index.php\/2021\/11\/16\/cursos-de-panaderia-y-carpinteria\/","title":{"rendered":"Cursos de Panader\u00eda y Carpinter\u00eda"},"content":{"rendered":"\n<p class=\"has-small-font-size wp-block-paragraph\">16.11.2021 &#8211; Rivera<\/p>\n\n\n\n<div style=\"height:33px\" aria-hidden=\"true\" class=\"wp-block-spacer\"><\/div>\n\n\n\n<p class=\"has-medium-font-size wp-block-paragraph\">El lunes 8 de noviembre, comenzaron en el <a href=\"https:\/\/www.facebook.com\/RegBrigGralFRiveradeCaballeria\" target=\"_blank\" rel=\"noreferrer noopener\"><strong>Regimiento \u00abBrig. Gral. Fructuoso Rivera\u00bb de Caballer\u00eda Mecanizado N\u00b0 3<\/strong><\/a> de la ciudad de Rivera, los <strong>cursos de Panader\u00eda y Carpinter\u00eda<\/strong>, que se dictan en convenio con INEFOP.<\/p>\n\n\n\n<div style=\"height:44px\" aria-hidden=\"true\" class=\"wp-block-spacer\"><\/div>\n\n\n\n<figure class=\"wp-block-image size-large\"><img loading=\"lazy\" decoding=\"async\" width=\"1024\" height=\"683\" src=\"https:\/\/www.ejercito.mil.uy\/wp-content\/uploads\/2021\/11\/CURSOS-1024x683.jpg\" alt=\"\" class=\"wp-image-8212\" srcset=\"https:\/\/www.ejercito.mil.uy\/wp-content\/uploads\/2021\/11\/CURSOS-1024x683.jpg 1024w, https:\/\/www.ejercito.mil.uy\/wp-content\/uploads\/2021\/11\/CURSOS-300x200.jpg 300w, https:\/\/www.ejercito.mil.uy\/wp-content\/uploads\/2021\/11\/CURSOS.jpg 1200w\" sizes=\"auto, (max-width: 1024px) 100vw, 1024px\" \/><\/figure>\n\n\n\n<div style=\"height:55px\" aria-hidden=\"true\" class=\"wp-block-spacer\"><\/div>\n\n\n\n<p class=\"wp-block-paragraph\">Se imparten en la Unidad de lunes a viernes, 4 y 3 horas diarias respectivamente, con una duraci\u00f3n de un mes.Cada uno cuenta con dos instructores del Regimiento que brindan la capacitaci\u00f3n a un total de 20 compatriotas, 10 por curso.<\/p>\n\n\n\n<div style=\"height:33px\" aria-hidden=\"true\" class=\"wp-block-spacer\"><\/div>\n\n\n\n<figure class=\"wp-block-gallery columns-2 is-cropped has-lightbox wp-block-gallery-1 is-layout-flex wp-block-gallery-is-layout-flex\"><ul class=\"blocks-gallery-grid\"><li class=\"blocks-gallery-item\"><figure><img loading=\"lazy\" decoding=\"async\" width=\"1024\" height=\"683\" src=\"https:\/\/www.ejercito.mil.uy\/wp-content\/uploads\/2021\/11\/Cursos-4-1024x683.jpg\" alt=\"\" data-id=\"8210\" data-full-url=\"https:\/\/www.ejercito.mil.uy\/wp-content\/uploads\/2021\/11\/Cursos-4.jpg\" data-link=\"https:\/\/www.ejercito.mil.uy\/?attachment_id=8210\" class=\"wp-image-8210\" srcset=\"https:\/\/www.ejercito.mil.uy\/wp-content\/uploads\/2021\/11\/Cursos-4-1024x683.jpg 1024w, https:\/\/www.ejercito.mil.uy\/wp-content\/uploads\/2021\/11\/Cursos-4-300x200.jpg 300w, https:\/\/www.ejercito.mil.uy\/wp-content\/uploads\/2021\/11\/Cursos-4.jpg 1200w\" sizes=\"auto, (max-width: 1024px) 100vw, 1024px\" \/><\/figure><\/li><li class=\"blocks-gallery-item\"><figure><img loading=\"lazy\" decoding=\"async\" width=\"1024\" height=\"683\" src=\"https:\/\/www.ejercito.mil.uy\/wp-content\/uploads\/2021\/11\/Cursos-5-1024x683.jpg\" alt=\"\" data-id=\"8211\" data-full-url=\"https:\/\/www.ejercito.mil.uy\/wp-content\/uploads\/2021\/11\/Cursos-5.jpg\" data-link=\"https:\/\/www.ejercito.mil.uy\/?attachment_id=8211\" class=\"wp-image-8211\" srcset=\"https:\/\/www.ejercito.mil.uy\/wp-content\/uploads\/2021\/11\/Cursos-5-1024x683.jpg 1024w, https:\/\/www.ejercito.mil.uy\/wp-content\/uploads\/2021\/11\/Cursos-5-300x200.jpg 300w, https:\/\/www.ejercito.mil.uy\/wp-content\/uploads\/2021\/11\/Cursos-5.jpg 1200w\" sizes=\"auto, (max-width: 1024px) 100vw, 1024px\" \/><\/figure><\/li><\/ul><\/figure>\n\n\n\n<div style=\"height:100px\" aria-hidden=\"true\" class=\"wp-block-spacer\"><\/div>\n","protected":false},"excerpt":{"rendered":"<p>17.11.2021 &#8211; El lunes 8 de noviembre, comenzaron en el Regimiento \u00abBrig. Gral. Fructuoso Rivera\u00bb de Caballer\u00eda Mecanizado N\u00b0 3 de la ciudad de Rivera, los cursos de Panader\u00eda y Carpinter\u00eda, que se dictan en convenio con INEFOP.<\/p>\n","protected":false},"author":4,"featured_media":8213,"comment_status":"open","ping_status":"open","sticky":false,"template":"","format":"standard","meta":{"_coblocks_attr":"","_coblocks_dimensions":"","_coblocks_responsive_height":"","_coblocks_accordion_ie_support":"","_monsterinsights_skip_tracking":false,"_uf_show_specific_survey":0,"_uf_disable_surveys":false,"footnotes":""},"categories":[2,14,1],"tags":[141,70,13],"class_list":["post-8208","post","type-post","status-publish","format-standard","has-post-thumbnail","hentry","category-blog","category-noticias","category-sin-categoria","tag-caballeria","tag-curso","tag-instruccion"],"aioseo_notices":[],"aioseo_head":"\n\t\t<!-- All in One SEO 5.0.1.1 - aioseo.com -->\n\t<meta name=\"description\" content=\"17.11.2021 - El lunes 8 de noviembre, comenzaron en el Regimiento &quot;Brig. Gral. Fructuoso Rivera&quot; de Caballer\u00eda Mecanizado N\u00b0 3 de la ciudad de Rivera, los cursos de Panader\u00eda y Carpinter\u00eda, que se dictan en convenio con INEFOP.\" \/>\n\t<meta name=\"robots\" content=\"max-image-preview:large\" \/>\n\t<meta name=\"author\" content=\"Alejandro Castro\"\/>\n\t<link rel=\"canonical\" href=\"https:\/\/www.ejercito.mil.uy\/index.php\/2021\/11\/16\/cursos-de-panaderia-y-carpinteria\/\" \/>\n\t<meta name=\"generator\" content=\"All in One SEO (AIOSEO) 5.0.1.1\" \/>\n\t\t<meta property=\"og:locale\" content=\"es_ES\" \/>\n\t\t<meta property=\"og:site_name\" content=\"Ej\u00e9rcito Nacional - La Fuerza de todos\" \/>\n\t\t<meta property=\"og:type\" content=\"article\" \/>\n\t\t<meta property=\"og:title\" content=\"Cursos de Panader\u00eda y Carpinter\u00eda - Ej\u00e9rcito Nacional\" \/>\n\t\t<meta property=\"og:description\" content=\"17.11.2021 - El lunes 8 de noviembre, comenzaron en el Regimiento &quot;Brig. Gral. Fructuoso Rivera&quot; de Caballer\u00eda Mecanizado N\u00b0 3 de la ciudad de Rivera, los cursos de Panader\u00eda y Carpinter\u00eda, que se dictan en convenio con INEFOP.\" \/>\n\t\t<meta property=\"og:url\" content=\"https:\/\/www.ejercito.mil.uy\/index.php\/2021\/11\/16\/cursos-de-panaderia-y-carpinteria\/\" \/>\n\t\t<meta property=\"og:image\" content=\"https:\/\/www.ejercito.mil.uy\/wp-content\/uploads\/2022\/01\/Escudo_EN_URUGUAY.png\" \/>\n\t\t<meta property=\"og:image:secure_url\" content=\"https:\/\/www.ejercito.mil.uy\/wp-content\/uploads\/2022\/01\/Escudo_EN_URUGUAY.png\" \/>\n\t\t<meta property=\"og:image:width\" content=\"134\" \/>\n\t\t<meta property=\"og:image:height\" content=\"119\" \/>\n\t\t<meta property=\"article:published_time\" content=\"2021-11-16T15:52:03+00:00\" \/>\n\t\t<meta property=\"article:modified_time\" content=\"2021-11-23T13:07:47+00:00\" \/>\n\t\t<meta name=\"twitter:card\" content=\"summary_large_image\" \/>\n\t\t<meta name=\"twitter:title\" content=\"Cursos de Panader\u00eda y Carpinter\u00eda - Ej\u00e9rcito Nacional\" \/>\n\t\t<meta name=\"twitter:description\" content=\"17.11.2021 - El lunes 8 de noviembre, comenzaron en el Regimiento &quot;Brig. Gral. Fructuoso Rivera&quot; de Caballer\u00eda Mecanizado N\u00b0 3 de la ciudad de Rivera, los cursos de Panader\u00eda y Carpinter\u00eda, que se dictan en convenio con INEFOP.\" \/>\n\t\t<meta name=\"twitter:image\" content=\"https:\/\/www.ejercito.mil.uy\/wp-content\/uploads\/2022\/01\/Escudo_EN_URUGUAY.png\" \/>\n\t\t<script type=\"application\/ld+json\" class=\"aioseo-schema\">\n\t\t\t{\"@context\":\"https:\\\/\\\/schema.org\",\"@graph\":[{\"@type\":\"BlogPosting\",\"@id\":\"https:\\\/\\\/www.ejercito.mil.uy\\\/index.php\\\/2021\\\/11\\\/16\\\/cursos-de-panaderia-y-carpinteria\\\/#blogposting\",\"name\":\"Cursos de Panader\\u00eda y Carpinter\\u00eda - Ej\\u00e9rcito Nacional\",\"headline\":\"Cursos de Panader\\u00eda y Carpinter\\u00eda\",\"author\":{\"@id\":\"https:\\\/\\\/www.ejercito.mil.uy\\\/index.php\\\/author\\\/acastro\\\/#author\"},\"publisher\":{\"@id\":\"https:\\\/\\\/www.ejercito.mil.uy\\\/#organization\"},\"image\":{\"@type\":\"ImageObject\",\"url\":\"https:\\\/\\\/www.ejercito.mil.uy\\\/wp-content\\\/uploads\\\/2021\\\/11\\\/Cursos-6.jpg\",\"width\":1200,\"height\":800},\"datePublished\":\"2021-11-16T12:52:03-03:00\",\"dateModified\":\"2021-11-23T10:07:47-03:00\",\"inLanguage\":\"es-UY\",\"mainEntityOfPage\":{\"@id\":\"https:\\\/\\\/www.ejercito.mil.uy\\\/index.php\\\/2021\\\/11\\\/16\\\/cursos-de-panaderia-y-carpinteria\\\/#webpage\"},\"isPartOf\":{\"@id\":\"https:\\\/\\\/www.ejercito.mil.uy\\\/index.php\\\/2021\\\/11\\\/16\\\/cursos-de-panaderia-y-carpinteria\\\/#webpage\"},\"articleSection\":\"Blog, Noticias, Sin categor\\u00eda, caballer\\u00eda, curso, instrucci\\u00f3n\"},{\"@type\":\"BreadcrumbList\",\"@id\":\"https:\\\/\\\/www.ejercito.mil.uy\\\/index.php\\\/2021\\\/11\\\/16\\\/cursos-de-panaderia-y-carpinteria\\\/#breadcrumblist\",\"itemListElement\":[{\"@type\":\"ListItem\",\"@id\":\"https:\\\/\\\/www.ejercito.mil.uy#listItem\",\"position\":1,\"name\":\"Home\",\"item\":\"https:\\\/\\\/www.ejercito.mil.uy\",\"nextItem\":{\"@type\":\"ListItem\",\"@id\":\"https:\\\/\\\/www.ejercito.mil.uy\\\/index.php\\\/category\\\/destacados\\\/#listItem\",\"name\":\"Destacados\"}},{\"@type\":\"ListItem\",\"@id\":\"https:\\\/\\\/www.ejercito.mil.uy\\\/index.php\\\/category\\\/destacados\\\/#listItem\",\"position\":2,\"name\":\"Destacados\",\"item\":\"https:\\\/\\\/www.ejercito.mil.uy\\\/index.php\\\/category\\\/destacados\\\/\",\"nextItem\":{\"@type\":\"ListItem\",\"@id\":\"https:\\\/\\\/www.ejercito.mil.uy\\\/index.php\\\/category\\\/destacados\\\/noticias\\\/#listItem\",\"name\":\"Noticias\"},\"previousItem\":{\"@type\":\"ListItem\",\"@id\":\"https:\\\/\\\/www.ejercito.mil.uy#listItem\",\"name\":\"Home\"}},{\"@type\":\"ListItem\",\"@id\":\"https:\\\/\\\/www.ejercito.mil.uy\\\/index.php\\\/category\\\/destacados\\\/noticias\\\/#listItem\",\"position\":3,\"name\":\"Noticias\",\"item\":\"https:\\\/\\\/www.ejercito.mil.uy\\\/index.php\\\/category\\\/destacados\\\/noticias\\\/\",\"nextItem\":{\"@type\":\"ListItem\",\"@id\":\"https:\\\/\\\/www.ejercito.mil.uy\\\/index.php\\\/2021\\\/11\\\/16\\\/cursos-de-panaderia-y-carpinteria\\\/#listItem\",\"name\":\"Cursos de Panader\\u00eda y Carpinter\\u00eda\"},\"previousItem\":{\"@type\":\"ListItem\",\"@id\":\"https:\\\/\\\/www.ejercito.mil.uy\\\/index.php\\\/category\\\/destacados\\\/#listItem\",\"name\":\"Destacados\"}},{\"@type\":\"ListItem\",\"@id\":\"https:\\\/\\\/www.ejercito.mil.uy\\\/index.php\\\/2021\\\/11\\\/16\\\/cursos-de-panaderia-y-carpinteria\\\/#listItem\",\"position\":4,\"name\":\"Cursos de Panader\\u00eda y Carpinter\\u00eda\",\"previousItem\":{\"@type\":\"ListItem\",\"@id\":\"https:\\\/\\\/www.ejercito.mil.uy\\\/index.php\\\/category\\\/destacados\\\/noticias\\\/#listItem\",\"name\":\"Noticias\"}}]},{\"@type\":\"Organization\",\"@id\":\"https:\\\/\\\/www.ejercito.mil.uy\\\/#organization\",\"name\":\"Ej\\u00e9rcito Nacional\",\"description\":\"La Fuerza de todos\",\"url\":\"https:\\\/\\\/www.ejercito.mil.uy\\\/\",\"logo\":{\"@type\":\"ImageObject\",\"url\":\"https:\\\/\\\/www.ejercito.mil.uy\\\/wp-content\\\/uploads\\\/2022\\\/01\\\/Escudo_EN_URUGUAY.png\",\"@id\":\"https:\\\/\\\/www.ejercito.mil.uy\\\/index.php\\\/2021\\\/11\\\/16\\\/cursos-de-panaderia-y-carpinteria\\\/#organizationLogo\",\"width\":134,\"height\":119},\"image\":{\"@id\":\"https:\\\/\\\/www.ejercito.mil.uy\\\/index.php\\\/2021\\\/11\\\/16\\\/cursos-de-panaderia-y-carpinteria\\\/#organizationLogo\"}},{\"@type\":\"Person\",\"@id\":\"https:\\\/\\\/www.ejercito.mil.uy\\\/index.php\\\/author\\\/acastro\\\/#author\",\"url\":\"https:\\\/\\\/www.ejercito.mil.uy\\\/index.php\\\/author\\\/acastro\\\/\",\"name\":\"Alejandro Castro\",\"image\":{\"@type\":\"ImageObject\",\"@id\":\"https:\\\/\\\/www.ejercito.mil.uy\\\/index.php\\\/2021\\\/11\\\/16\\\/cursos-de-panaderia-y-carpinteria\\\/#authorImage\",\"url\":\"https:\\\/\\\/secure.gravatar.com\\\/avatar\\\/89bb77d4bf696501dd94ca89e6794e1787eaffba7c7197528d249e15bd099f68?s=96&d=mm&r=g\",\"width\":96,\"height\":96,\"caption\":\"Alejandro Castro\"}},{\"@type\":\"WebPage\",\"@id\":\"https:\\\/\\\/www.ejercito.mil.uy\\\/index.php\\\/2021\\\/11\\\/16\\\/cursos-de-panaderia-y-carpinteria\\\/#webpage\",\"url\":\"https:\\\/\\\/www.ejercito.mil.uy\\\/index.php\\\/2021\\\/11\\\/16\\\/cursos-de-panaderia-y-carpinteria\\\/\",\"name\":\"Cursos de Panader\\u00eda y Carpinter\\u00eda - Ej\\u00e9rcito Nacional\",\"description\":\"17.11.2021 - El lunes 8 de noviembre, comenzaron en el Regimiento \\\"Brig. Gral. Fructuoso Rivera\\\" de Caballer\\u00eda Mecanizado N\\u00b0 3 de la ciudad de Rivera, los cursos de Panader\\u00eda y Carpinter\\u00eda, que se dictan en convenio con INEFOP.\",\"inLanguage\":\"es-UY\",\"isPartOf\":{\"@id\":\"https:\\\/\\\/www.ejercito.mil.uy\\\/#website\"},\"breadcrumb\":{\"@id\":\"https:\\\/\\\/www.ejercito.mil.uy\\\/index.php\\\/2021\\\/11\\\/16\\\/cursos-de-panaderia-y-carpinteria\\\/#breadcrumblist\"},\"author\":{\"@id\":\"https:\\\/\\\/www.ejercito.mil.uy\\\/index.php\\\/author\\\/acastro\\\/#author\"},\"creator\":{\"@id\":\"https:\\\/\\\/www.ejercito.mil.uy\\\/index.php\\\/author\\\/acastro\\\/#author\"},\"image\":{\"@type\":\"ImageObject\",\"url\":\"https:\\\/\\\/www.ejercito.mil.uy\\\/wp-content\\\/uploads\\\/2021\\\/11\\\/Cursos-6.jpg\",\"@id\":\"https:\\\/\\\/www.ejercito.mil.uy\\\/index.php\\\/2021\\\/11\\\/16\\\/cursos-de-panaderia-y-carpinteria\\\/#mainImage\",\"width\":1200,\"height\":800},\"primaryImageOfPage\":{\"@id\":\"https:\\\/\\\/www.ejercito.mil.uy\\\/index.php\\\/2021\\\/11\\\/16\\\/cursos-de-panaderia-y-carpinteria\\\/#mainImage\"},\"datePublished\":\"2021-11-16T12:52:03-03:00\",\"dateModified\":\"2021-11-23T10:07:47-03:00\"},{\"@type\":\"WebSite\",\"@id\":\"https:\\\/\\\/www.ejercito.mil.uy\\\/#website\",\"url\":\"https:\\\/\\\/www.ejercito.mil.uy\\\/\",\"name\":\"Ej\\u00e9rcito Nacional\",\"description\":\"La Fuerza de todos\",\"inLanguage\":\"es-UY\",\"publisher\":{\"@id\":\"https:\\\/\\\/www.ejercito.mil.uy\\\/#organization\"}}]}\n\t\t<\/script>\n\t\t<!-- All in One SEO -->\n\n","aioseo_head_json":{"title":"Cursos de Panader\u00eda y Carpinter\u00eda - Ej\u00e9rcito Nacional","description":"17.11.2021 - El lunes 8 de noviembre, comenzaron en el Regimiento \"Brig. Gral. Fructuoso Rivera\" de Caballer\u00eda Mecanizado N\u00b0 3 de la ciudad de Rivera, los cursos de Panader\u00eda y Carpinter\u00eda, que se dictan en convenio con INEFOP.","canonical_url":"https:\/\/www.ejercito.mil.uy\/index.php\/2021\/11\/16\/cursos-de-panaderia-y-carpinteria\/","robots":"max-image-preview:large","keywords":"","webmasterTools":{"miscellaneous":""},"schema":{"@context":"https:\/\/schema.org","@graph":[{"@type":"BlogPosting","@id":"https:\/\/www.ejercito.mil.uy\/index.php\/2021\/11\/16\/cursos-de-panaderia-y-carpinteria\/#blogposting","name":"Cursos de Panader\u00eda y Carpinter\u00eda - Ej\u00e9rcito Nacional","headline":"Cursos de Panader\u00eda y Carpinter\u00eda","author":{"@id":"https:\/\/www.ejercito.mil.uy\/index.php\/author\/acastro\/#author"},"publisher":{"@id":"https:\/\/www.ejercito.mil.uy\/#organization"},"image":{"@type":"ImageObject","url":"https:\/\/www.ejercito.mil.uy\/wp-content\/uploads\/2021\/11\/Cursos-6.jpg","width":1200,"height":800},"datePublished":"2021-11-16T12:52:03-03:00","dateModified":"2021-11-23T10:07:47-03:00","inLanguage":"es-UY","mainEntityOfPage":{"@id":"https:\/\/www.ejercito.mil.uy\/index.php\/2021\/11\/16\/cursos-de-panaderia-y-carpinteria\/#webpage"},"isPartOf":{"@id":"https:\/\/www.ejercito.mil.uy\/index.php\/2021\/11\/16\/cursos-de-panaderia-y-carpinteria\/#webpage"},"articleSection":"Blog, Noticias, Sin categor\u00eda, caballer\u00eda, curso, instrucci\u00f3n"},{"@type":"BreadcrumbList","@id":"https:\/\/www.ejercito.mil.uy\/index.php\/2021\/11\/16\/cursos-de-panaderia-y-carpinteria\/#breadcrumblist","itemListElement":[{"@type":"ListItem","@id":"https:\/\/www.ejercito.mil.uy#listItem","position":1,"name":"Home","item":"https:\/\/www.ejercito.mil.uy","nextItem":{"@type":"ListItem","@id":"https:\/\/www.ejercito.mil.uy\/index.php\/category\/destacados\/#listItem","name":"Destacados"}},{"@type":"ListItem","@id":"https:\/\/www.ejercito.mil.uy\/index.php\/category\/destacados\/#listItem","position":2,"name":"Destacados","item":"https:\/\/www.ejercito.mil.uy\/index.php\/category\/destacados\/","nextItem":{"@type":"ListItem","@id":"https:\/\/www.ejercito.mil.uy\/index.php\/category\/destacados\/noticias\/#listItem","name":"Noticias"},"previousItem":{"@type":"ListItem","@id":"https:\/\/www.ejercito.mil.uy#listItem","name":"Home"}},{"@type":"ListItem","@id":"https:\/\/www.ejercito.mil.uy\/index.php\/category\/destacados\/noticias\/#listItem","position":3,"name":"Noticias","item":"https:\/\/www.ejercito.mil.uy\/index.php\/category\/destacados\/noticias\/","nextItem":{"@type":"ListItem","@id":"https:\/\/www.ejercito.mil.uy\/index.php\/2021\/11\/16\/cursos-de-panaderia-y-carpinteria\/#listItem","name":"Cursos de Panader\u00eda y Carpinter\u00eda"},"previousItem":{"@type":"ListItem","@id":"https:\/\/www.ejercito.mil.uy\/index.php\/category\/destacados\/#listItem","name":"Destacados"}},{"@type":"ListItem","@id":"https:\/\/www.ejercito.mil.uy\/index.php\/2021\/11\/16\/cursos-de-panaderia-y-carpinteria\/#listItem","position":4,"name":"Cursos de Panader\u00eda y Carpinter\u00eda","previousItem":{"@type":"ListItem","@id":"https:\/\/www.ejercito.mil.uy\/index.php\/category\/destacados\/noticias\/#listItem","name":"Noticias"}}]},{"@type":"Organization","@id":"https:\/\/www.ejercito.mil.uy\/#organization","name":"Ej\u00e9rcito Nacional","description":"La Fuerza de todos","url":"https:\/\/www.ejercito.mil.uy\/","logo":{"@type":"ImageObject","url":"https:\/\/www.ejercito.mil.uy\/wp-content\/uploads\/2022\/01\/Escudo_EN_URUGUAY.png","@id":"https:\/\/www.ejercito.mil.uy\/index.php\/2021\/11\/16\/cursos-de-panaderia-y-carpinteria\/#organizationLogo","width":134,"height":119},"image":{"@id":"https:\/\/www.ejercito.mil.uy\/index.php\/2021\/11\/16\/cursos-de-panaderia-y-carpinteria\/#organizationLogo"}},{"@type":"Person","@id":"https:\/\/www.ejercito.mil.uy\/index.php\/author\/acastro\/#author","url":"https:\/\/www.ejercito.mil.uy\/index.php\/author\/acastro\/","name":"Alejandro Castro","image":{"@type":"ImageObject","@id":"https:\/\/www.ejercito.mil.uy\/index.php\/2021\/11\/16\/cursos-de-panaderia-y-carpinteria\/#authorImage","url":"https:\/\/secure.gravatar.com\/avatar\/89bb77d4bf696501dd94ca89e6794e1787eaffba7c7197528d249e15bd099f68?s=96&d=mm&r=g","width":96,"height":96,"caption":"Alejandro Castro"}},{"@type":"WebPage","@id":"https:\/\/www.ejercito.mil.uy\/index.php\/2021\/11\/16\/cursos-de-panaderia-y-carpinteria\/#webpage","url":"https:\/\/www.ejercito.mil.uy\/index.php\/2021\/11\/16\/cursos-de-panaderia-y-carpinteria\/","name":"Cursos de Panader\u00eda y Carpinter\u00eda - Ej\u00e9rcito Nacional","description":"17.11.2021 - El lunes 8 de noviembre, comenzaron en el Regimiento \"Brig. Gral. Fructuoso Rivera\" de Caballer\u00eda Mecanizado N\u00b0 3 de la ciudad de Rivera, los cursos de Panader\u00eda y Carpinter\u00eda, que se dictan en convenio con INEFOP.","inLanguage":"es-UY","isPartOf":{"@id":"https:\/\/www.ejercito.mil.uy\/#website"},"breadcrumb":{"@id":"https:\/\/www.ejercito.mil.uy\/index.php\/2021\/11\/16\/cursos-de-panaderia-y-carpinteria\/#breadcrumblist"},"author":{"@id":"https:\/\/www.ejercito.mil.uy\/index.php\/author\/acastro\/#author"},"creator":{"@id":"https:\/\/www.ejercito.mil.uy\/index.php\/author\/acastro\/#author"},"image":{"@type":"ImageObject","url":"https:\/\/www.ejercito.mil.uy\/wp-content\/uploads\/2021\/11\/Cursos-6.jpg","@id":"https:\/\/www.ejercito.mil.uy\/index.php\/2021\/11\/16\/cursos-de-panaderia-y-carpinteria\/#mainImage","width":1200,"height":800},"primaryImageOfPage":{"@id":"https:\/\/www.ejercito.mil.uy\/index.php\/2021\/11\/16\/cursos-de-panaderia-y-carpinteria\/#mainImage"},"datePublished":"2021-11-16T12:52:03-03:00","dateModified":"2021-11-23T10:07:47-03:00"},{"@type":"WebSite","@id":"https:\/\/www.ejercito.mil.uy\/#website","url":"https:\/\/www.ejercito.mil.uy\/","name":"Ej\u00e9rcito Nacional","description":"La Fuerza de todos","inLanguage":"es-UY","publisher":{"@id":"https:\/\/www.ejercito.mil.uy\/#organization"}}]},"og:locale":"es_ES","og:site_name":"Ej\u00e9rcito Nacional - La Fuerza de todos","og:type":"article","og:title":"Cursos de Panader\u00eda y Carpinter\u00eda - Ej\u00e9rcito Nacional","og:description":"17.11.2021 - El lunes 8 de noviembre, comenzaron en el Regimiento &quot;Brig. Gral. Fructuoso Rivera&quot; de Caballer\u00eda Mecanizado N\u00b0 3 de la ciudad de Rivera, los cursos de Panader\u00eda y Carpinter\u00eda, que se dictan en convenio con INEFOP.","og:url":"https:\/\/www.ejercito.mil.uy\/index.php\/2021\/11\/16\/cursos-de-panaderia-y-carpinteria\/","og:image":"https:\/\/www.ejercito.mil.uy\/wp-content\/uploads\/2022\/01\/Escudo_EN_URUGUAY.png","og:image:secure_url":"https:\/\/www.ejercito.mil.uy\/wp-content\/uploads\/2022\/01\/Escudo_EN_URUGUAY.png","og:image:width":134,"og:image:height":119,"article:published_time":"2021-11-16T15:52:03+00:00","article:modified_time":"2021-11-23T13:07:47+00:00","twitter:card":"summary_large_image","twitter:title":"Cursos de Panader\u00eda y Carpinter\u00eda - Ej\u00e9rcito Nacional","twitter:description":"17.11.2021 - El lunes 8 de noviembre, comenzaron en el Regimiento &quot;Brig. Gral. Fructuoso Rivera&quot; de Caballer\u00eda Mecanizado N\u00b0 3 de la ciudad de Rivera, los cursos de Panader\u00eda y Carpinter\u00eda, que se dictan en convenio con INEFOP.","twitter:image":"https:\/\/www.ejercito.mil.uy\/wp-content\/uploads\/2022\/01\/Escudo_EN_URUGUAY.png"},"aioseo_meta_data":{"post_id":"8208","title":null,"description":null,"keywords":null,"keyphrases":null,"primary_term":null,"canonical_url":null,"og_title":null,"og_description":null,"og_object_type":"default","og_image_type":"default","og_image_url":null,"og_image_width":null,"og_image_height":null,"og_image_custom_url":null,"og_image_custom_fields":null,"og_video":null,"og_custom_url":null,"og_article_section":null,"og_article_tags":null,"twitter_use_og":false,"twitter_card":"default","twitter_image_type":"default","twitter_image_url":null,"twitter_image_custom_url":null,"twitter_image_custom_fields":null,"twitter_title":null,"twitter_description":null,"schema":{"blockGraphs":[],"customGraphs":[],"default":{"data":{"Article":[],"Course":[],"Dataset":[],"FAQPage":[],"Movie":[],"Person":[],"Product":[],"ProductReview":[],"Car":[],"Recipe":[],"Service":[],"SoftwareApplication":[],"WebPage":[]},"graphName":"","isEnabled":true},"graphs":[]},"schema_type":"default","schema_type_options":null,"pillar_content":false,"robots_default":true,"robots_noindex":false,"robots_noarchive":false,"robots_nosnippet":false,"robots_nofollow":false,"robots_noimageindex":false,"robots_noodp":false,"robots_notranslate":false,"robots_max_snippet":null,"robots_max_videopreview":null,"robots_max_imagepreview":"large","priority":null,"frequency":null,"local_seo":null,"breadcrumb_settings":null,"limit_modified_date":false,"ai":null,"created":"2025-08-30 02:26:34","updated":"2025-08-30 02:26:34","seo_analyzer_scan_date":null,"focus_keyword":null,"additional_keywords":null,"truseo_locale":null},"aioseo_breadcrumb":"<div class=\"aioseo-breadcrumbs\"><span class=\"aioseo-breadcrumb\">\n\t\t\t<a href=\"https:\/\/www.ejercito.mil.uy\" title=\"Home\">Home<\/a>\n\t\t<\/span><span class=\"aioseo-breadcrumb-separator\">&raquo;<\/span><span class=\"aioseo-breadcrumb\">\n\t\t\t<a href=\"https:\/\/www.ejercito.mil.uy\/index.php\/category\/destacados\/\" title=\"Destacados\">Destacados<\/a>\n\t\t<\/span><span class=\"aioseo-breadcrumb-separator\">&raquo;<\/span><span class=\"aioseo-breadcrumb\">\n\t\t\t<a href=\"https:\/\/www.ejercito.mil.uy\/index.php\/category\/destacados\/noticias\/\" title=\"Noticias\">Noticias<\/a>\n\t\t<\/span><span class=\"aioseo-breadcrumb-separator\">&raquo;<\/span><span class=\"aioseo-breadcrumb\">\n\t\t\tCursos de Panader\u00eda y Carpinter\u00eda\n\t\t<\/span><\/div>","aioseo_breadcrumb_json":[{"label":"Home","link":"https:\/\/www.ejercito.mil.uy"},{"label":"Destacados","link":"https:\/\/www.ejercito.mil.uy\/index.php\/category\/destacados\/"},{"label":"Noticias","link":"https:\/\/www.ejercito.mil.uy\/index.php\/category\/destacados\/noticias\/"},{"label":"Cursos de Panader\u00eda y Carpinter\u00eda","link":"https:\/\/www.ejercito.mil.uy\/index.php\/2021\/11\/16\/cursos-de-panaderia-y-carpinteria\/"}],"_links":{"self":[{"href":"https:\/\/www.ejercito.mil.uy\/index.php\/wp-json\/wp\/v2\/posts\/8208","targetHints":{"allow":["GET"]}}],"collection":[{"href":"https:\/\/www.ejercito.mil.uy\/index.php\/wp-json\/wp\/v2\/posts"}],"about":[{"href":"https:\/\/www.ejercito.mil.uy\/index.php\/wp-json\/wp\/v2\/types\/post"}],"author":[{"embeddable":true,"href":"https:\/\/www.ejercito.mil.uy\/index.php\/wp-json\/wp\/v2\/users\/4"}],"replies":[{"embeddable":true,"href":"https:\/\/www.ejercito.mil.uy\/index.php\/wp-json\/wp\/v2\/comments?post=8208"}],"version-history":[{"count":2,"href":"https:\/\/www.ejercito.mil.uy\/index.php\/wp-json\/wp\/v2\/posts\/8208\/revisions"}],"predecessor-version":[{"id":8214,"href":"https:\/\/www.ejercito.mil.uy\/index.php\/wp-json\/wp\/v2\/posts\/8208\/revisions\/8214"}],"wp:featuredmedia":[{"embeddable":true,"href":"https:\/\/www.ejercito.mil.uy\/index.php\/wp-json\/wp\/v2\/media\/8213"}],"wp:attachment":[{"href":"https:\/\/www.ejercito.mil.uy\/index.php\/wp-json\/wp\/v2\/media?parent=8208"}],"wp:term":[{"taxonomy":"category","embeddable":true,"href":"https:\/\/www.ejercito.mil.uy\/index.php\/wp-json\/wp\/v2\/categories?post=8208"},{"taxonomy":"post_tag","embeddable":true,"href":"https:\/\/www.ejercito.mil.uy\/index.php\/wp-json\/wp\/v2\/tags?post=8208"}],"curies":[{"name":"wp","href":"https:\/\/api.w.org\/{rel}","templated":true}]}}