{"id":8411,"date":"2021-11-28T20:06:22","date_gmt":"2021-11-28T23:06:22","guid":{"rendered":"https:\/\/www.ejercito.mil.uy\/?p=8411"},"modified":"2021-11-30T08:21:36","modified_gmt":"2021-11-30T11:21:36","slug":"ceremonia-de-graduacion-del-98-curso-basico-de-paracaidismo-militar","status":"publish","type":"post","link":"https:\/\/www.ejercito.mil.uy\/index.php\/2021\/11\/28\/ceremonia-de-graduacion-del-98-curso-basico-de-paracaidismo-militar\/","title":{"rendered":"Ceremonia de graduaci\u00f3n del \u00ab98\u00b0 Curso B\u00e1sico de Paracaidismo Militar\u00bb"},"content":{"rendered":"\n<p class=\"has-small-font-size\">28.11.2021 &#8211; Centro de Instrucci\u00f3n de Paracaidistas y Operaciones Especiales de Ej\u00e9rcito<\/p>\n\n\n\n<div style=\"height:33px\" aria-hidden=\"true\" class=\"wp-block-spacer\"><\/div>\n\n\n\n<p class=\"has-medium-font-size\">El 19 de noviembre, en el <a rel=\"noreferrer noopener\" href=\"https:\/\/www.facebook.com\/CIPPOOEEE.URUGUAY\/?__cft__[0]=AZXz3Sx_9jsUiXUQcwgylLq4E6KIoayX_rBeltrpXtPXbywJgXEjIcPl33USYyy1gdWeojfYHAGVxxLlPEz0PWK7BFqeVQOLkwKsoWtfI-Bj_ZKHm2Z0H0bC0K12DS01FR-8G-In1HwXC9SNvRC5s35w&amp;__tn__=kK-R\" target=\"_blank\"><\/a><a href=\"https:\/\/www.facebook.com\/CIPPOOEEE.URUGUAY\/?__cft__[0]=AZWBChQtGsGVV4QERZHXXbTZ-O5dUn69UmAxbr-5biPsqeuBSppnuVep71jQEfjeeeyG6f2mr48qD_6Ojq1E5BbbCmqHUcFcLAIixliOUBjrIt5Snxz1Xj5V3iZ3hFyg3w41TOzzZoOyjEgogRpolBZOSyFS0ntkd0pYjT1caMmwrxSRtWigAJaxLmC5LjDC4Lo&amp;__tn__=kK-R\"><strong>Centro de Instrucci\u00f3n de Paracaidistas y Operaciones Especiales de Ej\u00e9rcito<\/strong><\/a> se realiz\u00f3 la ceremonia de graduaci\u00f3n del <strong>\u00ab98\u00b0 Curso B\u00e1sico de Paracaidismo Militar\u00bb<\/strong>, habiendo adquirido esta especialidad un total de 53 efectivos del Ej\u00e9rcito Nacional y de la <a rel=\"noreferrer noopener\" href=\"https:\/\/www.facebook.com\/fau.mil.uy?__cft__[0]=AZXz3Sx_9jsUiXUQcwgylLq4E6KIoayX_rBeltrpXtPXbywJgXEjIcPl33USYyy1gdWeojfYHAGVxxLlPEz0PWK7BFqeVQOLkwKsoWtfI-Bj_ZKHm2Z0H0bC0K12DS01FR-8G-In1HwXC9SNvRC5s35w&amp;__tn__=-]K-R\" target=\"_blank\"><strong>Fuerza A\u00e9rea Uruguaya<\/strong><\/a>.<\/p>\n\n\n\n<div style=\"height:33px\" aria-hidden=\"true\" class=\"wp-block-spacer\"><\/div>\n\n\n\n<figure class=\"wp-block-image size-large\"><img fetchpriority=\"high\" decoding=\"async\" width=\"1024\" height=\"683\" src=\"https:\/\/www.ejercito.mil.uy\/wp-content\/uploads\/2021\/11\/Paracaidistas-2-1024x683.jpg\" alt=\"\" class=\"wp-image-8414\" srcset=\"https:\/\/www.ejercito.mil.uy\/wp-content\/uploads\/2021\/11\/Paracaidistas-2-1024x683.jpg 1024w, https:\/\/www.ejercito.mil.uy\/wp-content\/uploads\/2021\/11\/Paracaidistas-2-300x200.jpg 300w, https:\/\/www.ejercito.mil.uy\/wp-content\/uploads\/2021\/11\/Paracaidistas-2.jpg 1200w\" sizes=\"(max-width: 1024px) 100vw, 1024px\" \/><\/figure>\n\n\n\n<div style=\"height:44px\" aria-hidden=\"true\" class=\"wp-block-spacer\"><\/div>\n\n\n\n<p>Luego de aprobar las pruebas de ingreso al curso y superar 3 semanas de exigente instrucci\u00f3n en tierra, en donde debieron sobreponerse a las arduas tareas a ser ejecutadas de forma diaria y rendir con \u00e9xito en las evaluaciones t\u00e9cnicas correspondientes, cumplieron con los saltos de paracaidismo militar obligatorios, para alcanzar el objetivo tan anhelado de convertirse en paracaidistas militares.<\/p>\n\n\n\n<div style=\"height:33px\" aria-hidden=\"true\" class=\"wp-block-spacer\"><\/div>\n\n\n\n<figure class=\"wp-block-image size-large\"><img decoding=\"async\" width=\"1024\" height=\"683\" src=\"https:\/\/www.ejercito.mil.uy\/wp-content\/uploads\/2021\/11\/Paracaidistas-16-1024x683.jpg\" alt=\"\" class=\"wp-image-8430\" srcset=\"https:\/\/www.ejercito.mil.uy\/wp-content\/uploads\/2021\/11\/Paracaidistas-16-1024x683.jpg 1024w, https:\/\/www.ejercito.mil.uy\/wp-content\/uploads\/2021\/11\/Paracaidistas-16-300x200.jpg 300w, https:\/\/www.ejercito.mil.uy\/wp-content\/uploads\/2021\/11\/Paracaidistas-16.jpg 1200w\" sizes=\"(max-width: 1024px) 100vw, 1024px\" \/><\/figure>\n\n\n\n<div style=\"height:44px\" aria-hidden=\"true\" class=\"wp-block-spacer\"><\/div>\n\n\n\n<p>Gracias al gran esfuerzo y dedicaci\u00f3n puesto de manifiesto por cado uno de los integrantes del equipo de instructores y personal en apoyo pertenecientes al Batall\u00f3n de Infanter\u00eda Paracaidista N\u00ba 14 y de los instruidos, se lograron con \u00e9xito los objetivos preestablecidos e incrementar el n\u00famero de integrantes de nuestras Fuerzas Armadas con la especialidad de paracaidista militar.\u201cSangre nueva pujante para la grandeza de la Patria\u201d <\/p>\n\n\n\n<div style=\"height:33px\" aria-hidden=\"true\" class=\"wp-block-spacer\"><\/div>\n\n\n\n<p class=\"has-medium-font-size\"><strong>\u00a1Felicitaciones a los nuevos paracaidistas!<\/strong><\/p>\n\n\n\n<div style=\"height:44px\" aria-hidden=\"true\" class=\"wp-block-spacer\"><\/div>\n\n\n\n<div class=\"wp-block-coblocks-gallery-carousel\"><div class=\"is-cropped coblocks-gallery has-no-alignment has-caption-style-dark has-horizontal-gutter has-lightbox\"><div class=\"has-carousel has-carousel-lrg\" style=\"height:400px\" data-flickity=\"{&quot;autoPlay&quot;:false,&quot;draggable&quot;:true,&quot;pageDots&quot;:false,&quot;prevNextButtons&quot;:true,&quot;wrapAround&quot;:true,&quot;cellAlign&quot;:&quot;center&quot;,&quot;pauseAutoPlayOnHover&quot;:false,&quot;freeScroll&quot;:false,&quot;arrowShape&quot;:{&quot;x0&quot;:10,&quot;x1&quot;:60,&quot;y1&quot;:50,&quot;x2&quot;:65,&quot;y2&quot;:45,&quot;x3&quot;:20},&quot;thumbnails&quot;:false,&quot;responsiveHeight&quot;:false}\"><div class=\"coblocks-gallery--item\"><figure class=\"coblocks-gallery--figure has-margin-left-5 has-margin-left-mobile-5 has-margin-right-5 has-margin-right-mobile-5\"><img decoding=\"async\" width=\"1024\" height=\"683\" src=\"https:\/\/www.ejercito.mil.uy\/wp-content\/uploads\/2021\/11\/Paracaidistas-9-1024x683.jpg\" alt=\"\" data-id=\"8423\" data-link=\"https:\/\/www.ejercito.mil.uy\/?attachment_id=8423\" class=\"wp-image-8423\" srcset=\"https:\/\/www.ejercito.mil.uy\/wp-content\/uploads\/2021\/11\/Paracaidistas-9-1024x683.jpg 1024w, https:\/\/www.ejercito.mil.uy\/wp-content\/uploads\/2021\/11\/Paracaidistas-9-300x200.jpg 300w, https:\/\/www.ejercito.mil.uy\/wp-content\/uploads\/2021\/11\/Paracaidistas-9.jpg 1200w\" sizes=\"(max-width: 1024px) 100vw, 1024px\" \/><\/figure><\/div><div class=\"coblocks-gallery--item\"><figure class=\"coblocks-gallery--figure has-margin-left-5 has-margin-left-mobile-5 has-margin-right-5 has-margin-right-mobile-5\"><img loading=\"lazy\" decoding=\"async\" width=\"1024\" height=\"683\" src=\"https:\/\/www.ejercito.mil.uy\/wp-content\/uploads\/2021\/11\/Paracaidistas-10-1024x683.jpg\" alt=\"\" data-id=\"8424\" data-link=\"https:\/\/www.ejercito.mil.uy\/?attachment_id=8424\" class=\"wp-image-8424\" srcset=\"https:\/\/www.ejercito.mil.uy\/wp-content\/uploads\/2021\/11\/Paracaidistas-10-1024x683.jpg 1024w, https:\/\/www.ejercito.mil.uy\/wp-content\/uploads\/2021\/11\/Paracaidistas-10-300x200.jpg 300w, https:\/\/www.ejercito.mil.uy\/wp-content\/uploads\/2021\/11\/Paracaidistas-10.jpg 1200w\" sizes=\"(max-width: 1024px) 100vw, 1024px\" \/><\/figure><\/div><div class=\"coblocks-gallery--item\"><figure class=\"coblocks-gallery--figure has-margin-left-5 has-margin-left-mobile-5 has-margin-right-5 has-margin-right-mobile-5\"><img loading=\"lazy\" decoding=\"async\" width=\"1024\" height=\"683\" src=\"https:\/\/www.ejercito.mil.uy\/wp-content\/uploads\/2021\/11\/Paracaidistas-14-1024x683.jpg\" alt=\"\" data-id=\"8428\" data-link=\"https:\/\/www.ejercito.mil.uy\/?attachment_id=8428\" class=\"wp-image-8428\" srcset=\"https:\/\/www.ejercito.mil.uy\/wp-content\/uploads\/2021\/11\/Paracaidistas-14-1024x683.jpg 1024w, https:\/\/www.ejercito.mil.uy\/wp-content\/uploads\/2021\/11\/Paracaidistas-14-300x200.jpg 300w, https:\/\/www.ejercito.mil.uy\/wp-content\/uploads\/2021\/11\/Paracaidistas-14.jpg 1200w\" sizes=\"(max-width: 1024px) 100vw, 1024px\" \/><\/figure><\/div><div class=\"coblocks-gallery--item\"><figure class=\"coblocks-gallery--figure has-margin-left-5 has-margin-left-mobile-5 has-margin-right-5 has-margin-right-mobile-5\"><img loading=\"lazy\" decoding=\"async\" width=\"1024\" height=\"683\" src=\"https:\/\/www.ejercito.mil.uy\/wp-content\/uploads\/2021\/11\/Paracaidistas-8-1024x683.jpg\" alt=\"\" data-id=\"8422\" data-link=\"https:\/\/www.ejercito.mil.uy\/?attachment_id=8422\" class=\"wp-image-8422\" srcset=\"https:\/\/www.ejercito.mil.uy\/wp-content\/uploads\/2021\/11\/Paracaidistas-8-1024x683.jpg 1024w, https:\/\/www.ejercito.mil.uy\/wp-content\/uploads\/2021\/11\/Paracaidistas-8-300x200.jpg 300w, https:\/\/www.ejercito.mil.uy\/wp-content\/uploads\/2021\/11\/Paracaidistas-8.jpg 1200w\" sizes=\"(max-width: 1024px) 100vw, 1024px\" \/><\/figure><\/div><div class=\"coblocks-gallery--item\"><figure class=\"coblocks-gallery--figure has-margin-left-5 has-margin-left-mobile-5 has-margin-right-5 has-margin-right-mobile-5\"><img loading=\"lazy\" decoding=\"async\" width=\"1024\" height=\"683\" src=\"https:\/\/www.ejercito.mil.uy\/wp-content\/uploads\/2021\/11\/Paracaidistas-11-1024x683.jpg\" alt=\"\" data-id=\"8425\" data-link=\"https:\/\/www.ejercito.mil.uy\/?attachment_id=8425\" class=\"wp-image-8425\" srcset=\"https:\/\/www.ejercito.mil.uy\/wp-content\/uploads\/2021\/11\/Paracaidistas-11-1024x683.jpg 1024w, https:\/\/www.ejercito.mil.uy\/wp-content\/uploads\/2021\/11\/Paracaidistas-11-300x200.jpg 300w, https:\/\/www.ejercito.mil.uy\/wp-content\/uploads\/2021\/11\/Paracaidistas-11.jpg 1200w\" sizes=\"(max-width: 1024px) 100vw, 1024px\" \/><\/figure><\/div><div class=\"coblocks-gallery--item\"><figure class=\"coblocks-gallery--figure has-margin-left-5 has-margin-left-mobile-5 has-margin-right-5 has-margin-right-mobile-5\"><img loading=\"lazy\" decoding=\"async\" width=\"1024\" height=\"683\" src=\"https:\/\/www.ejercito.mil.uy\/wp-content\/uploads\/2021\/11\/Paracaidistas-13-1024x683.jpg\" alt=\"\" data-id=\"8427\" data-link=\"https:\/\/www.ejercito.mil.uy\/?attachment_id=8427\" class=\"wp-image-8427\" srcset=\"https:\/\/www.ejercito.mil.uy\/wp-content\/uploads\/2021\/11\/Paracaidistas-13-1024x683.jpg 1024w, https:\/\/www.ejercito.mil.uy\/wp-content\/uploads\/2021\/11\/Paracaidistas-13-300x200.jpg 300w, https:\/\/www.ejercito.mil.uy\/wp-content\/uploads\/2021\/11\/Paracaidistas-13.jpg 1200w\" sizes=\"(max-width: 1024px) 100vw, 1024px\" \/><\/figure><\/div><div class=\"coblocks-gallery--item\"><figure class=\"coblocks-gallery--figure has-margin-left-5 has-margin-left-mobile-5 has-margin-right-5 has-margin-right-mobile-5\"><img loading=\"lazy\" decoding=\"async\" width=\"1024\" height=\"683\" src=\"https:\/\/www.ejercito.mil.uy\/wp-content\/uploads\/2021\/11\/Paracaidistas-15-1024x683.jpg\" alt=\"\" data-id=\"8429\" data-link=\"https:\/\/www.ejercito.mil.uy\/?attachment_id=8429\" class=\"wp-image-8429\" srcset=\"https:\/\/www.ejercito.mil.uy\/wp-content\/uploads\/2021\/11\/Paracaidistas-15-1024x683.jpg 1024w, https:\/\/www.ejercito.mil.uy\/wp-content\/uploads\/2021\/11\/Paracaidistas-15-300x200.jpg 300w, https:\/\/www.ejercito.mil.uy\/wp-content\/uploads\/2021\/11\/Paracaidistas-15.jpg 1200w\" sizes=\"(max-width: 1024px) 100vw, 1024px\" \/><\/figure><\/div><div class=\"coblocks-gallery--item\"><figure class=\"coblocks-gallery--figure has-margin-left-5 has-margin-left-mobile-5 has-margin-right-5 has-margin-right-mobile-5\"><img loading=\"lazy\" decoding=\"async\" width=\"1024\" height=\"683\" src=\"https:\/\/www.ejercito.mil.uy\/wp-content\/uploads\/2021\/11\/Paracaidistas-4-1024x683.jpg\" alt=\"\" data-id=\"8418\" data-link=\"https:\/\/www.ejercito.mil.uy\/?attachment_id=8418\" class=\"wp-image-8418\" srcset=\"https:\/\/www.ejercito.mil.uy\/wp-content\/uploads\/2021\/11\/Paracaidistas-4-1024x683.jpg 1024w, https:\/\/www.ejercito.mil.uy\/wp-content\/uploads\/2021\/11\/Paracaidistas-4-300x200.jpg 300w, https:\/\/www.ejercito.mil.uy\/wp-content\/uploads\/2021\/11\/Paracaidistas-4.jpg 1200w\" sizes=\"(max-width: 1024px) 100vw, 1024px\" \/><\/figure><\/div><div class=\"coblocks-gallery--item\"><figure class=\"coblocks-gallery--figure has-margin-left-5 has-margin-left-mobile-5 has-margin-right-5 has-margin-right-mobile-5\"><img loading=\"lazy\" decoding=\"async\" width=\"1024\" height=\"683\" src=\"https:\/\/www.ejercito.mil.uy\/wp-content\/uploads\/2021\/11\/Paracaidistas-6-1024x683.jpg\" alt=\"\" data-id=\"8420\" data-link=\"https:\/\/www.ejercito.mil.uy\/?attachment_id=8420\" class=\"wp-image-8420\" srcset=\"https:\/\/www.ejercito.mil.uy\/wp-content\/uploads\/2021\/11\/Paracaidistas-6-1024x683.jpg 1024w, https:\/\/www.ejercito.mil.uy\/wp-content\/uploads\/2021\/11\/Paracaidistas-6-300x200.jpg 300w, https:\/\/www.ejercito.mil.uy\/wp-content\/uploads\/2021\/11\/Paracaidistas-6.jpg 1200w\" sizes=\"(max-width: 1024px) 100vw, 1024px\" \/><\/figure><\/div><div class=\"coblocks-gallery--item\"><figure class=\"coblocks-gallery--figure has-margin-left-5 has-margin-left-mobile-5 has-margin-right-5 has-margin-right-mobile-5\"><img loading=\"lazy\" decoding=\"async\" width=\"1024\" height=\"683\" src=\"https:\/\/www.ejercito.mil.uy\/wp-content\/uploads\/2021\/11\/Paracaidistas-12-1024x683.jpg\" alt=\"\" data-id=\"8426\" data-link=\"https:\/\/www.ejercito.mil.uy\/?attachment_id=8426\" class=\"wp-image-8426\" srcset=\"https:\/\/www.ejercito.mil.uy\/wp-content\/uploads\/2021\/11\/Paracaidistas-12-1024x683.jpg 1024w, https:\/\/www.ejercito.mil.uy\/wp-content\/uploads\/2021\/11\/Paracaidistas-12-300x200.jpg 300w, https:\/\/www.ejercito.mil.uy\/wp-content\/uploads\/2021\/11\/Paracaidistas-12.jpg 1200w\" sizes=\"(max-width: 1024px) 100vw, 1024px\" \/><\/figure><\/div><div class=\"coblocks-gallery--item\"><figure class=\"coblocks-gallery--figure has-margin-left-5 has-margin-left-mobile-5 has-margin-right-5 has-margin-right-mobile-5\"><img loading=\"lazy\" decoding=\"async\" width=\"1024\" height=\"683\" src=\"https:\/\/www.ejercito.mil.uy\/wp-content\/uploads\/2021\/11\/Paracaidistas-1-1024x683.jpg\" alt=\"\" data-id=\"8415\" data-link=\"https:\/\/www.ejercito.mil.uy\/?attachment_id=8415\" class=\"wp-image-8415\" srcset=\"https:\/\/www.ejercito.mil.uy\/wp-content\/uploads\/2021\/11\/Paracaidistas-1-1024x683.jpg 1024w, https:\/\/www.ejercito.mil.uy\/wp-content\/uploads\/2021\/11\/Paracaidistas-1-300x200.jpg 300w, https:\/\/www.ejercito.mil.uy\/wp-content\/uploads\/2021\/11\/Paracaidistas-1.jpg 1200w\" sizes=\"(max-width: 1024px) 100vw, 1024px\" \/><\/figure><\/div><div class=\"coblocks-gallery--item\"><figure class=\"coblocks-gallery--figure has-margin-left-5 has-margin-left-mobile-5 has-margin-right-5 has-margin-right-mobile-5\"><img loading=\"lazy\" decoding=\"async\" width=\"1024\" height=\"683\" src=\"https:\/\/www.ejercito.mil.uy\/wp-content\/uploads\/2021\/11\/Paracaidistas-5-1024x683.jpg\" alt=\"\" data-id=\"8419\" data-link=\"https:\/\/www.ejercito.mil.uy\/?attachment_id=8419\" class=\"wp-image-8419\" srcset=\"https:\/\/www.ejercito.mil.uy\/wp-content\/uploads\/2021\/11\/Paracaidistas-5-1024x683.jpg 1024w, https:\/\/www.ejercito.mil.uy\/wp-content\/uploads\/2021\/11\/Paracaidistas-5-300x200.jpg 300w, https:\/\/www.ejercito.mil.uy\/wp-content\/uploads\/2021\/11\/Paracaidistas-5.jpg 1200w\" sizes=\"(max-width: 1024px) 100vw, 1024px\" \/><\/figure><\/div><div class=\"coblocks-gallery--item\"><figure class=\"coblocks-gallery--figure has-margin-left-5 has-margin-left-mobile-5 has-margin-right-5 has-margin-right-mobile-5\"><img loading=\"lazy\" decoding=\"async\" width=\"1024\" height=\"683\" src=\"https:\/\/www.ejercito.mil.uy\/wp-content\/uploads\/2021\/11\/Paracaidistas-3-1024x683.jpg\" alt=\"\" data-id=\"8417\" data-link=\"https:\/\/www.ejercito.mil.uy\/?attachment_id=8417\" class=\"wp-image-8417\" srcset=\"https:\/\/www.ejercito.mil.uy\/wp-content\/uploads\/2021\/11\/Paracaidistas-3-1024x683.jpg 1024w, https:\/\/www.ejercito.mil.uy\/wp-content\/uploads\/2021\/11\/Paracaidistas-3-300x200.jpg 300w, https:\/\/www.ejercito.mil.uy\/wp-content\/uploads\/2021\/11\/Paracaidistas-3.jpg 1200w\" sizes=\"(max-width: 1024px) 100vw, 1024px\" \/><\/figure><\/div><\/div><\/div><\/div>\n\n\n\n<div style=\"height:100px\" aria-hidden=\"true\" class=\"wp-block-spacer\"><\/div>\n","protected":false},"excerpt":{"rendered":"<p>28.11.2021 &#8211; El 19 de noviembre, en el Centro de Instrucci\u00f3n de Paracaidistas y Operaciones Especiales de Ej\u00e9rcito se realiz\u00f3 la ceremonia de graduaci\u00f3n del \u00ab98\u00b0 Curso B\u00e1sico de Paracaidismo Militar\u00bb, habiendo adquirido esta especialidad un total de 53 efectivos del Ej\u00e9rcito Nacional y de la Fuerza A\u00e9rea Uruguaya.<\/p>\n","protected":false},"author":4,"featured_media":8413,"comment_status":"open","ping_status":"open","sticky":false,"template":"","format":"standard","meta":{"_coblocks_attr":"","_coblocks_dimensions":"","_coblocks_responsive_height":"","_coblocks_accordion_ie_support":"","_monsterinsights_skip_tracking":false,"_monsterinsights_sitenote_active":false,"_monsterinsights_sitenote_note":"","_monsterinsights_sitenote_category":0,"_uf_show_specific_survey":0,"_uf_disable_surveys":false,"footnotes":""},"categories":[2,10,14],"tags":[70,35,71,13,51],"class_list":["post-8411","post","type-post","status-publish","format-standard","has-post-thumbnail","hentry","category-blog","category-destacados","category-noticias","tag-curso","tag-entrenamiento","tag-infanteria","tag-instruccion","tag-paracaidismo"],"aioseo_notices":[],"_links":{"self":[{"href":"https:\/\/www.ejercito.mil.uy\/index.php\/wp-json\/wp\/v2\/posts\/8411","targetHints":{"allow":["GET"]}}],"collection":[{"href":"https:\/\/www.ejercito.mil.uy\/index.php\/wp-json\/wp\/v2\/posts"}],"about":[{"href":"https:\/\/www.ejercito.mil.uy\/index.php\/wp-json\/wp\/v2\/types\/post"}],"author":[{"embeddable":true,"href":"https:\/\/www.ejercito.mil.uy\/index.php\/wp-json\/wp\/v2\/users\/4"}],"replies":[{"embeddable":true,"href":"https:\/\/www.ejercito.mil.uy\/index.php\/wp-json\/wp\/v2\/comments?post=8411"}],"version-history":[{"count":2,"href":"https:\/\/www.ejercito.mil.uy\/index.php\/wp-json\/wp\/v2\/posts\/8411\/revisions"}],"predecessor-version":[{"id":8431,"href":"https:\/\/www.ejercito.mil.uy\/index.php\/wp-json\/wp\/v2\/posts\/8411\/revisions\/8431"}],"wp:featuredmedia":[{"embeddable":true,"href":"https:\/\/www.ejercito.mil.uy\/index.php\/wp-json\/wp\/v2\/media\/8413"}],"wp:attachment":[{"href":"https:\/\/www.ejercito.mil.uy\/index.php\/wp-json\/wp\/v2\/media?parent=8411"}],"wp:term":[{"taxonomy":"category","embeddable":true,"href":"https:\/\/www.ejercito.mil.uy\/index.php\/wp-json\/wp\/v2\/categories?post=8411"},{"taxonomy":"post_tag","embeddable":true,"href":"https:\/\/www.ejercito.mil.uy\/index.php\/wp-json\/wp\/v2\/tags?post=8411"}],"curies":[{"name":"wp","href":"https:\/\/api.w.org\/{rel}","templated":true}]}}