{"id":8473,"date":"2021-11-30T09:45:22","date_gmt":"2021-11-30T12:45:22","guid":{"rendered":"https:\/\/www.ejercito.mil.uy\/?p=8473"},"modified":"2021-11-30T09:49:23","modified_gmt":"2021-11-30T12:49:23","slug":"50-anos-del-batallon-de-infanteria-paracaidista-no-14","status":"publish","type":"post","link":"https:\/\/www.ejercito.mil.uy\/index.php\/2021\/11\/30\/50-anos-del-batallon-de-infanteria-paracaidista-no-14\/","title":{"rendered":"50 a\u00f1os del Batall\u00f3n de Infanter\u00eda Paracaidista N\u00ba 14"},"content":{"rendered":"\n<div style=\"height:33px\" aria-hidden=\"true\" class=\"wp-block-spacer mt-0\"><\/div>\n\n\n\n<p style=\"font-size:14px\">30.11.2021<\/p>\n\n\n\n<div style=\"height:24px\" aria-hidden=\"true\" class=\"wp-block-spacer\"><\/div>\n\n\n\n<p class=\"has-medium-font-size\"><strong>Hoy, a 50 a\u00f1os de creaci\u00f3n, el Ej\u00e9rcito Nacional saluda a los integrantes del Batall\u00f3n de Infanter\u00eda Paracaidista N\u00ba 14.<\/strong><\/p>\n\n\n\n<div style=\"height:33px\" aria-hidden=\"true\" class=\"wp-block-spacer\"><\/div>\n\n\n\n<figure class=\"wp-block-embed is-type-video is-provider-youtube wp-block-embed-youtube wp-embed-aspect-16-9 wp-has-aspect-ratio\"><div class=\"wp-block-embed__wrapper\">\n<iframe title=\"50 a\u00f1os del Batall\u00f3n de Infanter\u00eda Paracaidista N\u00b0 14\" width=\"1778\" height=\"1000\" src=\"https:\/\/www.youtube.com\/embed\/Fl-rZsvL1jQ?feature=oembed\" frameborder=\"0\" allow=\"accelerometer; autoplay; clipboard-write; encrypted-media; gyroscope; picture-in-picture\" allowfullscreen><\/iframe>\n<\/div><\/figure>\n\n\n\n<div style=\"height:33px\" aria-hidden=\"true\" class=\"wp-block-spacer\"><\/div>\n\n\n\n<p>La Unidad ocup\u00f3 su primera sede el 1\u00ba de enero de 1972 en predios del Liceo Militar \u00abGeneral Artigas\u00bb, donde actualmente se encuentra el Campo Deportivo del Ej\u00e9rcito. Posteriormente, el 29 de abril de 1975, el Batall\u00f3n pasa a ocupar su actual sede en la ciudad de Toledo.<\/p>\n\n\n\n<div style=\"height:64px\" aria-hidden=\"true\" class=\"wp-block-spacer\"><\/div>\n","protected":false},"excerpt":{"rendered":"<p>30.11.2021 \u2013 Hoy, a 50 a\u00f1os de creaci\u00f3n, el Ej\u00e9rcito Nacional saluda a los integrantes del Batall\u00f3n de Infanter\u00eda Paracaidista N\u00ba 14.<\/p>\n","protected":false},"author":4,"featured_media":8474,"comment_status":"closed","ping_status":"open","sticky":false,"template":"","format":"standard","meta":{"_coblocks_attr":"","_coblocks_dimensions":"","_coblocks_responsive_height":"","_coblocks_accordion_ie_support":"","_monsterinsights_skip_tracking":false,"_monsterinsights_sitenote_active":false,"_monsterinsights_sitenote_note":"","_monsterinsights_sitenote_category":0,"_uf_show_specific_survey":0,"_uf_disable_surveys":false,"footnotes":""},"categories":[2,10,14],"tags":[35,290,22],"class_list":["post-8473","post","type-post","status-publish","format-standard","has-post-thumbnail","hentry","category-blog","category-destacados","category-noticias","tag-entrenamiento","tag-evaluacion-2","tag-prueba"],"aioseo_notices":[],"_links":{"self":[{"href":"https:\/\/www.ejercito.mil.uy\/index.php\/wp-json\/wp\/v2\/posts\/8473","targetHints":{"allow":["GET"]}}],"collection":[{"href":"https:\/\/www.ejercito.mil.uy\/index.php\/wp-json\/wp\/v2\/posts"}],"about":[{"href":"https:\/\/www.ejercito.mil.uy\/index.php\/wp-json\/wp\/v2\/types\/post"}],"author":[{"embeddable":true,"href":"https:\/\/www.ejercito.mil.uy\/index.php\/wp-json\/wp\/v2\/users\/4"}],"replies":[{"embeddable":true,"href":"https:\/\/www.ejercito.mil.uy\/index.php\/wp-json\/wp\/v2\/comments?post=8473"}],"version-history":[{"count":3,"href":"https:\/\/www.ejercito.mil.uy\/index.php\/wp-json\/wp\/v2\/posts\/8473\/revisions"}],"predecessor-version":[{"id":8477,"href":"https:\/\/www.ejercito.mil.uy\/index.php\/wp-json\/wp\/v2\/posts\/8473\/revisions\/8477"}],"wp:featuredmedia":[{"embeddable":true,"href":"https:\/\/www.ejercito.mil.uy\/index.php\/wp-json\/wp\/v2\/media\/8474"}],"wp:attachment":[{"href":"https:\/\/www.ejercito.mil.uy\/index.php\/wp-json\/wp\/v2\/media?parent=8473"}],"wp:term":[{"taxonomy":"category","embeddable":true,"href":"https:\/\/www.ejercito.mil.uy\/index.php\/wp-json\/wp\/v2\/categories?post=8473"},{"taxonomy":"post_tag","embeddable":true,"href":"https:\/\/www.ejercito.mil.uy\/index.php\/wp-json\/wp\/v2\/tags?post=8473"}],"curies":[{"name":"wp","href":"https:\/\/api.w.org\/{rel}","templated":true}]}}