{"id":8480,"date":"2021-12-01T08:34:22","date_gmt":"2021-12-01T11:34:22","guid":{"rendered":"https:\/\/www.ejercito.mil.uy\/?p=8480"},"modified":"2026-02-23T10:50:46","modified_gmt":"2026-02-23T13:50:46","slug":"maniobras-de-verano-de-la-escuela-militar","status":"publish","type":"post","link":"https:\/\/www.ejercito.mil.uy\/index.php\/2021\/12\/01\/maniobras-de-verano-de-la-escuela-militar\/","title":{"rendered":"Maniobras de Verano de la Escuela Militar"},"content":{"rendered":"\n<p style=\"font-size:14px\">01.12.2021 &#8211; Campo Militar N\u00b0 2 \u201cZapar\u00e1\u201d, Tacuaremb\u00f3<\/p>\n\n\n\n<div style=\"height:22px\" aria-hidden=\"true\" class=\"wp-block-spacer\"><\/div>\n\n\n\n<p class=\"has-medium-font-size\"><strong>Durante diez d\u00edas, Cadetes de la <a rel=\"noreferrer noopener\" href=\"https:\/\/www.facebook.com\/EscuelaMilitarUruguay\/?__cft__[0]=AZXDsRlEj3oUs1XVnLvwmBctOmgaub2VlUzRs4OByB-zIYc_PRScceioYfyiDUtag3nC3FMbAjSwN-E81_IRUgo3YCpcgL_wFymZZrsNcfZ2afTJ5XCtALJwD8ew-7ob_KdcyoNXH6a4b2vwo_jOvdte&amp;__tn__=kK-R\" target=\"_blank\">Escuela Militar<\/a> de todas las Armas realizaron como todos los a\u00f1os las Maniobras de Verano, en el Campo Militar N\u00b0 2 \u201cZapar\u00e1\u201d, dpto. de Tacuaremb\u00f3.<\/strong><\/p>\n\n\n\n<div style=\"height:33px\" aria-hidden=\"true\" class=\"wp-block-spacer\"><\/div>\n\n\n\n<p>El <strong>Curso de Infanter\u00eda<\/strong> hizo patrullas de combate, mientras que el <strong>Curso de Caballer\u00eda<\/strong> recibi\u00f3 instrucci\u00f3n de veh\u00edculos blindados T-55 y M-113 en el <strong>Regimiento \u201cMisiones\u201d de Caballer\u00eda Blindado N\u00ba 5<\/strong>.<\/p>\n\n\n\n<div style=\"height:33px\" aria-hidden=\"true\" class=\"wp-block-spacer\"><\/div>\n\n\n\n<figure class=\"wp-block-image size-large\"><img fetchpriority=\"high\" decoding=\"async\" width=\"1024\" height=\"683\" src=\"https:\/\/www.ejercito.mil.uy\/wp-content\/uploads\/2021\/12\/Escuela_Militar-5-1024x683.jpg\" alt=\"\" class=\"wp-image-8483\" srcset=\"https:\/\/www.ejercito.mil.uy\/wp-content\/uploads\/2021\/12\/Escuela_Militar-5-1024x683.jpg 1024w, https:\/\/www.ejercito.mil.uy\/wp-content\/uploads\/2021\/12\/Escuela_Militar-5-300x200.jpg 300w, https:\/\/www.ejercito.mil.uy\/wp-content\/uploads\/2021\/12\/Escuela_Militar-5.jpg 1200w\" sizes=\"(max-width: 1024px) 100vw, 1024px\" \/><\/figure>\n\n\n\n<div style=\"height:33px\" aria-hidden=\"true\" class=\"wp-block-spacer\"><\/div>\n\n\n\n<p>Por otra parte, el Curso de Artiller\u00eda ejecut\u00f3 tiro reducido en el <a rel=\"noreferrer noopener\" href=\"https:\/\/www.facebook.com\/profile.php?id=100064805856044&amp;__cft__[0]=AZXDsRlEj3oUs1XVnLvwmBctOmgaub2VlUzRs4OByB-zIYc_PRScceioYfyiDUtag3nC3FMbAjSwN-E81_IRUgo3YCpcgL_wFymZZrsNcfZ2afTJ5XCtALJwD8ew-7ob_KdcyoNXH6a4b2vwo_jOvdte&amp;__tn__=-]K-R\" target=\"_blank\"><strong>Grupo \u00abLas Piedras\u00bb de Artiller\u00eda 105mm N\u00b0 3<\/strong><\/a> y tiro curvo, directo, vertical y nocturno con munici\u00f3n real 105 mm, en el Campo Militar N\u00b0 2.<\/p>\n\n\n\n<div style=\"height:33px\" aria-hidden=\"true\" class=\"wp-block-spacer\"><\/div>\n\n\n\n<p>Integrantes del Curso de Ingenieros trabajaron en la construcci\u00f3n y lanzamiento de un puente modular modelo Bailey, en el <a rel=\"noreferrer noopener\" href=\"https:\/\/www.facebook.com\/batalloncharrua\/?__cft__[0]=AZXDsRlEj3oUs1XVnLvwmBctOmgaub2VlUzRs4OByB-zIYc_PRScceioYfyiDUtag3nC3FMbAjSwN-E81_IRUgo3YCpcgL_wFymZZrsNcfZ2afTJ5XCtALJwD8ew-7ob_KdcyoNXH6a4b2vwo_jOvdte&amp;__tn__=kK-R\" target=\"_blank\"><strong>Batall\u00f3n \u00abCharr\u00faa\u00bb de Ingenieros de Combate N\u00b0 3<\/strong><\/a>.<\/p>\n\n\n\n<p>Asimismo el <strong>Curso de Comunicaciones<\/strong> desarroll\u00f3 tareas de apoyo a las patrullas de la <strong>Compa\u00f1\u00eda de Infanter\u00eda<\/strong>, as\u00ed como el <strong>Escalaf\u00f3n de Apoyo de Servicios y Combate<\/strong> le proporcion\u00f3 apoyo log\u00edstico al Arma. Finalmente, todas las Armas hicieron tiro en el Pol\u00edgono Militar.<\/p>\n\n\n\n<div style=\"height:44px\" aria-hidden=\"true\" class=\"wp-block-spacer\"><\/div>\n","protected":false},"excerpt":{"rendered":"<p>01.12.2021 &#8211; Durante diez d\u00edas, Cadetes de la Escuela Militar de todas las Armas realizaron como todos los a\u00f1os las Maniobras de Verano, en el Campo Militar N\u00b0 2 \u201cZapar\u00e1\u201d, dpto. de Tacuaremb\u00f3.<\/p>\n","protected":false},"author":4,"featured_media":8482,"comment_status":"closed","ping_status":"open","sticky":false,"template":"","format":"standard","meta":{"_coblocks_attr":"","_coblocks_dimensions":"","_coblocks_responsive_height":"","_coblocks_accordion_ie_support":"","_monsterinsights_skip_tracking":false,"_monsterinsights_sitenote_active":false,"_monsterinsights_sitenote_note":"","_monsterinsights_sitenote_category":0,"_uf_show_specific_survey":0,"_uf_disable_surveys":false,"footnotes":""},"categories":[2,10,14],"tags":[70,78,35,217,119],"class_list":["post-8480","post","type-post","status-publish","format-standard","has-post-thumbnail","hentry","category-blog","category-destacados","category-noticias","tag-curso","tag-educacion","tag-entrenamiento","tag-escuela-militar","tag-instituto"],"aioseo_notices":[],"_links":{"self":[{"href":"https:\/\/www.ejercito.mil.uy\/index.php\/wp-json\/wp\/v2\/posts\/8480","targetHints":{"allow":["GET"]}}],"collection":[{"href":"https:\/\/www.ejercito.mil.uy\/index.php\/wp-json\/wp\/v2\/posts"}],"about":[{"href":"https:\/\/www.ejercito.mil.uy\/index.php\/wp-json\/wp\/v2\/types\/post"}],"author":[{"embeddable":true,"href":"https:\/\/www.ejercito.mil.uy\/index.php\/wp-json\/wp\/v2\/users\/4"}],"replies":[{"embeddable":true,"href":"https:\/\/www.ejercito.mil.uy\/index.php\/wp-json\/wp\/v2\/comments?post=8480"}],"version-history":[{"count":3,"href":"https:\/\/www.ejercito.mil.uy\/index.php\/wp-json\/wp\/v2\/posts\/8480\/revisions"}],"predecessor-version":[{"id":55078,"href":"https:\/\/www.ejercito.mil.uy\/index.php\/wp-json\/wp\/v2\/posts\/8480\/revisions\/55078"}],"wp:featuredmedia":[{"embeddable":true,"href":"https:\/\/www.ejercito.mil.uy\/index.php\/wp-json\/wp\/v2\/media\/8482"}],"wp:attachment":[{"href":"https:\/\/www.ejercito.mil.uy\/index.php\/wp-json\/wp\/v2\/media?parent=8480"}],"wp:term":[{"taxonomy":"category","embeddable":true,"href":"https:\/\/www.ejercito.mil.uy\/index.php\/wp-json\/wp\/v2\/categories?post=8480"},{"taxonomy":"post_tag","embeddable":true,"href":"https:\/\/www.ejercito.mil.uy\/index.php\/wp-json\/wp\/v2\/tags?post=8480"}],"curies":[{"name":"wp","href":"https:\/\/api.w.org\/{rel}","templated":true}]}}